{"id":47155,"date":"2019-03-26T21:13:56","date_gmt":"2019-03-26T21:13:56","guid":{"rendered":"https:\/\/www.ucaldas.edu.co\/portal\/?p=47155"},"modified":"2019-03-26T21:13:56","modified_gmt":"2019-03-26T21:13:56","slug":"transcurre-con-normalidad-el-semestre-2018-2","status":"publish","type":"post","link":"https:\/\/www.ucaldas.edu.co\/portal\/transcurre-con-normalidad-el-semestre-2018-2\/","title":{"rendered":"Transcurre con normalidad el semestre 2018 &#8211; 2"},"content":{"rendered":"<p style=\"text-align: center;\">CRONOGRAMA DEL SEMESTRE 2019 &#8211; 1<\/p>\n<p style=\"text-align: center;\"><strong>Transcurre con normalidad el semestre 2018 &#8211; 2<\/strong><\/p>\n<p style=\"text-align: right;\">26\/03\/2019<\/p>\n<p><img loading=\"lazy\" decoding=\"async\" class=\"size-full wp-image-47140 aligncenter\" src=\"https:\/\/www.ucaldas.edu.co\/portal\/wp-content\/uploads\/2019\/03\/estudi8antes.jpg\" alt=\"\" width=\"700\" height=\"400\" srcset=\"https:\/\/www.ucaldas.edu.co\/portal\/wp-content\/uploads\/2019\/03\/estudi8antes.jpg 700w, https:\/\/www.ucaldas.edu.co\/portal\/wp-content\/uploads\/2019\/03\/estudi8antes-300x171.jpg 300w\" sizes=\"auto, (max-width: 700px) 100vw, 700px\" \/>Hasta la fecha, la Oficina de Registro Acad\u00e9mico de la Universidad de Caldas, informa que se lleva con normalidad el calendario establecido para la realizaci\u00f3n de las actividades acad\u00e9micas del periodo 2018 \u2013 2 en la Universidad de Caldas.<\/p>\n<p><!--more--><\/p>\n<p>Se especifica que los estudiantes inscritos en este periodo, culminar\u00e1n el semestre seg\u00fan cada programa establezca la finalizaci\u00f3n de sus actividades acad\u00e9micas.<\/p>\n<p>&nbsp;<\/p>\n<p>A continuaci\u00f3n ponemos en conocimiento el calendario acad\u00e9mico que se estableci\u00f3 para el periodo 2019 \u2013 1 en la Universidad de Caldas, seg\u00fan el <u><a href=\"https:\/\/www.ucaldas.edu.co\/portal\/wp-content\/uploads\/2019\/02\/Acuerdo-04-de-2019-CA__Modificaci%C3%B3n-calendario-acad%C3%A9mico-2019.pdf\">Acuerdo Nro. 04<\/a><\/u> del Consejo Acad\u00e9mico de la instituci\u00f3n.<\/p>\n<p>&nbsp;<\/p>\n<table>\n<tbody>\n<tr>\n<td colspan=\"2\" width=\"366\"><strong>Actividades<\/strong><\/td>\n<td width=\"161\"><strong>2019 &#8211; 1<\/strong><\/td>\n<td width=\"123\"><strong>2019 &#8211; 2<\/strong><\/td>\n<\/tr>\n<tr>\n<td width=\"102\">Pago de Derechos Acad\u00e9micos<\/td>\n<td width=\"265\">Pago oportuno<\/td>\n<td width=\"161\">Mayo 9<\/td>\n<td width=\"123\">Septiembre 9<\/td>\n<\/tr>\n<tr>\n<td rowspan=\"2\" width=\"102\">Inscripci\u00f3n de actividades acad\u00e9micas<\/td>\n<td width=\"265\">Ajustes al proceso de inscripci\u00f3n por parte de los estudiantes (sin costo).<\/td>\n<td width=\"161\">Mayo 10<\/td>\n<td width=\"123\">&#8211;<\/td>\n<\/tr>\n<tr>\n<td width=\"265\">Adici\u00f3n y cancelaci\u00f3n de actividades acad\u00e9micas<\/td>\n<td width=\"161\">De acuerdo con el inicio de actividades<\/td>\n<td width=\"123\">De acuerdo con el inicio de actividades<\/td>\n<\/tr>\n<tr>\n<td rowspan=\"2\" width=\"102\">Finalizaci\u00f3n de actividades<\/td>\n<td width=\"265\">Terminaci\u00f3n del a\u00f1o acad\u00e9mico<\/td>\n<td width=\"161\">Diciembre 20<\/td>\n<td rowspan=\"2\" width=\"123\">&#8211;<\/td>\n<\/tr>\n<tr>\n<td width=\"265\">Cierre de notas<\/td>\n<td width=\"161\">De acuerdo con el desarrollo de las actividades acad\u00e9micas<\/td>\n<\/tr>\n<tr>\n<td rowspan=\"2\" width=\"102\">Claustros Universitarios<\/td>\n<td width=\"265\">Plan de Desarrollo Institucional<\/td>\n<td width=\"161\">Abril 2 y 3<\/td>\n<td rowspan=\"2\" width=\"123\">&#8211;<\/td>\n<\/tr>\n<tr>\n<td width=\"265\">Pol\u00edtica Curricular<\/td>\n<td width=\"161\">Julio 29 a agosto 02 de 2019<\/td>\n<\/tr>\n<tr>\n<td rowspan=\"2\" width=\"102\">Reingresos<\/td>\n<td width=\"265\">Solicitudes por parte de los estudiantes ante el Programa respectivo<\/td>\n<td rowspan=\"2\" width=\"161\">Hasta un mes antes de la oferta de las actividades acad\u00e9micas a cursar<\/td>\n<td rowspan=\"2\" width=\"123\">Hasta un mes antes de la oferta de las actividades acad\u00e9micas a cursar<\/td>\n<\/tr>\n<tr>\n<td width=\"265\">Entrega de cartas de aprobaci\u00f3n y documentos para matr\u00edcula en Registro Acad\u00e9mico por parte de los estudiantes (cuando aplique)<\/td>\n<\/tr>\n<tr>\n<td width=\"102\">Traslados y transferencias<\/td>\n<td width=\"265\">Realizar traslados y transferencias<\/td>\n<td width=\"161\">Seg\u00fan calendario de admisiones expedido por la Vicerrector\u00eda Acad\u00e9mica<\/td>\n<td width=\"123\">&#8211;<\/td>\n<\/tr>\n<tr>\n<td rowspan=\"3\" width=\"102\">Tesistas<\/td>\n<td width=\"265\">Solicitud por parte de los estudiantes ante el Programa respectivo<\/td>\n<td rowspan=\"3\" width=\"161\">De acuerdo con el inicio de actividades<\/td>\n<td rowspan=\"3\" width=\"123\">De acuerdo con el inicio de actividades<\/td>\n<\/tr>\n<tr>\n<td width=\"265\">Env\u00edo de listados desde los Programas a Registro Acad\u00e9mico<\/td>\n<\/tr>\n<tr>\n<td width=\"265\">Liquidaci\u00f3n y entrega de recibos de pago<\/td>\n<\/tr>\n<tr>\n<td width=\"102\">Estudiantes especiales<\/td>\n<td width=\"265\">Solicitudes de estudiantes especiales<\/td>\n<td width=\"161\">Permanente<\/td>\n<td width=\"123\">Permanente<\/td>\n<\/tr>\n<tr>\n<td rowspan=\"2\" width=\"102\">Revisi\u00f3n de cupos y grupos<\/td>\n<td width=\"265\">Revisi\u00f3n y ajustes por parte de los programas y departamentos, de los grupos susceptibles de fusi\u00f3n, excepcionalidad o eliminaci\u00f3n.<\/td>\n<td rowspan=\"2\" width=\"161\">Permanente<\/td>\n<td rowspan=\"2\" width=\"123\">Permanente<\/td>\n<\/tr>\n<tr>\n<td width=\"265\">Env\u00edo de excepcionalidades aprobadas por las decanaturas ante la Vicerrector\u00eda Acad\u00e9mica<\/td>\n<\/tr>\n<tr>\n<td colspan=\"2\" width=\"366\">Semana de evaluaci\u00f3n oferta permanente<\/td>\n<td width=\"161\">Diciembre 16 al 20<\/td>\n<td width=\"123\">&#8211;<\/td>\n<\/tr>\n<\/tbody>\n<\/table>\n<p>&nbsp;<\/p>\n<p>&nbsp;<\/p>\n<p><strong>Informes: <\/strong>Oficina de Comunicaciones y Prensa Universidad de Caldas. Tel\u00e9fono: 8781500 Extensi\u00f3n: 12167<\/p>\n<p><strong>Redacci\u00f3n: <\/strong>Mateo Buritic\u00e1 Giraldo<\/p>\n<p>&nbsp;<\/p>\n","protected":false},"excerpt":{"rendered":"<p>CRONOGRAMA DEL SEMESTRE 2019 &#8211; 1 Transcurre con normalidad el semestre 2018 &#8211; 2 26\/03\/2019 Hasta la fecha, la Oficina de Registro Acad\u00e9mico de la Universidad de Caldas, informa que se lleva con normalidad el calendario establecido para la realizaci\u00f3n de las actividades acad\u00e9micas del periodo 2018 \u2013 2 en la Universidad de Caldas.<\/p>\n","protected":false},"author":2,"featured_media":47140,"comment_status":"closed","ping_status":"open","sticky":false,"template":"","format":"standard","meta":{"footnotes":""},"categories":[48,53],"tags":[200,1797,3653],"class_list":["post-47155","post","type-post","status-publish","format-standard","has-post-thumbnail","hentry","category-actualidad","category-universidad-al-dia","tag-oferta-academica","tag-calendario-academico","tag-inicio-de-clases"],"yoast_head":"<!-- This site is optimized with the Yoast SEO plugin v27.5 - https:\/\/yoast.com\/product\/yoast-seo-wordpress\/ -->\n<title>Transcurre con normalidad el semestre 2018 - 2 .<\/title>\n<meta name=\"robots\" content=\"index, follow, max-snippet:-1, max-image-preview:large, max-video-preview:-1\" \/>\n<link rel=\"canonical\" href=\"https:\/\/www.ucaldas.edu.co\/portal\/transcurre-con-normalidad-el-semestre-2018-2\/\" \/>\n<script type=\"application\/ld+json\" class=\"yoast-schema-graph\">{\"@context\":\"https:\\\/\\\/schema.org\",\"@graph\":[{\"@type\":\"Article\",\"@id\":\"https:\\\/\\\/www.ucaldas.edu.co\\\/portal\\\/transcurre-con-normalidad-el-semestre-2018-2\\\/#article\",\"isPartOf\":{\"@id\":\"https:\\\/\\\/www.ucaldas.edu.co\\\/portal\\\/transcurre-con-normalidad-el-semestre-2018-2\\\/\"},\"author\":{\"name\":\"ofiprensa\",\"@id\":\"https:\\\/\\\/www.ucaldas.edu.co\\\/portal\\\/#\\\/schema\\\/person\\\/a1b482e23449158b4bc319926c074fdf\"},\"headline\":\"Transcurre con normalidad el semestre 2018 &#8211; 2\",\"datePublished\":\"2019-03-26T21:13:56+00:00\",\"mainEntityOfPage\":{\"@id\":\"https:\\\/\\\/www.ucaldas.edu.co\\\/portal\\\/transcurre-con-normalidad-el-semestre-2018-2\\\/\"},\"wordCount\":422,\"publisher\":{\"@id\":\"https:\\\/\\\/www.ucaldas.edu.co\\\/portal\\\/#organization\"},\"image\":{\"@id\":\"https:\\\/\\\/www.ucaldas.edu.co\\\/portal\\\/transcurre-con-normalidad-el-semestre-2018-2\\\/#primaryimage\"},\"thumbnailUrl\":\"https:\\\/\\\/www.ucaldas.edu.co\\\/portal\\\/wp-content\\\/uploads\\\/2019\\\/03\\\/estudi8antes.jpg\",\"keywords\":[\"oferta acad\u00e9mica\",\"calendario acad\u00e9mico\",\"inicio de clases\"],\"articleSection\":[\"Actualidad\",\"Universidad al D\u00eda\"],\"inLanguage\":\"es\"},{\"@type\":\"WebPage\",\"@id\":\"https:\\\/\\\/www.ucaldas.edu.co\\\/portal\\\/transcurre-con-normalidad-el-semestre-2018-2\\\/\",\"url\":\"https:\\\/\\\/www.ucaldas.edu.co\\\/portal\\\/transcurre-con-normalidad-el-semestre-2018-2\\\/\",\"name\":\"Transcurre con normalidad el semestre 2018 - 2 .\",\"isPartOf\":{\"@id\":\"https:\\\/\\\/www.ucaldas.edu.co\\\/portal\\\/#website\"},\"primaryImageOfPage\":{\"@id\":\"https:\\\/\\\/www.ucaldas.edu.co\\\/portal\\\/transcurre-con-normalidad-el-semestre-2018-2\\\/#primaryimage\"},\"image\":{\"@id\":\"https:\\\/\\\/www.ucaldas.edu.co\\\/portal\\\/transcurre-con-normalidad-el-semestre-2018-2\\\/#primaryimage\"},\"thumbnailUrl\":\"https:\\\/\\\/www.ucaldas.edu.co\\\/portal\\\/wp-content\\\/uploads\\\/2019\\\/03\\\/estudi8antes.jpg\",\"datePublished\":\"2019-03-26T21:13:56+00:00\",\"breadcrumb\":{\"@id\":\"https:\\\/\\\/www.ucaldas.edu.co\\\/portal\\\/transcurre-con-normalidad-el-semestre-2018-2\\\/#breadcrumb\"},\"inLanguage\":\"es\",\"potentialAction\":[{\"@type\":\"ReadAction\",\"target\":[\"https:\\\/\\\/www.ucaldas.edu.co\\\/portal\\\/transcurre-con-normalidad-el-semestre-2018-2\\\/\"]}]},{\"@type\":\"ImageObject\",\"inLanguage\":\"es\",\"@id\":\"https:\\\/\\\/www.ucaldas.edu.co\\\/portal\\\/transcurre-con-normalidad-el-semestre-2018-2\\\/#primaryimage\",\"url\":\"https:\\\/\\\/www.ucaldas.edu.co\\\/portal\\\/wp-content\\\/uploads\\\/2019\\\/03\\\/estudi8antes.jpg\",\"contentUrl\":\"https:\\\/\\\/www.ucaldas.edu.co\\\/portal\\\/wp-content\\\/uploads\\\/2019\\\/03\\\/estudi8antes.jpg\",\"width\":700,\"height\":400},{\"@type\":\"BreadcrumbList\",\"@id\":\"https:\\\/\\\/www.ucaldas.edu.co\\\/portal\\\/transcurre-con-normalidad-el-semestre-2018-2\\\/#breadcrumb\",\"itemListElement\":[{\"@type\":\"ListItem\",\"position\":1,\"name\":\"Portada\",\"item\":\"https:\\\/\\\/www.ucaldas.edu.co\\\/portal\\\/\"},{\"@type\":\"ListItem\",\"position\":2,\"name\":\"Transcurre con normalidad el semestre 2018 &#8211; 2\"}]},{\"@type\":\"WebSite\",\"@id\":\"https:\\\/\\\/www.ucaldas.edu.co\\\/portal\\\/#website\",\"url\":\"https:\\\/\\\/www.ucaldas.edu.co\\\/portal\\\/\",\"name\":\"Universidad de Caldas\",\"description\":\"\",\"publisher\":{\"@id\":\"https:\\\/\\\/www.ucaldas.edu.co\\\/portal\\\/#organization\"},\"alternateName\":\"U. de Caldas\",\"potentialAction\":[{\"@type\":\"SearchAction\",\"target\":{\"@type\":\"EntryPoint\",\"urlTemplate\":\"https:\\\/\\\/www.ucaldas.edu.co\\\/portal\\\/?s={search_term_string}\"},\"query-input\":{\"@type\":\"PropertyValueSpecification\",\"valueRequired\":true,\"valueName\":\"search_term_string\"}}],\"inLanguage\":\"es\"},{\"@type\":\"Organization\",\"@id\":\"https:\\\/\\\/www.ucaldas.edu.co\\\/portal\\\/#organization\",\"name\":\"Universidad de Caldas\",\"alternateName\":\"U. de Caldas\",\"url\":\"https:\\\/\\\/www.ucaldas.edu.co\\\/portal\\\/\",\"logo\":{\"@type\":\"ImageObject\",\"inLanguage\":\"es\",\"@id\":\"https:\\\/\\\/www.ucaldas.edu.co\\\/portal\\\/#\\\/schema\\\/logo\\\/image\\\/\",\"url\":\"https:\\\/\\\/www.ucaldas.edu.co\\\/portal\\\/wp-content\\\/uploads\\\/2023\\\/11\\\/Logo_horizontal_oscuroU-2023.png\",\"contentUrl\":\"https:\\\/\\\/www.ucaldas.edu.co\\\/portal\\\/wp-content\\\/uploads\\\/2023\\\/11\\\/Logo_horizontal_oscuroU-2023.png\",\"width\":263,\"height\":101,\"caption\":\"Universidad de Caldas\"},\"image\":{\"@id\":\"https:\\\/\\\/www.ucaldas.edu.co\\\/portal\\\/#\\\/schema\\\/logo\\\/image\\\/\"},\"sameAs\":[\"https:\\\/\\\/www.facebook.com\\\/udecaldas\",\"https:\\\/\\\/x.com\\\/udecaldas\",\"https:\\\/\\\/www.youtube.com\\\/universidadcaldas\",\"https:\\\/\\\/www.instagram.com\\\/udecaldas\\\/\"]},{\"@type\":\"Person\",\"@id\":\"https:\\\/\\\/www.ucaldas.edu.co\\\/portal\\\/#\\\/schema\\\/person\\\/a1b482e23449158b4bc319926c074fdf\",\"name\":\"ofiprensa\",\"image\":{\"@type\":\"ImageObject\",\"inLanguage\":\"es\",\"@id\":\"https:\\\/\\\/www.ucaldas.edu.co\\\/portal\\\/wp-content\\\/litespeed\\\/avatar\\\/09ea5085e600095a7a811142c6944527.jpg?ver=1777497608\",\"url\":\"https:\\\/\\\/www.ucaldas.edu.co\\\/portal\\\/wp-content\\\/litespeed\\\/avatar\\\/09ea5085e600095a7a811142c6944527.jpg?ver=1777497608\",\"contentUrl\":\"https:\\\/\\\/www.ucaldas.edu.co\\\/portal\\\/wp-content\\\/litespeed\\\/avatar\\\/09ea5085e600095a7a811142c6944527.jpg?ver=1777497608\",\"caption\":\"ofiprensa\"},\"url\":\"https:\\\/\\\/www.ucaldas.edu.co\\\/portal\\\/author\\\/ofiprensa\\\/\"}]}<\/script>\n<!-- \/ Yoast SEO plugin. -->","yoast_head_json":{"title":"Transcurre con normalidad el semestre 2018 - 2 .","robots":{"index":"index","follow":"follow","max-snippet":"max-snippet:-1","max-image-preview":"max-image-preview:large","max-video-preview":"max-video-preview:-1"},"canonical":"https:\/\/www.ucaldas.edu.co\/portal\/transcurre-con-normalidad-el-semestre-2018-2\/","schema":{"@context":"https:\/\/schema.org","@graph":[{"@type":"Article","@id":"https:\/\/www.ucaldas.edu.co\/portal\/transcurre-con-normalidad-el-semestre-2018-2\/#article","isPartOf":{"@id":"https:\/\/www.ucaldas.edu.co\/portal\/transcurre-con-normalidad-el-semestre-2018-2\/"},"author":{"name":"ofiprensa","@id":"https:\/\/www.ucaldas.edu.co\/portal\/#\/schema\/person\/a1b482e23449158b4bc319926c074fdf"},"headline":"Transcurre con normalidad el semestre 2018 &#8211; 2","datePublished":"2019-03-26T21:13:56+00:00","mainEntityOfPage":{"@id":"https:\/\/www.ucaldas.edu.co\/portal\/transcurre-con-normalidad-el-semestre-2018-2\/"},"wordCount":422,"publisher":{"@id":"https:\/\/www.ucaldas.edu.co\/portal\/#organization"},"image":{"@id":"https:\/\/www.ucaldas.edu.co\/portal\/transcurre-con-normalidad-el-semestre-2018-2\/#primaryimage"},"thumbnailUrl":"https:\/\/www.ucaldas.edu.co\/portal\/wp-content\/uploads\/2019\/03\/estudi8antes.jpg","keywords":["oferta acad\u00e9mica","calendario acad\u00e9mico","inicio de clases"],"articleSection":["Actualidad","Universidad al D\u00eda"],"inLanguage":"es"},{"@type":"WebPage","@id":"https:\/\/www.ucaldas.edu.co\/portal\/transcurre-con-normalidad-el-semestre-2018-2\/","url":"https:\/\/www.ucaldas.edu.co\/portal\/transcurre-con-normalidad-el-semestre-2018-2\/","name":"Transcurre con normalidad el semestre 2018 - 2 .","isPartOf":{"@id":"https:\/\/www.ucaldas.edu.co\/portal\/#website"},"primaryImageOfPage":{"@id":"https:\/\/www.ucaldas.edu.co\/portal\/transcurre-con-normalidad-el-semestre-2018-2\/#primaryimage"},"image":{"@id":"https:\/\/www.ucaldas.edu.co\/portal\/transcurre-con-normalidad-el-semestre-2018-2\/#primaryimage"},"thumbnailUrl":"https:\/\/www.ucaldas.edu.co\/portal\/wp-content\/uploads\/2019\/03\/estudi8antes.jpg","datePublished":"2019-03-26T21:13:56+00:00","breadcrumb":{"@id":"https:\/\/www.ucaldas.edu.co\/portal\/transcurre-con-normalidad-el-semestre-2018-2\/#breadcrumb"},"inLanguage":"es","potentialAction":[{"@type":"ReadAction","target":["https:\/\/www.ucaldas.edu.co\/portal\/transcurre-con-normalidad-el-semestre-2018-2\/"]}]},{"@type":"ImageObject","inLanguage":"es","@id":"https:\/\/www.ucaldas.edu.co\/portal\/transcurre-con-normalidad-el-semestre-2018-2\/#primaryimage","url":"https:\/\/www.ucaldas.edu.co\/portal\/wp-content\/uploads\/2019\/03\/estudi8antes.jpg","contentUrl":"https:\/\/www.ucaldas.edu.co\/portal\/wp-content\/uploads\/2019\/03\/estudi8antes.jpg","width":700,"height":400},{"@type":"BreadcrumbList","@id":"https:\/\/www.ucaldas.edu.co\/portal\/transcurre-con-normalidad-el-semestre-2018-2\/#breadcrumb","itemListElement":[{"@type":"ListItem","position":1,"name":"Portada","item":"https:\/\/www.ucaldas.edu.co\/portal\/"},{"@type":"ListItem","position":2,"name":"Transcurre con normalidad el semestre 2018 &#8211; 2"}]},{"@type":"WebSite","@id":"https:\/\/www.ucaldas.edu.co\/portal\/#website","url":"https:\/\/www.ucaldas.edu.co\/portal\/","name":"Universidad de Caldas","description":"","publisher":{"@id":"https:\/\/www.ucaldas.edu.co\/portal\/#organization"},"alternateName":"U. de Caldas","potentialAction":[{"@type":"SearchAction","target":{"@type":"EntryPoint","urlTemplate":"https:\/\/www.ucaldas.edu.co\/portal\/?s={search_term_string}"},"query-input":{"@type":"PropertyValueSpecification","valueRequired":true,"valueName":"search_term_string"}}],"inLanguage":"es"},{"@type":"Organization","@id":"https:\/\/www.ucaldas.edu.co\/portal\/#organization","name":"Universidad de Caldas","alternateName":"U. de Caldas","url":"https:\/\/www.ucaldas.edu.co\/portal\/","logo":{"@type":"ImageObject","inLanguage":"es","@id":"https:\/\/www.ucaldas.edu.co\/portal\/#\/schema\/logo\/image\/","url":"https:\/\/www.ucaldas.edu.co\/portal\/wp-content\/uploads\/2023\/11\/Logo_horizontal_oscuroU-2023.png","contentUrl":"https:\/\/www.ucaldas.edu.co\/portal\/wp-content\/uploads\/2023\/11\/Logo_horizontal_oscuroU-2023.png","width":263,"height":101,"caption":"Universidad de Caldas"},"image":{"@id":"https:\/\/www.ucaldas.edu.co\/portal\/#\/schema\/logo\/image\/"},"sameAs":["https:\/\/www.facebook.com\/udecaldas","https:\/\/x.com\/udecaldas","https:\/\/www.youtube.com\/universidadcaldas","https:\/\/www.instagram.com\/udecaldas\/"]},{"@type":"Person","@id":"https:\/\/www.ucaldas.edu.co\/portal\/#\/schema\/person\/a1b482e23449158b4bc319926c074fdf","name":"ofiprensa","image":{"@type":"ImageObject","inLanguage":"es","@id":"https:\/\/www.ucaldas.edu.co\/portal\/wp-content\/litespeed\/avatar\/09ea5085e600095a7a811142c6944527.jpg?ver=1777497608","url":"https:\/\/www.ucaldas.edu.co\/portal\/wp-content\/litespeed\/avatar\/09ea5085e600095a7a811142c6944527.jpg?ver=1777497608","contentUrl":"https:\/\/www.ucaldas.edu.co\/portal\/wp-content\/litespeed\/avatar\/09ea5085e600095a7a811142c6944527.jpg?ver=1777497608","caption":"ofiprensa"},"url":"https:\/\/www.ucaldas.edu.co\/portal\/author\/ofiprensa\/"}]}},"_links":{"self":[{"href":"https:\/\/www.ucaldas.edu.co\/portal\/wp-json\/wp\/v2\/posts\/47155","targetHints":{"allow":["GET"]}}],"collection":[{"href":"https:\/\/www.ucaldas.edu.co\/portal\/wp-json\/wp\/v2\/posts"}],"about":[{"href":"https:\/\/www.ucaldas.edu.co\/portal\/wp-json\/wp\/v2\/types\/post"}],"author":[{"embeddable":true,"href":"https:\/\/www.ucaldas.edu.co\/portal\/wp-json\/wp\/v2\/users\/2"}],"replies":[{"embeddable":true,"href":"https:\/\/www.ucaldas.edu.co\/portal\/wp-json\/wp\/v2\/comments?post=47155"}],"version-history":[{"count":0,"href":"https:\/\/www.ucaldas.edu.co\/portal\/wp-json\/wp\/v2\/posts\/47155\/revisions"}],"wp:featuredmedia":[{"embeddable":true,"href":"https:\/\/www.ucaldas.edu.co\/portal\/wp-json\/wp\/v2\/media\/47140"}],"wp:attachment":[{"href":"https:\/\/www.ucaldas.edu.co\/portal\/wp-json\/wp\/v2\/media?parent=47155"}],"wp:term":[{"taxonomy":"category","embeddable":true,"href":"https:\/\/www.ucaldas.edu.co\/portal\/wp-json\/wp\/v2\/categories?post=47155"},{"taxonomy":"post_tag","embeddable":true,"href":"https:\/\/www.ucaldas.edu.co\/portal\/wp-json\/wp\/v2\/tags?post=47155"}],"curies":[{"name":"wp","href":"https:\/\/api.w.org\/{rel}","templated":true}]}}