{"id":4687,"date":"2009-12-18T16:44:23","date_gmt":"2009-12-18T21:44:23","guid":{"rendered":"https:\/\/www.ucaldas.edu.co\/portal\/?p=4687"},"modified":"2009-12-18T16:44:23","modified_gmt":"2009-12-18T21:44:23","slug":"sig-incluido-en-el-banco-de-proyectos-exitosos-de-la-administracion-publica-2","status":"publish","type":"post","link":"https:\/\/www.ucaldas.edu.co\/portal\/sig-incluido-en-el-banco-de-proyectos-exitosos-de-la-administracion-publica-2\/","title":{"rendered":"SIG incluido en el Banco de proyectos exitosos de la Administraci\u00f3n P\u00fablica"},"content":{"rendered":"<p>Postulado para el premio nacionla de alta gerencia 2009<\/p>\n<hr \/>\n<p>&nbsp;<\/p>\n<table border=\"0\">\n<tbody>\n<tr>\n<td><img loading=\"lazy\" decoding=\"async\" style=\"border: 0px\" alt=\"Sig incluido banco de proyectos exitosos\" src=\"http:\/\/www.ucaldas.edu.co\/images\/sig_banco_proyectos.jpg\" width=\"160\" height=\"100\" border=\"0\" \/><\/td>\n<td>El Sistema Integrado de Gesti\u00f3n de la Universidad de Caldas, SIG, liderado por la Mag\u00edster Carmenza Gallego Giraldo,\u00a0 se hizo merecedor a la inscripci\u00f3n en el Banco de \u00c9xitos de la Administraci\u00f3n P\u00fablica, siendo uno de los 22 proyectos seleccionados entre 174 postulados para el Premio Nacional de Alta Gerencia 2009, ante el Departamento Administrativo de la Funci\u00f3n P\u00fablica.<\/td>\n<\/tr>\n<\/tbody>\n<\/table>\n<p><span style=\"font-family: Calibri\">\u00a0<\/span><\/p>\n<p><span style=\"font-family: Calibri\">La Universidad de Caldas se enorgullece por este importante reconocimiento del Gobierno Nacional para el SIG, que ratifica la valiosa contribuci\u00f3n de \u00e9ste sistema\u00a0 a la gesti\u00f3n de la Instituci\u00f3n como Entidad P\u00fablica.<\/span><\/p>\n<p><span style=\"font-family: Calibri\">\u00a0<\/span><\/p>\n<p><span style=\"font-family: Calibri\">Para mayor informaci\u00f3n comunicarse con la Asesora de Rector\u00eda, Carmenza Gallego Giraldo. Tel\u00e9fono 878 15 00. Ext. 11644.<\/span><\/p>\n","protected":false},"excerpt":{"rendered":"<p>Postulado para el premio nacionla de alta gerencia 2009 &nbsp; El Sistema Integrado de Gesti\u00f3n de la Universidad de Caldas, SIG, liderado por la Mag\u00edster Carmenza Gallego Giraldo,\u00a0 se hizo merecedor a la inscripci\u00f3n en el Banco de \u00c9xitos de la Administraci\u00f3n P\u00fablica, siendo uno de los 22 proyectos seleccionados entre 174 postulados para el [&hellip;]<\/p>\n","protected":false},"author":2,"featured_media":0,"comment_status":"closed","ping_status":"closed","sticky":false,"template":"","format":"standard","meta":{"footnotes":""},"categories":[48,53],"tags":[],"class_list":["post-4687","post","type-post","status-publish","format-standard","hentry","category-actualidad","category-universidad-al-dia"],"yoast_head":"<!-- This site is optimized with the Yoast SEO plugin v27.5 - https:\/\/yoast.com\/product\/yoast-seo-wordpress\/ -->\n<title>SIG incluido en el Banco de proyectos exitosos de la Administraci\u00f3n P\u00fablica .<\/title>\n<meta name=\"robots\" content=\"index, follow, max-snippet:-1, max-image-preview:large, max-video-preview:-1\" \/>\n<link rel=\"canonical\" href=\"https:\/\/www.ucaldas.edu.co\/portal\/sig-incluido-en-el-banco-de-proyectos-exitosos-de-la-administracion-publica-2\/\" \/>\n<script type=\"application\/ld+json\" class=\"yoast-schema-graph\">{\"@context\":\"https:\\\/\\\/schema.org\",\"@graph\":[{\"@type\":\"Article\",\"@id\":\"https:\\\/\\\/www.ucaldas.edu.co\\\/portal\\\/sig-incluido-en-el-banco-de-proyectos-exitosos-de-la-administracion-publica-2\\\/#article\",\"isPartOf\":{\"@id\":\"https:\\\/\\\/www.ucaldas.edu.co\\\/portal\\\/sig-incluido-en-el-banco-de-proyectos-exitosos-de-la-administracion-publica-2\\\/\"},\"author\":{\"name\":\"ofiprensa\",\"@id\":\"https:\\\/\\\/www.ucaldas.edu.co\\\/portal\\\/#\\\/schema\\\/person\\\/a1b482e23449158b4bc319926c074fdf\"},\"headline\":\"SIG incluido en el Banco de proyectos exitosos de la Administraci\u00f3n P\u00fablica\",\"datePublished\":\"2009-12-18T21:44:23+00:00\",\"mainEntityOfPage\":{\"@id\":\"https:\\\/\\\/www.ucaldas.edu.co\\\/portal\\\/sig-incluido-en-el-banco-de-proyectos-exitosos-de-la-administracion-publica-2\\\/\"},\"wordCount\":140,\"publisher\":{\"@id\":\"https:\\\/\\\/www.ucaldas.edu.co\\\/portal\\\/#organization\"},\"image\":{\"@id\":\"https:\\\/\\\/www.ucaldas.edu.co\\\/portal\\\/sig-incluido-en-el-banco-de-proyectos-exitosos-de-la-administracion-publica-2\\\/#primaryimage\"},\"thumbnailUrl\":\"http:\\\/\\\/www.ucaldas.edu.co\\\/images\\\/sig_banco_proyectos.jpg\",\"articleSection\":[\"Actualidad\",\"Universidad al D\u00eda\"],\"inLanguage\":\"es\"},{\"@type\":\"WebPage\",\"@id\":\"https:\\\/\\\/www.ucaldas.edu.co\\\/portal\\\/sig-incluido-en-el-banco-de-proyectos-exitosos-de-la-administracion-publica-2\\\/\",\"url\":\"https:\\\/\\\/www.ucaldas.edu.co\\\/portal\\\/sig-incluido-en-el-banco-de-proyectos-exitosos-de-la-administracion-publica-2\\\/\",\"name\":\"SIG incluido en el Banco de proyectos exitosos de la Administraci\u00f3n P\u00fablica .\",\"isPartOf\":{\"@id\":\"https:\\\/\\\/www.ucaldas.edu.co\\\/portal\\\/#website\"},\"primaryImageOfPage\":{\"@id\":\"https:\\\/\\\/www.ucaldas.edu.co\\\/portal\\\/sig-incluido-en-el-banco-de-proyectos-exitosos-de-la-administracion-publica-2\\\/#primaryimage\"},\"image\":{\"@id\":\"https:\\\/\\\/www.ucaldas.edu.co\\\/portal\\\/sig-incluido-en-el-banco-de-proyectos-exitosos-de-la-administracion-publica-2\\\/#primaryimage\"},\"thumbnailUrl\":\"http:\\\/\\\/www.ucaldas.edu.co\\\/images\\\/sig_banco_proyectos.jpg\",\"datePublished\":\"2009-12-18T21:44:23+00:00\",\"breadcrumb\":{\"@id\":\"https:\\\/\\\/www.ucaldas.edu.co\\\/portal\\\/sig-incluido-en-el-banco-de-proyectos-exitosos-de-la-administracion-publica-2\\\/#breadcrumb\"},\"inLanguage\":\"es\",\"potentialAction\":[{\"@type\":\"ReadAction\",\"target\":[\"https:\\\/\\\/www.ucaldas.edu.co\\\/portal\\\/sig-incluido-en-el-banco-de-proyectos-exitosos-de-la-administracion-publica-2\\\/\"]}]},{\"@type\":\"ImageObject\",\"inLanguage\":\"es\",\"@id\":\"https:\\\/\\\/www.ucaldas.edu.co\\\/portal\\\/sig-incluido-en-el-banco-de-proyectos-exitosos-de-la-administracion-publica-2\\\/#primaryimage\",\"url\":\"http:\\\/\\\/www.ucaldas.edu.co\\\/images\\\/sig_banco_proyectos.jpg\",\"contentUrl\":\"http:\\\/\\\/www.ucaldas.edu.co\\\/images\\\/sig_banco_proyectos.jpg\"},{\"@type\":\"BreadcrumbList\",\"@id\":\"https:\\\/\\\/www.ucaldas.edu.co\\\/portal\\\/sig-incluido-en-el-banco-de-proyectos-exitosos-de-la-administracion-publica-2\\\/#breadcrumb\",\"itemListElement\":[{\"@type\":\"ListItem\",\"position\":1,\"name\":\"Portada\",\"item\":\"https:\\\/\\\/www.ucaldas.edu.co\\\/portal\\\/\"},{\"@type\":\"ListItem\",\"position\":2,\"name\":\"SIG incluido en el Banco de proyectos exitosos de la Administraci\u00f3n P\u00fablica\"}]},{\"@type\":\"WebSite\",\"@id\":\"https:\\\/\\\/www.ucaldas.edu.co\\\/portal\\\/#website\",\"url\":\"https:\\\/\\\/www.ucaldas.edu.co\\\/portal\\\/\",\"name\":\"Universidad de Caldas\",\"description\":\"\",\"publisher\":{\"@id\":\"https:\\\/\\\/www.ucaldas.edu.co\\\/portal\\\/#organization\"},\"alternateName\":\"U. de Caldas\",\"potentialAction\":[{\"@type\":\"SearchAction\",\"target\":{\"@type\":\"EntryPoint\",\"urlTemplate\":\"https:\\\/\\\/www.ucaldas.edu.co\\\/portal\\\/?s={search_term_string}\"},\"query-input\":{\"@type\":\"PropertyValueSpecification\",\"valueRequired\":true,\"valueName\":\"search_term_string\"}}],\"inLanguage\":\"es\"},{\"@type\":\"Organization\",\"@id\":\"https:\\\/\\\/www.ucaldas.edu.co\\\/portal\\\/#organization\",\"name\":\"Universidad de Caldas\",\"alternateName\":\"U. de Caldas\",\"url\":\"https:\\\/\\\/www.ucaldas.edu.co\\\/portal\\\/\",\"logo\":{\"@type\":\"ImageObject\",\"inLanguage\":\"es\",\"@id\":\"https:\\\/\\\/www.ucaldas.edu.co\\\/portal\\\/#\\\/schema\\\/logo\\\/image\\\/\",\"url\":\"https:\\\/\\\/www.ucaldas.edu.co\\\/portal\\\/wp-content\\\/uploads\\\/2023\\\/11\\\/Logo_horizontal_oscuroU-2023.png\",\"contentUrl\":\"https:\\\/\\\/www.ucaldas.edu.co\\\/portal\\\/wp-content\\\/uploads\\\/2023\\\/11\\\/Logo_horizontal_oscuroU-2023.png\",\"width\":263,\"height\":101,\"caption\":\"Universidad de Caldas\"},\"image\":{\"@id\":\"https:\\\/\\\/www.ucaldas.edu.co\\\/portal\\\/#\\\/schema\\\/logo\\\/image\\\/\"},\"sameAs\":[\"https:\\\/\\\/www.facebook.com\\\/udecaldas\",\"https:\\\/\\\/x.com\\\/udecaldas\",\"https:\\\/\\\/www.youtube.com\\\/universidadcaldas\",\"https:\\\/\\\/www.instagram.com\\\/udecaldas\\\/\"]},{\"@type\":\"Person\",\"@id\":\"https:\\\/\\\/www.ucaldas.edu.co\\\/portal\\\/#\\\/schema\\\/person\\\/a1b482e23449158b4bc319926c074fdf\",\"name\":\"ofiprensa\",\"image\":{\"@type\":\"ImageObject\",\"inLanguage\":\"es\",\"@id\":\"https:\\\/\\\/www.ucaldas.edu.co\\\/portal\\\/wp-content\\\/litespeed\\\/avatar\\\/09ea5085e600095a7a811142c6944527.jpg?ver=1777497608\",\"url\":\"https:\\\/\\\/www.ucaldas.edu.co\\\/portal\\\/wp-content\\\/litespeed\\\/avatar\\\/09ea5085e600095a7a811142c6944527.jpg?ver=1777497608\",\"contentUrl\":\"https:\\\/\\\/www.ucaldas.edu.co\\\/portal\\\/wp-content\\\/litespeed\\\/avatar\\\/09ea5085e600095a7a811142c6944527.jpg?ver=1777497608\",\"caption\":\"ofiprensa\"},\"url\":\"https:\\\/\\\/www.ucaldas.edu.co\\\/portal\\\/author\\\/ofiprensa\\\/\"}]}<\/script>\n<!-- \/ Yoast SEO plugin. -->","yoast_head_json":{"title":"SIG incluido en el Banco de proyectos exitosos de la Administraci\u00f3n P\u00fablica .","robots":{"index":"index","follow":"follow","max-snippet":"max-snippet:-1","max-image-preview":"max-image-preview:large","max-video-preview":"max-video-preview:-1"},"canonical":"https:\/\/www.ucaldas.edu.co\/portal\/sig-incluido-en-el-banco-de-proyectos-exitosos-de-la-administracion-publica-2\/","schema":{"@context":"https:\/\/schema.org","@graph":[{"@type":"Article","@id":"https:\/\/www.ucaldas.edu.co\/portal\/sig-incluido-en-el-banco-de-proyectos-exitosos-de-la-administracion-publica-2\/#article","isPartOf":{"@id":"https:\/\/www.ucaldas.edu.co\/portal\/sig-incluido-en-el-banco-de-proyectos-exitosos-de-la-administracion-publica-2\/"},"author":{"name":"ofiprensa","@id":"https:\/\/www.ucaldas.edu.co\/portal\/#\/schema\/person\/a1b482e23449158b4bc319926c074fdf"},"headline":"SIG incluido en el Banco de proyectos exitosos de la Administraci\u00f3n P\u00fablica","datePublished":"2009-12-18T21:44:23+00:00","mainEntityOfPage":{"@id":"https:\/\/www.ucaldas.edu.co\/portal\/sig-incluido-en-el-banco-de-proyectos-exitosos-de-la-administracion-publica-2\/"},"wordCount":140,"publisher":{"@id":"https:\/\/www.ucaldas.edu.co\/portal\/#organization"},"image":{"@id":"https:\/\/www.ucaldas.edu.co\/portal\/sig-incluido-en-el-banco-de-proyectos-exitosos-de-la-administracion-publica-2\/#primaryimage"},"thumbnailUrl":"http:\/\/www.ucaldas.edu.co\/images\/sig_banco_proyectos.jpg","articleSection":["Actualidad","Universidad al D\u00eda"],"inLanguage":"es"},{"@type":"WebPage","@id":"https:\/\/www.ucaldas.edu.co\/portal\/sig-incluido-en-el-banco-de-proyectos-exitosos-de-la-administracion-publica-2\/","url":"https:\/\/www.ucaldas.edu.co\/portal\/sig-incluido-en-el-banco-de-proyectos-exitosos-de-la-administracion-publica-2\/","name":"SIG incluido en el Banco de proyectos exitosos de la Administraci\u00f3n P\u00fablica .","isPartOf":{"@id":"https:\/\/www.ucaldas.edu.co\/portal\/#website"},"primaryImageOfPage":{"@id":"https:\/\/www.ucaldas.edu.co\/portal\/sig-incluido-en-el-banco-de-proyectos-exitosos-de-la-administracion-publica-2\/#primaryimage"},"image":{"@id":"https:\/\/www.ucaldas.edu.co\/portal\/sig-incluido-en-el-banco-de-proyectos-exitosos-de-la-administracion-publica-2\/#primaryimage"},"thumbnailUrl":"http:\/\/www.ucaldas.edu.co\/images\/sig_banco_proyectos.jpg","datePublished":"2009-12-18T21:44:23+00:00","breadcrumb":{"@id":"https:\/\/www.ucaldas.edu.co\/portal\/sig-incluido-en-el-banco-de-proyectos-exitosos-de-la-administracion-publica-2\/#breadcrumb"},"inLanguage":"es","potentialAction":[{"@type":"ReadAction","target":["https:\/\/www.ucaldas.edu.co\/portal\/sig-incluido-en-el-banco-de-proyectos-exitosos-de-la-administracion-publica-2\/"]}]},{"@type":"ImageObject","inLanguage":"es","@id":"https:\/\/www.ucaldas.edu.co\/portal\/sig-incluido-en-el-banco-de-proyectos-exitosos-de-la-administracion-publica-2\/#primaryimage","url":"http:\/\/www.ucaldas.edu.co\/images\/sig_banco_proyectos.jpg","contentUrl":"http:\/\/www.ucaldas.edu.co\/images\/sig_banco_proyectos.jpg"},{"@type":"BreadcrumbList","@id":"https:\/\/www.ucaldas.edu.co\/portal\/sig-incluido-en-el-banco-de-proyectos-exitosos-de-la-administracion-publica-2\/#breadcrumb","itemListElement":[{"@type":"ListItem","position":1,"name":"Portada","item":"https:\/\/www.ucaldas.edu.co\/portal\/"},{"@type":"ListItem","position":2,"name":"SIG incluido en el Banco de proyectos exitosos de la Administraci\u00f3n P\u00fablica"}]},{"@type":"WebSite","@id":"https:\/\/www.ucaldas.edu.co\/portal\/#website","url":"https:\/\/www.ucaldas.edu.co\/portal\/","name":"Universidad de Caldas","description":"","publisher":{"@id":"https:\/\/www.ucaldas.edu.co\/portal\/#organization"},"alternateName":"U. de Caldas","potentialAction":[{"@type":"SearchAction","target":{"@type":"EntryPoint","urlTemplate":"https:\/\/www.ucaldas.edu.co\/portal\/?s={search_term_string}"},"query-input":{"@type":"PropertyValueSpecification","valueRequired":true,"valueName":"search_term_string"}}],"inLanguage":"es"},{"@type":"Organization","@id":"https:\/\/www.ucaldas.edu.co\/portal\/#organization","name":"Universidad de Caldas","alternateName":"U. de Caldas","url":"https:\/\/www.ucaldas.edu.co\/portal\/","logo":{"@type":"ImageObject","inLanguage":"es","@id":"https:\/\/www.ucaldas.edu.co\/portal\/#\/schema\/logo\/image\/","url":"https:\/\/www.ucaldas.edu.co\/portal\/wp-content\/uploads\/2023\/11\/Logo_horizontal_oscuroU-2023.png","contentUrl":"https:\/\/www.ucaldas.edu.co\/portal\/wp-content\/uploads\/2023\/11\/Logo_horizontal_oscuroU-2023.png","width":263,"height":101,"caption":"Universidad de Caldas"},"image":{"@id":"https:\/\/www.ucaldas.edu.co\/portal\/#\/schema\/logo\/image\/"},"sameAs":["https:\/\/www.facebook.com\/udecaldas","https:\/\/x.com\/udecaldas","https:\/\/www.youtube.com\/universidadcaldas","https:\/\/www.instagram.com\/udecaldas\/"]},{"@type":"Person","@id":"https:\/\/www.ucaldas.edu.co\/portal\/#\/schema\/person\/a1b482e23449158b4bc319926c074fdf","name":"ofiprensa","image":{"@type":"ImageObject","inLanguage":"es","@id":"https:\/\/www.ucaldas.edu.co\/portal\/wp-content\/litespeed\/avatar\/09ea5085e600095a7a811142c6944527.jpg?ver=1777497608","url":"https:\/\/www.ucaldas.edu.co\/portal\/wp-content\/litespeed\/avatar\/09ea5085e600095a7a811142c6944527.jpg?ver=1777497608","contentUrl":"https:\/\/www.ucaldas.edu.co\/portal\/wp-content\/litespeed\/avatar\/09ea5085e600095a7a811142c6944527.jpg?ver=1777497608","caption":"ofiprensa"},"url":"https:\/\/www.ucaldas.edu.co\/portal\/author\/ofiprensa\/"}]}},"_links":{"self":[{"href":"https:\/\/www.ucaldas.edu.co\/portal\/wp-json\/wp\/v2\/posts\/4687","targetHints":{"allow":["GET"]}}],"collection":[{"href":"https:\/\/www.ucaldas.edu.co\/portal\/wp-json\/wp\/v2\/posts"}],"about":[{"href":"https:\/\/www.ucaldas.edu.co\/portal\/wp-json\/wp\/v2\/types\/post"}],"author":[{"embeddable":true,"href":"https:\/\/www.ucaldas.edu.co\/portal\/wp-json\/wp\/v2\/users\/2"}],"replies":[{"embeddable":true,"href":"https:\/\/www.ucaldas.edu.co\/portal\/wp-json\/wp\/v2\/comments?post=4687"}],"version-history":[{"count":0,"href":"https:\/\/www.ucaldas.edu.co\/portal\/wp-json\/wp\/v2\/posts\/4687\/revisions"}],"wp:attachment":[{"href":"https:\/\/www.ucaldas.edu.co\/portal\/wp-json\/wp\/v2\/media?parent=4687"}],"wp:term":[{"taxonomy":"category","embeddable":true,"href":"https:\/\/www.ucaldas.edu.co\/portal\/wp-json\/wp\/v2\/categories?post=4687"},{"taxonomy":"post_tag","embeddable":true,"href":"https:\/\/www.ucaldas.edu.co\/portal\/wp-json\/wp\/v2\/tags?post=4687"}],"curies":[{"name":"wp","href":"https:\/\/api.w.org\/{rel}","templated":true}]}}