{"id":4685,"date":"2009-12-18T16:43:53","date_gmt":"2009-12-18T21:43:53","guid":{"rendered":"https:\/\/www.ucaldas.edu.co\/portal\/?p=4685"},"modified":"2009-12-18T16:43:53","modified_gmt":"2009-12-18T21:43:53","slug":"la-revista-cultura-y-droga-no-16-ya-esta-en-circulacion-2","status":"publish","type":"post","link":"https:\/\/www.ucaldas.edu.co\/portal\/la-revista-cultura-y-droga-no-16-ya-esta-en-circulacion-2\/","title":{"rendered":"La revista Cultura y Droga No 16 ya est\u00e1 en circulaci\u00f3n"},"content":{"rendered":"<p>La presentaci\u00f3n ser\u00e1 18 de diciembre a las 4:00 P.M. en la sede Palogrande<\/p>\n<hr \/>\n<p align=\"center\">\n<p>&nbsp;<\/p>\n<p>La Maestr\u00eda en Culturas y Droga de la Universidad de Caldas informa a la comunidad universitaria y al p\u00fablico en general que la revista Cultura y Droga No 16, correspondiente al a\u00f1o 2009 ya se encuentra en circulaci\u00f3n.<\/p>\n<p><span style=\"font-family: Calibri\">\u00a0<\/span><\/p>\n<p><span style=\"font-family: Calibri\">Igualmente se puede acceder a sus art\u00edculos en versi\u00f3n digital en el link: <\/span><a href=\"http:\/\/culturaydroga.ucaldas.edu.co\/index.php?option=com_content&amp;task=blogsection&amp;id=5&amp;Itemid=9\" target=\"_blank\"><span style=\"font-family: Calibri\">http:\/\/culturaydroga.ucaldas.edu.co\/index.php?option=com_content&amp;task=blogsection&amp;id=5&amp;Itemid=9<\/span><\/a><\/p>\n<p><span style=\"font-family: Calibri\">\u00a0<\/span><\/p>\n<p><span style=\"font-family: Calibri\">La presentaci\u00f3n de la revista ser\u00e1 hoy a las 4:00 p.m. en la Sede Palogrande (Tercer piso), en la sustentaci\u00f3n p\u00fablica de la tesis <i>Pr\u00e1cticas y Rituales de la Escuela ChakraVidya de Pereira. Una experiencia de conocimiento<\/i>, de la Mag\u00edster psic\u00f3loga\u00a0 Ofelia Gallego Beltr\u00e1n. <\/span><\/p>\n<p><span style=\"font-family: Calibri\">\u00a0<\/span><\/p>\n<p><span style=\"font-family: Calibri\">El director de tesis es el soci\u00f3logo Jorge Ronderos Valderrama, profesor titular Universidad de Caldas y los jurados son los psic\u00f3logos y mag\u00edsteres John Arcia Grajales y Mar\u00eda Elena Orozco. <\/span><\/p>\n<p><span style=\"font-family: Calibri\">\u00a0<\/span><\/p>\n<p><span style=\"font-family: Calibri\">Para mayor informaci\u00f3n comunicarse con la Maestr\u00eda en Culturas y Droga de la Universidad de Caldas. Tel\u00e9fono 886 27 20. Ext. 22108.<\/span><\/p>\n","protected":false},"excerpt":{"rendered":"<p>La presentaci\u00f3n ser\u00e1 18 de diciembre a las 4:00 P.M. en la sede Palogrande &nbsp; La Maestr\u00eda en Culturas y Droga de la Universidad de Caldas informa a la comunidad universitaria y al p\u00fablico en general que la revista Cultura y Droga No 16, correspondiente al a\u00f1o 2009 ya se encuentra en circulaci\u00f3n. \u00a0 Igualmente [&hellip;]<\/p>\n","protected":false},"author":2,"featured_media":0,"comment_status":"closed","ping_status":"closed","sticky":false,"template":"","format":"standard","meta":{"footnotes":""},"categories":[48,53],"tags":[],"class_list":["post-4685","post","type-post","status-publish","format-standard","hentry","category-actualidad","category-universidad-al-dia"],"yoast_head":"<!-- This site is optimized with the Yoast SEO plugin v27.5 - https:\/\/yoast.com\/product\/yoast-seo-wordpress\/ -->\n<title>La revista Cultura y Droga No 16 ya est\u00e1 en circulaci\u00f3n .<\/title>\n<meta name=\"robots\" content=\"index, follow, max-snippet:-1, max-image-preview:large, max-video-preview:-1\" \/>\n<link rel=\"canonical\" href=\"https:\/\/www.ucaldas.edu.co\/portal\/la-revista-cultura-y-droga-no-16-ya-esta-en-circulacion-2\/\" \/>\n<script type=\"application\/ld+json\" class=\"yoast-schema-graph\">{\"@context\":\"https:\\\/\\\/schema.org\",\"@graph\":[{\"@type\":\"Article\",\"@id\":\"https:\\\/\\\/www.ucaldas.edu.co\\\/portal\\\/la-revista-cultura-y-droga-no-16-ya-esta-en-circulacion-2\\\/#article\",\"isPartOf\":{\"@id\":\"https:\\\/\\\/www.ucaldas.edu.co\\\/portal\\\/la-revista-cultura-y-droga-no-16-ya-esta-en-circulacion-2\\\/\"},\"author\":{\"name\":\"ofiprensa\",\"@id\":\"https:\\\/\\\/www.ucaldas.edu.co\\\/portal\\\/#\\\/schema\\\/person\\\/a1b482e23449158b4bc319926c074fdf\"},\"headline\":\"La revista Cultura y Droga No 16 ya est\u00e1 en circulaci\u00f3n\",\"datePublished\":\"2009-12-18T21:43:53+00:00\",\"mainEntityOfPage\":{\"@id\":\"https:\\\/\\\/www.ucaldas.edu.co\\\/portal\\\/la-revista-cultura-y-droga-no-16-ya-esta-en-circulacion-2\\\/\"},\"wordCount\":204,\"publisher\":{\"@id\":\"https:\\\/\\\/www.ucaldas.edu.co\\\/portal\\\/#organization\"},\"articleSection\":[\"Actualidad\",\"Universidad al D\u00eda\"],\"inLanguage\":\"es\"},{\"@type\":\"WebPage\",\"@id\":\"https:\\\/\\\/www.ucaldas.edu.co\\\/portal\\\/la-revista-cultura-y-droga-no-16-ya-esta-en-circulacion-2\\\/\",\"url\":\"https:\\\/\\\/www.ucaldas.edu.co\\\/portal\\\/la-revista-cultura-y-droga-no-16-ya-esta-en-circulacion-2\\\/\",\"name\":\"La revista Cultura y Droga No 16 ya est\u00e1 en circulaci\u00f3n .\",\"isPartOf\":{\"@id\":\"https:\\\/\\\/www.ucaldas.edu.co\\\/portal\\\/#website\"},\"datePublished\":\"2009-12-18T21:43:53+00:00\",\"breadcrumb\":{\"@id\":\"https:\\\/\\\/www.ucaldas.edu.co\\\/portal\\\/la-revista-cultura-y-droga-no-16-ya-esta-en-circulacion-2\\\/#breadcrumb\"},\"inLanguage\":\"es\",\"potentialAction\":[{\"@type\":\"ReadAction\",\"target\":[\"https:\\\/\\\/www.ucaldas.edu.co\\\/portal\\\/la-revista-cultura-y-droga-no-16-ya-esta-en-circulacion-2\\\/\"]}]},{\"@type\":\"BreadcrumbList\",\"@id\":\"https:\\\/\\\/www.ucaldas.edu.co\\\/portal\\\/la-revista-cultura-y-droga-no-16-ya-esta-en-circulacion-2\\\/#breadcrumb\",\"itemListElement\":[{\"@type\":\"ListItem\",\"position\":1,\"name\":\"Portada\",\"item\":\"https:\\\/\\\/www.ucaldas.edu.co\\\/portal\\\/\"},{\"@type\":\"ListItem\",\"position\":2,\"name\":\"La revista Cultura y Droga No 16 ya est\u00e1 en circulaci\u00f3n\"}]},{\"@type\":\"WebSite\",\"@id\":\"https:\\\/\\\/www.ucaldas.edu.co\\\/portal\\\/#website\",\"url\":\"https:\\\/\\\/www.ucaldas.edu.co\\\/portal\\\/\",\"name\":\"Universidad de Caldas\",\"description\":\"\",\"publisher\":{\"@id\":\"https:\\\/\\\/www.ucaldas.edu.co\\\/portal\\\/#organization\"},\"alternateName\":\"U. de Caldas\",\"potentialAction\":[{\"@type\":\"SearchAction\",\"target\":{\"@type\":\"EntryPoint\",\"urlTemplate\":\"https:\\\/\\\/www.ucaldas.edu.co\\\/portal\\\/?s={search_term_string}\"},\"query-input\":{\"@type\":\"PropertyValueSpecification\",\"valueRequired\":true,\"valueName\":\"search_term_string\"}}],\"inLanguage\":\"es\"},{\"@type\":\"Organization\",\"@id\":\"https:\\\/\\\/www.ucaldas.edu.co\\\/portal\\\/#organization\",\"name\":\"Universidad de Caldas\",\"alternateName\":\"U. de Caldas\",\"url\":\"https:\\\/\\\/www.ucaldas.edu.co\\\/portal\\\/\",\"logo\":{\"@type\":\"ImageObject\",\"inLanguage\":\"es\",\"@id\":\"https:\\\/\\\/www.ucaldas.edu.co\\\/portal\\\/#\\\/schema\\\/logo\\\/image\\\/\",\"url\":\"https:\\\/\\\/www.ucaldas.edu.co\\\/portal\\\/wp-content\\\/uploads\\\/2023\\\/11\\\/Logo_horizontal_oscuroU-2023.png\",\"contentUrl\":\"https:\\\/\\\/www.ucaldas.edu.co\\\/portal\\\/wp-content\\\/uploads\\\/2023\\\/11\\\/Logo_horizontal_oscuroU-2023.png\",\"width\":263,\"height\":101,\"caption\":\"Universidad de Caldas\"},\"image\":{\"@id\":\"https:\\\/\\\/www.ucaldas.edu.co\\\/portal\\\/#\\\/schema\\\/logo\\\/image\\\/\"},\"sameAs\":[\"https:\\\/\\\/www.facebook.com\\\/udecaldas\",\"https:\\\/\\\/x.com\\\/udecaldas\",\"https:\\\/\\\/www.youtube.com\\\/universidadcaldas\",\"https:\\\/\\\/www.instagram.com\\\/udecaldas\\\/\"]},{\"@type\":\"Person\",\"@id\":\"https:\\\/\\\/www.ucaldas.edu.co\\\/portal\\\/#\\\/schema\\\/person\\\/a1b482e23449158b4bc319926c074fdf\",\"name\":\"ofiprensa\",\"image\":{\"@type\":\"ImageObject\",\"inLanguage\":\"es\",\"@id\":\"https:\\\/\\\/www.ucaldas.edu.co\\\/portal\\\/wp-content\\\/litespeed\\\/avatar\\\/09ea5085e600095a7a811142c6944527.jpg?ver=1777497608\",\"url\":\"https:\\\/\\\/www.ucaldas.edu.co\\\/portal\\\/wp-content\\\/litespeed\\\/avatar\\\/09ea5085e600095a7a811142c6944527.jpg?ver=1777497608\",\"contentUrl\":\"https:\\\/\\\/www.ucaldas.edu.co\\\/portal\\\/wp-content\\\/litespeed\\\/avatar\\\/09ea5085e600095a7a811142c6944527.jpg?ver=1777497608\",\"caption\":\"ofiprensa\"},\"url\":\"https:\\\/\\\/www.ucaldas.edu.co\\\/portal\\\/author\\\/ofiprensa\\\/\"}]}<\/script>\n<!-- \/ Yoast SEO plugin. -->","yoast_head_json":{"title":"La revista Cultura y Droga No 16 ya est\u00e1 en circulaci\u00f3n .","robots":{"index":"index","follow":"follow","max-snippet":"max-snippet:-1","max-image-preview":"max-image-preview:large","max-video-preview":"max-video-preview:-1"},"canonical":"https:\/\/www.ucaldas.edu.co\/portal\/la-revista-cultura-y-droga-no-16-ya-esta-en-circulacion-2\/","schema":{"@context":"https:\/\/schema.org","@graph":[{"@type":"Article","@id":"https:\/\/www.ucaldas.edu.co\/portal\/la-revista-cultura-y-droga-no-16-ya-esta-en-circulacion-2\/#article","isPartOf":{"@id":"https:\/\/www.ucaldas.edu.co\/portal\/la-revista-cultura-y-droga-no-16-ya-esta-en-circulacion-2\/"},"author":{"name":"ofiprensa","@id":"https:\/\/www.ucaldas.edu.co\/portal\/#\/schema\/person\/a1b482e23449158b4bc319926c074fdf"},"headline":"La revista Cultura y Droga No 16 ya est\u00e1 en circulaci\u00f3n","datePublished":"2009-12-18T21:43:53+00:00","mainEntityOfPage":{"@id":"https:\/\/www.ucaldas.edu.co\/portal\/la-revista-cultura-y-droga-no-16-ya-esta-en-circulacion-2\/"},"wordCount":204,"publisher":{"@id":"https:\/\/www.ucaldas.edu.co\/portal\/#organization"},"articleSection":["Actualidad","Universidad al D\u00eda"],"inLanguage":"es"},{"@type":"WebPage","@id":"https:\/\/www.ucaldas.edu.co\/portal\/la-revista-cultura-y-droga-no-16-ya-esta-en-circulacion-2\/","url":"https:\/\/www.ucaldas.edu.co\/portal\/la-revista-cultura-y-droga-no-16-ya-esta-en-circulacion-2\/","name":"La revista Cultura y Droga No 16 ya est\u00e1 en circulaci\u00f3n .","isPartOf":{"@id":"https:\/\/www.ucaldas.edu.co\/portal\/#website"},"datePublished":"2009-12-18T21:43:53+00:00","breadcrumb":{"@id":"https:\/\/www.ucaldas.edu.co\/portal\/la-revista-cultura-y-droga-no-16-ya-esta-en-circulacion-2\/#breadcrumb"},"inLanguage":"es","potentialAction":[{"@type":"ReadAction","target":["https:\/\/www.ucaldas.edu.co\/portal\/la-revista-cultura-y-droga-no-16-ya-esta-en-circulacion-2\/"]}]},{"@type":"BreadcrumbList","@id":"https:\/\/www.ucaldas.edu.co\/portal\/la-revista-cultura-y-droga-no-16-ya-esta-en-circulacion-2\/#breadcrumb","itemListElement":[{"@type":"ListItem","position":1,"name":"Portada","item":"https:\/\/www.ucaldas.edu.co\/portal\/"},{"@type":"ListItem","position":2,"name":"La revista Cultura y Droga No 16 ya est\u00e1 en circulaci\u00f3n"}]},{"@type":"WebSite","@id":"https:\/\/www.ucaldas.edu.co\/portal\/#website","url":"https:\/\/www.ucaldas.edu.co\/portal\/","name":"Universidad de Caldas","description":"","publisher":{"@id":"https:\/\/www.ucaldas.edu.co\/portal\/#organization"},"alternateName":"U. de Caldas","potentialAction":[{"@type":"SearchAction","target":{"@type":"EntryPoint","urlTemplate":"https:\/\/www.ucaldas.edu.co\/portal\/?s={search_term_string}"},"query-input":{"@type":"PropertyValueSpecification","valueRequired":true,"valueName":"search_term_string"}}],"inLanguage":"es"},{"@type":"Organization","@id":"https:\/\/www.ucaldas.edu.co\/portal\/#organization","name":"Universidad de Caldas","alternateName":"U. de Caldas","url":"https:\/\/www.ucaldas.edu.co\/portal\/","logo":{"@type":"ImageObject","inLanguage":"es","@id":"https:\/\/www.ucaldas.edu.co\/portal\/#\/schema\/logo\/image\/","url":"https:\/\/www.ucaldas.edu.co\/portal\/wp-content\/uploads\/2023\/11\/Logo_horizontal_oscuroU-2023.png","contentUrl":"https:\/\/www.ucaldas.edu.co\/portal\/wp-content\/uploads\/2023\/11\/Logo_horizontal_oscuroU-2023.png","width":263,"height":101,"caption":"Universidad de Caldas"},"image":{"@id":"https:\/\/www.ucaldas.edu.co\/portal\/#\/schema\/logo\/image\/"},"sameAs":["https:\/\/www.facebook.com\/udecaldas","https:\/\/x.com\/udecaldas","https:\/\/www.youtube.com\/universidadcaldas","https:\/\/www.instagram.com\/udecaldas\/"]},{"@type":"Person","@id":"https:\/\/www.ucaldas.edu.co\/portal\/#\/schema\/person\/a1b482e23449158b4bc319926c074fdf","name":"ofiprensa","image":{"@type":"ImageObject","inLanguage":"es","@id":"https:\/\/www.ucaldas.edu.co\/portal\/wp-content\/litespeed\/avatar\/09ea5085e600095a7a811142c6944527.jpg?ver=1777497608","url":"https:\/\/www.ucaldas.edu.co\/portal\/wp-content\/litespeed\/avatar\/09ea5085e600095a7a811142c6944527.jpg?ver=1777497608","contentUrl":"https:\/\/www.ucaldas.edu.co\/portal\/wp-content\/litespeed\/avatar\/09ea5085e600095a7a811142c6944527.jpg?ver=1777497608","caption":"ofiprensa"},"url":"https:\/\/www.ucaldas.edu.co\/portal\/author\/ofiprensa\/"}]}},"_links":{"self":[{"href":"https:\/\/www.ucaldas.edu.co\/portal\/wp-json\/wp\/v2\/posts\/4685","targetHints":{"allow":["GET"]}}],"collection":[{"href":"https:\/\/www.ucaldas.edu.co\/portal\/wp-json\/wp\/v2\/posts"}],"about":[{"href":"https:\/\/www.ucaldas.edu.co\/portal\/wp-json\/wp\/v2\/types\/post"}],"author":[{"embeddable":true,"href":"https:\/\/www.ucaldas.edu.co\/portal\/wp-json\/wp\/v2\/users\/2"}],"replies":[{"embeddable":true,"href":"https:\/\/www.ucaldas.edu.co\/portal\/wp-json\/wp\/v2\/comments?post=4685"}],"version-history":[{"count":0,"href":"https:\/\/www.ucaldas.edu.co\/portal\/wp-json\/wp\/v2\/posts\/4685\/revisions"}],"wp:attachment":[{"href":"https:\/\/www.ucaldas.edu.co\/portal\/wp-json\/wp\/v2\/media?parent=4685"}],"wp:term":[{"taxonomy":"category","embeddable":true,"href":"https:\/\/www.ucaldas.edu.co\/portal\/wp-json\/wp\/v2\/categories?post=4685"},{"taxonomy":"post_tag","embeddable":true,"href":"https:\/\/www.ucaldas.edu.co\/portal\/wp-json\/wp\/v2\/tags?post=4685"}],"curies":[{"name":"wp","href":"https:\/\/api.w.org\/{rel}","templated":true}]}}