{"id":4679,"date":"2009-12-17T16:41:45","date_gmt":"2009-12-17T21:41:45","guid":{"rendered":"https:\/\/www.ucaldas.edu.co\/portal\/?p=4679"},"modified":"2009-12-17T16:41:45","modified_gmt":"2009-12-17T21:41:45","slug":"especializacion-en-intervencion-en-relaciones-familiares-tiene-abiertas-sus-inscripciones-4","status":"publish","type":"post","link":"https:\/\/www.ucaldas.edu.co\/portal\/especializacion-en-intervencion-en-relaciones-familiares-tiene-abiertas-sus-inscripciones-4\/","title":{"rendered":"Especializaci\u00f3n en Intervenci\u00f3n en Relaciones Familiares tiene abiertas sus inscripciones"},"content":{"rendered":"<p>Hasta el 18 de Diciembre<\/p>\n<hr \/>\n<p align=\"center\">\n<p>&nbsp;<\/p>\n<p>El Departamento de Estudios de Familia de la Universidad de Caldas informa que desde el pasado primero de diciembre y hasta ma\u00f1ana est\u00e1n abiertas las inscripciones para la especializaci\u00f3n en Intervenci\u00f3n en Relaciones Familiares IV Cohorte.<\/p>\n<p><i><span style=\"font-family: Calibri\">\u00a0<\/span><\/i><\/p>\n<p><span style=\"font-family: Calibri\">El objetivo del programa es especializar profesionales de las ciencias sociales y de la salud en habilidades y destrezas para la intervenci\u00f3n en las relaciones familiares en los niveles de diagn\u00f3stico, prevenci\u00f3n, atenci\u00f3n\/ intervenci\u00f3n frente a las situaciones cr\u00edticas y del desarrollo viral de las familias.<\/span><\/p>\n<p><span style=\"font-family: Calibri\">\u00a0<\/span><\/p>\n<p><span style=\"font-family: Calibri\">La especializaci\u00f3n tiene un per\u00edodo de duraci\u00f3n de tres semestres y cuenta con 32 cr\u00e9ditos acad\u00e9micos. <\/span><\/p>\n<p><span style=\"font-family: Calibri\">\u00a0<\/span><\/p>\n<p><span style=\"font-family: Calibri\">Los requisitos de admisi\u00f3n son los siguientes:<\/span><\/p>\n<p><span style=\"font-family: Calibri\">\u00a0<\/span><\/p>\n<ul>\n<li><span style=\"font-family: Calibri\">Tener t\u00edtulo profesional por una instituci\u00f3n de educaci\u00f3n superior.<\/span><\/li>\n<li><span style=\"font-family: Calibri\">Formulario de inscripci\u00f3n debidamente diligenciado (Reclamar en la Oficina de Postgrados del Departamento de Estudios de Familia)<\/span><\/li>\n<li><span style=\"font-family: Calibri\">Hoja de vida acad\u00e9mica y laboral<\/span><\/li>\n<li><span style=\"font-family: Calibri\">Entrevista<\/span><\/li>\n<li><span style=\"font-family: Calibri\">Pago de inscripci\u00f3n<\/span><\/li>\n<\/ul>\n<p><span style=\"font-family: Calibri\">\u00a0<\/span><\/p>\n<p><span style=\"font-family: Calibri\">Los requisitos de grado son los siguientes:<\/span><\/p>\n<p><span style=\"font-family: Calibri\">\u00a0<\/span><\/p>\n<ul>\n<li><span style=\"font-family: Calibri\">Haber obtenido el n\u00famero total de cr\u00e9ditos<\/span><\/li>\n<li><span style=\"font-family: Calibri\">Presentar un trabajo final sobre un modelo de intervenci\u00f3n en Relaciones Familiares, que pueda ser aplicado en la instituci\u00f3n donde labora o a grupos familiares o comunitarios<\/span><\/li>\n<li><span style=\"font-family: Calibri\">Certificado de comprensi\u00f3n lectora en ingl\u00e9s expedido por el Departamento de Lenguas y Literatura de la Universidad de Caldas o por una entidad reconocida por el Estado, o disposici\u00f3n de adquirido por medio de cursos intensivos.<\/span><\/li>\n<\/ul>\n<p><span style=\"font-family: Calibri\">\u00a0<\/span><\/p>\n<p><span style=\"font-family: Calibri\">Las entrevistas se realizar\u00e1n el 18 y el 19 de enero de 2010, la publicaci\u00f3n de admitidos ser\u00e1 el 21 de enero, la matr\u00edcula se realizar\u00e1 los d\u00edas 25, 26 y 27 de enero y el inicio de semestre, el 12 de febrero.<\/span><\/p>\n<p><span style=\"font-family: Calibri\">\u00a0<\/span><\/p>\n<p><span style=\"font-family: Calibri\">La inscripci\u00f3n tiene un costo del 35% de un S.M.M.L.V. ($173.915) y la matricula vale 4.5 S.M.M.L.V. por semestre (Mas carn\u00e9 estudiantil y seguro de accidentes).<\/span><\/p>\n<p><span style=\"font-family: Calibri\">\u00a0<\/span><\/p>\n<p><span style=\"font-family: Calibri\">La consignaci\u00f3n debe hacerse en Davivienda, cuenta de ahorros No. 255533119, c\u00f3digo del programa G6HB003. El recibo de consignaci\u00f3n se debe entregar en la Oficina de Postgrados del Departamento de Estudios de Familia de la Universidad de Caldas.<\/span><\/p>\n<p><span style=\"font-family: Calibri\">\u00a0<\/span><\/p>\n<p><span style=\"font-family: Calibri\">Para mayor informaci\u00f3n comunicarse con la Oficina de Postgrados del Departamento de Estudios de Familia de la Universidad de Caldas. Tel\u00e9fono 878 15 00. Ext. 13412- 13629- 13386 o escribir al correo electr\u00f3nico <\/span><a href=\"mailto:erelacionesfamiliares@ucaldas.edu.co\" target=\"_blank\"><span style=\"font-family: Calibri\">erelacionesfamiliares@ucaldas.edu.co<\/span><\/a><\/p>\n","protected":false},"excerpt":{"rendered":"<p>Hasta el 18 de Diciembre &nbsp; El Departamento de Estudios de Familia de la Universidad de Caldas informa que desde el pasado primero de diciembre y hasta ma\u00f1ana est\u00e1n abiertas las inscripciones para la especializaci\u00f3n en Intervenci\u00f3n en Relaciones Familiares IV Cohorte. \u00a0 El objetivo del programa es especializar profesionales de las ciencias sociales y [&hellip;]<\/p>\n","protected":false},"author":2,"featured_media":0,"comment_status":"closed","ping_status":"closed","sticky":false,"template":"","format":"standard","meta":{"footnotes":""},"categories":[48,53],"tags":[],"class_list":["post-4679","post","type-post","status-publish","format-standard","hentry","category-actualidad","category-universidad-al-dia"],"yoast_head":"<!-- This site is optimized with the Yoast SEO plugin v27.5 - https:\/\/yoast.com\/product\/yoast-seo-wordpress\/ -->\n<title>Especializaci\u00f3n en Intervenci\u00f3n en Relaciones Familiares tiene abiertas sus inscripciones .<\/title>\n<meta name=\"robots\" content=\"index, follow, max-snippet:-1, max-image-preview:large, max-video-preview:-1\" \/>\n<link rel=\"canonical\" href=\"https:\/\/www.ucaldas.edu.co\/portal\/especializacion-en-intervencion-en-relaciones-familiares-tiene-abiertas-sus-inscripciones-4\/\" \/>\n<script type=\"application\/ld+json\" class=\"yoast-schema-graph\">{\"@context\":\"https:\\\/\\\/schema.org\",\"@graph\":[{\"@type\":\"Article\",\"@id\":\"https:\\\/\\\/www.ucaldas.edu.co\\\/portal\\\/especializacion-en-intervencion-en-relaciones-familiares-tiene-abiertas-sus-inscripciones-4\\\/#article\",\"isPartOf\":{\"@id\":\"https:\\\/\\\/www.ucaldas.edu.co\\\/portal\\\/especializacion-en-intervencion-en-relaciones-familiares-tiene-abiertas-sus-inscripciones-4\\\/\"},\"author\":{\"name\":\"ofiprensa\",\"@id\":\"https:\\\/\\\/www.ucaldas.edu.co\\\/portal\\\/#\\\/schema\\\/person\\\/a1b482e23449158b4bc319926c074fdf\"},\"headline\":\"Especializaci\u00f3n en Intervenci\u00f3n en Relaciones Familiares tiene abiertas sus inscripciones\",\"datePublished\":\"2009-12-17T21:41:45+00:00\",\"mainEntityOfPage\":{\"@id\":\"https:\\\/\\\/www.ucaldas.edu.co\\\/portal\\\/especializacion-en-intervencion-en-relaciones-familiares-tiene-abiertas-sus-inscripciones-4\\\/\"},\"wordCount\":411,\"publisher\":{\"@id\":\"https:\\\/\\\/www.ucaldas.edu.co\\\/portal\\\/#organization\"},\"articleSection\":[\"Actualidad\",\"Universidad al D\u00eda\"],\"inLanguage\":\"es\"},{\"@type\":\"WebPage\",\"@id\":\"https:\\\/\\\/www.ucaldas.edu.co\\\/portal\\\/especializacion-en-intervencion-en-relaciones-familiares-tiene-abiertas-sus-inscripciones-4\\\/\",\"url\":\"https:\\\/\\\/www.ucaldas.edu.co\\\/portal\\\/especializacion-en-intervencion-en-relaciones-familiares-tiene-abiertas-sus-inscripciones-4\\\/\",\"name\":\"Especializaci\u00f3n en Intervenci\u00f3n en Relaciones Familiares tiene abiertas sus inscripciones .\",\"isPartOf\":{\"@id\":\"https:\\\/\\\/www.ucaldas.edu.co\\\/portal\\\/#website\"},\"datePublished\":\"2009-12-17T21:41:45+00:00\",\"breadcrumb\":{\"@id\":\"https:\\\/\\\/www.ucaldas.edu.co\\\/portal\\\/especializacion-en-intervencion-en-relaciones-familiares-tiene-abiertas-sus-inscripciones-4\\\/#breadcrumb\"},\"inLanguage\":\"es\",\"potentialAction\":[{\"@type\":\"ReadAction\",\"target\":[\"https:\\\/\\\/www.ucaldas.edu.co\\\/portal\\\/especializacion-en-intervencion-en-relaciones-familiares-tiene-abiertas-sus-inscripciones-4\\\/\"]}]},{\"@type\":\"BreadcrumbList\",\"@id\":\"https:\\\/\\\/www.ucaldas.edu.co\\\/portal\\\/especializacion-en-intervencion-en-relaciones-familiares-tiene-abiertas-sus-inscripciones-4\\\/#breadcrumb\",\"itemListElement\":[{\"@type\":\"ListItem\",\"position\":1,\"name\":\"Portada\",\"item\":\"https:\\\/\\\/www.ucaldas.edu.co\\\/portal\\\/\"},{\"@type\":\"ListItem\",\"position\":2,\"name\":\"Especializaci\u00f3n en Intervenci\u00f3n en Relaciones Familiares tiene abiertas sus inscripciones\"}]},{\"@type\":\"WebSite\",\"@id\":\"https:\\\/\\\/www.ucaldas.edu.co\\\/portal\\\/#website\",\"url\":\"https:\\\/\\\/www.ucaldas.edu.co\\\/portal\\\/\",\"name\":\"Universidad de Caldas\",\"description\":\"\",\"publisher\":{\"@id\":\"https:\\\/\\\/www.ucaldas.edu.co\\\/portal\\\/#organization\"},\"alternateName\":\"U. de Caldas\",\"potentialAction\":[{\"@type\":\"SearchAction\",\"target\":{\"@type\":\"EntryPoint\",\"urlTemplate\":\"https:\\\/\\\/www.ucaldas.edu.co\\\/portal\\\/?s={search_term_string}\"},\"query-input\":{\"@type\":\"PropertyValueSpecification\",\"valueRequired\":true,\"valueName\":\"search_term_string\"}}],\"inLanguage\":\"es\"},{\"@type\":\"Organization\",\"@id\":\"https:\\\/\\\/www.ucaldas.edu.co\\\/portal\\\/#organization\",\"name\":\"Universidad de Caldas\",\"alternateName\":\"U. de Caldas\",\"url\":\"https:\\\/\\\/www.ucaldas.edu.co\\\/portal\\\/\",\"logo\":{\"@type\":\"ImageObject\",\"inLanguage\":\"es\",\"@id\":\"https:\\\/\\\/www.ucaldas.edu.co\\\/portal\\\/#\\\/schema\\\/logo\\\/image\\\/\",\"url\":\"https:\\\/\\\/www.ucaldas.edu.co\\\/portal\\\/wp-content\\\/uploads\\\/2023\\\/11\\\/Logo_horizontal_oscuroU-2023.png\",\"contentUrl\":\"https:\\\/\\\/www.ucaldas.edu.co\\\/portal\\\/wp-content\\\/uploads\\\/2023\\\/11\\\/Logo_horizontal_oscuroU-2023.png\",\"width\":263,\"height\":101,\"caption\":\"Universidad de Caldas\"},\"image\":{\"@id\":\"https:\\\/\\\/www.ucaldas.edu.co\\\/portal\\\/#\\\/schema\\\/logo\\\/image\\\/\"},\"sameAs\":[\"https:\\\/\\\/www.facebook.com\\\/udecaldas\",\"https:\\\/\\\/x.com\\\/udecaldas\",\"https:\\\/\\\/www.youtube.com\\\/universidadcaldas\",\"https:\\\/\\\/www.instagram.com\\\/udecaldas\\\/\"]},{\"@type\":\"Person\",\"@id\":\"https:\\\/\\\/www.ucaldas.edu.co\\\/portal\\\/#\\\/schema\\\/person\\\/a1b482e23449158b4bc319926c074fdf\",\"name\":\"ofiprensa\",\"image\":{\"@type\":\"ImageObject\",\"inLanguage\":\"es\",\"@id\":\"https:\\\/\\\/www.ucaldas.edu.co\\\/portal\\\/wp-content\\\/litespeed\\\/avatar\\\/09ea5085e600095a7a811142c6944527.jpg?ver=1777497608\",\"url\":\"https:\\\/\\\/www.ucaldas.edu.co\\\/portal\\\/wp-content\\\/litespeed\\\/avatar\\\/09ea5085e600095a7a811142c6944527.jpg?ver=1777497608\",\"contentUrl\":\"https:\\\/\\\/www.ucaldas.edu.co\\\/portal\\\/wp-content\\\/litespeed\\\/avatar\\\/09ea5085e600095a7a811142c6944527.jpg?ver=1777497608\",\"caption\":\"ofiprensa\"},\"url\":\"https:\\\/\\\/www.ucaldas.edu.co\\\/portal\\\/author\\\/ofiprensa\\\/\"}]}<\/script>\n<!-- \/ Yoast SEO plugin. -->","yoast_head_json":{"title":"Especializaci\u00f3n en Intervenci\u00f3n en Relaciones Familiares tiene abiertas sus inscripciones .","robots":{"index":"index","follow":"follow","max-snippet":"max-snippet:-1","max-image-preview":"max-image-preview:large","max-video-preview":"max-video-preview:-1"},"canonical":"https:\/\/www.ucaldas.edu.co\/portal\/especializacion-en-intervencion-en-relaciones-familiares-tiene-abiertas-sus-inscripciones-4\/","schema":{"@context":"https:\/\/schema.org","@graph":[{"@type":"Article","@id":"https:\/\/www.ucaldas.edu.co\/portal\/especializacion-en-intervencion-en-relaciones-familiares-tiene-abiertas-sus-inscripciones-4\/#article","isPartOf":{"@id":"https:\/\/www.ucaldas.edu.co\/portal\/especializacion-en-intervencion-en-relaciones-familiares-tiene-abiertas-sus-inscripciones-4\/"},"author":{"name":"ofiprensa","@id":"https:\/\/www.ucaldas.edu.co\/portal\/#\/schema\/person\/a1b482e23449158b4bc319926c074fdf"},"headline":"Especializaci\u00f3n en Intervenci\u00f3n en Relaciones Familiares tiene abiertas sus inscripciones","datePublished":"2009-12-17T21:41:45+00:00","mainEntityOfPage":{"@id":"https:\/\/www.ucaldas.edu.co\/portal\/especializacion-en-intervencion-en-relaciones-familiares-tiene-abiertas-sus-inscripciones-4\/"},"wordCount":411,"publisher":{"@id":"https:\/\/www.ucaldas.edu.co\/portal\/#organization"},"articleSection":["Actualidad","Universidad al D\u00eda"],"inLanguage":"es"},{"@type":"WebPage","@id":"https:\/\/www.ucaldas.edu.co\/portal\/especializacion-en-intervencion-en-relaciones-familiares-tiene-abiertas-sus-inscripciones-4\/","url":"https:\/\/www.ucaldas.edu.co\/portal\/especializacion-en-intervencion-en-relaciones-familiares-tiene-abiertas-sus-inscripciones-4\/","name":"Especializaci\u00f3n en Intervenci\u00f3n en Relaciones Familiares tiene abiertas sus inscripciones .","isPartOf":{"@id":"https:\/\/www.ucaldas.edu.co\/portal\/#website"},"datePublished":"2009-12-17T21:41:45+00:00","breadcrumb":{"@id":"https:\/\/www.ucaldas.edu.co\/portal\/especializacion-en-intervencion-en-relaciones-familiares-tiene-abiertas-sus-inscripciones-4\/#breadcrumb"},"inLanguage":"es","potentialAction":[{"@type":"ReadAction","target":["https:\/\/www.ucaldas.edu.co\/portal\/especializacion-en-intervencion-en-relaciones-familiares-tiene-abiertas-sus-inscripciones-4\/"]}]},{"@type":"BreadcrumbList","@id":"https:\/\/www.ucaldas.edu.co\/portal\/especializacion-en-intervencion-en-relaciones-familiares-tiene-abiertas-sus-inscripciones-4\/#breadcrumb","itemListElement":[{"@type":"ListItem","position":1,"name":"Portada","item":"https:\/\/www.ucaldas.edu.co\/portal\/"},{"@type":"ListItem","position":2,"name":"Especializaci\u00f3n en Intervenci\u00f3n en Relaciones Familiares tiene abiertas sus inscripciones"}]},{"@type":"WebSite","@id":"https:\/\/www.ucaldas.edu.co\/portal\/#website","url":"https:\/\/www.ucaldas.edu.co\/portal\/","name":"Universidad de Caldas","description":"","publisher":{"@id":"https:\/\/www.ucaldas.edu.co\/portal\/#organization"},"alternateName":"U. de Caldas","potentialAction":[{"@type":"SearchAction","target":{"@type":"EntryPoint","urlTemplate":"https:\/\/www.ucaldas.edu.co\/portal\/?s={search_term_string}"},"query-input":{"@type":"PropertyValueSpecification","valueRequired":true,"valueName":"search_term_string"}}],"inLanguage":"es"},{"@type":"Organization","@id":"https:\/\/www.ucaldas.edu.co\/portal\/#organization","name":"Universidad de Caldas","alternateName":"U. de Caldas","url":"https:\/\/www.ucaldas.edu.co\/portal\/","logo":{"@type":"ImageObject","inLanguage":"es","@id":"https:\/\/www.ucaldas.edu.co\/portal\/#\/schema\/logo\/image\/","url":"https:\/\/www.ucaldas.edu.co\/portal\/wp-content\/uploads\/2023\/11\/Logo_horizontal_oscuroU-2023.png","contentUrl":"https:\/\/www.ucaldas.edu.co\/portal\/wp-content\/uploads\/2023\/11\/Logo_horizontal_oscuroU-2023.png","width":263,"height":101,"caption":"Universidad de Caldas"},"image":{"@id":"https:\/\/www.ucaldas.edu.co\/portal\/#\/schema\/logo\/image\/"},"sameAs":["https:\/\/www.facebook.com\/udecaldas","https:\/\/x.com\/udecaldas","https:\/\/www.youtube.com\/universidadcaldas","https:\/\/www.instagram.com\/udecaldas\/"]},{"@type":"Person","@id":"https:\/\/www.ucaldas.edu.co\/portal\/#\/schema\/person\/a1b482e23449158b4bc319926c074fdf","name":"ofiprensa","image":{"@type":"ImageObject","inLanguage":"es","@id":"https:\/\/www.ucaldas.edu.co\/portal\/wp-content\/litespeed\/avatar\/09ea5085e600095a7a811142c6944527.jpg?ver=1777497608","url":"https:\/\/www.ucaldas.edu.co\/portal\/wp-content\/litespeed\/avatar\/09ea5085e600095a7a811142c6944527.jpg?ver=1777497608","contentUrl":"https:\/\/www.ucaldas.edu.co\/portal\/wp-content\/litespeed\/avatar\/09ea5085e600095a7a811142c6944527.jpg?ver=1777497608","caption":"ofiprensa"},"url":"https:\/\/www.ucaldas.edu.co\/portal\/author\/ofiprensa\/"}]}},"_links":{"self":[{"href":"https:\/\/www.ucaldas.edu.co\/portal\/wp-json\/wp\/v2\/posts\/4679","targetHints":{"allow":["GET"]}}],"collection":[{"href":"https:\/\/www.ucaldas.edu.co\/portal\/wp-json\/wp\/v2\/posts"}],"about":[{"href":"https:\/\/www.ucaldas.edu.co\/portal\/wp-json\/wp\/v2\/types\/post"}],"author":[{"embeddable":true,"href":"https:\/\/www.ucaldas.edu.co\/portal\/wp-json\/wp\/v2\/users\/2"}],"replies":[{"embeddable":true,"href":"https:\/\/www.ucaldas.edu.co\/portal\/wp-json\/wp\/v2\/comments?post=4679"}],"version-history":[{"count":0,"href":"https:\/\/www.ucaldas.edu.co\/portal\/wp-json\/wp\/v2\/posts\/4679\/revisions"}],"wp:attachment":[{"href":"https:\/\/www.ucaldas.edu.co\/portal\/wp-json\/wp\/v2\/media?parent=4679"}],"wp:term":[{"taxonomy":"category","embeddable":true,"href":"https:\/\/www.ucaldas.edu.co\/portal\/wp-json\/wp\/v2\/categories?post=4679"},{"taxonomy":"post_tag","embeddable":true,"href":"https:\/\/www.ucaldas.edu.co\/portal\/wp-json\/wp\/v2\/tags?post=4679"}],"curies":[{"name":"wp","href":"https:\/\/api.w.org\/{rel}","templated":true}]}}