{"id":46624,"date":"2019-03-13T22:44:04","date_gmt":"2019-03-13T22:44:04","guid":{"rendered":"https:\/\/www.ucaldas.edu.co\/portal\/?p=46624"},"modified":"2019-03-13T22:44:04","modified_gmt":"2019-03-13T22:44:04","slug":"jornada-de-bienvenida-a-estudiantes-de-programas-especiales-y-pregrado","status":"publish","type":"post","link":"https:\/\/www.ucaldas.edu.co\/portal\/jornada-de-bienvenida-a-estudiantes-de-programas-especiales-y-pregrado\/","title":{"rendered":"Jornada de bienvenida a estudiantes de programas especiales y pregrado"},"content":{"rendered":"<p style=\"text-align: center;\">SAFARI NE\u00d3N<\/p>\n<p style=\"text-align: center;\"><strong>Jornada de bienvenida a estudiantes de programas especiales y pregrado<\/strong><\/p>\n<p style=\"text-align: right;\">13\/03\/2019<\/p>\n<p><img loading=\"lazy\" decoding=\"async\" class=\"size-full wp-image-46620 aligncenter\" src=\"https:\/\/www.ucaldas.edu.co\/portal\/wp-content\/uploads\/2019\/03\/SAFARI-NE\u00d3N.png\" alt=\"\" width=\"700\" height=\"400\" srcset=\"https:\/\/www.ucaldas.edu.co\/portal\/wp-content\/uploads\/2019\/03\/SAFARI-NE\u00d3N.png 700w, https:\/\/www.ucaldas.edu.co\/portal\/wp-content\/uploads\/2019\/03\/SAFARI-NE\u00d3N-300x171.png 300w\" sizes=\"auto, (max-width: 700px) 100vw, 700px\" \/>Este mi\u00e9rcoles 13 de marzo partir de las 6:30 pm en el Jard\u00edn Bot\u00e1nico de la Universidad de Caldas, se llevar\u00e1 a cabo la Jornada de bienvenida a estudiantes de programas especiales y de pregrado de la instituci\u00f3n con la actividad denominada \u201cSafari Ne\u00f3n\u201d.<\/p>\n<p><!--more--><\/p>\n<p>Cuenta la leyenda que, en el Jard\u00edn Bot\u00e1nico de la Universidad de Caldas, hay una Caja Luminosa, oculta entre las ra\u00edces de yurumos, ceibas y guadales. El gran misterio que oculta esta caja ha convocado a hombres y mujeres del mundo a encontrarla. Hasta el momento la b\u00fasqueda ha fallado.<\/p>\n<p>&nbsp;<\/p>\n<p>&nbsp;<\/p>\n<p>Hoy, los nuevos integrantes de la U. de Caldas ser\u00e1n los nuevos h\u00e9roes invitados a encontrarla. Para ello, deber\u00e1n superar una serie de objetivos para lograr su cometido, la Caja Luminosa.<\/p>\n<p>&nbsp;<\/p>\n<p>Las misiones que los nuevos integrantes U. Caldas afrontar\u00e1n son:<\/p>\n<p>&nbsp;<\/p>\n<table>\n<tbody>\n<tr>\n<td width=\"170\"><strong>Misi\u00f3n \u2013 Selva 1<\/strong><\/td>\n<td width=\"419\">\u00c1rea Deportes.<\/p>\n<p>Objeto: Zapatos fluorescentes (asignarle poder).<\/td>\n<\/tr>\n<tr>\n<td width=\"170\"><strong>Misi\u00f3n \u2013 Selva 2<\/strong><\/td>\n<td width=\"419\">Promoci\u00f3n Socioecon\u00f3mica.<\/p>\n<p>Objeto: Monedas de oro (asignarle poder).<\/td>\n<\/tr>\n<tr>\n<td width=\"170\"><strong>Misi\u00f3n \u2013 Selva 3<\/strong><\/td>\n<td width=\"419\">\u00c1rea Promoci\u00f3n de la Salud Integral y el Autocuidado.<\/p>\n<p>Objeto: Term\u00f3metro (asignarle poder).<\/td>\n<\/tr>\n<tr>\n<td width=\"170\"><strong>Misi\u00f3n \u2013 Selva 4<\/strong><\/td>\n<td width=\"419\">\u00c1rea Desarrollo Humano y Convivencia.<\/p>\n<p>Objeto: Armadura (asignarle poder).<\/td>\n<\/tr>\n<tr>\n<td width=\"170\"><strong>Misi\u00f3n \u2013 Selva 5<\/strong><\/td>\n<td width=\"419\">\u00c1rea Permanece con calidad, Sistema tutorial.<\/p>\n<p>Objeto: Escudo (asignarle poder).<\/td>\n<\/tr>\n<tr>\n<td width=\"170\"><strong>Misi\u00f3n \u2013 Selva 6<\/strong><\/td>\n<td width=\"419\">Firma y Agendas.<\/td>\n<\/tr>\n<tr>\n<td width=\"170\"><strong>Misi\u00f3n \u2013 Selva Final<\/strong><\/td>\n<td width=\"419\">Caja Luminosa.<\/p>\n<p>\u00c1rea Expresiones Culturales y Art\u00edsticas.<\/td>\n<\/tr>\n<\/tbody>\n<\/table>\n<p>&nbsp;<\/p>\n<p>Esta actividad se realiza con el fin de que los estudiantes consigan las herramientas motivacionales que les permitir\u00e1n encarar la vida y el \u00e9xito con m\u00e1s alegr\u00eda.<\/p>\n<p>&nbsp;<\/p>\n<p><strong>Informes: <\/strong>Oficina de Comunicaciones y Prensa Universidad de Caldas. Tel\u00e9fono: 8781500 Extensi\u00f3n: 12167<\/p>\n<p><strong>Redacci\u00f3n: <\/strong>Mateo Buritic\u00e1 Giraldo<\/p>\n<p>&nbsp;<\/p>\n","protected":false},"excerpt":{"rendered":"<p>SAFARI NE\u00d3N Jornada de bienvenida a estudiantes de programas especiales y pregrado 13\/03\/2019 Este mi\u00e9rcoles 13 de marzo partir de las 6:30 pm en el Jard\u00edn Bot\u00e1nico de la Universidad de Caldas, se llevar\u00e1 a cabo la Jornada de bienvenida a estudiantes de programas especiales y de pregrado de la instituci\u00f3n con la actividad denominada [&hellip;]<\/p>\n","protected":false},"author":2,"featured_media":46620,"comment_status":"closed","ping_status":"open","sticky":false,"template":"","format":"standard","meta":{"footnotes":"","_members_access_role":[],"_members_access_error":""},"categories":[48,53],"tags":[375,3591,370,374],"class_list":["post-46624","post","type-post","status-publish","format-standard","has-post-thumbnail","hentry","category-actualidad","category-universidad-al-dia","tag-nuevos-estudiantes","tag-safari","tag-jardin-botanico","tag-induccion"],"yoast_head":"<!-- This site is optimized with the Yoast SEO plugin v28.4 - https:\/\/yoast.com\/product\/yoast-seo-wordpress\/ -->\n<title>Jornada de bienvenida a estudiantes de programas especiales y pregrado .<\/title>\n<meta name=\"robots\" content=\"index, follow, max-snippet:-1, max-image-preview:large, max-video-preview:-1\" \/>\n<link rel=\"canonical\" href=\"https:\/\/www.ucaldas.edu.co\/portal\/jornada-de-bienvenida-a-estudiantes-de-programas-especiales-y-pregrado\/\" \/>\n<script type=\"application\/ld+json\" class=\"yoast-schema-graph\">{\"@context\":\"https:\\\/\\\/schema.org\",\"@graph\":[{\"@type\":\"Article\",\"@id\":\"https:\\\/\\\/www.ucaldas.edu.co\\\/portal\\\/jornada-de-bienvenida-a-estudiantes-de-programas-especiales-y-pregrado\\\/#article\",\"isPartOf\":{\"@id\":\"https:\\\/\\\/www.ucaldas.edu.co\\\/portal\\\/jornada-de-bienvenida-a-estudiantes-de-programas-especiales-y-pregrado\\\/\"},\"author\":{\"name\":\"ofiprensa\",\"@id\":\"https:\\\/\\\/www.ucaldas.edu.co\\\/portal\\\/#\\\/schema\\\/person\\\/a1b482e23449158b4bc319926c074fdf\"},\"headline\":\"Jornada de bienvenida a estudiantes de programas especiales y pregrado\",\"datePublished\":\"2019-03-13T22:44:04+00:00\",\"mainEntityOfPage\":{\"@id\":\"https:\\\/\\\/www.ucaldas.edu.co\\\/portal\\\/jornada-de-bienvenida-a-estudiantes-de-programas-especiales-y-pregrado\\\/\"},\"wordCount\":308,\"publisher\":{\"@id\":\"https:\\\/\\\/www.ucaldas.edu.co\\\/portal\\\/#organization\"},\"image\":{\"@id\":\"https:\\\/\\\/www.ucaldas.edu.co\\\/portal\\\/jornada-de-bienvenida-a-estudiantes-de-programas-especiales-y-pregrado\\\/#primaryimage\"},\"thumbnailUrl\":\"https:\\\/\\\/www.ucaldas.edu.co\\\/portal\\\/wp-content\\\/uploads\\\/2019\\\/03\\\/SAFARI-NE\u00d3N.png\",\"keywords\":[\"nuevos estudiantes\",\"safari\",\"Jard\u00edn Bot\u00e1nico\",\"inducci\u00f3n\"],\"articleSection\":[\"Actualidad\",\"Universidad al D\u00eda\"],\"inLanguage\":\"es\"},{\"@type\":\"WebPage\",\"@id\":\"https:\\\/\\\/www.ucaldas.edu.co\\\/portal\\\/jornada-de-bienvenida-a-estudiantes-de-programas-especiales-y-pregrado\\\/\",\"url\":\"https:\\\/\\\/www.ucaldas.edu.co\\\/portal\\\/jornada-de-bienvenida-a-estudiantes-de-programas-especiales-y-pregrado\\\/\",\"name\":\"Jornada de bienvenida a estudiantes de programas especiales y pregrado .\",\"isPartOf\":{\"@id\":\"https:\\\/\\\/www.ucaldas.edu.co\\\/portal\\\/#website\"},\"primaryImageOfPage\":{\"@id\":\"https:\\\/\\\/www.ucaldas.edu.co\\\/portal\\\/jornada-de-bienvenida-a-estudiantes-de-programas-especiales-y-pregrado\\\/#primaryimage\"},\"image\":{\"@id\":\"https:\\\/\\\/www.ucaldas.edu.co\\\/portal\\\/jornada-de-bienvenida-a-estudiantes-de-programas-especiales-y-pregrado\\\/#primaryimage\"},\"thumbnailUrl\":\"https:\\\/\\\/www.ucaldas.edu.co\\\/portal\\\/wp-content\\\/uploads\\\/2019\\\/03\\\/SAFARI-NE\u00d3N.png\",\"datePublished\":\"2019-03-13T22:44:04+00:00\",\"breadcrumb\":{\"@id\":\"https:\\\/\\\/www.ucaldas.edu.co\\\/portal\\\/jornada-de-bienvenida-a-estudiantes-de-programas-especiales-y-pregrado\\\/#breadcrumb\"},\"inLanguage\":\"es\",\"potentialAction\":[{\"@type\":\"ReadAction\",\"target\":[\"https:\\\/\\\/www.ucaldas.edu.co\\\/portal\\\/jornada-de-bienvenida-a-estudiantes-de-programas-especiales-y-pregrado\\\/\"]}]},{\"@type\":\"ImageObject\",\"inLanguage\":\"es\",\"@id\":\"https:\\\/\\\/www.ucaldas.edu.co\\\/portal\\\/jornada-de-bienvenida-a-estudiantes-de-programas-especiales-y-pregrado\\\/#primaryimage\",\"url\":\"https:\\\/\\\/www.ucaldas.edu.co\\\/portal\\\/wp-content\\\/uploads\\\/2019\\\/03\\\/SAFARI-NE\u00d3N.png\",\"contentUrl\":\"https:\\\/\\\/www.ucaldas.edu.co\\\/portal\\\/wp-content\\\/uploads\\\/2019\\\/03\\\/SAFARI-NE\u00d3N.png\",\"width\":700,\"height\":400},{\"@type\":\"BreadcrumbList\",\"@id\":\"https:\\\/\\\/www.ucaldas.edu.co\\\/portal\\\/jornada-de-bienvenida-a-estudiantes-de-programas-especiales-y-pregrado\\\/#breadcrumb\",\"itemListElement\":[{\"@type\":\"ListItem\",\"position\":1,\"name\":\"Portada\",\"item\":\"https:\\\/\\\/www.ucaldas.edu.co\\\/portal\\\/\"},{\"@type\":\"ListItem\",\"position\":2,\"name\":\"Jornada de bienvenida a estudiantes de programas especiales y pregrado\"}]},{\"@type\":\"WebSite\",\"@id\":\"https:\\\/\\\/www.ucaldas.edu.co\\\/portal\\\/#website\",\"url\":\"https:\\\/\\\/www.ucaldas.edu.co\\\/portal\\\/\",\"name\":\"Universidad de Caldas\",\"description\":\"\",\"publisher\":{\"@id\":\"https:\\\/\\\/www.ucaldas.edu.co\\\/portal\\\/#organization\"},\"alternateName\":\"U. de Caldas\",\"potentialAction\":[{\"@type\":\"SearchAction\",\"target\":{\"@type\":\"EntryPoint\",\"urlTemplate\":\"https:\\\/\\\/www.ucaldas.edu.co\\\/portal\\\/?s={search_term_string}\"},\"query-input\":{\"@type\":\"PropertyValueSpecification\",\"valueRequired\":true,\"valueName\":\"search_term_string\"}}],\"inLanguage\":\"es\"},{\"@type\":\"Organization\",\"@id\":\"https:\\\/\\\/www.ucaldas.edu.co\\\/portal\\\/#organization\",\"name\":\"Universidad de Caldas\",\"alternateName\":\"U. de Caldas\",\"url\":\"https:\\\/\\\/www.ucaldas.edu.co\\\/portal\\\/\",\"logo\":{\"@type\":\"ImageObject\",\"inLanguage\":\"es\",\"@id\":\"https:\\\/\\\/www.ucaldas.edu.co\\\/portal\\\/#\\\/schema\\\/logo\\\/image\\\/\",\"url\":\"https:\\\/\\\/www.ucaldas.edu.co\\\/portal\\\/wp-content\\\/uploads\\\/2023\\\/11\\\/Logo_horizontal_oscuroU-2023.png\",\"contentUrl\":\"https:\\\/\\\/www.ucaldas.edu.co\\\/portal\\\/wp-content\\\/uploads\\\/2023\\\/11\\\/Logo_horizontal_oscuroU-2023.png\",\"width\":263,\"height\":101,\"caption\":\"Universidad de Caldas\"},\"image\":{\"@id\":\"https:\\\/\\\/www.ucaldas.edu.co\\\/portal\\\/#\\\/schema\\\/logo\\\/image\\\/\"},\"sameAs\":[\"https:\\\/\\\/www.facebook.com\\\/udecaldas\",\"https:\\\/\\\/x.com\\\/udecaldas\",\"https:\\\/\\\/www.youtube.com\\\/universidadcaldas\",\"https:\\\/\\\/www.instagram.com\\\/udecaldas\\\/\"]},{\"@type\":\"Person\",\"@id\":\"https:\\\/\\\/www.ucaldas.edu.co\\\/portal\\\/#\\\/schema\\\/person\\\/a1b482e23449158b4bc319926c074fdf\",\"name\":\"ofiprensa\",\"image\":{\"@type\":\"ImageObject\",\"inLanguage\":\"es\",\"@id\":\"https:\\\/\\\/www.ucaldas.edu.co\\\/portal\\\/wp-content\\\/litespeed\\\/avatar\\\/09ea5085e600095a7a811142c6944527.jpg?ver=1788384175\",\"url\":\"https:\\\/\\\/www.ucaldas.edu.co\\\/portal\\\/wp-content\\\/litespeed\\\/avatar\\\/09ea5085e600095a7a811142c6944527.jpg?ver=1788384175\",\"contentUrl\":\"https:\\\/\\\/www.ucaldas.edu.co\\\/portal\\\/wp-content\\\/litespeed\\\/avatar\\\/09ea5085e600095a7a811142c6944527.jpg?ver=1788384175\",\"caption\":\"ofiprensa\"},\"url\":\"https:\\\/\\\/www.ucaldas.edu.co\\\/portal\\\/author\\\/ofiprensa\\\/\"}]}<\/script>\n<!-- \/ Yoast SEO plugin. -->","yoast_head_json":{"title":"Jornada de bienvenida a estudiantes de programas especiales y pregrado .","robots":{"index":"index","follow":"follow","max-snippet":"max-snippet:-1","max-image-preview":"max-image-preview:large","max-video-preview":"max-video-preview:-1"},"canonical":"https:\/\/www.ucaldas.edu.co\/portal\/jornada-de-bienvenida-a-estudiantes-de-programas-especiales-y-pregrado\/","schema":{"@context":"https:\/\/schema.org","@graph":[{"@type":"Article","@id":"https:\/\/www.ucaldas.edu.co\/portal\/jornada-de-bienvenida-a-estudiantes-de-programas-especiales-y-pregrado\/#article","isPartOf":{"@id":"https:\/\/www.ucaldas.edu.co\/portal\/jornada-de-bienvenida-a-estudiantes-de-programas-especiales-y-pregrado\/"},"author":{"name":"ofiprensa","@id":"https:\/\/www.ucaldas.edu.co\/portal\/#\/schema\/person\/a1b482e23449158b4bc319926c074fdf"},"headline":"Jornada de bienvenida a estudiantes de programas especiales y pregrado","datePublished":"2019-03-13T22:44:04+00:00","mainEntityOfPage":{"@id":"https:\/\/www.ucaldas.edu.co\/portal\/jornada-de-bienvenida-a-estudiantes-de-programas-especiales-y-pregrado\/"},"wordCount":308,"publisher":{"@id":"https:\/\/www.ucaldas.edu.co\/portal\/#organization"},"image":{"@id":"https:\/\/www.ucaldas.edu.co\/portal\/jornada-de-bienvenida-a-estudiantes-de-programas-especiales-y-pregrado\/#primaryimage"},"thumbnailUrl":"https:\/\/www.ucaldas.edu.co\/portal\/wp-content\/uploads\/2019\/03\/SAFARI-NE\u00d3N.png","keywords":["nuevos estudiantes","safari","Jard\u00edn Bot\u00e1nico","inducci\u00f3n"],"articleSection":["Actualidad","Universidad al D\u00eda"],"inLanguage":"es"},{"@type":"WebPage","@id":"https:\/\/www.ucaldas.edu.co\/portal\/jornada-de-bienvenida-a-estudiantes-de-programas-especiales-y-pregrado\/","url":"https:\/\/www.ucaldas.edu.co\/portal\/jornada-de-bienvenida-a-estudiantes-de-programas-especiales-y-pregrado\/","name":"Jornada de bienvenida a estudiantes de programas especiales y pregrado .","isPartOf":{"@id":"https:\/\/www.ucaldas.edu.co\/portal\/#website"},"primaryImageOfPage":{"@id":"https:\/\/www.ucaldas.edu.co\/portal\/jornada-de-bienvenida-a-estudiantes-de-programas-especiales-y-pregrado\/#primaryimage"},"image":{"@id":"https:\/\/www.ucaldas.edu.co\/portal\/jornada-de-bienvenida-a-estudiantes-de-programas-especiales-y-pregrado\/#primaryimage"},"thumbnailUrl":"https:\/\/www.ucaldas.edu.co\/portal\/wp-content\/uploads\/2019\/03\/SAFARI-NE\u00d3N.png","datePublished":"2019-03-13T22:44:04+00:00","breadcrumb":{"@id":"https:\/\/www.ucaldas.edu.co\/portal\/jornada-de-bienvenida-a-estudiantes-de-programas-especiales-y-pregrado\/#breadcrumb"},"inLanguage":"es","potentialAction":[{"@type":"ReadAction","target":["https:\/\/www.ucaldas.edu.co\/portal\/jornada-de-bienvenida-a-estudiantes-de-programas-especiales-y-pregrado\/"]}]},{"@type":"ImageObject","inLanguage":"es","@id":"https:\/\/www.ucaldas.edu.co\/portal\/jornada-de-bienvenida-a-estudiantes-de-programas-especiales-y-pregrado\/#primaryimage","url":"https:\/\/www.ucaldas.edu.co\/portal\/wp-content\/uploads\/2019\/03\/SAFARI-NE\u00d3N.png","contentUrl":"https:\/\/www.ucaldas.edu.co\/portal\/wp-content\/uploads\/2019\/03\/SAFARI-NE\u00d3N.png","width":700,"height":400},{"@type":"BreadcrumbList","@id":"https:\/\/www.ucaldas.edu.co\/portal\/jornada-de-bienvenida-a-estudiantes-de-programas-especiales-y-pregrado\/#breadcrumb","itemListElement":[{"@type":"ListItem","position":1,"name":"Portada","item":"https:\/\/www.ucaldas.edu.co\/portal\/"},{"@type":"ListItem","position":2,"name":"Jornada de bienvenida a estudiantes de programas especiales y pregrado"}]},{"@type":"WebSite","@id":"https:\/\/www.ucaldas.edu.co\/portal\/#website","url":"https:\/\/www.ucaldas.edu.co\/portal\/","name":"Universidad de Caldas","description":"","publisher":{"@id":"https:\/\/www.ucaldas.edu.co\/portal\/#organization"},"alternateName":"U. de Caldas","potentialAction":[{"@type":"SearchAction","target":{"@type":"EntryPoint","urlTemplate":"https:\/\/www.ucaldas.edu.co\/portal\/?s={search_term_string}"},"query-input":{"@type":"PropertyValueSpecification","valueRequired":true,"valueName":"search_term_string"}}],"inLanguage":"es"},{"@type":"Organization","@id":"https:\/\/www.ucaldas.edu.co\/portal\/#organization","name":"Universidad de Caldas","alternateName":"U. de Caldas","url":"https:\/\/www.ucaldas.edu.co\/portal\/","logo":{"@type":"ImageObject","inLanguage":"es","@id":"https:\/\/www.ucaldas.edu.co\/portal\/#\/schema\/logo\/image\/","url":"https:\/\/www.ucaldas.edu.co\/portal\/wp-content\/uploads\/2023\/11\/Logo_horizontal_oscuroU-2023.png","contentUrl":"https:\/\/www.ucaldas.edu.co\/portal\/wp-content\/uploads\/2023\/11\/Logo_horizontal_oscuroU-2023.png","width":263,"height":101,"caption":"Universidad de Caldas"},"image":{"@id":"https:\/\/www.ucaldas.edu.co\/portal\/#\/schema\/logo\/image\/"},"sameAs":["https:\/\/www.facebook.com\/udecaldas","https:\/\/x.com\/udecaldas","https:\/\/www.youtube.com\/universidadcaldas","https:\/\/www.instagram.com\/udecaldas\/"]},{"@type":"Person","@id":"https:\/\/www.ucaldas.edu.co\/portal\/#\/schema\/person\/a1b482e23449158b4bc319926c074fdf","name":"ofiprensa","image":{"@type":"ImageObject","inLanguage":"es","@id":"https:\/\/www.ucaldas.edu.co\/portal\/wp-content\/litespeed\/avatar\/09ea5085e600095a7a811142c6944527.jpg?ver=1788384175","url":"https:\/\/www.ucaldas.edu.co\/portal\/wp-content\/litespeed\/avatar\/09ea5085e600095a7a811142c6944527.jpg?ver=1788384175","contentUrl":"https:\/\/www.ucaldas.edu.co\/portal\/wp-content\/litespeed\/avatar\/09ea5085e600095a7a811142c6944527.jpg?ver=1788384175","caption":"ofiprensa"},"url":"https:\/\/www.ucaldas.edu.co\/portal\/author\/ofiprensa\/"}]}},"_links":{"self":[{"href":"https:\/\/www.ucaldas.edu.co\/portal\/wp-json\/wp\/v2\/posts\/46624","targetHints":{"allow":["GET"]}}],"collection":[{"href":"https:\/\/www.ucaldas.edu.co\/portal\/wp-json\/wp\/v2\/posts"}],"about":[{"href":"https:\/\/www.ucaldas.edu.co\/portal\/wp-json\/wp\/v2\/types\/post"}],"author":[{"embeddable":true,"href":"https:\/\/www.ucaldas.edu.co\/portal\/wp-json\/wp\/v2\/users\/2"}],"replies":[{"embeddable":true,"href":"https:\/\/www.ucaldas.edu.co\/portal\/wp-json\/wp\/v2\/comments?post=46624"}],"version-history":[{"count":0,"href":"https:\/\/www.ucaldas.edu.co\/portal\/wp-json\/wp\/v2\/posts\/46624\/revisions"}],"wp:featuredmedia":[{"embeddable":true,"href":"https:\/\/www.ucaldas.edu.co\/portal\/wp-json\/wp\/v2\/media\/46620"}],"wp:attachment":[{"href":"https:\/\/www.ucaldas.edu.co\/portal\/wp-json\/wp\/v2\/media?parent=46624"}],"wp:term":[{"taxonomy":"category","embeddable":true,"href":"https:\/\/www.ucaldas.edu.co\/portal\/wp-json\/wp\/v2\/categories?post=46624"},{"taxonomy":"post_tag","embeddable":true,"href":"https:\/\/www.ucaldas.edu.co\/portal\/wp-json\/wp\/v2\/tags?post=46624"}],"curies":[{"name":"wp","href":"https:\/\/api.w.org\/{rel}","templated":true}]}}