{"id":4661,"date":"2009-12-15T16:35:53","date_gmt":"2009-12-15T21:35:53","guid":{"rendered":"https:\/\/www.ucaldas.edu.co\/portal\/?p=4661"},"modified":"2009-12-15T16:35:53","modified_gmt":"2009-12-15T21:35:53","slug":"la-u-de-caldas-firma-convenio-con-la-alcaldia-de-calarca-para-llevar-sus-programas-al-municipio-2","status":"publish","type":"post","link":"https:\/\/www.ucaldas.edu.co\/portal\/la-u-de-caldas-firma-convenio-con-la-alcaldia-de-calarca-para-llevar-sus-programas-al-municipio-2\/","title":{"rendered":"La U. de Caldas firma convenio con la Alcald\u00eda de Calarc\u00e1 para llevar sus programas al municipio"},"content":{"rendered":"<p>Los programas se ofertar\u00e1n de acuerdo a las potencialidades de la regi\u00f3n<\/p>\n<hr \/>\n<p align=\"center\">\n<p><span style=\"font-family: Calibri;font-size: medium\">\u00a0<\/span><\/p>\n<p><span style=\"font-family: Calibri\">La Universidad de Caldas y la Alcald\u00eda de Calarc\u00e1, realizaron un convenio para establecer los t\u00e9rminos en que los programas de Tecnolog\u00eda en Electr\u00f3nica,\u00a0 Tecnolog\u00eda en administraci\u00f3n Judicial, Tecnolog\u00eda en Finanzas, Tecnolog\u00eda en Sistemas Inform\u00e1ticos, Tecnolog\u00eda en Regencia de Farmacia, Administraci\u00f3n de Empresas Agropecuarias y otros programas acad\u00e9micos y proyectos pertinentes, se oferten\u00a0 de acuerdo con las potencialidades de la regi\u00f3n, con duraci\u00f3n en cr\u00e9ditos de acuerdo al plan curricular de cada uno de ellos, los dem\u00e1s proyectos seg\u00fan la modalidad a ofertar.<\/span><\/p>\n<p><span style=\"font-family: Calibri\">\u00a0<\/span><\/p>\n<p><span style=\"font-family: Calibri\">La coordinaci\u00f3n de este convenio ser\u00e1 realizada, por parte de la Universidad, por el Jefe de la Oficina de Educaci\u00f3n a Distancia y Virtualidad, Ingeniero Jorge Iv\u00e1n Correa; y por parte del municipio a trav\u00e9s de la Secretar\u00eda de Servicios Sociales.<\/span><\/p>\n<p><span style=\"font-family: Calibri\">\u00a0<\/span><\/p>\n<p><span style=\"font-family: Calibri\">Para mayor informaci\u00f3n comunicarse con la Oficina de Prensa y Comunicaciones de la Universidad de Caldas. Tel\u00e9fono 878 15 00. Ext. 11167.<\/span><\/p>\n","protected":false},"excerpt":{"rendered":"<p>Los programas se ofertar\u00e1n de acuerdo a las potencialidades de la regi\u00f3n \u00a0 La Universidad de Caldas y la Alcald\u00eda de Calarc\u00e1, realizaron un convenio para establecer los t\u00e9rminos en que los programas de Tecnolog\u00eda en Electr\u00f3nica,\u00a0 Tecnolog\u00eda en administraci\u00f3n Judicial, Tecnolog\u00eda en Finanzas, Tecnolog\u00eda en Sistemas Inform\u00e1ticos, Tecnolog\u00eda en Regencia de Farmacia, Administraci\u00f3n de [&hellip;]<\/p>\n","protected":false},"author":2,"featured_media":0,"comment_status":"closed","ping_status":"closed","sticky":false,"template":"","format":"standard","meta":{"footnotes":""},"categories":[48,53],"tags":[],"class_list":["post-4661","post","type-post","status-publish","format-standard","hentry","category-actualidad","category-universidad-al-dia"],"yoast_head":"<!-- This site is optimized with the Yoast SEO plugin v27.5 - https:\/\/yoast.com\/product\/yoast-seo-wordpress\/ -->\n<title>La U. de Caldas firma convenio con la Alcald\u00eda de Calarc\u00e1 para llevar sus programas al municipio .<\/title>\n<meta name=\"robots\" content=\"index, follow, max-snippet:-1, max-image-preview:large, max-video-preview:-1\" \/>\n<link rel=\"canonical\" href=\"https:\/\/www.ucaldas.edu.co\/portal\/la-u-de-caldas-firma-convenio-con-la-alcaldia-de-calarca-para-llevar-sus-programas-al-municipio-2\/\" \/>\n<script type=\"application\/ld+json\" class=\"yoast-schema-graph\">{\"@context\":\"https:\\\/\\\/schema.org\",\"@graph\":[{\"@type\":\"Article\",\"@id\":\"https:\\\/\\\/www.ucaldas.edu.co\\\/portal\\\/la-u-de-caldas-firma-convenio-con-la-alcaldia-de-calarca-para-llevar-sus-programas-al-municipio-2\\\/#article\",\"isPartOf\":{\"@id\":\"https:\\\/\\\/www.ucaldas.edu.co\\\/portal\\\/la-u-de-caldas-firma-convenio-con-la-alcaldia-de-calarca-para-llevar-sus-programas-al-municipio-2\\\/\"},\"author\":{\"name\":\"ofiprensa\",\"@id\":\"https:\\\/\\\/www.ucaldas.edu.co\\\/portal\\\/#\\\/schema\\\/person\\\/a1b482e23449158b4bc319926c074fdf\"},\"headline\":\"La U. de Caldas firma convenio con la Alcald\u00eda de Calarc\u00e1 para llevar sus programas al municipio\",\"datePublished\":\"2009-12-15T21:35:53+00:00\",\"mainEntityOfPage\":{\"@id\":\"https:\\\/\\\/www.ucaldas.edu.co\\\/portal\\\/la-u-de-caldas-firma-convenio-con-la-alcaldia-de-calarca-para-llevar-sus-programas-al-municipio-2\\\/\"},\"wordCount\":198,\"publisher\":{\"@id\":\"https:\\\/\\\/www.ucaldas.edu.co\\\/portal\\\/#organization\"},\"articleSection\":[\"Actualidad\",\"Universidad al D\u00eda\"],\"inLanguage\":\"es\"},{\"@type\":\"WebPage\",\"@id\":\"https:\\\/\\\/www.ucaldas.edu.co\\\/portal\\\/la-u-de-caldas-firma-convenio-con-la-alcaldia-de-calarca-para-llevar-sus-programas-al-municipio-2\\\/\",\"url\":\"https:\\\/\\\/www.ucaldas.edu.co\\\/portal\\\/la-u-de-caldas-firma-convenio-con-la-alcaldia-de-calarca-para-llevar-sus-programas-al-municipio-2\\\/\",\"name\":\"La U. de Caldas firma convenio con la Alcald\u00eda de Calarc\u00e1 para llevar sus programas al municipio .\",\"isPartOf\":{\"@id\":\"https:\\\/\\\/www.ucaldas.edu.co\\\/portal\\\/#website\"},\"datePublished\":\"2009-12-15T21:35:53+00:00\",\"breadcrumb\":{\"@id\":\"https:\\\/\\\/www.ucaldas.edu.co\\\/portal\\\/la-u-de-caldas-firma-convenio-con-la-alcaldia-de-calarca-para-llevar-sus-programas-al-municipio-2\\\/#breadcrumb\"},\"inLanguage\":\"es\",\"potentialAction\":[{\"@type\":\"ReadAction\",\"target\":[\"https:\\\/\\\/www.ucaldas.edu.co\\\/portal\\\/la-u-de-caldas-firma-convenio-con-la-alcaldia-de-calarca-para-llevar-sus-programas-al-municipio-2\\\/\"]}]},{\"@type\":\"BreadcrumbList\",\"@id\":\"https:\\\/\\\/www.ucaldas.edu.co\\\/portal\\\/la-u-de-caldas-firma-convenio-con-la-alcaldia-de-calarca-para-llevar-sus-programas-al-municipio-2\\\/#breadcrumb\",\"itemListElement\":[{\"@type\":\"ListItem\",\"position\":1,\"name\":\"Portada\",\"item\":\"https:\\\/\\\/www.ucaldas.edu.co\\\/portal\\\/\"},{\"@type\":\"ListItem\",\"position\":2,\"name\":\"La U. de Caldas firma convenio con la Alcald\u00eda de Calarc\u00e1 para llevar sus programas al municipio\"}]},{\"@type\":\"WebSite\",\"@id\":\"https:\\\/\\\/www.ucaldas.edu.co\\\/portal\\\/#website\",\"url\":\"https:\\\/\\\/www.ucaldas.edu.co\\\/portal\\\/\",\"name\":\"Universidad de Caldas\",\"description\":\"\",\"publisher\":{\"@id\":\"https:\\\/\\\/www.ucaldas.edu.co\\\/portal\\\/#organization\"},\"alternateName\":\"U. de Caldas\",\"potentialAction\":[{\"@type\":\"SearchAction\",\"target\":{\"@type\":\"EntryPoint\",\"urlTemplate\":\"https:\\\/\\\/www.ucaldas.edu.co\\\/portal\\\/?s={search_term_string}\"},\"query-input\":{\"@type\":\"PropertyValueSpecification\",\"valueRequired\":true,\"valueName\":\"search_term_string\"}}],\"inLanguage\":\"es\"},{\"@type\":\"Organization\",\"@id\":\"https:\\\/\\\/www.ucaldas.edu.co\\\/portal\\\/#organization\",\"name\":\"Universidad de Caldas\",\"alternateName\":\"U. de Caldas\",\"url\":\"https:\\\/\\\/www.ucaldas.edu.co\\\/portal\\\/\",\"logo\":{\"@type\":\"ImageObject\",\"inLanguage\":\"es\",\"@id\":\"https:\\\/\\\/www.ucaldas.edu.co\\\/portal\\\/#\\\/schema\\\/logo\\\/image\\\/\",\"url\":\"https:\\\/\\\/www.ucaldas.edu.co\\\/portal\\\/wp-content\\\/uploads\\\/2023\\\/11\\\/Logo_horizontal_oscuroU-2023.png\",\"contentUrl\":\"https:\\\/\\\/www.ucaldas.edu.co\\\/portal\\\/wp-content\\\/uploads\\\/2023\\\/11\\\/Logo_horizontal_oscuroU-2023.png\",\"width\":263,\"height\":101,\"caption\":\"Universidad de Caldas\"},\"image\":{\"@id\":\"https:\\\/\\\/www.ucaldas.edu.co\\\/portal\\\/#\\\/schema\\\/logo\\\/image\\\/\"},\"sameAs\":[\"https:\\\/\\\/www.facebook.com\\\/udecaldas\",\"https:\\\/\\\/x.com\\\/udecaldas\",\"https:\\\/\\\/www.youtube.com\\\/universidadcaldas\",\"https:\\\/\\\/www.instagram.com\\\/udecaldas\\\/\"]},{\"@type\":\"Person\",\"@id\":\"https:\\\/\\\/www.ucaldas.edu.co\\\/portal\\\/#\\\/schema\\\/person\\\/a1b482e23449158b4bc319926c074fdf\",\"name\":\"ofiprensa\",\"image\":{\"@type\":\"ImageObject\",\"inLanguage\":\"es\",\"@id\":\"https:\\\/\\\/www.ucaldas.edu.co\\\/portal\\\/wp-content\\\/litespeed\\\/avatar\\\/09ea5085e600095a7a811142c6944527.jpg?ver=1777497608\",\"url\":\"https:\\\/\\\/www.ucaldas.edu.co\\\/portal\\\/wp-content\\\/litespeed\\\/avatar\\\/09ea5085e600095a7a811142c6944527.jpg?ver=1777497608\",\"contentUrl\":\"https:\\\/\\\/www.ucaldas.edu.co\\\/portal\\\/wp-content\\\/litespeed\\\/avatar\\\/09ea5085e600095a7a811142c6944527.jpg?ver=1777497608\",\"caption\":\"ofiprensa\"},\"url\":\"https:\\\/\\\/www.ucaldas.edu.co\\\/portal\\\/author\\\/ofiprensa\\\/\"}]}<\/script>\n<!-- \/ Yoast SEO plugin. -->","yoast_head_json":{"title":"La U. de Caldas firma convenio con la Alcald\u00eda de Calarc\u00e1 para llevar sus programas al municipio .","robots":{"index":"index","follow":"follow","max-snippet":"max-snippet:-1","max-image-preview":"max-image-preview:large","max-video-preview":"max-video-preview:-1"},"canonical":"https:\/\/www.ucaldas.edu.co\/portal\/la-u-de-caldas-firma-convenio-con-la-alcaldia-de-calarca-para-llevar-sus-programas-al-municipio-2\/","schema":{"@context":"https:\/\/schema.org","@graph":[{"@type":"Article","@id":"https:\/\/www.ucaldas.edu.co\/portal\/la-u-de-caldas-firma-convenio-con-la-alcaldia-de-calarca-para-llevar-sus-programas-al-municipio-2\/#article","isPartOf":{"@id":"https:\/\/www.ucaldas.edu.co\/portal\/la-u-de-caldas-firma-convenio-con-la-alcaldia-de-calarca-para-llevar-sus-programas-al-municipio-2\/"},"author":{"name":"ofiprensa","@id":"https:\/\/www.ucaldas.edu.co\/portal\/#\/schema\/person\/a1b482e23449158b4bc319926c074fdf"},"headline":"La U. de Caldas firma convenio con la Alcald\u00eda de Calarc\u00e1 para llevar sus programas al municipio","datePublished":"2009-12-15T21:35:53+00:00","mainEntityOfPage":{"@id":"https:\/\/www.ucaldas.edu.co\/portal\/la-u-de-caldas-firma-convenio-con-la-alcaldia-de-calarca-para-llevar-sus-programas-al-municipio-2\/"},"wordCount":198,"publisher":{"@id":"https:\/\/www.ucaldas.edu.co\/portal\/#organization"},"articleSection":["Actualidad","Universidad al D\u00eda"],"inLanguage":"es"},{"@type":"WebPage","@id":"https:\/\/www.ucaldas.edu.co\/portal\/la-u-de-caldas-firma-convenio-con-la-alcaldia-de-calarca-para-llevar-sus-programas-al-municipio-2\/","url":"https:\/\/www.ucaldas.edu.co\/portal\/la-u-de-caldas-firma-convenio-con-la-alcaldia-de-calarca-para-llevar-sus-programas-al-municipio-2\/","name":"La U. de Caldas firma convenio con la Alcald\u00eda de Calarc\u00e1 para llevar sus programas al municipio .","isPartOf":{"@id":"https:\/\/www.ucaldas.edu.co\/portal\/#website"},"datePublished":"2009-12-15T21:35:53+00:00","breadcrumb":{"@id":"https:\/\/www.ucaldas.edu.co\/portal\/la-u-de-caldas-firma-convenio-con-la-alcaldia-de-calarca-para-llevar-sus-programas-al-municipio-2\/#breadcrumb"},"inLanguage":"es","potentialAction":[{"@type":"ReadAction","target":["https:\/\/www.ucaldas.edu.co\/portal\/la-u-de-caldas-firma-convenio-con-la-alcaldia-de-calarca-para-llevar-sus-programas-al-municipio-2\/"]}]},{"@type":"BreadcrumbList","@id":"https:\/\/www.ucaldas.edu.co\/portal\/la-u-de-caldas-firma-convenio-con-la-alcaldia-de-calarca-para-llevar-sus-programas-al-municipio-2\/#breadcrumb","itemListElement":[{"@type":"ListItem","position":1,"name":"Portada","item":"https:\/\/www.ucaldas.edu.co\/portal\/"},{"@type":"ListItem","position":2,"name":"La U. de Caldas firma convenio con la Alcald\u00eda de Calarc\u00e1 para llevar sus programas al municipio"}]},{"@type":"WebSite","@id":"https:\/\/www.ucaldas.edu.co\/portal\/#website","url":"https:\/\/www.ucaldas.edu.co\/portal\/","name":"Universidad de Caldas","description":"","publisher":{"@id":"https:\/\/www.ucaldas.edu.co\/portal\/#organization"},"alternateName":"U. de Caldas","potentialAction":[{"@type":"SearchAction","target":{"@type":"EntryPoint","urlTemplate":"https:\/\/www.ucaldas.edu.co\/portal\/?s={search_term_string}"},"query-input":{"@type":"PropertyValueSpecification","valueRequired":true,"valueName":"search_term_string"}}],"inLanguage":"es"},{"@type":"Organization","@id":"https:\/\/www.ucaldas.edu.co\/portal\/#organization","name":"Universidad de Caldas","alternateName":"U. de Caldas","url":"https:\/\/www.ucaldas.edu.co\/portal\/","logo":{"@type":"ImageObject","inLanguage":"es","@id":"https:\/\/www.ucaldas.edu.co\/portal\/#\/schema\/logo\/image\/","url":"https:\/\/www.ucaldas.edu.co\/portal\/wp-content\/uploads\/2023\/11\/Logo_horizontal_oscuroU-2023.png","contentUrl":"https:\/\/www.ucaldas.edu.co\/portal\/wp-content\/uploads\/2023\/11\/Logo_horizontal_oscuroU-2023.png","width":263,"height":101,"caption":"Universidad de Caldas"},"image":{"@id":"https:\/\/www.ucaldas.edu.co\/portal\/#\/schema\/logo\/image\/"},"sameAs":["https:\/\/www.facebook.com\/udecaldas","https:\/\/x.com\/udecaldas","https:\/\/www.youtube.com\/universidadcaldas","https:\/\/www.instagram.com\/udecaldas\/"]},{"@type":"Person","@id":"https:\/\/www.ucaldas.edu.co\/portal\/#\/schema\/person\/a1b482e23449158b4bc319926c074fdf","name":"ofiprensa","image":{"@type":"ImageObject","inLanguage":"es","@id":"https:\/\/www.ucaldas.edu.co\/portal\/wp-content\/litespeed\/avatar\/09ea5085e600095a7a811142c6944527.jpg?ver=1777497608","url":"https:\/\/www.ucaldas.edu.co\/portal\/wp-content\/litespeed\/avatar\/09ea5085e600095a7a811142c6944527.jpg?ver=1777497608","contentUrl":"https:\/\/www.ucaldas.edu.co\/portal\/wp-content\/litespeed\/avatar\/09ea5085e600095a7a811142c6944527.jpg?ver=1777497608","caption":"ofiprensa"},"url":"https:\/\/www.ucaldas.edu.co\/portal\/author\/ofiprensa\/"}]}},"_links":{"self":[{"href":"https:\/\/www.ucaldas.edu.co\/portal\/wp-json\/wp\/v2\/posts\/4661","targetHints":{"allow":["GET"]}}],"collection":[{"href":"https:\/\/www.ucaldas.edu.co\/portal\/wp-json\/wp\/v2\/posts"}],"about":[{"href":"https:\/\/www.ucaldas.edu.co\/portal\/wp-json\/wp\/v2\/types\/post"}],"author":[{"embeddable":true,"href":"https:\/\/www.ucaldas.edu.co\/portal\/wp-json\/wp\/v2\/users\/2"}],"replies":[{"embeddable":true,"href":"https:\/\/www.ucaldas.edu.co\/portal\/wp-json\/wp\/v2\/comments?post=4661"}],"version-history":[{"count":0,"href":"https:\/\/www.ucaldas.edu.co\/portal\/wp-json\/wp\/v2\/posts\/4661\/revisions"}],"wp:attachment":[{"href":"https:\/\/www.ucaldas.edu.co\/portal\/wp-json\/wp\/v2\/media?parent=4661"}],"wp:term":[{"taxonomy":"category","embeddable":true,"href":"https:\/\/www.ucaldas.edu.co\/portal\/wp-json\/wp\/v2\/categories?post=4661"},{"taxonomy":"post_tag","embeddable":true,"href":"https:\/\/www.ucaldas.edu.co\/portal\/wp-json\/wp\/v2\/tags?post=4661"}],"curies":[{"name":"wp","href":"https:\/\/api.w.org\/{rel}","templated":true}]}}