{"id":46501,"date":"2019-03-08T22:51:23","date_gmt":"2019-03-08T22:51:23","guid":{"rendered":"https:\/\/www.ucaldas.edu.co\/portal\/?p=46501"},"modified":"2019-03-11T15:43:06","modified_gmt":"2019-03-11T15:43:06","slug":"10-estudiantes-y-egresados-de-la-u-de-caldas-seleccionados-por-la-filarmonica-joven-de-colombia-2019","status":"publish","type":"post","link":"https:\/\/www.ucaldas.edu.co\/portal\/10-estudiantes-y-egresados-de-la-u-de-caldas-seleccionados-por-la-filarmonica-joven-de-colombia-2019\/","title":{"rendered":"11 Estudiantes y egresados de la U. de Caldas seleccionados por la Filarm\u00f3nica Joven de Colombia 2019"},"content":{"rendered":"<p style=\"text-align: center;\">CONCIERTOS EN SUIZA, ALEMANIA Y AUSTRIA<\/p>\n<p style=\"text-align: center;\"><strong>10 Estudiantes y egresados de la U. de Caldas seleccionados por la Filarm\u00f3nica Joven de Colombia 2019<\/strong><\/p>\n<p style=\"text-align: right;\">08\/03\/2019<\/p>\n<p><img loading=\"lazy\" decoding=\"async\" class=\"size-full wp-image-46523 aligncenter\" src=\"https:\/\/www.ucaldas.edu.co\/portal\/wp-content\/uploads\/2019\/03\/filarmonica.jpeg\" alt=\"\" width=\"700\" height=\"324\" srcset=\"https:\/\/www.ucaldas.edu.co\/portal\/wp-content\/uploads\/2019\/03\/filarmonica.jpeg 700w, https:\/\/www.ucaldas.edu.co\/portal\/wp-content\/uploads\/2019\/03\/filarmonica-300x139.jpeg 300w\" sizes=\"auto, (max-width: 700px) 100vw, 700px\" \/>La Filarm\u00f3nica Joven de Colombia, un proyecto de la Fundaci\u00f3n Bol\u00edvar Davivienda, seleccion\u00f3 un grupo de 11 artistas entre estudiantes y egresados de la Universidad de Caldas para impresionar al p\u00fablico europeo con su talento durante la cuarta gira Internacional en Europa entre el 13 de marzo y el 1 de abril del 2019.<\/p>\n<p><!--more--><\/p>\n<p>Se trata de los trompetistas Marlon Renato Mora L\u00f3pez , Samuel Felipe Ca\u00f1as y Juan Felipe Lince; los cornistas Juan Pablo Casta\u00f1o y John Kevin L\u00f3pez; los percusionistas Manuel David Obando Fl\u00f3rez, Jeison Andres Mar\u00edn, Juan Sebasti\u00e1n S\u00e1nchez Duque; los flautistas Mariana Segura Valencia y Esteban Orozco Mu\u00f1oz y el fagotista\u00a0Juan Antonio Rodr\u00edguez<\/p>\n<p>Estos j\u00f3venes talentos presentar\u00e1n nueve conciertos en las salas m\u00e1s ic\u00f3nicas a nivel mundial en Suiza, Alemania y Austria bajo la direcci\u00f3n del destacado maestro Andr\u00e9s Orozco Estrada.<\/p>\n<p>El Flautista, Esteban Orozco Mu\u00f1oz, coment\u00f3: \u201cEste proyecto es muy exigente y a la vez algo grandioso, es un sue\u00f1o poder estar en esta agrupaci\u00f3n y realizar un evento de semejante categor\u00eda para dejar en alto el nombre de la U. de Caldas\u201d.<\/p>\n<p>La gira incluye un repertorio universal como la consagraci\u00f3n de la primavera de Igor Stranvinski, la quinta sinfon\u00eda de\u00a0Chaikovski, el concierto de arpa de Alberto\u00a0ginastera, Am\u00e9rica salvaje de Jimmy L\u00f3pez, entre otros.<\/p>\n<p>Cabe destacar que este grupo de m\u00fasicos de la Universidad de Caldas, fue escogido a trav\u00e9s de un riguroso proceso de selecci\u00f3n a nivel nacional, apoyado por un destacado jurado internacional para constituir un grupo de 100 integrantes.<\/p>\n<p><strong>Informes: <\/strong>Oficina de Comunicaciones y Prensa Universidad de Caldas. Tel\u00e9fono: 8781500 Extensi\u00f3n: 12167<\/p>\n<p><strong>Redacci\u00f3n: <\/strong>Daniela S\u00e1nchez R\u00edos<\/p>\n<p>&nbsp;<\/p>\n","protected":false},"excerpt":{"rendered":"<p>CONCIERTOS EN SUIZA, ALEMANIA Y AUSTRIA 10 Estudiantes y egresados de la U. de Caldas seleccionados por la Filarm\u00f3nica Joven de Colombia 2019 08\/03\/2019 La Filarm\u00f3nica Joven de Colombia, un proyecto de la Fundaci\u00f3n Bol\u00edvar Davivienda, seleccion\u00f3 un grupo de 11 artistas entre estudiantes y egresados de la Universidad de Caldas para impresionar al p\u00fablico [&hellip;]<\/p>\n","protected":false},"author":2,"featured_media":46523,"comment_status":"closed","ping_status":"open","sticky":false,"template":"","format":"standard","meta":{"footnotes":""},"categories":[48,53,614],"tags":[432,825,1997,3565,3566],"class_list":["post-46501","post","type-post","status-publish","format-standard","has-post-thumbnail","hentry","category-actualidad","category-universidad-al-dia","category-ucaldas-internacional","tag-jovenes","tag-artistas","tag-musicos","tag-orquesta","tag-filarmonica"],"yoast_head":"<!-- This site is optimized with the Yoast SEO plugin v27.5 - https:\/\/yoast.com\/product\/yoast-seo-wordpress\/ -->\n<title>11 Estudiantes y egresados de la U. de Caldas seleccionados por la Filarm\u00f3nica Joven de Colombia 2019 .<\/title>\n<meta name=\"robots\" content=\"index, follow, max-snippet:-1, max-image-preview:large, max-video-preview:-1\" \/>\n<link rel=\"canonical\" href=\"https:\/\/www.ucaldas.edu.co\/portal\/10-estudiantes-y-egresados-de-la-u-de-caldas-seleccionados-por-la-filarmonica-joven-de-colombia-2019\/\" \/>\n<script type=\"application\/ld+json\" class=\"yoast-schema-graph\">{\"@context\":\"https:\\\/\\\/schema.org\",\"@graph\":[{\"@type\":\"Article\",\"@id\":\"https:\\\/\\\/www.ucaldas.edu.co\\\/portal\\\/10-estudiantes-y-egresados-de-la-u-de-caldas-seleccionados-por-la-filarmonica-joven-de-colombia-2019\\\/#article\",\"isPartOf\":{\"@id\":\"https:\\\/\\\/www.ucaldas.edu.co\\\/portal\\\/10-estudiantes-y-egresados-de-la-u-de-caldas-seleccionados-por-la-filarmonica-joven-de-colombia-2019\\\/\"},\"author\":{\"name\":\"ofiprensa\",\"@id\":\"https:\\\/\\\/www.ucaldas.edu.co\\\/portal\\\/#\\\/schema\\\/person\\\/a1b482e23449158b4bc319926c074fdf\"},\"headline\":\"11 Estudiantes y egresados de la U. de Caldas seleccionados por la Filarm\u00f3nica Joven de Colombia 2019\",\"datePublished\":\"2019-03-08T22:51:23+00:00\",\"dateModified\":\"2019-03-11T15:43:06+00:00\",\"mainEntityOfPage\":{\"@id\":\"https:\\\/\\\/www.ucaldas.edu.co\\\/portal\\\/10-estudiantes-y-egresados-de-la-u-de-caldas-seleccionados-por-la-filarmonica-joven-de-colombia-2019\\\/\"},\"wordCount\":335,\"publisher\":{\"@id\":\"https:\\\/\\\/www.ucaldas.edu.co\\\/portal\\\/#organization\"},\"image\":{\"@id\":\"https:\\\/\\\/www.ucaldas.edu.co\\\/portal\\\/10-estudiantes-y-egresados-de-la-u-de-caldas-seleccionados-por-la-filarmonica-joven-de-colombia-2019\\\/#primaryimage\"},\"thumbnailUrl\":\"https:\\\/\\\/www.ucaldas.edu.co\\\/portal\\\/wp-content\\\/uploads\\\/2019\\\/03\\\/filarmonica.jpeg\",\"keywords\":[\"j\u00f3venes\",\"artistas\",\"m\u00fasicos\",\"orquesta\",\"filarm\u00f3nica\"],\"articleSection\":[\"Actualidad\",\"Universidad al D\u00eda\",\"Ucaldas Internacional\"],\"inLanguage\":\"es\"},{\"@type\":\"WebPage\",\"@id\":\"https:\\\/\\\/www.ucaldas.edu.co\\\/portal\\\/10-estudiantes-y-egresados-de-la-u-de-caldas-seleccionados-por-la-filarmonica-joven-de-colombia-2019\\\/\",\"url\":\"https:\\\/\\\/www.ucaldas.edu.co\\\/portal\\\/10-estudiantes-y-egresados-de-la-u-de-caldas-seleccionados-por-la-filarmonica-joven-de-colombia-2019\\\/\",\"name\":\"11 Estudiantes y egresados de la U. de Caldas seleccionados por la Filarm\u00f3nica Joven de Colombia 2019 .\",\"isPartOf\":{\"@id\":\"https:\\\/\\\/www.ucaldas.edu.co\\\/portal\\\/#website\"},\"primaryImageOfPage\":{\"@id\":\"https:\\\/\\\/www.ucaldas.edu.co\\\/portal\\\/10-estudiantes-y-egresados-de-la-u-de-caldas-seleccionados-por-la-filarmonica-joven-de-colombia-2019\\\/#primaryimage\"},\"image\":{\"@id\":\"https:\\\/\\\/www.ucaldas.edu.co\\\/portal\\\/10-estudiantes-y-egresados-de-la-u-de-caldas-seleccionados-por-la-filarmonica-joven-de-colombia-2019\\\/#primaryimage\"},\"thumbnailUrl\":\"https:\\\/\\\/www.ucaldas.edu.co\\\/portal\\\/wp-content\\\/uploads\\\/2019\\\/03\\\/filarmonica.jpeg\",\"datePublished\":\"2019-03-08T22:51:23+00:00\",\"dateModified\":\"2019-03-11T15:43:06+00:00\",\"breadcrumb\":{\"@id\":\"https:\\\/\\\/www.ucaldas.edu.co\\\/portal\\\/10-estudiantes-y-egresados-de-la-u-de-caldas-seleccionados-por-la-filarmonica-joven-de-colombia-2019\\\/#breadcrumb\"},\"inLanguage\":\"es\",\"potentialAction\":[{\"@type\":\"ReadAction\",\"target\":[\"https:\\\/\\\/www.ucaldas.edu.co\\\/portal\\\/10-estudiantes-y-egresados-de-la-u-de-caldas-seleccionados-por-la-filarmonica-joven-de-colombia-2019\\\/\"]}]},{\"@type\":\"ImageObject\",\"inLanguage\":\"es\",\"@id\":\"https:\\\/\\\/www.ucaldas.edu.co\\\/portal\\\/10-estudiantes-y-egresados-de-la-u-de-caldas-seleccionados-por-la-filarmonica-joven-de-colombia-2019\\\/#primaryimage\",\"url\":\"https:\\\/\\\/www.ucaldas.edu.co\\\/portal\\\/wp-content\\\/uploads\\\/2019\\\/03\\\/filarmonica.jpeg\",\"contentUrl\":\"https:\\\/\\\/www.ucaldas.edu.co\\\/portal\\\/wp-content\\\/uploads\\\/2019\\\/03\\\/filarmonica.jpeg\",\"width\":700,\"height\":324},{\"@type\":\"BreadcrumbList\",\"@id\":\"https:\\\/\\\/www.ucaldas.edu.co\\\/portal\\\/10-estudiantes-y-egresados-de-la-u-de-caldas-seleccionados-por-la-filarmonica-joven-de-colombia-2019\\\/#breadcrumb\",\"itemListElement\":[{\"@type\":\"ListItem\",\"position\":1,\"name\":\"Portada\",\"item\":\"https:\\\/\\\/www.ucaldas.edu.co\\\/portal\\\/\"},{\"@type\":\"ListItem\",\"position\":2,\"name\":\"11 Estudiantes y egresados de la U. de Caldas seleccionados por la Filarm\u00f3nica Joven de Colombia 2019\"}]},{\"@type\":\"WebSite\",\"@id\":\"https:\\\/\\\/www.ucaldas.edu.co\\\/portal\\\/#website\",\"url\":\"https:\\\/\\\/www.ucaldas.edu.co\\\/portal\\\/\",\"name\":\"Universidad de Caldas\",\"description\":\"\",\"publisher\":{\"@id\":\"https:\\\/\\\/www.ucaldas.edu.co\\\/portal\\\/#organization\"},\"alternateName\":\"U. de Caldas\",\"potentialAction\":[{\"@type\":\"SearchAction\",\"target\":{\"@type\":\"EntryPoint\",\"urlTemplate\":\"https:\\\/\\\/www.ucaldas.edu.co\\\/portal\\\/?s={search_term_string}\"},\"query-input\":{\"@type\":\"PropertyValueSpecification\",\"valueRequired\":true,\"valueName\":\"search_term_string\"}}],\"inLanguage\":\"es\"},{\"@type\":\"Organization\",\"@id\":\"https:\\\/\\\/www.ucaldas.edu.co\\\/portal\\\/#organization\",\"name\":\"Universidad de Caldas\",\"alternateName\":\"U. de Caldas\",\"url\":\"https:\\\/\\\/www.ucaldas.edu.co\\\/portal\\\/\",\"logo\":{\"@type\":\"ImageObject\",\"inLanguage\":\"es\",\"@id\":\"https:\\\/\\\/www.ucaldas.edu.co\\\/portal\\\/#\\\/schema\\\/logo\\\/image\\\/\",\"url\":\"https:\\\/\\\/www.ucaldas.edu.co\\\/portal\\\/wp-content\\\/uploads\\\/2023\\\/11\\\/Logo_horizontal_oscuroU-2023.png\",\"contentUrl\":\"https:\\\/\\\/www.ucaldas.edu.co\\\/portal\\\/wp-content\\\/uploads\\\/2023\\\/11\\\/Logo_horizontal_oscuroU-2023.png\",\"width\":263,\"height\":101,\"caption\":\"Universidad de Caldas\"},\"image\":{\"@id\":\"https:\\\/\\\/www.ucaldas.edu.co\\\/portal\\\/#\\\/schema\\\/logo\\\/image\\\/\"},\"sameAs\":[\"https:\\\/\\\/www.facebook.com\\\/udecaldas\",\"https:\\\/\\\/x.com\\\/udecaldas\",\"https:\\\/\\\/www.youtube.com\\\/universidadcaldas\",\"https:\\\/\\\/www.instagram.com\\\/udecaldas\\\/\"]},{\"@type\":\"Person\",\"@id\":\"https:\\\/\\\/www.ucaldas.edu.co\\\/portal\\\/#\\\/schema\\\/person\\\/a1b482e23449158b4bc319926c074fdf\",\"name\":\"ofiprensa\",\"image\":{\"@type\":\"ImageObject\",\"inLanguage\":\"es\",\"@id\":\"https:\\\/\\\/www.ucaldas.edu.co\\\/portal\\\/wp-content\\\/litespeed\\\/avatar\\\/09ea5085e600095a7a811142c6944527.jpg?ver=1777497608\",\"url\":\"https:\\\/\\\/www.ucaldas.edu.co\\\/portal\\\/wp-content\\\/litespeed\\\/avatar\\\/09ea5085e600095a7a811142c6944527.jpg?ver=1777497608\",\"contentUrl\":\"https:\\\/\\\/www.ucaldas.edu.co\\\/portal\\\/wp-content\\\/litespeed\\\/avatar\\\/09ea5085e600095a7a811142c6944527.jpg?ver=1777497608\",\"caption\":\"ofiprensa\"},\"url\":\"https:\\\/\\\/www.ucaldas.edu.co\\\/portal\\\/author\\\/ofiprensa\\\/\"}]}<\/script>\n<!-- \/ Yoast SEO plugin. -->","yoast_head_json":{"title":"11 Estudiantes y egresados de la U. de Caldas seleccionados por la Filarm\u00f3nica Joven de Colombia 2019 .","robots":{"index":"index","follow":"follow","max-snippet":"max-snippet:-1","max-image-preview":"max-image-preview:large","max-video-preview":"max-video-preview:-1"},"canonical":"https:\/\/www.ucaldas.edu.co\/portal\/10-estudiantes-y-egresados-de-la-u-de-caldas-seleccionados-por-la-filarmonica-joven-de-colombia-2019\/","schema":{"@context":"https:\/\/schema.org","@graph":[{"@type":"Article","@id":"https:\/\/www.ucaldas.edu.co\/portal\/10-estudiantes-y-egresados-de-la-u-de-caldas-seleccionados-por-la-filarmonica-joven-de-colombia-2019\/#article","isPartOf":{"@id":"https:\/\/www.ucaldas.edu.co\/portal\/10-estudiantes-y-egresados-de-la-u-de-caldas-seleccionados-por-la-filarmonica-joven-de-colombia-2019\/"},"author":{"name":"ofiprensa","@id":"https:\/\/www.ucaldas.edu.co\/portal\/#\/schema\/person\/a1b482e23449158b4bc319926c074fdf"},"headline":"11 Estudiantes y egresados de la U. de Caldas seleccionados por la Filarm\u00f3nica Joven de Colombia 2019","datePublished":"2019-03-08T22:51:23+00:00","dateModified":"2019-03-11T15:43:06+00:00","mainEntityOfPage":{"@id":"https:\/\/www.ucaldas.edu.co\/portal\/10-estudiantes-y-egresados-de-la-u-de-caldas-seleccionados-por-la-filarmonica-joven-de-colombia-2019\/"},"wordCount":335,"publisher":{"@id":"https:\/\/www.ucaldas.edu.co\/portal\/#organization"},"image":{"@id":"https:\/\/www.ucaldas.edu.co\/portal\/10-estudiantes-y-egresados-de-la-u-de-caldas-seleccionados-por-la-filarmonica-joven-de-colombia-2019\/#primaryimage"},"thumbnailUrl":"https:\/\/www.ucaldas.edu.co\/portal\/wp-content\/uploads\/2019\/03\/filarmonica.jpeg","keywords":["j\u00f3venes","artistas","m\u00fasicos","orquesta","filarm\u00f3nica"],"articleSection":["Actualidad","Universidad al D\u00eda","Ucaldas Internacional"],"inLanguage":"es"},{"@type":"WebPage","@id":"https:\/\/www.ucaldas.edu.co\/portal\/10-estudiantes-y-egresados-de-la-u-de-caldas-seleccionados-por-la-filarmonica-joven-de-colombia-2019\/","url":"https:\/\/www.ucaldas.edu.co\/portal\/10-estudiantes-y-egresados-de-la-u-de-caldas-seleccionados-por-la-filarmonica-joven-de-colombia-2019\/","name":"11 Estudiantes y egresados de la U. de Caldas seleccionados por la Filarm\u00f3nica Joven de Colombia 2019 .","isPartOf":{"@id":"https:\/\/www.ucaldas.edu.co\/portal\/#website"},"primaryImageOfPage":{"@id":"https:\/\/www.ucaldas.edu.co\/portal\/10-estudiantes-y-egresados-de-la-u-de-caldas-seleccionados-por-la-filarmonica-joven-de-colombia-2019\/#primaryimage"},"image":{"@id":"https:\/\/www.ucaldas.edu.co\/portal\/10-estudiantes-y-egresados-de-la-u-de-caldas-seleccionados-por-la-filarmonica-joven-de-colombia-2019\/#primaryimage"},"thumbnailUrl":"https:\/\/www.ucaldas.edu.co\/portal\/wp-content\/uploads\/2019\/03\/filarmonica.jpeg","datePublished":"2019-03-08T22:51:23+00:00","dateModified":"2019-03-11T15:43:06+00:00","breadcrumb":{"@id":"https:\/\/www.ucaldas.edu.co\/portal\/10-estudiantes-y-egresados-de-la-u-de-caldas-seleccionados-por-la-filarmonica-joven-de-colombia-2019\/#breadcrumb"},"inLanguage":"es","potentialAction":[{"@type":"ReadAction","target":["https:\/\/www.ucaldas.edu.co\/portal\/10-estudiantes-y-egresados-de-la-u-de-caldas-seleccionados-por-la-filarmonica-joven-de-colombia-2019\/"]}]},{"@type":"ImageObject","inLanguage":"es","@id":"https:\/\/www.ucaldas.edu.co\/portal\/10-estudiantes-y-egresados-de-la-u-de-caldas-seleccionados-por-la-filarmonica-joven-de-colombia-2019\/#primaryimage","url":"https:\/\/www.ucaldas.edu.co\/portal\/wp-content\/uploads\/2019\/03\/filarmonica.jpeg","contentUrl":"https:\/\/www.ucaldas.edu.co\/portal\/wp-content\/uploads\/2019\/03\/filarmonica.jpeg","width":700,"height":324},{"@type":"BreadcrumbList","@id":"https:\/\/www.ucaldas.edu.co\/portal\/10-estudiantes-y-egresados-de-la-u-de-caldas-seleccionados-por-la-filarmonica-joven-de-colombia-2019\/#breadcrumb","itemListElement":[{"@type":"ListItem","position":1,"name":"Portada","item":"https:\/\/www.ucaldas.edu.co\/portal\/"},{"@type":"ListItem","position":2,"name":"11 Estudiantes y egresados de la U. de Caldas seleccionados por la Filarm\u00f3nica Joven de Colombia 2019"}]},{"@type":"WebSite","@id":"https:\/\/www.ucaldas.edu.co\/portal\/#website","url":"https:\/\/www.ucaldas.edu.co\/portal\/","name":"Universidad de Caldas","description":"","publisher":{"@id":"https:\/\/www.ucaldas.edu.co\/portal\/#organization"},"alternateName":"U. de Caldas","potentialAction":[{"@type":"SearchAction","target":{"@type":"EntryPoint","urlTemplate":"https:\/\/www.ucaldas.edu.co\/portal\/?s={search_term_string}"},"query-input":{"@type":"PropertyValueSpecification","valueRequired":true,"valueName":"search_term_string"}}],"inLanguage":"es"},{"@type":"Organization","@id":"https:\/\/www.ucaldas.edu.co\/portal\/#organization","name":"Universidad de Caldas","alternateName":"U. de Caldas","url":"https:\/\/www.ucaldas.edu.co\/portal\/","logo":{"@type":"ImageObject","inLanguage":"es","@id":"https:\/\/www.ucaldas.edu.co\/portal\/#\/schema\/logo\/image\/","url":"https:\/\/www.ucaldas.edu.co\/portal\/wp-content\/uploads\/2023\/11\/Logo_horizontal_oscuroU-2023.png","contentUrl":"https:\/\/www.ucaldas.edu.co\/portal\/wp-content\/uploads\/2023\/11\/Logo_horizontal_oscuroU-2023.png","width":263,"height":101,"caption":"Universidad de Caldas"},"image":{"@id":"https:\/\/www.ucaldas.edu.co\/portal\/#\/schema\/logo\/image\/"},"sameAs":["https:\/\/www.facebook.com\/udecaldas","https:\/\/x.com\/udecaldas","https:\/\/www.youtube.com\/universidadcaldas","https:\/\/www.instagram.com\/udecaldas\/"]},{"@type":"Person","@id":"https:\/\/www.ucaldas.edu.co\/portal\/#\/schema\/person\/a1b482e23449158b4bc319926c074fdf","name":"ofiprensa","image":{"@type":"ImageObject","inLanguage":"es","@id":"https:\/\/www.ucaldas.edu.co\/portal\/wp-content\/litespeed\/avatar\/09ea5085e600095a7a811142c6944527.jpg?ver=1777497608","url":"https:\/\/www.ucaldas.edu.co\/portal\/wp-content\/litespeed\/avatar\/09ea5085e600095a7a811142c6944527.jpg?ver=1777497608","contentUrl":"https:\/\/www.ucaldas.edu.co\/portal\/wp-content\/litespeed\/avatar\/09ea5085e600095a7a811142c6944527.jpg?ver=1777497608","caption":"ofiprensa"},"url":"https:\/\/www.ucaldas.edu.co\/portal\/author\/ofiprensa\/"}]}},"_links":{"self":[{"href":"https:\/\/www.ucaldas.edu.co\/portal\/wp-json\/wp\/v2\/posts\/46501","targetHints":{"allow":["GET"]}}],"collection":[{"href":"https:\/\/www.ucaldas.edu.co\/portal\/wp-json\/wp\/v2\/posts"}],"about":[{"href":"https:\/\/www.ucaldas.edu.co\/portal\/wp-json\/wp\/v2\/types\/post"}],"author":[{"embeddable":true,"href":"https:\/\/www.ucaldas.edu.co\/portal\/wp-json\/wp\/v2\/users\/2"}],"replies":[{"embeddable":true,"href":"https:\/\/www.ucaldas.edu.co\/portal\/wp-json\/wp\/v2\/comments?post=46501"}],"version-history":[{"count":0,"href":"https:\/\/www.ucaldas.edu.co\/portal\/wp-json\/wp\/v2\/posts\/46501\/revisions"}],"wp:featuredmedia":[{"embeddable":true,"href":"https:\/\/www.ucaldas.edu.co\/portal\/wp-json\/wp\/v2\/media\/46523"}],"wp:attachment":[{"href":"https:\/\/www.ucaldas.edu.co\/portal\/wp-json\/wp\/v2\/media?parent=46501"}],"wp:term":[{"taxonomy":"category","embeddable":true,"href":"https:\/\/www.ucaldas.edu.co\/portal\/wp-json\/wp\/v2\/categories?post=46501"},{"taxonomy":"post_tag","embeddable":true,"href":"https:\/\/www.ucaldas.edu.co\/portal\/wp-json\/wp\/v2\/tags?post=46501"}],"curies":[{"name":"wp","href":"https:\/\/api.w.org\/{rel}","templated":true}]}}