{"id":45775,"date":"2019-02-11T22:37:50","date_gmt":"2019-02-11T22:37:50","guid":{"rendered":"https:\/\/www.ucaldas.edu.co\/portal\/?p=45775"},"modified":"2019-02-11T23:04:14","modified_gmt":"2019-02-11T23:04:14","slug":"convocatoria-directores-de-programa","status":"publish","type":"post","link":"https:\/\/www.ucaldas.edu.co\/portal\/convocatoria-directores-de-programa\/","title":{"rendered":"Convocatoria Directores de Programa Facultad de Artes y Humanidades"},"content":{"rendered":"<p style=\"text-align: center;\"><strong>UNIVERSIDAD DE CALDAS<\/strong><\/p>\n<p style=\"text-align: center;\"><strong>CONSEJO DE FACULTAD DE ARTES Y HUMANIDADES<\/strong><\/p>\n<p style=\"text-align: center;\"><strong>ACUERDO No. 001<\/strong><\/p>\n<p><img loading=\"lazy\" decoding=\"async\" class=\" wp-image-45727 aligncenter\" src=\"https:\/\/www.ucaldas.edu.co\/portal\/wp-content\/uploads\/2019\/02\/compagina-compressor.jpg\" alt=\"\" width=\"621\" height=\"355\" srcset=\"https:\/\/www.ucaldas.edu.co\/portal\/wp-content\/uploads\/2019\/02\/compagina-compressor.jpg 700w, https:\/\/www.ucaldas.edu.co\/portal\/wp-content\/uploads\/2019\/02\/compagina-compressor-300x171.jpg 300w\" sizes=\"auto, (max-width: 621px) 100vw, 621px\" \/><\/p>\n<p>Por el cual se convoca p\u00fablicamente a todas las personas que aspiren a ocupar los cargos p\u00fablicos de director de programa de pregrado de Licenciatura en Lenguas Modernas, Licenciatura en Artes Esc\u00e9nicas, Licenciatura en Filosof\u00eda, Licenciatura en M\u00fasica, Licenciatura en Educaci\u00f3n Ambiental, Artes Pl\u00e1sticas, Maestro en M\u00fasica, profesional en Filosof\u00eda, programas de posgrado Maestr\u00eda en Artes, Maestr\u00eda en Did\u00e1ctica del Ingl\u00e9s, Maestr\u00eda en Filosof\u00eda, Maestr\u00eda en Dise\u00f1o y Creaci\u00f3n Interactiva y Doctorado en Dise\u00f1o y Creaci\u00f3n\u00a0 de la Facultad de Artes y Humanidades y se fija el cronograma.<\/p>\n<p><!--more--><\/p>\n<p><strong>EL CONSEJO DE LA FACULTAD DE ARTES Y HUMANIDADES,<\/strong> en uso de sus facultades legales y estatutarias, especialmente las que confiere el T\u00edtulo 5 del Acuerdo 49 del 22 de octubre de 2018, y<\/p>\n<p><strong>CONSIDERANDO<\/strong><\/p>\n<p>La Ley 30 de 1992 \u201c<em>por la cual se organiza el servicio p\u00fablico de la Educaci\u00f3n Superior\u201d,<\/em> en el literal b) del art\u00edculo 29 precept\u00faa que la autonom\u00eda de las instituciones universitarias estar\u00e1 determinada por su campo de acci\u00f3n y de acuerdo con esta ley en la designaci\u00f3n de sus autoridades acad\u00e9micas y administrativas.<\/p>\n<p>Que de igual manera en su art\u00edculo 128 establece que en todas las instituciones de educaci\u00f3n superior, se promover\u00e1n pr\u00e1cticas democr\u00e1ticas para el aprendizaje de los principios y valores de la participaci\u00f3n ciudadana.<\/p>\n<p>Que el Acuerdo 047 de 2017 \u00a0\u00a0\u00a0\u00a0\u00a0\u00a0\u00a0\u00a0\u00a0\u00a0 \u201c<em>por medio del cual se expide el Estatuto General de la Universidad de Caldas\u201d,<\/em> establece en su art\u00edculo 3 que, para el cumplimiento de su misi\u00f3n, todas las actuaciones de la instituci\u00f3n, ser\u00e1n desarrolladas con base, entre otros, en la aplicaci\u00f3n del principio de participaci\u00f3n, seg\u00fan el cual la Universidad de Caldas respetar\u00e1 y garantizar\u00e1 el derecho a la participaci\u00f3n de la comunidad universitaria en la toma de decisiones en asuntos de la vida institucional.<\/p>\n<p>Que el Estatuto Electoral de la Universidad de Caldas, en su art\u00edculo 79 establece: \u201c\u2026<em>La Convocatoria para la elecci\u00f3n de los directores de programa ser\u00e1 realizada por el Consejo de Facultad de la facultad a la que se encuentre adscrito el programa correspondiente\u201d.<\/em><\/p>\n<p>Considerando lo mencionado, articulo 86 del Acuerdo 49 de 2018, es necesario convocar p\u00fablicamente a todas las personas que consideren cumplir con los requisitos establecidos en el Acuerdo 047 de 2017 del Consejo Superior \u2013 Estatuto General- para ocupar los cargos de director de director de programa de pregrado de Licenciatura en Lenguas Modernas, Licenciatura en Artes Esc\u00e9nicas, Licenciatura en Filosof\u00eda, Licenciatura en M\u00fasica, Licenciatura en Educaci\u00f3n Ambiental, Artes Pl\u00e1sticas, Maestro en M\u00fasica, profesional en Filosof\u00eda, programas de posgrado Maestr\u00eda en Artes, Maestr\u00eda en Did\u00e1ctica del Ingl\u00e9s, Maestr\u00eda en Filosof\u00eda, Maestr\u00eda en Dise\u00f1o y Creaci\u00f3n Interactiva y Doctorado en Dise\u00f1o y Creaci\u00f3n de la Facultad de Artes y Humanidades de la Universidad de Caldas para un per\u00edodo estatutario de dos (2) a\u00f1os, prorrogable por dos (2) a\u00f1os m\u00e1s, que iniciar\u00e1 a partir del d\u00eda de su posesi\u00f3n.<\/p>\n<p>As\u00ed, para garantizar el debido proceso, es necesario fijar dentro del presente acto administrativo, el cronograma mediante el cual se determinen claramente fechas y procedimientos con respecto a la presente elecci\u00f3n<\/p>\n<p>En m\u00e9rito de lo expuesto,<\/p>\n<p><strong>ACUERDA<\/strong><\/p>\n<p><strong>ART\u00cdCULO PRIMERO:<\/strong> Convocar p\u00fablicamente a todas las personas que aspiren a ocupar el cargo p\u00fablico de director de pregrado de Licenciatura en Lenguas Modernas, Licenciatura en Artes Esc\u00e9nicas, Licenciatura en Filosof\u00eda, Licenciatura en M\u00fasica, Licenciatura en Educaci\u00f3n Ambiental, Artes Pl\u00e1sticas, Maestro en M\u00fasica, profesional en Filosof\u00eda, programas de posgrado Maestr\u00eda en Artes, Maestr\u00eda en Did\u00e1ctica del Ingl\u00e9s, Maestr\u00eda en Filosof\u00eda, Maestr\u00eda en Dise\u00f1o y Creaci\u00f3n Interactiva y Doctorado en Dise\u00f1o y Creaci\u00f3n de la Facultad de Artes y Humanidades de la Universidad de Caldas por un per\u00edodo estatutario de dos (2) a\u00f1os, prorrogable por dos (2) a\u00f1os m\u00e1s, que iniciar\u00e1 a partir del d\u00eda de su posesi\u00f3n conforme a los requisitos y procedimientos establecidos en el art\u00edculo 39 del Acuerdo 047 de 2017 y las dem\u00e1s normas que regulen la materia.<\/p>\n<p><strong>ART\u00cdCULO SEGUNDO<\/strong>: El presente proceso p\u00fablico de designaci\u00f3n del director de programa de la Facultad de Artes y Humanidades de la Universidad de Caldas, se desarrollar\u00e1 conforme al presente cronograma:<\/p>\n<table>\n<tbody>\n<tr>\n<td colspan=\"3\"><strong>Cronograma<\/strong><\/td>\n<\/tr>\n<tr>\n<td><strong>\u00cdtem<\/strong><\/td>\n<td width=\"248\"><strong>Actividad<\/strong><\/td>\n<td width=\"154\"><strong>Fecha<\/strong><\/td>\n<\/tr>\n<tr>\n<td>1.\u00a0\u00a0\u00a0\u00a0\u00a0\u00a0\u00a0\u00a0\u00a0\u00a0\u00a0\u00a0 Convocatoria \u2013 Consejo de Facultad<\/td>\n<td width=\"248\">La convocatoria ser\u00e1 realizada a trav\u00e9s de la publicaci\u00f3n en p\u00e1gina web de la instituci\u00f3n y correo electr\u00f3nico (art. 81 Acuerdo 49 de 2018)<\/td>\n<td width=\"154\">11 de febrero de 2019<\/td>\n<\/tr>\n<tr>\n<td>2.\u00a0\u00a0\u00a0\u00a0\u00a0\u00a0\u00a0\u00a0\u00a0\u00a0\u00a0\u00a0\u00a0\u00a0\u00a0\u00a0\u00a0 Inscripci\u00f3n de candidatos<\/td>\n<td width=\"248\">Inscripci\u00f3n de los aspirantes en la Decanatura de la Facultad de Artes y Humanidades, de 7:45 a.m. a 11:45 a.m. y de 1:45 p.m. a 5:45 p.m., con el formato dispuesto para tal fin, debidamente diligenciado y suscrito por el candidato.<\/td>\n<td width=\"154\">13 de febrero de 2019<\/td>\n<\/tr>\n<tr>\n<td>4.\u00a0\u00a0\u00a0\u00a0\u00a0\u00a0\u00a0\u00a0\u00a0\u00a0\u00a0\u00a0\u00a0\u00a0\u00a0\u00a0\u00a0 Verificaci\u00f3n de requisitos<\/td>\n<td width=\"248\">Verificaci\u00f3n por parte del Consejo de Facultad (art. 88 Acuerdo 49 de 2018) del cumplimiento de los requisitos exigidos en el art\u00edculo 39 del Acuerdo 047 de 2017, para cada uno de los aspirantes inscritos.<\/td>\n<td width=\"154\">14 de febrero de 2019<\/td>\n<\/tr>\n<tr>\n<td>3.\u00a0\u00a0\u00a0\u00a0\u00a0\u00a0\u00a0\u00a0\u00a0\u00a0\u00a0\u00a0\u00a0\u00a0\u00a0\u00a0\u00a0 Participaci\u00f3n de estudiantes y docentes del programa<\/td>\n<td width=\"248\">Art\u00edculo 92, Acuerdo 49 de 2018. \u00a0Previo al Consejo de Facultad se deber\u00e1 garantizar la participaci\u00f3n de los estudiantes y \u00a0docentes que le prestan servicios al programa.<\/td>\n<td width=\"154\">15 y 22 de febrero de 2019<\/td>\n<\/tr>\n<tr>\n<td>5.\u00a0\u00a0\u00a0\u00a0\u00a0\u00a0\u00a0\u00a0\u00a0\u00a0\u00a0\u00a0\u00a0\u00a0\u00a0\u00a0\u00a0 Campa\u00f1a Electoral<\/td>\n<td width=\"248\">Presentaci\u00f3n ante el Consejo de Facultad de una propuesta de trabajo por parte de los aspirantes que cumplieron con los requisitos.<\/td>\n<td width=\"154\">25 de febrero de 2019<\/td>\n<\/tr>\n<tr>\n<td>6.\u00a0\u00a0\u00a0\u00a0\u00a0\u00a0\u00a0\u00a0\u00a0\u00a0\u00a0\u00a0\u00a0\u00a0\u00a0\u00a0\u00a0 Elecci\u00f3n y publicaci\u00f3n de elegidos<\/td>\n<td width=\"248\">Consejo de Facultad<\/td>\n<td width=\"154\">25 de febrero de 2019<\/td>\n<\/tr>\n<tr>\n<td>7.\u00a0\u00a0\u00a0\u00a0\u00a0\u00a0\u00a0\u00a0\u00a0\u00a0\u00a0\u00a0\u00a0\u00a0\u00a0\u00a0\u00a0 Recurso de Reposici\u00f3n<\/td>\n<td width=\"248\">Ante el Consejo de Facultad<\/td>\n<td width=\"154\">26 de febrero de 2019<\/td>\n<\/tr>\n<tr>\n<td>8.\u00a0\u00a0\u00a0\u00a0\u00a0\u00a0\u00a0\u00a0\u00a0\u00a0\u00a0\u00a0\u00a0\u00a0\u00a0\u00a0\u00a0 Resolver recursos de Reposici\u00f3n<\/td>\n<td width=\"248\">Consejo de Facultad<\/td>\n<td width=\"154\">27 de febrero de 2018<\/td>\n<\/tr>\n<tr>\n<td>9.\u00a0\u00a0\u00a0\u00a0\u00a0\u00a0\u00a0\u00a0\u00a0\u00a0\u00a0\u00a0\u00a0\u00a0\u00a0\u00a0\u00a0 Designaci\u00f3n<\/td>\n<td width=\"248\">El Consejo de Facultad remite el acto administrativo al Rector con el fin de que realice la designaci\u00f3n<\/td>\n<td width=\"154\">28 de febrero de 2018<\/td>\n<\/tr>\n<\/tbody>\n<\/table>\n<p><strong>\u00a0<\/strong><\/p>\n<p><strong>ART\u00cdCULO TERCERO:<\/strong> La comunicaci\u00f3n oficial para todos los efectos ser\u00e1 a trav\u00e9s de la p\u00e1gina web de la Universidad de Caldas y correo electr\u00f3nico.<\/p>\n<p><strong>ART\u00cdCULO CUARTO: <\/strong>\u00a0El presente Acuerdo comenzar\u00e1 a regir a partir de su publicaci\u00f3n.<\/p>\n<p><strong>PUBL\u00cdQUESE Y C\u00daMPLASE;<\/strong><\/p>\n<p>Dado en Manizales a los once (11) d\u00edas del mes de febrero de 2019<\/p>\n<p>&nbsp;<\/p>\n<p><a href=\"https:\/\/www.ucaldas.edu.co\/portal\/wp-content\/uploads\/2019\/02\/convocatoria-1.pdf\">Convocatoria.<\/a><\/p>\n","protected":false},"excerpt":{"rendered":"<p>UNIVERSIDAD DE CALDAS CONSEJO DE FACULTAD DE ARTES Y HUMANIDADES ACUERDO No. 001 Por el cual se convoca p\u00fablicamente a todas las personas que aspiren a ocupar los cargos p\u00fablicos de director de programa de pregrado de Licenciatura en Lenguas Modernas, Licenciatura en Artes Esc\u00e9nicas, Licenciatura en Filosof\u00eda, Licenciatura en M\u00fasica, Licenciatura en Educaci\u00f3n Ambiental, [&hellip;]<\/p>\n","protected":false},"author":2,"featured_media":45727,"comment_status":"closed","ping_status":"open","sticky":false,"template":"","format":"standard","meta":{"footnotes":"","_members_access_role":[],"_members_access_error":""},"categories":[48,53,243],"tags":[141,188,1376],"class_list":["post-45775","post","type-post","status-publish","format-standard","has-post-thumbnail","hentry","category-actualidad","category-universidad-al-dia","category-ucaldas-acreditada","tag-convocatoria","tag-artes","tag-humanidades"],"yoast_head":"<!-- This site is optimized with the Yoast SEO plugin v28.4 - https:\/\/yoast.com\/product\/yoast-seo-wordpress\/ -->\n<title>Convocatoria Directores de Programa Facultad de Artes y Humanidades .<\/title>\n<meta name=\"robots\" content=\"index, follow, max-snippet:-1, max-image-preview:large, max-video-preview:-1\" \/>\n<link rel=\"canonical\" href=\"https:\/\/www.ucaldas.edu.co\/portal\/convocatoria-directores-de-programa\/\" \/>\n<script type=\"application\/ld+json\" class=\"yoast-schema-graph\">{\"@context\":\"https:\\\/\\\/schema.org\",\"@graph\":[{\"@type\":\"Article\",\"@id\":\"https:\\\/\\\/www.ucaldas.edu.co\\\/portal\\\/convocatoria-directores-de-programa\\\/#article\",\"isPartOf\":{\"@id\":\"https:\\\/\\\/www.ucaldas.edu.co\\\/portal\\\/convocatoria-directores-de-programa\\\/\"},\"author\":{\"name\":\"ofiprensa\",\"@id\":\"https:\\\/\\\/www.ucaldas.edu.co\\\/portal\\\/#\\\/schema\\\/person\\\/a1b482e23449158b4bc319926c074fdf\"},\"headline\":\"Convocatoria Directores de Programa Facultad de Artes y Humanidades\",\"datePublished\":\"2019-02-11T22:37:50+00:00\",\"dateModified\":\"2019-02-11T23:04:14+00:00\",\"mainEntityOfPage\":{\"@id\":\"https:\\\/\\\/www.ucaldas.edu.co\\\/portal\\\/convocatoria-directores-de-programa\\\/\"},\"wordCount\":1083,\"publisher\":{\"@id\":\"https:\\\/\\\/www.ucaldas.edu.co\\\/portal\\\/#organization\"},\"image\":{\"@id\":\"https:\\\/\\\/www.ucaldas.edu.co\\\/portal\\\/convocatoria-directores-de-programa\\\/#primaryimage\"},\"thumbnailUrl\":\"https:\\\/\\\/www.ucaldas.edu.co\\\/portal\\\/wp-content\\\/uploads\\\/2019\\\/02\\\/compagina-compressor.jpg\",\"keywords\":[\"Convocatoria\",\"artes\",\"humanidades\"],\"articleSection\":[\"Actualidad\",\"Universidad al D\u00eda\",\"Ucaldas Acreditada\"],\"inLanguage\":\"es\"},{\"@type\":\"WebPage\",\"@id\":\"https:\\\/\\\/www.ucaldas.edu.co\\\/portal\\\/convocatoria-directores-de-programa\\\/\",\"url\":\"https:\\\/\\\/www.ucaldas.edu.co\\\/portal\\\/convocatoria-directores-de-programa\\\/\",\"name\":\"Convocatoria Directores de Programa Facultad de Artes y Humanidades .\",\"isPartOf\":{\"@id\":\"https:\\\/\\\/www.ucaldas.edu.co\\\/portal\\\/#website\"},\"primaryImageOfPage\":{\"@id\":\"https:\\\/\\\/www.ucaldas.edu.co\\\/portal\\\/convocatoria-directores-de-programa\\\/#primaryimage\"},\"image\":{\"@id\":\"https:\\\/\\\/www.ucaldas.edu.co\\\/portal\\\/convocatoria-directores-de-programa\\\/#primaryimage\"},\"thumbnailUrl\":\"https:\\\/\\\/www.ucaldas.edu.co\\\/portal\\\/wp-content\\\/uploads\\\/2019\\\/02\\\/compagina-compressor.jpg\",\"datePublished\":\"2019-02-11T22:37:50+00:00\",\"dateModified\":\"2019-02-11T23:04:14+00:00\",\"breadcrumb\":{\"@id\":\"https:\\\/\\\/www.ucaldas.edu.co\\\/portal\\\/convocatoria-directores-de-programa\\\/#breadcrumb\"},\"inLanguage\":\"es\",\"potentialAction\":[{\"@type\":\"ReadAction\",\"target\":[\"https:\\\/\\\/www.ucaldas.edu.co\\\/portal\\\/convocatoria-directores-de-programa\\\/\"]}]},{\"@type\":\"ImageObject\",\"inLanguage\":\"es\",\"@id\":\"https:\\\/\\\/www.ucaldas.edu.co\\\/portal\\\/convocatoria-directores-de-programa\\\/#primaryimage\",\"url\":\"https:\\\/\\\/www.ucaldas.edu.co\\\/portal\\\/wp-content\\\/uploads\\\/2019\\\/02\\\/compagina-compressor.jpg\",\"contentUrl\":\"https:\\\/\\\/www.ucaldas.edu.co\\\/portal\\\/wp-content\\\/uploads\\\/2019\\\/02\\\/compagina-compressor.jpg\",\"width\":700,\"height\":400},{\"@type\":\"BreadcrumbList\",\"@id\":\"https:\\\/\\\/www.ucaldas.edu.co\\\/portal\\\/convocatoria-directores-de-programa\\\/#breadcrumb\",\"itemListElement\":[{\"@type\":\"ListItem\",\"position\":1,\"name\":\"Portada\",\"item\":\"https:\\\/\\\/www.ucaldas.edu.co\\\/portal\\\/\"},{\"@type\":\"ListItem\",\"position\":2,\"name\":\"Convocatoria Directores de Programa Facultad de Artes y Humanidades\"}]},{\"@type\":\"WebSite\",\"@id\":\"https:\\\/\\\/www.ucaldas.edu.co\\\/portal\\\/#website\",\"url\":\"https:\\\/\\\/www.ucaldas.edu.co\\\/portal\\\/\",\"name\":\"Universidad de Caldas\",\"description\":\"\",\"publisher\":{\"@id\":\"https:\\\/\\\/www.ucaldas.edu.co\\\/portal\\\/#organization\"},\"alternateName\":\"U. de Caldas\",\"potentialAction\":[{\"@type\":\"SearchAction\",\"target\":{\"@type\":\"EntryPoint\",\"urlTemplate\":\"https:\\\/\\\/www.ucaldas.edu.co\\\/portal\\\/?s={search_term_string}\"},\"query-input\":{\"@type\":\"PropertyValueSpecification\",\"valueRequired\":true,\"valueName\":\"search_term_string\"}}],\"inLanguage\":\"es\"},{\"@type\":\"Organization\",\"@id\":\"https:\\\/\\\/www.ucaldas.edu.co\\\/portal\\\/#organization\",\"name\":\"Universidad de Caldas\",\"alternateName\":\"U. de Caldas\",\"url\":\"https:\\\/\\\/www.ucaldas.edu.co\\\/portal\\\/\",\"logo\":{\"@type\":\"ImageObject\",\"inLanguage\":\"es\",\"@id\":\"https:\\\/\\\/www.ucaldas.edu.co\\\/portal\\\/#\\\/schema\\\/logo\\\/image\\\/\",\"url\":\"https:\\\/\\\/www.ucaldas.edu.co\\\/portal\\\/wp-content\\\/uploads\\\/2023\\\/11\\\/Logo_horizontal_oscuroU-2023.png\",\"contentUrl\":\"https:\\\/\\\/www.ucaldas.edu.co\\\/portal\\\/wp-content\\\/uploads\\\/2023\\\/11\\\/Logo_horizontal_oscuroU-2023.png\",\"width\":263,\"height\":101,\"caption\":\"Universidad de Caldas\"},\"image\":{\"@id\":\"https:\\\/\\\/www.ucaldas.edu.co\\\/portal\\\/#\\\/schema\\\/logo\\\/image\\\/\"},\"sameAs\":[\"https:\\\/\\\/www.facebook.com\\\/udecaldas\",\"https:\\\/\\\/x.com\\\/udecaldas\",\"https:\\\/\\\/www.youtube.com\\\/universidadcaldas\",\"https:\\\/\\\/www.instagram.com\\\/udecaldas\\\/\"]},{\"@type\":\"Person\",\"@id\":\"https:\\\/\\\/www.ucaldas.edu.co\\\/portal\\\/#\\\/schema\\\/person\\\/a1b482e23449158b4bc319926c074fdf\",\"name\":\"ofiprensa\",\"image\":{\"@type\":\"ImageObject\",\"inLanguage\":\"es\",\"@id\":\"https:\\\/\\\/www.ucaldas.edu.co\\\/portal\\\/wp-content\\\/litespeed\\\/avatar\\\/09ea5085e600095a7a811142c6944527.jpg?ver=1788384175\",\"url\":\"https:\\\/\\\/www.ucaldas.edu.co\\\/portal\\\/wp-content\\\/litespeed\\\/avatar\\\/09ea5085e600095a7a811142c6944527.jpg?ver=1788384175\",\"contentUrl\":\"https:\\\/\\\/www.ucaldas.edu.co\\\/portal\\\/wp-content\\\/litespeed\\\/avatar\\\/09ea5085e600095a7a811142c6944527.jpg?ver=1788384175\",\"caption\":\"ofiprensa\"},\"url\":\"https:\\\/\\\/www.ucaldas.edu.co\\\/portal\\\/author\\\/ofiprensa\\\/\"}]}<\/script>\n<!-- \/ Yoast SEO plugin. -->","yoast_head_json":{"title":"Convocatoria Directores de Programa Facultad de Artes y Humanidades .","robots":{"index":"index","follow":"follow","max-snippet":"max-snippet:-1","max-image-preview":"max-image-preview:large","max-video-preview":"max-video-preview:-1"},"canonical":"https:\/\/www.ucaldas.edu.co\/portal\/convocatoria-directores-de-programa\/","schema":{"@context":"https:\/\/schema.org","@graph":[{"@type":"Article","@id":"https:\/\/www.ucaldas.edu.co\/portal\/convocatoria-directores-de-programa\/#article","isPartOf":{"@id":"https:\/\/www.ucaldas.edu.co\/portal\/convocatoria-directores-de-programa\/"},"author":{"name":"ofiprensa","@id":"https:\/\/www.ucaldas.edu.co\/portal\/#\/schema\/person\/a1b482e23449158b4bc319926c074fdf"},"headline":"Convocatoria Directores de Programa Facultad de Artes y Humanidades","datePublished":"2019-02-11T22:37:50+00:00","dateModified":"2019-02-11T23:04:14+00:00","mainEntityOfPage":{"@id":"https:\/\/www.ucaldas.edu.co\/portal\/convocatoria-directores-de-programa\/"},"wordCount":1083,"publisher":{"@id":"https:\/\/www.ucaldas.edu.co\/portal\/#organization"},"image":{"@id":"https:\/\/www.ucaldas.edu.co\/portal\/convocatoria-directores-de-programa\/#primaryimage"},"thumbnailUrl":"https:\/\/www.ucaldas.edu.co\/portal\/wp-content\/uploads\/2019\/02\/compagina-compressor.jpg","keywords":["Convocatoria","artes","humanidades"],"articleSection":["Actualidad","Universidad al D\u00eda","Ucaldas Acreditada"],"inLanguage":"es"},{"@type":"WebPage","@id":"https:\/\/www.ucaldas.edu.co\/portal\/convocatoria-directores-de-programa\/","url":"https:\/\/www.ucaldas.edu.co\/portal\/convocatoria-directores-de-programa\/","name":"Convocatoria Directores de Programa Facultad de Artes y Humanidades .","isPartOf":{"@id":"https:\/\/www.ucaldas.edu.co\/portal\/#website"},"primaryImageOfPage":{"@id":"https:\/\/www.ucaldas.edu.co\/portal\/convocatoria-directores-de-programa\/#primaryimage"},"image":{"@id":"https:\/\/www.ucaldas.edu.co\/portal\/convocatoria-directores-de-programa\/#primaryimage"},"thumbnailUrl":"https:\/\/www.ucaldas.edu.co\/portal\/wp-content\/uploads\/2019\/02\/compagina-compressor.jpg","datePublished":"2019-02-11T22:37:50+00:00","dateModified":"2019-02-11T23:04:14+00:00","breadcrumb":{"@id":"https:\/\/www.ucaldas.edu.co\/portal\/convocatoria-directores-de-programa\/#breadcrumb"},"inLanguage":"es","potentialAction":[{"@type":"ReadAction","target":["https:\/\/www.ucaldas.edu.co\/portal\/convocatoria-directores-de-programa\/"]}]},{"@type":"ImageObject","inLanguage":"es","@id":"https:\/\/www.ucaldas.edu.co\/portal\/convocatoria-directores-de-programa\/#primaryimage","url":"https:\/\/www.ucaldas.edu.co\/portal\/wp-content\/uploads\/2019\/02\/compagina-compressor.jpg","contentUrl":"https:\/\/www.ucaldas.edu.co\/portal\/wp-content\/uploads\/2019\/02\/compagina-compressor.jpg","width":700,"height":400},{"@type":"BreadcrumbList","@id":"https:\/\/www.ucaldas.edu.co\/portal\/convocatoria-directores-de-programa\/#breadcrumb","itemListElement":[{"@type":"ListItem","position":1,"name":"Portada","item":"https:\/\/www.ucaldas.edu.co\/portal\/"},{"@type":"ListItem","position":2,"name":"Convocatoria Directores de Programa Facultad de Artes y Humanidades"}]},{"@type":"WebSite","@id":"https:\/\/www.ucaldas.edu.co\/portal\/#website","url":"https:\/\/www.ucaldas.edu.co\/portal\/","name":"Universidad de Caldas","description":"","publisher":{"@id":"https:\/\/www.ucaldas.edu.co\/portal\/#organization"},"alternateName":"U. de Caldas","potentialAction":[{"@type":"SearchAction","target":{"@type":"EntryPoint","urlTemplate":"https:\/\/www.ucaldas.edu.co\/portal\/?s={search_term_string}"},"query-input":{"@type":"PropertyValueSpecification","valueRequired":true,"valueName":"search_term_string"}}],"inLanguage":"es"},{"@type":"Organization","@id":"https:\/\/www.ucaldas.edu.co\/portal\/#organization","name":"Universidad de Caldas","alternateName":"U. de Caldas","url":"https:\/\/www.ucaldas.edu.co\/portal\/","logo":{"@type":"ImageObject","inLanguage":"es","@id":"https:\/\/www.ucaldas.edu.co\/portal\/#\/schema\/logo\/image\/","url":"https:\/\/www.ucaldas.edu.co\/portal\/wp-content\/uploads\/2023\/11\/Logo_horizontal_oscuroU-2023.png","contentUrl":"https:\/\/www.ucaldas.edu.co\/portal\/wp-content\/uploads\/2023\/11\/Logo_horizontal_oscuroU-2023.png","width":263,"height":101,"caption":"Universidad de Caldas"},"image":{"@id":"https:\/\/www.ucaldas.edu.co\/portal\/#\/schema\/logo\/image\/"},"sameAs":["https:\/\/www.facebook.com\/udecaldas","https:\/\/x.com\/udecaldas","https:\/\/www.youtube.com\/universidadcaldas","https:\/\/www.instagram.com\/udecaldas\/"]},{"@type":"Person","@id":"https:\/\/www.ucaldas.edu.co\/portal\/#\/schema\/person\/a1b482e23449158b4bc319926c074fdf","name":"ofiprensa","image":{"@type":"ImageObject","inLanguage":"es","@id":"https:\/\/www.ucaldas.edu.co\/portal\/wp-content\/litespeed\/avatar\/09ea5085e600095a7a811142c6944527.jpg?ver=1788384175","url":"https:\/\/www.ucaldas.edu.co\/portal\/wp-content\/litespeed\/avatar\/09ea5085e600095a7a811142c6944527.jpg?ver=1788384175","contentUrl":"https:\/\/www.ucaldas.edu.co\/portal\/wp-content\/litespeed\/avatar\/09ea5085e600095a7a811142c6944527.jpg?ver=1788384175","caption":"ofiprensa"},"url":"https:\/\/www.ucaldas.edu.co\/portal\/author\/ofiprensa\/"}]}},"_links":{"self":[{"href":"https:\/\/www.ucaldas.edu.co\/portal\/wp-json\/wp\/v2\/posts\/45775","targetHints":{"allow":["GET"]}}],"collection":[{"href":"https:\/\/www.ucaldas.edu.co\/portal\/wp-json\/wp\/v2\/posts"}],"about":[{"href":"https:\/\/www.ucaldas.edu.co\/portal\/wp-json\/wp\/v2\/types\/post"}],"author":[{"embeddable":true,"href":"https:\/\/www.ucaldas.edu.co\/portal\/wp-json\/wp\/v2\/users\/2"}],"replies":[{"embeddable":true,"href":"https:\/\/www.ucaldas.edu.co\/portal\/wp-json\/wp\/v2\/comments?post=45775"}],"version-history":[{"count":0,"href":"https:\/\/www.ucaldas.edu.co\/portal\/wp-json\/wp\/v2\/posts\/45775\/revisions"}],"wp:featuredmedia":[{"embeddable":true,"href":"https:\/\/www.ucaldas.edu.co\/portal\/wp-json\/wp\/v2\/media\/45727"}],"wp:attachment":[{"href":"https:\/\/www.ucaldas.edu.co\/portal\/wp-json\/wp\/v2\/media?parent=45775"}],"wp:term":[{"taxonomy":"category","embeddable":true,"href":"https:\/\/www.ucaldas.edu.co\/portal\/wp-json\/wp\/v2\/categories?post=45775"},{"taxonomy":"post_tag","embeddable":true,"href":"https:\/\/www.ucaldas.edu.co\/portal\/wp-json\/wp\/v2\/tags?post=45775"}],"curies":[{"name":"wp","href":"https:\/\/api.w.org\/{rel}","templated":true}]}}