{"id":45681,"date":"2019-02-06T21:39:32","date_gmt":"2019-02-06T21:39:32","guid":{"rendered":"https:\/\/www.ucaldas.edu.co\/portal\/?p=45681"},"modified":"2019-02-07T14:12:13","modified_gmt":"2019-02-07T14:12:13","slug":"u-de-caldas-participa-en-el-proyecto-el-sueno-de-chocolate","status":"publish","type":"post","link":"https:\/\/www.ucaldas.edu.co\/portal\/u-de-caldas-participa-en-el-proyecto-el-sueno-de-chocolate\/","title":{"rendered":"U. de Caldas participa en el proyecto: \u201cEl Sue\u00f1o de Chocolate\u201d"},"content":{"rendered":"<p style=\"text-align: center;\">EMPRENDIMIENTO EN EL URAB\u00c1 ANTIOQUE\u00d1O<br \/>\n<strong>U. de Caldas participa en el proyecto: \u201cEl Sue\u00f1o de Chocolate\u201d<\/strong><\/p>\n<p style=\"text-align: right;\">06\/02\/2019<\/p>\n<p><img loading=\"lazy\" decoding=\"async\" class=\"size-full wp-image-45695 aligncenter\" src=\"https:\/\/www.ucaldas.edu.co\/portal\/wp-content\/uploads\/2019\/02\/51849603_519482538574467_4020355324841033728_n.jpg\" alt=\"\" width=\"903\" height=\"678\" srcset=\"https:\/\/www.ucaldas.edu.co\/portal\/wp-content\/uploads\/2019\/02\/51849603_519482538574467_4020355324841033728_n.jpg 903w, https:\/\/www.ucaldas.edu.co\/portal\/wp-content\/uploads\/2019\/02\/51849603_519482538574467_4020355324841033728_n-300x225.jpg 300w, https:\/\/www.ucaldas.edu.co\/portal\/wp-content\/uploads\/2019\/02\/51849603_519482538574467_4020355324841033728_n-768x577.jpg 768w\" sizes=\"auto, (max-width: 903px) 100vw, 903px\" \/>La Universidad de Caldas como parte del ecosistema de \u201cManizales M\u00e1s\u201d, participa en el proyecto: \u201cEl Sue\u00f1o de Chocolate\u201d de Casa Luker que busca liderar el desarrollo social y econ\u00f3mico en las regiones productoras de cacao en Colombia.<\/p>\n<p><!--more--><\/p>\n<p>Carolina Chalarca Carmona, docente de la Universidad de Caldas e integrante del programa Profesores de Alto Potencial PAP, tuvo la oportunidad de ser la representante de la instituci\u00f3n en el primer entrenamiento denominado \u00abCartograf\u00eda &#8211; Dise\u00f1o participativo &#8211; Identificaci\u00f3n de problemas y necesidades\u00bb en el corregimiento de Caribia de Necocl\u00ed, Antioquia. Chalarca dio apertura al proyecto de formaci\u00f3n con 43 productores de la zona que buscan generar nuevos emprendimientos en la regi\u00f3n.<\/p>\n<p>&nbsp;<\/p>\n<p>Chalarca afirma que el principal objetivo del proyecto es generar mejores condiciones y calidad de vida para diferentes poblaciones, principalmente productoras de cacao, apost\u00e1ndole a la generaci\u00f3n de emprendimiento que genere sostenibilidad econ\u00f3mica y social en las regiones m\u00e1s golpeadas por el conflicto armado y la desigualdad social.<\/p>\n<p>&nbsp;<\/p>\n<p>Con estos espacios de formaci\u00f3n se quiere sembrar una cultura emprendedora en Caribia y obtener as\u00ed un proyecto de desarrollo de un producto artesanal propio de la regi\u00f3n y su cadena de abastecimiento, esto bajo la sombrilla del proyecto El Sue\u00f1o de Chocolate.<\/p>\n<p>&nbsp;<\/p>\n<p>El Sue\u00f1o de Chocolate tiene 15 metas a cumplir en Necocl\u00ed:<\/p>\n<p>&nbsp;<\/p>\n<ul>\n<li>Construir el Macondo de Chocolate (Cumplir los sue\u00f1os de la poblaci\u00f3n).<\/li>\n<li>Mejorar el bienestar de las personas.<\/li>\n<li>Mejora de la infraestructura en la regi\u00f3n.<\/li>\n<li>Entrenar cacaocultores para que cultiven sus tierras.<\/li>\n<li>Hacer investigaci\u00f3n aplicada al campo.<\/li>\n<li>Sembrar variedades de cacao \u00fanicas.<\/li>\n<li>Comprometerse con el medio ambiente.<\/li>\n<li>Crear alianzas con la academia.<\/li>\n<li>Promover el emprendimiento.<\/li>\n<li>Buscar apoyo en financiaci\u00f3n.<\/li>\n<li>Invitar a m\u00e1s personas a participar.<\/li>\n<li>Apoyar la educaci\u00f3n como prioridad.<\/li>\n<li>Promover la innovaci\u00f3n tecnol\u00f3gica.<\/li>\n<li>Fomentar el arte y las humanidades.<\/li>\n<li>Alinearse con las instituciones gubernamentales.<\/li>\n<\/ul>\n<p>&nbsp;<\/p>\n<p>Finalmente, Chalarca comenta que en total ser\u00e1n 5 entrenamientos de 12 horas cada uno, en los cuales se quiere fortalecer y potencializar los proyectos de los pobladores de la regi\u00f3n, generando impactos positivos en la calidad de vida de las familias de esta zona del Urab\u00e1 Antioque\u00f1o.<\/p>\n<p>&nbsp;<\/p>\n<p><a href=\"http:\/\/thechocolatedream.co\/es\">Conoce m\u00e1s de El Sue\u00f1o de Chocolate.<\/a><\/p>\n<p>&nbsp;<\/p>\n<p><strong>Informes: <\/strong>Oficina de Comunicaciones y Prensa Universidad de Caldas. Tel\u00e9fono: 8781500 Extensi\u00f3n: 12167<\/p>\n<p><strong>Redacci\u00f3n: <\/strong>Mateo Buritic\u00e1 Giraldo<\/p>\n<p>&nbsp;<\/p>\n","protected":false},"excerpt":{"rendered":"<p>EMPRENDIMIENTO EN EL URAB\u00c1 ANTIOQUE\u00d1O U. de Caldas participa en el proyecto: \u201cEl Sue\u00f1o de Chocolate\u201d 06\/02\/2019 La Universidad de Caldas como parte del ecosistema de \u201cManizales M\u00e1s\u201d, participa en el proyecto: \u201cEl Sue\u00f1o de Chocolate\u201d de Casa Luker que busca liderar el desarrollo social y econ\u00f3mico en las regiones productoras de cacao en Colombia.<\/p>\n","protected":false},"author":2,"featured_media":45695,"comment_status":"closed","ping_status":"open","sticky":false,"template":"","format":"standard","meta":{"footnotes":""},"categories":[48,53,617],"tags":[429,2917,3421,3422,3423],"class_list":["post-45681","post","type-post","status-publish","format-standard","has-post-thumbnail","hentry","category-actualidad","category-universidad-al-dia","category-ucaldas-colaborativa","tag-emprendimiento","tag-cacao","tag-necocli","tag-casa-luker","tag-sueno-de-chocolate"],"yoast_head":"<!-- This site is optimized with the Yoast SEO plugin v27.5 - https:\/\/yoast.com\/product\/yoast-seo-wordpress\/ -->\n<title>U. de Caldas participa en el proyecto: \u201cEl Sue\u00f1o de Chocolate\u201d .<\/title>\n<meta name=\"robots\" content=\"index, follow, max-snippet:-1, max-image-preview:large, max-video-preview:-1\" \/>\n<link rel=\"canonical\" href=\"https:\/\/www.ucaldas.edu.co\/portal\/u-de-caldas-participa-en-el-proyecto-el-sueno-de-chocolate\/\" \/>\n<script type=\"application\/ld+json\" class=\"yoast-schema-graph\">{\"@context\":\"https:\\\/\\\/schema.org\",\"@graph\":[{\"@type\":\"Article\",\"@id\":\"https:\\\/\\\/www.ucaldas.edu.co\\\/portal\\\/u-de-caldas-participa-en-el-proyecto-el-sueno-de-chocolate\\\/#article\",\"isPartOf\":{\"@id\":\"https:\\\/\\\/www.ucaldas.edu.co\\\/portal\\\/u-de-caldas-participa-en-el-proyecto-el-sueno-de-chocolate\\\/\"},\"author\":{\"name\":\"ofiprensa\",\"@id\":\"https:\\\/\\\/www.ucaldas.edu.co\\\/portal\\\/#\\\/schema\\\/person\\\/a1b482e23449158b4bc319926c074fdf\"},\"headline\":\"U. de Caldas participa en el proyecto: \u201cEl Sue\u00f1o de Chocolate\u201d\",\"datePublished\":\"2019-02-06T21:39:32+00:00\",\"dateModified\":\"2019-02-07T14:12:13+00:00\",\"mainEntityOfPage\":{\"@id\":\"https:\\\/\\\/www.ucaldas.edu.co\\\/portal\\\/u-de-caldas-participa-en-el-proyecto-el-sueno-de-chocolate\\\/\"},\"wordCount\":433,\"publisher\":{\"@id\":\"https:\\\/\\\/www.ucaldas.edu.co\\\/portal\\\/#organization\"},\"image\":{\"@id\":\"https:\\\/\\\/www.ucaldas.edu.co\\\/portal\\\/u-de-caldas-participa-en-el-proyecto-el-sueno-de-chocolate\\\/#primaryimage\"},\"thumbnailUrl\":\"https:\\\/\\\/www.ucaldas.edu.co\\\/portal\\\/wp-content\\\/uploads\\\/2019\\\/02\\\/51849603_519482538574467_4020355324841033728_n.jpg\",\"keywords\":[\"Emprendimiento\",\"cacao\",\"necocl\u00ed\",\"Casa Luker\",\"sue\u00f1o de chocolate\"],\"articleSection\":[\"Actualidad\",\"Universidad al D\u00eda\",\"UCaldas Colaborativa\"],\"inLanguage\":\"es\"},{\"@type\":\"WebPage\",\"@id\":\"https:\\\/\\\/www.ucaldas.edu.co\\\/portal\\\/u-de-caldas-participa-en-el-proyecto-el-sueno-de-chocolate\\\/\",\"url\":\"https:\\\/\\\/www.ucaldas.edu.co\\\/portal\\\/u-de-caldas-participa-en-el-proyecto-el-sueno-de-chocolate\\\/\",\"name\":\"U. de Caldas participa en el proyecto: \u201cEl Sue\u00f1o de Chocolate\u201d .\",\"isPartOf\":{\"@id\":\"https:\\\/\\\/www.ucaldas.edu.co\\\/portal\\\/#website\"},\"primaryImageOfPage\":{\"@id\":\"https:\\\/\\\/www.ucaldas.edu.co\\\/portal\\\/u-de-caldas-participa-en-el-proyecto-el-sueno-de-chocolate\\\/#primaryimage\"},\"image\":{\"@id\":\"https:\\\/\\\/www.ucaldas.edu.co\\\/portal\\\/u-de-caldas-participa-en-el-proyecto-el-sueno-de-chocolate\\\/#primaryimage\"},\"thumbnailUrl\":\"https:\\\/\\\/www.ucaldas.edu.co\\\/portal\\\/wp-content\\\/uploads\\\/2019\\\/02\\\/51849603_519482538574467_4020355324841033728_n.jpg\",\"datePublished\":\"2019-02-06T21:39:32+00:00\",\"dateModified\":\"2019-02-07T14:12:13+00:00\",\"breadcrumb\":{\"@id\":\"https:\\\/\\\/www.ucaldas.edu.co\\\/portal\\\/u-de-caldas-participa-en-el-proyecto-el-sueno-de-chocolate\\\/#breadcrumb\"},\"inLanguage\":\"es\",\"potentialAction\":[{\"@type\":\"ReadAction\",\"target\":[\"https:\\\/\\\/www.ucaldas.edu.co\\\/portal\\\/u-de-caldas-participa-en-el-proyecto-el-sueno-de-chocolate\\\/\"]}]},{\"@type\":\"ImageObject\",\"inLanguage\":\"es\",\"@id\":\"https:\\\/\\\/www.ucaldas.edu.co\\\/portal\\\/u-de-caldas-participa-en-el-proyecto-el-sueno-de-chocolate\\\/#primaryimage\",\"url\":\"https:\\\/\\\/www.ucaldas.edu.co\\\/portal\\\/wp-content\\\/uploads\\\/2019\\\/02\\\/51849603_519482538574467_4020355324841033728_n.jpg\",\"contentUrl\":\"https:\\\/\\\/www.ucaldas.edu.co\\\/portal\\\/wp-content\\\/uploads\\\/2019\\\/02\\\/51849603_519482538574467_4020355324841033728_n.jpg\",\"width\":903,\"height\":678},{\"@type\":\"BreadcrumbList\",\"@id\":\"https:\\\/\\\/www.ucaldas.edu.co\\\/portal\\\/u-de-caldas-participa-en-el-proyecto-el-sueno-de-chocolate\\\/#breadcrumb\",\"itemListElement\":[{\"@type\":\"ListItem\",\"position\":1,\"name\":\"Portada\",\"item\":\"https:\\\/\\\/www.ucaldas.edu.co\\\/portal\\\/\"},{\"@type\":\"ListItem\",\"position\":2,\"name\":\"U. de Caldas participa en el proyecto: \u201cEl Sue\u00f1o de Chocolate\u201d\"}]},{\"@type\":\"WebSite\",\"@id\":\"https:\\\/\\\/www.ucaldas.edu.co\\\/portal\\\/#website\",\"url\":\"https:\\\/\\\/www.ucaldas.edu.co\\\/portal\\\/\",\"name\":\"Universidad de Caldas\",\"description\":\"\",\"publisher\":{\"@id\":\"https:\\\/\\\/www.ucaldas.edu.co\\\/portal\\\/#organization\"},\"alternateName\":\"U. de Caldas\",\"potentialAction\":[{\"@type\":\"SearchAction\",\"target\":{\"@type\":\"EntryPoint\",\"urlTemplate\":\"https:\\\/\\\/www.ucaldas.edu.co\\\/portal\\\/?s={search_term_string}\"},\"query-input\":{\"@type\":\"PropertyValueSpecification\",\"valueRequired\":true,\"valueName\":\"search_term_string\"}}],\"inLanguage\":\"es\"},{\"@type\":\"Organization\",\"@id\":\"https:\\\/\\\/www.ucaldas.edu.co\\\/portal\\\/#organization\",\"name\":\"Universidad de Caldas\",\"alternateName\":\"U. de Caldas\",\"url\":\"https:\\\/\\\/www.ucaldas.edu.co\\\/portal\\\/\",\"logo\":{\"@type\":\"ImageObject\",\"inLanguage\":\"es\",\"@id\":\"https:\\\/\\\/www.ucaldas.edu.co\\\/portal\\\/#\\\/schema\\\/logo\\\/image\\\/\",\"url\":\"https:\\\/\\\/www.ucaldas.edu.co\\\/portal\\\/wp-content\\\/uploads\\\/2023\\\/11\\\/Logo_horizontal_oscuroU-2023.png\",\"contentUrl\":\"https:\\\/\\\/www.ucaldas.edu.co\\\/portal\\\/wp-content\\\/uploads\\\/2023\\\/11\\\/Logo_horizontal_oscuroU-2023.png\",\"width\":263,\"height\":101,\"caption\":\"Universidad de Caldas\"},\"image\":{\"@id\":\"https:\\\/\\\/www.ucaldas.edu.co\\\/portal\\\/#\\\/schema\\\/logo\\\/image\\\/\"},\"sameAs\":[\"https:\\\/\\\/www.facebook.com\\\/udecaldas\",\"https:\\\/\\\/x.com\\\/udecaldas\",\"https:\\\/\\\/www.youtube.com\\\/universidadcaldas\",\"https:\\\/\\\/www.instagram.com\\\/udecaldas\\\/\"]},{\"@type\":\"Person\",\"@id\":\"https:\\\/\\\/www.ucaldas.edu.co\\\/portal\\\/#\\\/schema\\\/person\\\/a1b482e23449158b4bc319926c074fdf\",\"name\":\"ofiprensa\",\"image\":{\"@type\":\"ImageObject\",\"inLanguage\":\"es\",\"@id\":\"https:\\\/\\\/www.ucaldas.edu.co\\\/portal\\\/wp-content\\\/litespeed\\\/avatar\\\/09ea5085e600095a7a811142c6944527.jpg?ver=1777497608\",\"url\":\"https:\\\/\\\/www.ucaldas.edu.co\\\/portal\\\/wp-content\\\/litespeed\\\/avatar\\\/09ea5085e600095a7a811142c6944527.jpg?ver=1777497608\",\"contentUrl\":\"https:\\\/\\\/www.ucaldas.edu.co\\\/portal\\\/wp-content\\\/litespeed\\\/avatar\\\/09ea5085e600095a7a811142c6944527.jpg?ver=1777497608\",\"caption\":\"ofiprensa\"},\"url\":\"https:\\\/\\\/www.ucaldas.edu.co\\\/portal\\\/author\\\/ofiprensa\\\/\"}]}<\/script>\n<!-- \/ Yoast SEO plugin. -->","yoast_head_json":{"title":"U. de Caldas participa en el proyecto: \u201cEl Sue\u00f1o de Chocolate\u201d .","robots":{"index":"index","follow":"follow","max-snippet":"max-snippet:-1","max-image-preview":"max-image-preview:large","max-video-preview":"max-video-preview:-1"},"canonical":"https:\/\/www.ucaldas.edu.co\/portal\/u-de-caldas-participa-en-el-proyecto-el-sueno-de-chocolate\/","schema":{"@context":"https:\/\/schema.org","@graph":[{"@type":"Article","@id":"https:\/\/www.ucaldas.edu.co\/portal\/u-de-caldas-participa-en-el-proyecto-el-sueno-de-chocolate\/#article","isPartOf":{"@id":"https:\/\/www.ucaldas.edu.co\/portal\/u-de-caldas-participa-en-el-proyecto-el-sueno-de-chocolate\/"},"author":{"name":"ofiprensa","@id":"https:\/\/www.ucaldas.edu.co\/portal\/#\/schema\/person\/a1b482e23449158b4bc319926c074fdf"},"headline":"U. de Caldas participa en el proyecto: \u201cEl Sue\u00f1o de Chocolate\u201d","datePublished":"2019-02-06T21:39:32+00:00","dateModified":"2019-02-07T14:12:13+00:00","mainEntityOfPage":{"@id":"https:\/\/www.ucaldas.edu.co\/portal\/u-de-caldas-participa-en-el-proyecto-el-sueno-de-chocolate\/"},"wordCount":433,"publisher":{"@id":"https:\/\/www.ucaldas.edu.co\/portal\/#organization"},"image":{"@id":"https:\/\/www.ucaldas.edu.co\/portal\/u-de-caldas-participa-en-el-proyecto-el-sueno-de-chocolate\/#primaryimage"},"thumbnailUrl":"https:\/\/www.ucaldas.edu.co\/portal\/wp-content\/uploads\/2019\/02\/51849603_519482538574467_4020355324841033728_n.jpg","keywords":["Emprendimiento","cacao","necocl\u00ed","Casa Luker","sue\u00f1o de chocolate"],"articleSection":["Actualidad","Universidad al D\u00eda","UCaldas Colaborativa"],"inLanguage":"es"},{"@type":"WebPage","@id":"https:\/\/www.ucaldas.edu.co\/portal\/u-de-caldas-participa-en-el-proyecto-el-sueno-de-chocolate\/","url":"https:\/\/www.ucaldas.edu.co\/portal\/u-de-caldas-participa-en-el-proyecto-el-sueno-de-chocolate\/","name":"U. de Caldas participa en el proyecto: \u201cEl Sue\u00f1o de Chocolate\u201d .","isPartOf":{"@id":"https:\/\/www.ucaldas.edu.co\/portal\/#website"},"primaryImageOfPage":{"@id":"https:\/\/www.ucaldas.edu.co\/portal\/u-de-caldas-participa-en-el-proyecto-el-sueno-de-chocolate\/#primaryimage"},"image":{"@id":"https:\/\/www.ucaldas.edu.co\/portal\/u-de-caldas-participa-en-el-proyecto-el-sueno-de-chocolate\/#primaryimage"},"thumbnailUrl":"https:\/\/www.ucaldas.edu.co\/portal\/wp-content\/uploads\/2019\/02\/51849603_519482538574467_4020355324841033728_n.jpg","datePublished":"2019-02-06T21:39:32+00:00","dateModified":"2019-02-07T14:12:13+00:00","breadcrumb":{"@id":"https:\/\/www.ucaldas.edu.co\/portal\/u-de-caldas-participa-en-el-proyecto-el-sueno-de-chocolate\/#breadcrumb"},"inLanguage":"es","potentialAction":[{"@type":"ReadAction","target":["https:\/\/www.ucaldas.edu.co\/portal\/u-de-caldas-participa-en-el-proyecto-el-sueno-de-chocolate\/"]}]},{"@type":"ImageObject","inLanguage":"es","@id":"https:\/\/www.ucaldas.edu.co\/portal\/u-de-caldas-participa-en-el-proyecto-el-sueno-de-chocolate\/#primaryimage","url":"https:\/\/www.ucaldas.edu.co\/portal\/wp-content\/uploads\/2019\/02\/51849603_519482538574467_4020355324841033728_n.jpg","contentUrl":"https:\/\/www.ucaldas.edu.co\/portal\/wp-content\/uploads\/2019\/02\/51849603_519482538574467_4020355324841033728_n.jpg","width":903,"height":678},{"@type":"BreadcrumbList","@id":"https:\/\/www.ucaldas.edu.co\/portal\/u-de-caldas-participa-en-el-proyecto-el-sueno-de-chocolate\/#breadcrumb","itemListElement":[{"@type":"ListItem","position":1,"name":"Portada","item":"https:\/\/www.ucaldas.edu.co\/portal\/"},{"@type":"ListItem","position":2,"name":"U. de Caldas participa en el proyecto: \u201cEl Sue\u00f1o de Chocolate\u201d"}]},{"@type":"WebSite","@id":"https:\/\/www.ucaldas.edu.co\/portal\/#website","url":"https:\/\/www.ucaldas.edu.co\/portal\/","name":"Universidad de Caldas","description":"","publisher":{"@id":"https:\/\/www.ucaldas.edu.co\/portal\/#organization"},"alternateName":"U. de Caldas","potentialAction":[{"@type":"SearchAction","target":{"@type":"EntryPoint","urlTemplate":"https:\/\/www.ucaldas.edu.co\/portal\/?s={search_term_string}"},"query-input":{"@type":"PropertyValueSpecification","valueRequired":true,"valueName":"search_term_string"}}],"inLanguage":"es"},{"@type":"Organization","@id":"https:\/\/www.ucaldas.edu.co\/portal\/#organization","name":"Universidad de Caldas","alternateName":"U. de Caldas","url":"https:\/\/www.ucaldas.edu.co\/portal\/","logo":{"@type":"ImageObject","inLanguage":"es","@id":"https:\/\/www.ucaldas.edu.co\/portal\/#\/schema\/logo\/image\/","url":"https:\/\/www.ucaldas.edu.co\/portal\/wp-content\/uploads\/2023\/11\/Logo_horizontal_oscuroU-2023.png","contentUrl":"https:\/\/www.ucaldas.edu.co\/portal\/wp-content\/uploads\/2023\/11\/Logo_horizontal_oscuroU-2023.png","width":263,"height":101,"caption":"Universidad de Caldas"},"image":{"@id":"https:\/\/www.ucaldas.edu.co\/portal\/#\/schema\/logo\/image\/"},"sameAs":["https:\/\/www.facebook.com\/udecaldas","https:\/\/x.com\/udecaldas","https:\/\/www.youtube.com\/universidadcaldas","https:\/\/www.instagram.com\/udecaldas\/"]},{"@type":"Person","@id":"https:\/\/www.ucaldas.edu.co\/portal\/#\/schema\/person\/a1b482e23449158b4bc319926c074fdf","name":"ofiprensa","image":{"@type":"ImageObject","inLanguage":"es","@id":"https:\/\/www.ucaldas.edu.co\/portal\/wp-content\/litespeed\/avatar\/09ea5085e600095a7a811142c6944527.jpg?ver=1777497608","url":"https:\/\/www.ucaldas.edu.co\/portal\/wp-content\/litespeed\/avatar\/09ea5085e600095a7a811142c6944527.jpg?ver=1777497608","contentUrl":"https:\/\/www.ucaldas.edu.co\/portal\/wp-content\/litespeed\/avatar\/09ea5085e600095a7a811142c6944527.jpg?ver=1777497608","caption":"ofiprensa"},"url":"https:\/\/www.ucaldas.edu.co\/portal\/author\/ofiprensa\/"}]}},"_links":{"self":[{"href":"https:\/\/www.ucaldas.edu.co\/portal\/wp-json\/wp\/v2\/posts\/45681","targetHints":{"allow":["GET"]}}],"collection":[{"href":"https:\/\/www.ucaldas.edu.co\/portal\/wp-json\/wp\/v2\/posts"}],"about":[{"href":"https:\/\/www.ucaldas.edu.co\/portal\/wp-json\/wp\/v2\/types\/post"}],"author":[{"embeddable":true,"href":"https:\/\/www.ucaldas.edu.co\/portal\/wp-json\/wp\/v2\/users\/2"}],"replies":[{"embeddable":true,"href":"https:\/\/www.ucaldas.edu.co\/portal\/wp-json\/wp\/v2\/comments?post=45681"}],"version-history":[{"count":0,"href":"https:\/\/www.ucaldas.edu.co\/portal\/wp-json\/wp\/v2\/posts\/45681\/revisions"}],"wp:featuredmedia":[{"embeddable":true,"href":"https:\/\/www.ucaldas.edu.co\/portal\/wp-json\/wp\/v2\/media\/45695"}],"wp:attachment":[{"href":"https:\/\/www.ucaldas.edu.co\/portal\/wp-json\/wp\/v2\/media?parent=45681"}],"wp:term":[{"taxonomy":"category","embeddable":true,"href":"https:\/\/www.ucaldas.edu.co\/portal\/wp-json\/wp\/v2\/categories?post=45681"},{"taxonomy":"post_tag","embeddable":true,"href":"https:\/\/www.ucaldas.edu.co\/portal\/wp-json\/wp\/v2\/tags?post=45681"}],"curies":[{"name":"wp","href":"https:\/\/api.w.org\/{rel}","templated":true}]}}