{"id":45661,"date":"2019-02-05T23:21:03","date_gmt":"2019-02-05T23:21:03","guid":{"rendered":"https:\/\/www.ucaldas.edu.co\/portal\/?p=45661"},"modified":"2019-02-05T23:21:03","modified_gmt":"2019-02-05T23:21:03","slug":"comunidad-estudiantes-y-profesores-se-le-miden-a-la-innovacion-social","status":"publish","type":"post","link":"https:\/\/www.ucaldas.edu.co\/portal\/comunidad-estudiantes-y-profesores-se-le-miden-a-la-innovacion-social\/","title":{"rendered":"Comunidad, Estudiantes y Profesores se le miden a la innovaci\u00f3n social."},"content":{"rendered":"<p style=\"text-align: center;\">SER\u00c1 ESTE S\u00c1BADO EN EL CENTRO DE CIENCIA FRANCISCO JOS\u00c9 DE CALDAS<\/p>\n<p style=\"text-align: center;\"><strong>Comunidad, Estudiantes y Profesores se le miden a la innovaci\u00f3n social.<\/strong><\/p>\n<p style=\"text-align: right;\">05\/02\/2019<\/p>\n<p><img loading=\"lazy\" decoding=\"async\" class=\"size-full wp-image-45243 aligncenter\" src=\"https:\/\/www.ucaldas.edu.co\/portal\/wp-content\/uploads\/2018\/12\/salmona-compressor.jpg\" alt=\"\" width=\"700\" height=\"401\" srcset=\"https:\/\/www.ucaldas.edu.co\/portal\/wp-content\/uploads\/2018\/12\/salmona-compressor.jpg 700w, https:\/\/www.ucaldas.edu.co\/portal\/wp-content\/uploads\/2018\/12\/salmona-compressor-300x172.jpg 300w\" sizes=\"auto, (max-width: 700px) 100vw, 700px\" \/>El pr\u00f3ximo s\u00e1bado 9 de febrero en el Centro de Ciencias Francisco Jos\u00e9 de Caldas, se llevar\u00e1 a cabo un taller de \u201cideaci\u00f3n\u201d del que har\u00e1n parte l\u00edderes comunitarios de 4 municipios de Caldas, estudiantes y profesores de la Universidad de Caldas dentro del proceso de Innovaci\u00f3n Social liderado por la Vicerrector\u00eda de Proyecci\u00f3n Universitaria.<\/p>\n<p><!--more--><\/p>\n<p>La jornada de resoluci\u00f3n de retos, ser\u00e1 orientada por el Asesor de Innovaci\u00f3n Social del Centro de Ciencia Francisco Jos\u00e9 de Caldas Rafael Villa Restrepo y est\u00e1 enfocada a trav\u00e9s de una metodolog\u00eda planteada a partir de herramientas de dise\u00f1o la resoluci\u00f3n de problemas de manera colaborativa: estudiantes- profesores y comunidad,<\/p>\n<p>&nbsp;<\/p>\n<p>De acuerdo con la Vicerrectora de Proyecci\u00f3n Universitaria Patricia Salazar Villegas, esta es la tercera etapa del proyecto que busca \u201cAcercar a los estudiantes a enfrentar problemas reales integrando en igualdad de condiciones el conocimiento de la comunidad y de los expertos, para m\u00e1s adelante lograr materializar las soluciones a trav\u00e9s de pol\u00edticas sociales o proyectos de emprendimiento social\u201d<\/p>\n<p>&nbsp;<\/p>\n<p>Durante la actividad se presentar\u00e1n proyectos de innovaci\u00f3n social entre los que se cuentan: Telesalud en Pensilvania, el cuidado del ecosistema de la selva del corregimiento de Florencia (Saman\u00e1), el programa de envejecimiento activo en Neira y el proyecto de las mujeres emprendedoras rurales afrodescendientes de Victoria en el oriente de Caldas.<\/p>\n<p>&nbsp;<\/p>\n<p><strong>\u00a0<\/strong><\/p>\n<p><strong>\u00a0<\/strong><\/p>\n<p><strong>Anexos:<\/strong><\/p>\n<ul>\n<li>Audio Vicerrectora Proyecci\u00f3n Universidad de Caldas, Patricia Salazar Villegas<\/li>\n<\/ul>\n<p><a href=\"https:\/\/co.ivoox.com\/es\/vicerrectoria-proyeccion-audios-mp3_rf_32295336_1.html\">https:\/\/co.ivoox.com\/es\/vicerrectoria-proyeccion-audios-mp3_rf_32295336_1.html<\/a><\/p>\n<p>&nbsp;<\/p>\n<p><strong>\u00a0<\/strong><\/p>\n<p><strong>\u00a0<\/strong><\/p>\n<p><strong>Informes: <\/strong>Oficina de Comunicaciones y Prensa Universidad de Caldas.<\/p>\n<p><strong>Tel\u00e9fono:<\/strong> 8781500 Extensi\u00f3n: 12167<\/p>\n<p><strong>Redacci\u00f3n:<\/strong> Mateo Buritic\u00e1 Giraldo<\/p>\n<p>&nbsp;<\/p>\n","protected":false},"excerpt":{"rendered":"<p>SER\u00c1 ESTE S\u00c1BADO EN EL CENTRO DE CIENCIA FRANCISCO JOS\u00c9 DE CALDAS Comunidad, Estudiantes y Profesores se le miden a la innovaci\u00f3n social. 05\/02\/2019 El pr\u00f3ximo s\u00e1bado 9 de febrero en el Centro de Ciencias Francisco Jos\u00e9 de Caldas, se llevar\u00e1 a cabo un taller de \u201cideaci\u00f3n\u201d del que har\u00e1n parte l\u00edderes comunitarios de 4 [&hellip;]<\/p>\n","protected":false},"author":2,"featured_media":45243,"comment_status":"closed","ping_status":"open","sticky":false,"template":"","format":"standard","meta":{"footnotes":""},"categories":[48,53],"tags":[650,754,3165,73,330,429],"class_list":["post-45661","post","type-post","status-publish","format-standard","has-post-thumbnail","hentry","category-actualidad","category-universidad-al-dia","tag-comunidad","tag-innovacion-social","tag-centro-de-ciencia","tag-proyeccion","tag-estudiantes","tag-emprendimiento"],"yoast_head":"<!-- This site is optimized with the Yoast SEO plugin v27.5 - https:\/\/yoast.com\/product\/yoast-seo-wordpress\/ -->\n<title>Comunidad, Estudiantes y Profesores se le miden a la innovaci\u00f3n social. .<\/title>\n<meta name=\"robots\" content=\"index, follow, max-snippet:-1, max-image-preview:large, max-video-preview:-1\" \/>\n<link rel=\"canonical\" href=\"https:\/\/www.ucaldas.edu.co\/portal\/comunidad-estudiantes-y-profesores-se-le-miden-a-la-innovacion-social\/\" \/>\n<script type=\"application\/ld+json\" class=\"yoast-schema-graph\">{\"@context\":\"https:\\\/\\\/schema.org\",\"@graph\":[{\"@type\":\"Article\",\"@id\":\"https:\\\/\\\/www.ucaldas.edu.co\\\/portal\\\/comunidad-estudiantes-y-profesores-se-le-miden-a-la-innovacion-social\\\/#article\",\"isPartOf\":{\"@id\":\"https:\\\/\\\/www.ucaldas.edu.co\\\/portal\\\/comunidad-estudiantes-y-profesores-se-le-miden-a-la-innovacion-social\\\/\"},\"author\":{\"name\":\"ofiprensa\",\"@id\":\"https:\\\/\\\/www.ucaldas.edu.co\\\/portal\\\/#\\\/schema\\\/person\\\/a1b482e23449158b4bc319926c074fdf\"},\"headline\":\"Comunidad, Estudiantes y Profesores se le miden a la innovaci\u00f3n social.\",\"datePublished\":\"2019-02-05T23:21:03+00:00\",\"mainEntityOfPage\":{\"@id\":\"https:\\\/\\\/www.ucaldas.edu.co\\\/portal\\\/comunidad-estudiantes-y-profesores-se-le-miden-a-la-innovacion-social\\\/\"},\"wordCount\":314,\"publisher\":{\"@id\":\"https:\\\/\\\/www.ucaldas.edu.co\\\/portal\\\/#organization\"},\"image\":{\"@id\":\"https:\\\/\\\/www.ucaldas.edu.co\\\/portal\\\/comunidad-estudiantes-y-profesores-se-le-miden-a-la-innovacion-social\\\/#primaryimage\"},\"thumbnailUrl\":\"https:\\\/\\\/www.ucaldas.edu.co\\\/portal\\\/wp-content\\\/uploads\\\/2018\\\/12\\\/salmona-compressor.jpg\",\"keywords\":[\"comunidad\",\"innovaci\u00f3n social\",\"centro de ciencia\",\"Proyecci\u00f3n\",\"estudiantes\",\"Emprendimiento\"],\"articleSection\":[\"Actualidad\",\"Universidad al D\u00eda\"],\"inLanguage\":\"es\"},{\"@type\":\"WebPage\",\"@id\":\"https:\\\/\\\/www.ucaldas.edu.co\\\/portal\\\/comunidad-estudiantes-y-profesores-se-le-miden-a-la-innovacion-social\\\/\",\"url\":\"https:\\\/\\\/www.ucaldas.edu.co\\\/portal\\\/comunidad-estudiantes-y-profesores-se-le-miden-a-la-innovacion-social\\\/\",\"name\":\"Comunidad, Estudiantes y Profesores se le miden a la innovaci\u00f3n social. .\",\"isPartOf\":{\"@id\":\"https:\\\/\\\/www.ucaldas.edu.co\\\/portal\\\/#website\"},\"primaryImageOfPage\":{\"@id\":\"https:\\\/\\\/www.ucaldas.edu.co\\\/portal\\\/comunidad-estudiantes-y-profesores-se-le-miden-a-la-innovacion-social\\\/#primaryimage\"},\"image\":{\"@id\":\"https:\\\/\\\/www.ucaldas.edu.co\\\/portal\\\/comunidad-estudiantes-y-profesores-se-le-miden-a-la-innovacion-social\\\/#primaryimage\"},\"thumbnailUrl\":\"https:\\\/\\\/www.ucaldas.edu.co\\\/portal\\\/wp-content\\\/uploads\\\/2018\\\/12\\\/salmona-compressor.jpg\",\"datePublished\":\"2019-02-05T23:21:03+00:00\",\"breadcrumb\":{\"@id\":\"https:\\\/\\\/www.ucaldas.edu.co\\\/portal\\\/comunidad-estudiantes-y-profesores-se-le-miden-a-la-innovacion-social\\\/#breadcrumb\"},\"inLanguage\":\"es\",\"potentialAction\":[{\"@type\":\"ReadAction\",\"target\":[\"https:\\\/\\\/www.ucaldas.edu.co\\\/portal\\\/comunidad-estudiantes-y-profesores-se-le-miden-a-la-innovacion-social\\\/\"]}]},{\"@type\":\"ImageObject\",\"inLanguage\":\"es\",\"@id\":\"https:\\\/\\\/www.ucaldas.edu.co\\\/portal\\\/comunidad-estudiantes-y-profesores-se-le-miden-a-la-innovacion-social\\\/#primaryimage\",\"url\":\"https:\\\/\\\/www.ucaldas.edu.co\\\/portal\\\/wp-content\\\/uploads\\\/2018\\\/12\\\/salmona-compressor.jpg\",\"contentUrl\":\"https:\\\/\\\/www.ucaldas.edu.co\\\/portal\\\/wp-content\\\/uploads\\\/2018\\\/12\\\/salmona-compressor.jpg\",\"width\":700,\"height\":401},{\"@type\":\"BreadcrumbList\",\"@id\":\"https:\\\/\\\/www.ucaldas.edu.co\\\/portal\\\/comunidad-estudiantes-y-profesores-se-le-miden-a-la-innovacion-social\\\/#breadcrumb\",\"itemListElement\":[{\"@type\":\"ListItem\",\"position\":1,\"name\":\"Portada\",\"item\":\"https:\\\/\\\/www.ucaldas.edu.co\\\/portal\\\/\"},{\"@type\":\"ListItem\",\"position\":2,\"name\":\"Comunidad, Estudiantes y Profesores se le miden a la innovaci\u00f3n social.\"}]},{\"@type\":\"WebSite\",\"@id\":\"https:\\\/\\\/www.ucaldas.edu.co\\\/portal\\\/#website\",\"url\":\"https:\\\/\\\/www.ucaldas.edu.co\\\/portal\\\/\",\"name\":\"Universidad de Caldas\",\"description\":\"\",\"publisher\":{\"@id\":\"https:\\\/\\\/www.ucaldas.edu.co\\\/portal\\\/#organization\"},\"alternateName\":\"U. de Caldas\",\"potentialAction\":[{\"@type\":\"SearchAction\",\"target\":{\"@type\":\"EntryPoint\",\"urlTemplate\":\"https:\\\/\\\/www.ucaldas.edu.co\\\/portal\\\/?s={search_term_string}\"},\"query-input\":{\"@type\":\"PropertyValueSpecification\",\"valueRequired\":true,\"valueName\":\"search_term_string\"}}],\"inLanguage\":\"es\"},{\"@type\":\"Organization\",\"@id\":\"https:\\\/\\\/www.ucaldas.edu.co\\\/portal\\\/#organization\",\"name\":\"Universidad de Caldas\",\"alternateName\":\"U. de Caldas\",\"url\":\"https:\\\/\\\/www.ucaldas.edu.co\\\/portal\\\/\",\"logo\":{\"@type\":\"ImageObject\",\"inLanguage\":\"es\",\"@id\":\"https:\\\/\\\/www.ucaldas.edu.co\\\/portal\\\/#\\\/schema\\\/logo\\\/image\\\/\",\"url\":\"https:\\\/\\\/www.ucaldas.edu.co\\\/portal\\\/wp-content\\\/uploads\\\/2023\\\/11\\\/Logo_horizontal_oscuroU-2023.png\",\"contentUrl\":\"https:\\\/\\\/www.ucaldas.edu.co\\\/portal\\\/wp-content\\\/uploads\\\/2023\\\/11\\\/Logo_horizontal_oscuroU-2023.png\",\"width\":263,\"height\":101,\"caption\":\"Universidad de Caldas\"},\"image\":{\"@id\":\"https:\\\/\\\/www.ucaldas.edu.co\\\/portal\\\/#\\\/schema\\\/logo\\\/image\\\/\"},\"sameAs\":[\"https:\\\/\\\/www.facebook.com\\\/udecaldas\",\"https:\\\/\\\/x.com\\\/udecaldas\",\"https:\\\/\\\/www.youtube.com\\\/universidadcaldas\",\"https:\\\/\\\/www.instagram.com\\\/udecaldas\\\/\"]},{\"@type\":\"Person\",\"@id\":\"https:\\\/\\\/www.ucaldas.edu.co\\\/portal\\\/#\\\/schema\\\/person\\\/a1b482e23449158b4bc319926c074fdf\",\"name\":\"ofiprensa\",\"image\":{\"@type\":\"ImageObject\",\"inLanguage\":\"es\",\"@id\":\"https:\\\/\\\/www.ucaldas.edu.co\\\/portal\\\/wp-content\\\/litespeed\\\/avatar\\\/09ea5085e600095a7a811142c6944527.jpg?ver=1777497608\",\"url\":\"https:\\\/\\\/www.ucaldas.edu.co\\\/portal\\\/wp-content\\\/litespeed\\\/avatar\\\/09ea5085e600095a7a811142c6944527.jpg?ver=1777497608\",\"contentUrl\":\"https:\\\/\\\/www.ucaldas.edu.co\\\/portal\\\/wp-content\\\/litespeed\\\/avatar\\\/09ea5085e600095a7a811142c6944527.jpg?ver=1777497608\",\"caption\":\"ofiprensa\"},\"url\":\"https:\\\/\\\/www.ucaldas.edu.co\\\/portal\\\/author\\\/ofiprensa\\\/\"}]}<\/script>\n<!-- \/ Yoast SEO plugin. -->","yoast_head_json":{"title":"Comunidad, Estudiantes y Profesores se le miden a la innovaci\u00f3n social. .","robots":{"index":"index","follow":"follow","max-snippet":"max-snippet:-1","max-image-preview":"max-image-preview:large","max-video-preview":"max-video-preview:-1"},"canonical":"https:\/\/www.ucaldas.edu.co\/portal\/comunidad-estudiantes-y-profesores-se-le-miden-a-la-innovacion-social\/","schema":{"@context":"https:\/\/schema.org","@graph":[{"@type":"Article","@id":"https:\/\/www.ucaldas.edu.co\/portal\/comunidad-estudiantes-y-profesores-se-le-miden-a-la-innovacion-social\/#article","isPartOf":{"@id":"https:\/\/www.ucaldas.edu.co\/portal\/comunidad-estudiantes-y-profesores-se-le-miden-a-la-innovacion-social\/"},"author":{"name":"ofiprensa","@id":"https:\/\/www.ucaldas.edu.co\/portal\/#\/schema\/person\/a1b482e23449158b4bc319926c074fdf"},"headline":"Comunidad, Estudiantes y Profesores se le miden a la innovaci\u00f3n social.","datePublished":"2019-02-05T23:21:03+00:00","mainEntityOfPage":{"@id":"https:\/\/www.ucaldas.edu.co\/portal\/comunidad-estudiantes-y-profesores-se-le-miden-a-la-innovacion-social\/"},"wordCount":314,"publisher":{"@id":"https:\/\/www.ucaldas.edu.co\/portal\/#organization"},"image":{"@id":"https:\/\/www.ucaldas.edu.co\/portal\/comunidad-estudiantes-y-profesores-se-le-miden-a-la-innovacion-social\/#primaryimage"},"thumbnailUrl":"https:\/\/www.ucaldas.edu.co\/portal\/wp-content\/uploads\/2018\/12\/salmona-compressor.jpg","keywords":["comunidad","innovaci\u00f3n social","centro de ciencia","Proyecci\u00f3n","estudiantes","Emprendimiento"],"articleSection":["Actualidad","Universidad al D\u00eda"],"inLanguage":"es"},{"@type":"WebPage","@id":"https:\/\/www.ucaldas.edu.co\/portal\/comunidad-estudiantes-y-profesores-se-le-miden-a-la-innovacion-social\/","url":"https:\/\/www.ucaldas.edu.co\/portal\/comunidad-estudiantes-y-profesores-se-le-miden-a-la-innovacion-social\/","name":"Comunidad, Estudiantes y Profesores se le miden a la innovaci\u00f3n social. .","isPartOf":{"@id":"https:\/\/www.ucaldas.edu.co\/portal\/#website"},"primaryImageOfPage":{"@id":"https:\/\/www.ucaldas.edu.co\/portal\/comunidad-estudiantes-y-profesores-se-le-miden-a-la-innovacion-social\/#primaryimage"},"image":{"@id":"https:\/\/www.ucaldas.edu.co\/portal\/comunidad-estudiantes-y-profesores-se-le-miden-a-la-innovacion-social\/#primaryimage"},"thumbnailUrl":"https:\/\/www.ucaldas.edu.co\/portal\/wp-content\/uploads\/2018\/12\/salmona-compressor.jpg","datePublished":"2019-02-05T23:21:03+00:00","breadcrumb":{"@id":"https:\/\/www.ucaldas.edu.co\/portal\/comunidad-estudiantes-y-profesores-se-le-miden-a-la-innovacion-social\/#breadcrumb"},"inLanguage":"es","potentialAction":[{"@type":"ReadAction","target":["https:\/\/www.ucaldas.edu.co\/portal\/comunidad-estudiantes-y-profesores-se-le-miden-a-la-innovacion-social\/"]}]},{"@type":"ImageObject","inLanguage":"es","@id":"https:\/\/www.ucaldas.edu.co\/portal\/comunidad-estudiantes-y-profesores-se-le-miden-a-la-innovacion-social\/#primaryimage","url":"https:\/\/www.ucaldas.edu.co\/portal\/wp-content\/uploads\/2018\/12\/salmona-compressor.jpg","contentUrl":"https:\/\/www.ucaldas.edu.co\/portal\/wp-content\/uploads\/2018\/12\/salmona-compressor.jpg","width":700,"height":401},{"@type":"BreadcrumbList","@id":"https:\/\/www.ucaldas.edu.co\/portal\/comunidad-estudiantes-y-profesores-se-le-miden-a-la-innovacion-social\/#breadcrumb","itemListElement":[{"@type":"ListItem","position":1,"name":"Portada","item":"https:\/\/www.ucaldas.edu.co\/portal\/"},{"@type":"ListItem","position":2,"name":"Comunidad, Estudiantes y Profesores se le miden a la innovaci\u00f3n social."}]},{"@type":"WebSite","@id":"https:\/\/www.ucaldas.edu.co\/portal\/#website","url":"https:\/\/www.ucaldas.edu.co\/portal\/","name":"Universidad de Caldas","description":"","publisher":{"@id":"https:\/\/www.ucaldas.edu.co\/portal\/#organization"},"alternateName":"U. de Caldas","potentialAction":[{"@type":"SearchAction","target":{"@type":"EntryPoint","urlTemplate":"https:\/\/www.ucaldas.edu.co\/portal\/?s={search_term_string}"},"query-input":{"@type":"PropertyValueSpecification","valueRequired":true,"valueName":"search_term_string"}}],"inLanguage":"es"},{"@type":"Organization","@id":"https:\/\/www.ucaldas.edu.co\/portal\/#organization","name":"Universidad de Caldas","alternateName":"U. de Caldas","url":"https:\/\/www.ucaldas.edu.co\/portal\/","logo":{"@type":"ImageObject","inLanguage":"es","@id":"https:\/\/www.ucaldas.edu.co\/portal\/#\/schema\/logo\/image\/","url":"https:\/\/www.ucaldas.edu.co\/portal\/wp-content\/uploads\/2023\/11\/Logo_horizontal_oscuroU-2023.png","contentUrl":"https:\/\/www.ucaldas.edu.co\/portal\/wp-content\/uploads\/2023\/11\/Logo_horizontal_oscuroU-2023.png","width":263,"height":101,"caption":"Universidad de Caldas"},"image":{"@id":"https:\/\/www.ucaldas.edu.co\/portal\/#\/schema\/logo\/image\/"},"sameAs":["https:\/\/www.facebook.com\/udecaldas","https:\/\/x.com\/udecaldas","https:\/\/www.youtube.com\/universidadcaldas","https:\/\/www.instagram.com\/udecaldas\/"]},{"@type":"Person","@id":"https:\/\/www.ucaldas.edu.co\/portal\/#\/schema\/person\/a1b482e23449158b4bc319926c074fdf","name":"ofiprensa","image":{"@type":"ImageObject","inLanguage":"es","@id":"https:\/\/www.ucaldas.edu.co\/portal\/wp-content\/litespeed\/avatar\/09ea5085e600095a7a811142c6944527.jpg?ver=1777497608","url":"https:\/\/www.ucaldas.edu.co\/portal\/wp-content\/litespeed\/avatar\/09ea5085e600095a7a811142c6944527.jpg?ver=1777497608","contentUrl":"https:\/\/www.ucaldas.edu.co\/portal\/wp-content\/litespeed\/avatar\/09ea5085e600095a7a811142c6944527.jpg?ver=1777497608","caption":"ofiprensa"},"url":"https:\/\/www.ucaldas.edu.co\/portal\/author\/ofiprensa\/"}]}},"_links":{"self":[{"href":"https:\/\/www.ucaldas.edu.co\/portal\/wp-json\/wp\/v2\/posts\/45661","targetHints":{"allow":["GET"]}}],"collection":[{"href":"https:\/\/www.ucaldas.edu.co\/portal\/wp-json\/wp\/v2\/posts"}],"about":[{"href":"https:\/\/www.ucaldas.edu.co\/portal\/wp-json\/wp\/v2\/types\/post"}],"author":[{"embeddable":true,"href":"https:\/\/www.ucaldas.edu.co\/portal\/wp-json\/wp\/v2\/users\/2"}],"replies":[{"embeddable":true,"href":"https:\/\/www.ucaldas.edu.co\/portal\/wp-json\/wp\/v2\/comments?post=45661"}],"version-history":[{"count":0,"href":"https:\/\/www.ucaldas.edu.co\/portal\/wp-json\/wp\/v2\/posts\/45661\/revisions"}],"wp:featuredmedia":[{"embeddable":true,"href":"https:\/\/www.ucaldas.edu.co\/portal\/wp-json\/wp\/v2\/media\/45243"}],"wp:attachment":[{"href":"https:\/\/www.ucaldas.edu.co\/portal\/wp-json\/wp\/v2\/media?parent=45661"}],"wp:term":[{"taxonomy":"category","embeddable":true,"href":"https:\/\/www.ucaldas.edu.co\/portal\/wp-json\/wp\/v2\/categories?post=45661"},{"taxonomy":"post_tag","embeddable":true,"href":"https:\/\/www.ucaldas.edu.co\/portal\/wp-json\/wp\/v2\/tags?post=45661"}],"curies":[{"name":"wp","href":"https:\/\/api.w.org\/{rel}","templated":true}]}}