{"id":45466,"date":"2019-01-25T21:26:34","date_gmt":"2019-01-25T21:26:34","guid":{"rendered":"https:\/\/www.ucaldas.edu.co\/portal\/?p=45466"},"modified":"2019-01-25T21:26:34","modified_gmt":"2019-01-25T21:26:34","slug":"abierta-convocatoria-para-participar-en-el-festival-internacional-de-la-imagen-2019","status":"publish","type":"post","link":"https:\/\/www.ucaldas.edu.co\/portal\/abierta-convocatoria-para-participar-en-el-festival-internacional-de-la-imagen-2019\/","title":{"rendered":"Abierta convocatoria para participar en el Festival Internacional de la Imagen 2019"},"content":{"rendered":"<p style=\"text-align: center;\">EL TEMA CENTRAL SER\u00c1 EL HUMANISMO DIGITAL<\/p>\n<p style=\"text-align: center;\">\n<strong>Abierta convocatoria para participar en el Festival Internacional de la Imagen 2019<\/strong><\/p>\n<p style=\"text-align: right;\">25\/01\/2019<\/p>\n<p><img loading=\"lazy\" decoding=\"async\" class=\"size-full wp-image-45454 aligncenter\" src=\"https:\/\/www.ucaldas.edu.co\/portal\/wp-content\/uploads\/2019\/01\/fest-imagen-compressor.jpg\" alt=\"\" width=\"700\" height=\"400\" srcset=\"https:\/\/www.ucaldas.edu.co\/portal\/wp-content\/uploads\/2019\/01\/fest-imagen-compressor.jpg 700w, https:\/\/www.ucaldas.edu.co\/portal\/wp-content\/uploads\/2019\/01\/fest-imagen-compressor-300x171.jpg 300w\" sizes=\"auto, (max-width: 700px) 100vw, 700px\" \/>El Festival Internacional de la Imagen 2019 abre su convocatoria para quienes deseen ser part\u00edcipes de este evento. Los interesados pueden inscribirse en el Foro Acad\u00e9mico Internacional; en el \u00e1rea Art\u00edstica e Interacciones; y Mercado de dise\u00f1o, arte electr\u00f3nico y tecnolog\u00eda.<\/p>\n<p><!--more--><\/p>\n<p>Para esta oportunidad la tem\u00e1tica girar\u00e1 en torno al Humanismo Digital hace alusi\u00f3n a los procesos de interacci\u00f3n del ser humano con las tecnolog\u00edas que posibilitan nuevas corporalidades, distintos mecanismos de percepci\u00f3n sensorial, participaci\u00f3n ciudadana para el di\u00e1logo, el intercambio cultural y creativo, la co-creaci\u00f3n art\u00edstica contempor\u00e1nea, la producci\u00f3n de conocimiento abierto y la visibilizaci\u00f3n de las comunidades creativas.<\/p>\n<p>&nbsp;<\/p>\n<p>Dicha tem\u00e1tica tendr\u00e1 como subtemas:<\/p>\n<p>&nbsp;<\/p>\n<ul>\n<li>Cyborgs y nuevas corporalidades<\/li>\n<li>Democracias participativas y co-creaci\u00f3n<\/li>\n<li>Medio ambiente y conciencia global<\/li>\n<li>Arqueolog\u00eda y archivos new media<\/li>\n<li>Econom\u00edas creativas y emprendimientos sociales<\/li>\n<\/ul>\n<p>&nbsp;<\/p>\n<p>El proceso de evaluaci\u00f3n de las propuestas presentadas a la convocatoria estar\u00e1 a cargo de un comit\u00e9 acad\u00e9mico y art\u00edstico conformado por expertos en las diferentes modalidades. En la convocatoria del Foro Acad\u00e9mico Internacional se usar\u00e1 la revisi\u00f3n de pares doble ciega; en la convocatoria Art\u00edstica, el comit\u00e9 llevar\u00e1 a cabo un proceso de curadur\u00eda. Para dicho fin, se dispondr\u00e1 la plataforma EasyChair para la postulaci\u00f3n de su propuesta, la cual deber\u00e1 estar en el template designado a la categor\u00eda que se elija.<\/p>\n<p>&nbsp;<\/p>\n<p>El cronograma de las convocatorias es el siguiente:<\/p>\n<p>&nbsp;<\/p>\n<ul>\n<li>Apertura del sistema de env\u00edo: 1 de febrero de 2019<\/li>\n<li>Cierre de convocatorias: 2 de marzo de 2019<\/li>\n<\/ul>\n<p>&nbsp;<\/p>\n<p><strong>Convocatoria Foro Acad\u00e9mico Internacional.<\/strong><\/p>\n<p>&nbsp;<\/p>\n<ul>\n<li>Publicaci\u00f3n de admitidos: 9 de marzo de 2019<\/li>\n<li>Fecha l\u00edmite env\u00edo ponencias completas: 30 de marzo de 2019<\/li>\n<li>Fecha l\u00edmite de pago para acreditaci\u00f3n: 30 de marzo de 2019<\/li>\n<\/ul>\n<p>&nbsp;<\/p>\n<p><strong>Convocatoria Art\u00edstica e Interacciones.<\/strong><\/p>\n<p>&nbsp;<\/p>\n<ul>\n<li>Publicaci\u00f3n de propuestas pre-seleccionadas: 9 de marzo de 2019<\/li>\n<li>Publicaci\u00f3n de admitidos: 30 de marzo de 2019<\/li>\n<\/ul>\n<p>&nbsp;<\/p>\n<p><strong>Convocatoria Mercado de dise\u00f1o, arte electr\u00f3nico y tecnolog\u00eda.<\/strong><\/p>\n<p>&nbsp;<\/p>\n<ul>\n<li>Publicaci\u00f3n de admitidos: 25 de mayo 2019<\/li>\n<\/ul>\n<p>&nbsp;<\/p>\n<p><a href=\"http:\/\/festivaldelaimagen.com\/convocatorias-3\/\">M\u00e1s informaci\u00f3n.<\/a><\/p>\n<p><strong>Informes: <\/strong>Oficina de Comunicaciones y Prensa Universidad de Caldas. Tel\u00e9fono: 8781500 Extensi\u00f3n: 12167<\/p>\n<p><strong>Redacci\u00f3n: <\/strong>Mateo Buritic\u00e1 Giraldo<\/p>\n<p>&nbsp;<\/p>\n","protected":false},"excerpt":{"rendered":"<p>EL TEMA CENTRAL SER\u00c1 EL HUMANISMO DIGITAL Abierta convocatoria para participar en el Festival Internacional de la Imagen 2019 25\/01\/2019 El Festival Internacional de la Imagen 2019 abre su convocatoria para quienes deseen ser part\u00edcipes de este evento. Los interesados pueden inscribirse en el Foro Acad\u00e9mico Internacional; en el \u00e1rea Art\u00edstica e Interacciones; y Mercado [&hellip;]<\/p>\n","protected":false},"author":2,"featured_media":45454,"comment_status":"closed","ping_status":"open","sticky":false,"template":"","format":"standard","meta":{"footnotes":""},"categories":[48,53,664],"tags":[141,193,194,510,1798],"class_list":["post-45466","post","type-post","status-publish","format-standard","has-post-thumbnail","hentry","category-actualidad","category-universidad-al-dia","category-ucaldas-cultural","tag-convocatoria","tag-arte","tag-cultura","tag-internacional","tag-festival-de-la-imagen"],"yoast_head":"<!-- This site is optimized with the Yoast SEO plugin v27.5 - https:\/\/yoast.com\/product\/yoast-seo-wordpress\/ -->\n<title>Abierta convocatoria para participar en el Festival Internacional de la Imagen 2019 .<\/title>\n<meta name=\"robots\" content=\"index, follow, max-snippet:-1, max-image-preview:large, max-video-preview:-1\" \/>\n<link rel=\"canonical\" href=\"https:\/\/www.ucaldas.edu.co\/portal\/abierta-convocatoria-para-participar-en-el-festival-internacional-de-la-imagen-2019\/\" \/>\n<script type=\"application\/ld+json\" class=\"yoast-schema-graph\">{\"@context\":\"https:\\\/\\\/schema.org\",\"@graph\":[{\"@type\":\"Article\",\"@id\":\"https:\\\/\\\/www.ucaldas.edu.co\\\/portal\\\/abierta-convocatoria-para-participar-en-el-festival-internacional-de-la-imagen-2019\\\/#article\",\"isPartOf\":{\"@id\":\"https:\\\/\\\/www.ucaldas.edu.co\\\/portal\\\/abierta-convocatoria-para-participar-en-el-festival-internacional-de-la-imagen-2019\\\/\"},\"author\":{\"name\":\"ofiprensa\",\"@id\":\"https:\\\/\\\/www.ucaldas.edu.co\\\/portal\\\/#\\\/schema\\\/person\\\/a1b482e23449158b4bc319926c074fdf\"},\"headline\":\"Abierta convocatoria para participar en el Festival Internacional de la Imagen 2019\",\"datePublished\":\"2019-01-25T21:26:34+00:00\",\"mainEntityOfPage\":{\"@id\":\"https:\\\/\\\/www.ucaldas.edu.co\\\/portal\\\/abierta-convocatoria-para-participar-en-el-festival-internacional-de-la-imagen-2019\\\/\"},\"wordCount\":398,\"publisher\":{\"@id\":\"https:\\\/\\\/www.ucaldas.edu.co\\\/portal\\\/#organization\"},\"image\":{\"@id\":\"https:\\\/\\\/www.ucaldas.edu.co\\\/portal\\\/abierta-convocatoria-para-participar-en-el-festival-internacional-de-la-imagen-2019\\\/#primaryimage\"},\"thumbnailUrl\":\"https:\\\/\\\/www.ucaldas.edu.co\\\/portal\\\/wp-content\\\/uploads\\\/2019\\\/01\\\/fest-imagen-compressor.jpg\",\"keywords\":[\"Convocatoria\",\"Arte\",\"cultura\",\"internacional\",\"Festival de la Imagen\"],\"articleSection\":[\"Actualidad\",\"Universidad al D\u00eda\",\"UCaldas Cultural\"],\"inLanguage\":\"es\"},{\"@type\":\"WebPage\",\"@id\":\"https:\\\/\\\/www.ucaldas.edu.co\\\/portal\\\/abierta-convocatoria-para-participar-en-el-festival-internacional-de-la-imagen-2019\\\/\",\"url\":\"https:\\\/\\\/www.ucaldas.edu.co\\\/portal\\\/abierta-convocatoria-para-participar-en-el-festival-internacional-de-la-imagen-2019\\\/\",\"name\":\"Abierta convocatoria para participar en el Festival Internacional de la Imagen 2019 .\",\"isPartOf\":{\"@id\":\"https:\\\/\\\/www.ucaldas.edu.co\\\/portal\\\/#website\"},\"primaryImageOfPage\":{\"@id\":\"https:\\\/\\\/www.ucaldas.edu.co\\\/portal\\\/abierta-convocatoria-para-participar-en-el-festival-internacional-de-la-imagen-2019\\\/#primaryimage\"},\"image\":{\"@id\":\"https:\\\/\\\/www.ucaldas.edu.co\\\/portal\\\/abierta-convocatoria-para-participar-en-el-festival-internacional-de-la-imagen-2019\\\/#primaryimage\"},\"thumbnailUrl\":\"https:\\\/\\\/www.ucaldas.edu.co\\\/portal\\\/wp-content\\\/uploads\\\/2019\\\/01\\\/fest-imagen-compressor.jpg\",\"datePublished\":\"2019-01-25T21:26:34+00:00\",\"breadcrumb\":{\"@id\":\"https:\\\/\\\/www.ucaldas.edu.co\\\/portal\\\/abierta-convocatoria-para-participar-en-el-festival-internacional-de-la-imagen-2019\\\/#breadcrumb\"},\"inLanguage\":\"es\",\"potentialAction\":[{\"@type\":\"ReadAction\",\"target\":[\"https:\\\/\\\/www.ucaldas.edu.co\\\/portal\\\/abierta-convocatoria-para-participar-en-el-festival-internacional-de-la-imagen-2019\\\/\"]}]},{\"@type\":\"ImageObject\",\"inLanguage\":\"es\",\"@id\":\"https:\\\/\\\/www.ucaldas.edu.co\\\/portal\\\/abierta-convocatoria-para-participar-en-el-festival-internacional-de-la-imagen-2019\\\/#primaryimage\",\"url\":\"https:\\\/\\\/www.ucaldas.edu.co\\\/portal\\\/wp-content\\\/uploads\\\/2019\\\/01\\\/fest-imagen-compressor.jpg\",\"contentUrl\":\"https:\\\/\\\/www.ucaldas.edu.co\\\/portal\\\/wp-content\\\/uploads\\\/2019\\\/01\\\/fest-imagen-compressor.jpg\",\"width\":700,\"height\":400},{\"@type\":\"BreadcrumbList\",\"@id\":\"https:\\\/\\\/www.ucaldas.edu.co\\\/portal\\\/abierta-convocatoria-para-participar-en-el-festival-internacional-de-la-imagen-2019\\\/#breadcrumb\",\"itemListElement\":[{\"@type\":\"ListItem\",\"position\":1,\"name\":\"Portada\",\"item\":\"https:\\\/\\\/www.ucaldas.edu.co\\\/portal\\\/\"},{\"@type\":\"ListItem\",\"position\":2,\"name\":\"Abierta convocatoria para participar en el Festival Internacional de la Imagen 2019\"}]},{\"@type\":\"WebSite\",\"@id\":\"https:\\\/\\\/www.ucaldas.edu.co\\\/portal\\\/#website\",\"url\":\"https:\\\/\\\/www.ucaldas.edu.co\\\/portal\\\/\",\"name\":\"Universidad de Caldas\",\"description\":\"\",\"publisher\":{\"@id\":\"https:\\\/\\\/www.ucaldas.edu.co\\\/portal\\\/#organization\"},\"alternateName\":\"U. de Caldas\",\"potentialAction\":[{\"@type\":\"SearchAction\",\"target\":{\"@type\":\"EntryPoint\",\"urlTemplate\":\"https:\\\/\\\/www.ucaldas.edu.co\\\/portal\\\/?s={search_term_string}\"},\"query-input\":{\"@type\":\"PropertyValueSpecification\",\"valueRequired\":true,\"valueName\":\"search_term_string\"}}],\"inLanguage\":\"es\"},{\"@type\":\"Organization\",\"@id\":\"https:\\\/\\\/www.ucaldas.edu.co\\\/portal\\\/#organization\",\"name\":\"Universidad de Caldas\",\"alternateName\":\"U. de Caldas\",\"url\":\"https:\\\/\\\/www.ucaldas.edu.co\\\/portal\\\/\",\"logo\":{\"@type\":\"ImageObject\",\"inLanguage\":\"es\",\"@id\":\"https:\\\/\\\/www.ucaldas.edu.co\\\/portal\\\/#\\\/schema\\\/logo\\\/image\\\/\",\"url\":\"https:\\\/\\\/www.ucaldas.edu.co\\\/portal\\\/wp-content\\\/uploads\\\/2023\\\/11\\\/Logo_horizontal_oscuroU-2023.png\",\"contentUrl\":\"https:\\\/\\\/www.ucaldas.edu.co\\\/portal\\\/wp-content\\\/uploads\\\/2023\\\/11\\\/Logo_horizontal_oscuroU-2023.png\",\"width\":263,\"height\":101,\"caption\":\"Universidad de Caldas\"},\"image\":{\"@id\":\"https:\\\/\\\/www.ucaldas.edu.co\\\/portal\\\/#\\\/schema\\\/logo\\\/image\\\/\"},\"sameAs\":[\"https:\\\/\\\/www.facebook.com\\\/udecaldas\",\"https:\\\/\\\/x.com\\\/udecaldas\",\"https:\\\/\\\/www.youtube.com\\\/universidadcaldas\",\"https:\\\/\\\/www.instagram.com\\\/udecaldas\\\/\"]},{\"@type\":\"Person\",\"@id\":\"https:\\\/\\\/www.ucaldas.edu.co\\\/portal\\\/#\\\/schema\\\/person\\\/a1b482e23449158b4bc319926c074fdf\",\"name\":\"ofiprensa\",\"image\":{\"@type\":\"ImageObject\",\"inLanguage\":\"es\",\"@id\":\"https:\\\/\\\/www.ucaldas.edu.co\\\/portal\\\/wp-content\\\/litespeed\\\/avatar\\\/09ea5085e600095a7a811142c6944527.jpg?ver=1777497608\",\"url\":\"https:\\\/\\\/www.ucaldas.edu.co\\\/portal\\\/wp-content\\\/litespeed\\\/avatar\\\/09ea5085e600095a7a811142c6944527.jpg?ver=1777497608\",\"contentUrl\":\"https:\\\/\\\/www.ucaldas.edu.co\\\/portal\\\/wp-content\\\/litespeed\\\/avatar\\\/09ea5085e600095a7a811142c6944527.jpg?ver=1777497608\",\"caption\":\"ofiprensa\"},\"url\":\"https:\\\/\\\/www.ucaldas.edu.co\\\/portal\\\/author\\\/ofiprensa\\\/\"}]}<\/script>\n<!-- \/ Yoast SEO plugin. -->","yoast_head_json":{"title":"Abierta convocatoria para participar en el Festival Internacional de la Imagen 2019 .","robots":{"index":"index","follow":"follow","max-snippet":"max-snippet:-1","max-image-preview":"max-image-preview:large","max-video-preview":"max-video-preview:-1"},"canonical":"https:\/\/www.ucaldas.edu.co\/portal\/abierta-convocatoria-para-participar-en-el-festival-internacional-de-la-imagen-2019\/","schema":{"@context":"https:\/\/schema.org","@graph":[{"@type":"Article","@id":"https:\/\/www.ucaldas.edu.co\/portal\/abierta-convocatoria-para-participar-en-el-festival-internacional-de-la-imagen-2019\/#article","isPartOf":{"@id":"https:\/\/www.ucaldas.edu.co\/portal\/abierta-convocatoria-para-participar-en-el-festival-internacional-de-la-imagen-2019\/"},"author":{"name":"ofiprensa","@id":"https:\/\/www.ucaldas.edu.co\/portal\/#\/schema\/person\/a1b482e23449158b4bc319926c074fdf"},"headline":"Abierta convocatoria para participar en el Festival Internacional de la Imagen 2019","datePublished":"2019-01-25T21:26:34+00:00","mainEntityOfPage":{"@id":"https:\/\/www.ucaldas.edu.co\/portal\/abierta-convocatoria-para-participar-en-el-festival-internacional-de-la-imagen-2019\/"},"wordCount":398,"publisher":{"@id":"https:\/\/www.ucaldas.edu.co\/portal\/#organization"},"image":{"@id":"https:\/\/www.ucaldas.edu.co\/portal\/abierta-convocatoria-para-participar-en-el-festival-internacional-de-la-imagen-2019\/#primaryimage"},"thumbnailUrl":"https:\/\/www.ucaldas.edu.co\/portal\/wp-content\/uploads\/2019\/01\/fest-imagen-compressor.jpg","keywords":["Convocatoria","Arte","cultura","internacional","Festival de la Imagen"],"articleSection":["Actualidad","Universidad al D\u00eda","UCaldas Cultural"],"inLanguage":"es"},{"@type":"WebPage","@id":"https:\/\/www.ucaldas.edu.co\/portal\/abierta-convocatoria-para-participar-en-el-festival-internacional-de-la-imagen-2019\/","url":"https:\/\/www.ucaldas.edu.co\/portal\/abierta-convocatoria-para-participar-en-el-festival-internacional-de-la-imagen-2019\/","name":"Abierta convocatoria para participar en el Festival Internacional de la Imagen 2019 .","isPartOf":{"@id":"https:\/\/www.ucaldas.edu.co\/portal\/#website"},"primaryImageOfPage":{"@id":"https:\/\/www.ucaldas.edu.co\/portal\/abierta-convocatoria-para-participar-en-el-festival-internacional-de-la-imagen-2019\/#primaryimage"},"image":{"@id":"https:\/\/www.ucaldas.edu.co\/portal\/abierta-convocatoria-para-participar-en-el-festival-internacional-de-la-imagen-2019\/#primaryimage"},"thumbnailUrl":"https:\/\/www.ucaldas.edu.co\/portal\/wp-content\/uploads\/2019\/01\/fest-imagen-compressor.jpg","datePublished":"2019-01-25T21:26:34+00:00","breadcrumb":{"@id":"https:\/\/www.ucaldas.edu.co\/portal\/abierta-convocatoria-para-participar-en-el-festival-internacional-de-la-imagen-2019\/#breadcrumb"},"inLanguage":"es","potentialAction":[{"@type":"ReadAction","target":["https:\/\/www.ucaldas.edu.co\/portal\/abierta-convocatoria-para-participar-en-el-festival-internacional-de-la-imagen-2019\/"]}]},{"@type":"ImageObject","inLanguage":"es","@id":"https:\/\/www.ucaldas.edu.co\/portal\/abierta-convocatoria-para-participar-en-el-festival-internacional-de-la-imagen-2019\/#primaryimage","url":"https:\/\/www.ucaldas.edu.co\/portal\/wp-content\/uploads\/2019\/01\/fest-imagen-compressor.jpg","contentUrl":"https:\/\/www.ucaldas.edu.co\/portal\/wp-content\/uploads\/2019\/01\/fest-imagen-compressor.jpg","width":700,"height":400},{"@type":"BreadcrumbList","@id":"https:\/\/www.ucaldas.edu.co\/portal\/abierta-convocatoria-para-participar-en-el-festival-internacional-de-la-imagen-2019\/#breadcrumb","itemListElement":[{"@type":"ListItem","position":1,"name":"Portada","item":"https:\/\/www.ucaldas.edu.co\/portal\/"},{"@type":"ListItem","position":2,"name":"Abierta convocatoria para participar en el Festival Internacional de la Imagen 2019"}]},{"@type":"WebSite","@id":"https:\/\/www.ucaldas.edu.co\/portal\/#website","url":"https:\/\/www.ucaldas.edu.co\/portal\/","name":"Universidad de Caldas","description":"","publisher":{"@id":"https:\/\/www.ucaldas.edu.co\/portal\/#organization"},"alternateName":"U. de Caldas","potentialAction":[{"@type":"SearchAction","target":{"@type":"EntryPoint","urlTemplate":"https:\/\/www.ucaldas.edu.co\/portal\/?s={search_term_string}"},"query-input":{"@type":"PropertyValueSpecification","valueRequired":true,"valueName":"search_term_string"}}],"inLanguage":"es"},{"@type":"Organization","@id":"https:\/\/www.ucaldas.edu.co\/portal\/#organization","name":"Universidad de Caldas","alternateName":"U. de Caldas","url":"https:\/\/www.ucaldas.edu.co\/portal\/","logo":{"@type":"ImageObject","inLanguage":"es","@id":"https:\/\/www.ucaldas.edu.co\/portal\/#\/schema\/logo\/image\/","url":"https:\/\/www.ucaldas.edu.co\/portal\/wp-content\/uploads\/2023\/11\/Logo_horizontal_oscuroU-2023.png","contentUrl":"https:\/\/www.ucaldas.edu.co\/portal\/wp-content\/uploads\/2023\/11\/Logo_horizontal_oscuroU-2023.png","width":263,"height":101,"caption":"Universidad de Caldas"},"image":{"@id":"https:\/\/www.ucaldas.edu.co\/portal\/#\/schema\/logo\/image\/"},"sameAs":["https:\/\/www.facebook.com\/udecaldas","https:\/\/x.com\/udecaldas","https:\/\/www.youtube.com\/universidadcaldas","https:\/\/www.instagram.com\/udecaldas\/"]},{"@type":"Person","@id":"https:\/\/www.ucaldas.edu.co\/portal\/#\/schema\/person\/a1b482e23449158b4bc319926c074fdf","name":"ofiprensa","image":{"@type":"ImageObject","inLanguage":"es","@id":"https:\/\/www.ucaldas.edu.co\/portal\/wp-content\/litespeed\/avatar\/09ea5085e600095a7a811142c6944527.jpg?ver=1777497608","url":"https:\/\/www.ucaldas.edu.co\/portal\/wp-content\/litespeed\/avatar\/09ea5085e600095a7a811142c6944527.jpg?ver=1777497608","contentUrl":"https:\/\/www.ucaldas.edu.co\/portal\/wp-content\/litespeed\/avatar\/09ea5085e600095a7a811142c6944527.jpg?ver=1777497608","caption":"ofiprensa"},"url":"https:\/\/www.ucaldas.edu.co\/portal\/author\/ofiprensa\/"}]}},"_links":{"self":[{"href":"https:\/\/www.ucaldas.edu.co\/portal\/wp-json\/wp\/v2\/posts\/45466","targetHints":{"allow":["GET"]}}],"collection":[{"href":"https:\/\/www.ucaldas.edu.co\/portal\/wp-json\/wp\/v2\/posts"}],"about":[{"href":"https:\/\/www.ucaldas.edu.co\/portal\/wp-json\/wp\/v2\/types\/post"}],"author":[{"embeddable":true,"href":"https:\/\/www.ucaldas.edu.co\/portal\/wp-json\/wp\/v2\/users\/2"}],"replies":[{"embeddable":true,"href":"https:\/\/www.ucaldas.edu.co\/portal\/wp-json\/wp\/v2\/comments?post=45466"}],"version-history":[{"count":0,"href":"https:\/\/www.ucaldas.edu.co\/portal\/wp-json\/wp\/v2\/posts\/45466\/revisions"}],"wp:featuredmedia":[{"embeddable":true,"href":"https:\/\/www.ucaldas.edu.co\/portal\/wp-json\/wp\/v2\/media\/45454"}],"wp:attachment":[{"href":"https:\/\/www.ucaldas.edu.co\/portal\/wp-json\/wp\/v2\/media?parent=45466"}],"wp:term":[{"taxonomy":"category","embeddable":true,"href":"https:\/\/www.ucaldas.edu.co\/portal\/wp-json\/wp\/v2\/categories?post=45466"},{"taxonomy":"post_tag","embeddable":true,"href":"https:\/\/www.ucaldas.edu.co\/portal\/wp-json\/wp\/v2\/tags?post=45466"}],"curies":[{"name":"wp","href":"https:\/\/api.w.org\/{rel}","templated":true}]}}