{"id":45387,"date":"2019-01-21T20:41:26","date_gmt":"2019-01-21T20:41:26","guid":{"rendered":"https:\/\/www.ucaldas.edu.co\/portal\/?p=45387"},"modified":"2019-01-21T20:41:26","modified_gmt":"2019-01-21T20:41:26","slug":"consejo-academico-crea-una-comision-veedora-de-garantias-academicas-y-laborales","status":"publish","type":"post","link":"https:\/\/www.ucaldas.edu.co\/portal\/consejo-academico-crea-una-comision-veedora-de-garantias-academicas-y-laborales\/","title":{"rendered":"Consejo Acad\u00e9mico crea una Comisi\u00f3n Veedora de Garant\u00edas Acad\u00e9micas y Laborales"},"content":{"rendered":"<p style=\"text-align: center;\">GARANTE DEL CUMPLIMIENTO DE LAS GARANT\u00cdAS ACAD\u00c9MICAS Y LABORALES<\/p>\n<p style=\"text-align: center;\"><strong>Consejo Acad\u00e9mico crea una Comisi\u00f3n Veedora de Garant\u00edas Acad\u00e9micas y Laborales<\/strong><\/p>\n<p style=\"text-align: right;\">21\/01\/2019<\/p>\n<p><strong>\u00a0<img loading=\"lazy\" decoding=\"async\" class=\"alignnone size-full wp-image-45388 aligncenter\" src=\"https:\/\/www.ucaldas.edu.co\/portal\/wp-content\/uploads\/2019\/01\/MOMENTOS-U.-CALDAS-2017-17-compressor-1-1.jpg\" alt=\"\" width=\"700\" height=\"399\" srcset=\"https:\/\/www.ucaldas.edu.co\/portal\/wp-content\/uploads\/2019\/01\/MOMENTOS-U.-CALDAS-2017-17-compressor-1-1.jpg 700w, https:\/\/www.ucaldas.edu.co\/portal\/wp-content\/uploads\/2019\/01\/MOMENTOS-U.-CALDAS-2017-17-compressor-1-1-300x171.jpg 300w\" sizes=\"auto, (max-width: 700px) 100vw, 700px\" \/><\/strong><\/p>\n<p>Mediante el Acuerdo 03 del 2019 (<a href=\"https:\/\/www.ucaldas.edu.co\/portal\/wp-content\/uploads\/2019\/01\/Acuerdo-03-de-2019-CA.pdf\">ver aqu\u00ed<\/a>) el <strong>Consejo Acad\u00e9mico de la Universidad de Caldas crea una Comisi\u00f3n Veedora de Garant\u00edas Acad\u00e9micas y Laborales<\/strong>, que ser\u00e1 garante del cumplimiento de las garant\u00edas acad\u00e9micas y laborales derivadas del cese de actividades dado en el periodo 2018-2, y tendr\u00e1 vigencia hasta el 31 de mayo de 2019.<\/p>\n<p><!--more--><\/p>\n<p>Dicha <strong>Comisi\u00f3n creada estar\u00e1 integrada de la siguiente manera:<\/strong><\/p>\n<p>&nbsp;<\/p>\n<ol>\n<li>El Vicerrector Acad\u00e9mico.<\/li>\n<li>La Decana de la Facultad de Ciencias Exactas y Naturales.<\/li>\n<li>Las representaciones de directores de programa, de estudiantes y de profesores ante el Consejo Acad\u00e9mico.<\/li>\n<\/ol>\n<p><strong>\u00a0<\/strong><\/p>\n<p><strong>Informes: <\/strong>Oficina de Comunicaciones y Prensa Universidad de Caldas.<\/p>\n<p>Tel\u00e9fono: 8781500 Extensi\u00f3n: 12167<\/p>\n<p><strong>Redacci\u00f3n:<\/strong> Margarita Laverde<\/p>\n<p>&nbsp;<\/p>\n","protected":false},"excerpt":{"rendered":"<p>GARANTE DEL CUMPLIMIENTO DE LAS GARANT\u00cdAS ACAD\u00c9MICAS Y LABORALES Consejo Acad\u00e9mico crea una Comisi\u00f3n Veedora de Garant\u00edas Acad\u00e9micas y Laborales 21\/01\/2019 \u00a0 Mediante el Acuerdo 03 del 2019 (ver aqu\u00ed) el Consejo Acad\u00e9mico de la Universidad de Caldas crea una Comisi\u00f3n Veedora de Garant\u00edas Acad\u00e9micas y Laborales, que ser\u00e1 garante del cumplimiento de las garant\u00edas [&hellip;]<\/p>\n","protected":false},"author":2,"featured_media":45388,"comment_status":"closed","ping_status":"open","sticky":false,"template":"","format":"standard","meta":{"footnotes":""},"categories":[48,53,620],"tags":[77,95,1117,3368,3369],"class_list":["post-45387","post","type-post","status-publish","format-standard","has-post-thumbnail","hentry","category-actualidad","category-universidad-al-dia","category-ucaldas-transparente","tag-administracion","tag-universidad-de-caldas","tag-consejo-academico","tag-comision","tag-garantias-academicas-y-laborales"],"yoast_head":"<!-- This site is optimized with the Yoast SEO plugin v27.5 - https:\/\/yoast.com\/product\/yoast-seo-wordpress\/ -->\n<title>Consejo Acad\u00e9mico crea una Comisi\u00f3n Veedora de Garant\u00edas Acad\u00e9micas y Laborales .<\/title>\n<meta name=\"robots\" content=\"index, follow, max-snippet:-1, max-image-preview:large, max-video-preview:-1\" \/>\n<link rel=\"canonical\" href=\"https:\/\/www.ucaldas.edu.co\/portal\/consejo-academico-crea-una-comision-veedora-de-garantias-academicas-y-laborales\/\" \/>\n<script type=\"application\/ld+json\" class=\"yoast-schema-graph\">{\"@context\":\"https:\\\/\\\/schema.org\",\"@graph\":[{\"@type\":\"Article\",\"@id\":\"https:\\\/\\\/www.ucaldas.edu.co\\\/portal\\\/consejo-academico-crea-una-comision-veedora-de-garantias-academicas-y-laborales\\\/#article\",\"isPartOf\":{\"@id\":\"https:\\\/\\\/www.ucaldas.edu.co\\\/portal\\\/consejo-academico-crea-una-comision-veedora-de-garantias-academicas-y-laborales\\\/\"},\"author\":{\"name\":\"ofiprensa\",\"@id\":\"https:\\\/\\\/www.ucaldas.edu.co\\\/portal\\\/#\\\/schema\\\/person\\\/a1b482e23449158b4bc319926c074fdf\"},\"headline\":\"Consejo Acad\u00e9mico crea una Comisi\u00f3n Veedora de Garant\u00edas Acad\u00e9micas y Laborales\",\"datePublished\":\"2019-01-21T20:41:26+00:00\",\"mainEntityOfPage\":{\"@id\":\"https:\\\/\\\/www.ucaldas.edu.co\\\/portal\\\/consejo-academico-crea-una-comision-veedora-de-garantias-academicas-y-laborales\\\/\"},\"wordCount\":158,\"publisher\":{\"@id\":\"https:\\\/\\\/www.ucaldas.edu.co\\\/portal\\\/#organization\"},\"image\":{\"@id\":\"https:\\\/\\\/www.ucaldas.edu.co\\\/portal\\\/consejo-academico-crea-una-comision-veedora-de-garantias-academicas-y-laborales\\\/#primaryimage\"},\"thumbnailUrl\":\"https:\\\/\\\/www.ucaldas.edu.co\\\/portal\\\/wp-content\\\/uploads\\\/2019\\\/01\\\/MOMENTOS-U.-CALDAS-2017-17-compressor-1-1.jpg\",\"keywords\":[\"Administraci\u00f3n\",\"Universidad De Caldas\",\"Consejo Acad\u00e9mico\",\"comisi\u00f3n\",\"garant\u00edas acad\u00e9micas y laborales\"],\"articleSection\":[\"Actualidad\",\"Universidad al D\u00eda\",\"UCaldas Transparente\"],\"inLanguage\":\"es\"},{\"@type\":\"WebPage\",\"@id\":\"https:\\\/\\\/www.ucaldas.edu.co\\\/portal\\\/consejo-academico-crea-una-comision-veedora-de-garantias-academicas-y-laborales\\\/\",\"url\":\"https:\\\/\\\/www.ucaldas.edu.co\\\/portal\\\/consejo-academico-crea-una-comision-veedora-de-garantias-academicas-y-laborales\\\/\",\"name\":\"Consejo Acad\u00e9mico crea una Comisi\u00f3n Veedora de Garant\u00edas Acad\u00e9micas y Laborales .\",\"isPartOf\":{\"@id\":\"https:\\\/\\\/www.ucaldas.edu.co\\\/portal\\\/#website\"},\"primaryImageOfPage\":{\"@id\":\"https:\\\/\\\/www.ucaldas.edu.co\\\/portal\\\/consejo-academico-crea-una-comision-veedora-de-garantias-academicas-y-laborales\\\/#primaryimage\"},\"image\":{\"@id\":\"https:\\\/\\\/www.ucaldas.edu.co\\\/portal\\\/consejo-academico-crea-una-comision-veedora-de-garantias-academicas-y-laborales\\\/#primaryimage\"},\"thumbnailUrl\":\"https:\\\/\\\/www.ucaldas.edu.co\\\/portal\\\/wp-content\\\/uploads\\\/2019\\\/01\\\/MOMENTOS-U.-CALDAS-2017-17-compressor-1-1.jpg\",\"datePublished\":\"2019-01-21T20:41:26+00:00\",\"breadcrumb\":{\"@id\":\"https:\\\/\\\/www.ucaldas.edu.co\\\/portal\\\/consejo-academico-crea-una-comision-veedora-de-garantias-academicas-y-laborales\\\/#breadcrumb\"},\"inLanguage\":\"es\",\"potentialAction\":[{\"@type\":\"ReadAction\",\"target\":[\"https:\\\/\\\/www.ucaldas.edu.co\\\/portal\\\/consejo-academico-crea-una-comision-veedora-de-garantias-academicas-y-laborales\\\/\"]}]},{\"@type\":\"ImageObject\",\"inLanguage\":\"es\",\"@id\":\"https:\\\/\\\/www.ucaldas.edu.co\\\/portal\\\/consejo-academico-crea-una-comision-veedora-de-garantias-academicas-y-laborales\\\/#primaryimage\",\"url\":\"https:\\\/\\\/www.ucaldas.edu.co\\\/portal\\\/wp-content\\\/uploads\\\/2019\\\/01\\\/MOMENTOS-U.-CALDAS-2017-17-compressor-1-1.jpg\",\"contentUrl\":\"https:\\\/\\\/www.ucaldas.edu.co\\\/portal\\\/wp-content\\\/uploads\\\/2019\\\/01\\\/MOMENTOS-U.-CALDAS-2017-17-compressor-1-1.jpg\",\"width\":700,\"height\":399,\"caption\":\"Convocatoria solicitudes de estudio socioecon\u00f3mico Universidad de Caldas\"},{\"@type\":\"BreadcrumbList\",\"@id\":\"https:\\\/\\\/www.ucaldas.edu.co\\\/portal\\\/consejo-academico-crea-una-comision-veedora-de-garantias-academicas-y-laborales\\\/#breadcrumb\",\"itemListElement\":[{\"@type\":\"ListItem\",\"position\":1,\"name\":\"Portada\",\"item\":\"https:\\\/\\\/www.ucaldas.edu.co\\\/portal\\\/\"},{\"@type\":\"ListItem\",\"position\":2,\"name\":\"Consejo Acad\u00e9mico crea una Comisi\u00f3n Veedora de Garant\u00edas Acad\u00e9micas y Laborales\"}]},{\"@type\":\"WebSite\",\"@id\":\"https:\\\/\\\/www.ucaldas.edu.co\\\/portal\\\/#website\",\"url\":\"https:\\\/\\\/www.ucaldas.edu.co\\\/portal\\\/\",\"name\":\"Universidad de Caldas\",\"description\":\"\",\"publisher\":{\"@id\":\"https:\\\/\\\/www.ucaldas.edu.co\\\/portal\\\/#organization\"},\"alternateName\":\"U. de Caldas\",\"potentialAction\":[{\"@type\":\"SearchAction\",\"target\":{\"@type\":\"EntryPoint\",\"urlTemplate\":\"https:\\\/\\\/www.ucaldas.edu.co\\\/portal\\\/?s={search_term_string}\"},\"query-input\":{\"@type\":\"PropertyValueSpecification\",\"valueRequired\":true,\"valueName\":\"search_term_string\"}}],\"inLanguage\":\"es\"},{\"@type\":\"Organization\",\"@id\":\"https:\\\/\\\/www.ucaldas.edu.co\\\/portal\\\/#organization\",\"name\":\"Universidad de Caldas\",\"alternateName\":\"U. de Caldas\",\"url\":\"https:\\\/\\\/www.ucaldas.edu.co\\\/portal\\\/\",\"logo\":{\"@type\":\"ImageObject\",\"inLanguage\":\"es\",\"@id\":\"https:\\\/\\\/www.ucaldas.edu.co\\\/portal\\\/#\\\/schema\\\/logo\\\/image\\\/\",\"url\":\"https:\\\/\\\/www.ucaldas.edu.co\\\/portal\\\/wp-content\\\/uploads\\\/2023\\\/11\\\/Logo_horizontal_oscuroU-2023.png\",\"contentUrl\":\"https:\\\/\\\/www.ucaldas.edu.co\\\/portal\\\/wp-content\\\/uploads\\\/2023\\\/11\\\/Logo_horizontal_oscuroU-2023.png\",\"width\":263,\"height\":101,\"caption\":\"Universidad de Caldas\"},\"image\":{\"@id\":\"https:\\\/\\\/www.ucaldas.edu.co\\\/portal\\\/#\\\/schema\\\/logo\\\/image\\\/\"},\"sameAs\":[\"https:\\\/\\\/www.facebook.com\\\/udecaldas\",\"https:\\\/\\\/x.com\\\/udecaldas\",\"https:\\\/\\\/www.youtube.com\\\/universidadcaldas\",\"https:\\\/\\\/www.instagram.com\\\/udecaldas\\\/\"]},{\"@type\":\"Person\",\"@id\":\"https:\\\/\\\/www.ucaldas.edu.co\\\/portal\\\/#\\\/schema\\\/person\\\/a1b482e23449158b4bc319926c074fdf\",\"name\":\"ofiprensa\",\"image\":{\"@type\":\"ImageObject\",\"inLanguage\":\"es\",\"@id\":\"https:\\\/\\\/www.ucaldas.edu.co\\\/portal\\\/wp-content\\\/litespeed\\\/avatar\\\/09ea5085e600095a7a811142c6944527.jpg?ver=1777497608\",\"url\":\"https:\\\/\\\/www.ucaldas.edu.co\\\/portal\\\/wp-content\\\/litespeed\\\/avatar\\\/09ea5085e600095a7a811142c6944527.jpg?ver=1777497608\",\"contentUrl\":\"https:\\\/\\\/www.ucaldas.edu.co\\\/portal\\\/wp-content\\\/litespeed\\\/avatar\\\/09ea5085e600095a7a811142c6944527.jpg?ver=1777497608\",\"caption\":\"ofiprensa\"},\"url\":\"https:\\\/\\\/www.ucaldas.edu.co\\\/portal\\\/author\\\/ofiprensa\\\/\"}]}<\/script>\n<!-- \/ Yoast SEO plugin. -->","yoast_head_json":{"title":"Consejo Acad\u00e9mico crea una Comisi\u00f3n Veedora de Garant\u00edas Acad\u00e9micas y Laborales .","robots":{"index":"index","follow":"follow","max-snippet":"max-snippet:-1","max-image-preview":"max-image-preview:large","max-video-preview":"max-video-preview:-1"},"canonical":"https:\/\/www.ucaldas.edu.co\/portal\/consejo-academico-crea-una-comision-veedora-de-garantias-academicas-y-laborales\/","schema":{"@context":"https:\/\/schema.org","@graph":[{"@type":"Article","@id":"https:\/\/www.ucaldas.edu.co\/portal\/consejo-academico-crea-una-comision-veedora-de-garantias-academicas-y-laborales\/#article","isPartOf":{"@id":"https:\/\/www.ucaldas.edu.co\/portal\/consejo-academico-crea-una-comision-veedora-de-garantias-academicas-y-laborales\/"},"author":{"name":"ofiprensa","@id":"https:\/\/www.ucaldas.edu.co\/portal\/#\/schema\/person\/a1b482e23449158b4bc319926c074fdf"},"headline":"Consejo Acad\u00e9mico crea una Comisi\u00f3n Veedora de Garant\u00edas Acad\u00e9micas y Laborales","datePublished":"2019-01-21T20:41:26+00:00","mainEntityOfPage":{"@id":"https:\/\/www.ucaldas.edu.co\/portal\/consejo-academico-crea-una-comision-veedora-de-garantias-academicas-y-laborales\/"},"wordCount":158,"publisher":{"@id":"https:\/\/www.ucaldas.edu.co\/portal\/#organization"},"image":{"@id":"https:\/\/www.ucaldas.edu.co\/portal\/consejo-academico-crea-una-comision-veedora-de-garantias-academicas-y-laborales\/#primaryimage"},"thumbnailUrl":"https:\/\/www.ucaldas.edu.co\/portal\/wp-content\/uploads\/2019\/01\/MOMENTOS-U.-CALDAS-2017-17-compressor-1-1.jpg","keywords":["Administraci\u00f3n","Universidad De Caldas","Consejo Acad\u00e9mico","comisi\u00f3n","garant\u00edas acad\u00e9micas y laborales"],"articleSection":["Actualidad","Universidad al D\u00eda","UCaldas Transparente"],"inLanguage":"es"},{"@type":"WebPage","@id":"https:\/\/www.ucaldas.edu.co\/portal\/consejo-academico-crea-una-comision-veedora-de-garantias-academicas-y-laborales\/","url":"https:\/\/www.ucaldas.edu.co\/portal\/consejo-academico-crea-una-comision-veedora-de-garantias-academicas-y-laborales\/","name":"Consejo Acad\u00e9mico crea una Comisi\u00f3n Veedora de Garant\u00edas Acad\u00e9micas y Laborales .","isPartOf":{"@id":"https:\/\/www.ucaldas.edu.co\/portal\/#website"},"primaryImageOfPage":{"@id":"https:\/\/www.ucaldas.edu.co\/portal\/consejo-academico-crea-una-comision-veedora-de-garantias-academicas-y-laborales\/#primaryimage"},"image":{"@id":"https:\/\/www.ucaldas.edu.co\/portal\/consejo-academico-crea-una-comision-veedora-de-garantias-academicas-y-laborales\/#primaryimage"},"thumbnailUrl":"https:\/\/www.ucaldas.edu.co\/portal\/wp-content\/uploads\/2019\/01\/MOMENTOS-U.-CALDAS-2017-17-compressor-1-1.jpg","datePublished":"2019-01-21T20:41:26+00:00","breadcrumb":{"@id":"https:\/\/www.ucaldas.edu.co\/portal\/consejo-academico-crea-una-comision-veedora-de-garantias-academicas-y-laborales\/#breadcrumb"},"inLanguage":"es","potentialAction":[{"@type":"ReadAction","target":["https:\/\/www.ucaldas.edu.co\/portal\/consejo-academico-crea-una-comision-veedora-de-garantias-academicas-y-laborales\/"]}]},{"@type":"ImageObject","inLanguage":"es","@id":"https:\/\/www.ucaldas.edu.co\/portal\/consejo-academico-crea-una-comision-veedora-de-garantias-academicas-y-laborales\/#primaryimage","url":"https:\/\/www.ucaldas.edu.co\/portal\/wp-content\/uploads\/2019\/01\/MOMENTOS-U.-CALDAS-2017-17-compressor-1-1.jpg","contentUrl":"https:\/\/www.ucaldas.edu.co\/portal\/wp-content\/uploads\/2019\/01\/MOMENTOS-U.-CALDAS-2017-17-compressor-1-1.jpg","width":700,"height":399,"caption":"Convocatoria solicitudes de estudio socioecon\u00f3mico Universidad de Caldas"},{"@type":"BreadcrumbList","@id":"https:\/\/www.ucaldas.edu.co\/portal\/consejo-academico-crea-una-comision-veedora-de-garantias-academicas-y-laborales\/#breadcrumb","itemListElement":[{"@type":"ListItem","position":1,"name":"Portada","item":"https:\/\/www.ucaldas.edu.co\/portal\/"},{"@type":"ListItem","position":2,"name":"Consejo Acad\u00e9mico crea una Comisi\u00f3n Veedora de Garant\u00edas Acad\u00e9micas y Laborales"}]},{"@type":"WebSite","@id":"https:\/\/www.ucaldas.edu.co\/portal\/#website","url":"https:\/\/www.ucaldas.edu.co\/portal\/","name":"Universidad de Caldas","description":"","publisher":{"@id":"https:\/\/www.ucaldas.edu.co\/portal\/#organization"},"alternateName":"U. de Caldas","potentialAction":[{"@type":"SearchAction","target":{"@type":"EntryPoint","urlTemplate":"https:\/\/www.ucaldas.edu.co\/portal\/?s={search_term_string}"},"query-input":{"@type":"PropertyValueSpecification","valueRequired":true,"valueName":"search_term_string"}}],"inLanguage":"es"},{"@type":"Organization","@id":"https:\/\/www.ucaldas.edu.co\/portal\/#organization","name":"Universidad de Caldas","alternateName":"U. de Caldas","url":"https:\/\/www.ucaldas.edu.co\/portal\/","logo":{"@type":"ImageObject","inLanguage":"es","@id":"https:\/\/www.ucaldas.edu.co\/portal\/#\/schema\/logo\/image\/","url":"https:\/\/www.ucaldas.edu.co\/portal\/wp-content\/uploads\/2023\/11\/Logo_horizontal_oscuroU-2023.png","contentUrl":"https:\/\/www.ucaldas.edu.co\/portal\/wp-content\/uploads\/2023\/11\/Logo_horizontal_oscuroU-2023.png","width":263,"height":101,"caption":"Universidad de Caldas"},"image":{"@id":"https:\/\/www.ucaldas.edu.co\/portal\/#\/schema\/logo\/image\/"},"sameAs":["https:\/\/www.facebook.com\/udecaldas","https:\/\/x.com\/udecaldas","https:\/\/www.youtube.com\/universidadcaldas","https:\/\/www.instagram.com\/udecaldas\/"]},{"@type":"Person","@id":"https:\/\/www.ucaldas.edu.co\/portal\/#\/schema\/person\/a1b482e23449158b4bc319926c074fdf","name":"ofiprensa","image":{"@type":"ImageObject","inLanguage":"es","@id":"https:\/\/www.ucaldas.edu.co\/portal\/wp-content\/litespeed\/avatar\/09ea5085e600095a7a811142c6944527.jpg?ver=1777497608","url":"https:\/\/www.ucaldas.edu.co\/portal\/wp-content\/litespeed\/avatar\/09ea5085e600095a7a811142c6944527.jpg?ver=1777497608","contentUrl":"https:\/\/www.ucaldas.edu.co\/portal\/wp-content\/litespeed\/avatar\/09ea5085e600095a7a811142c6944527.jpg?ver=1777497608","caption":"ofiprensa"},"url":"https:\/\/www.ucaldas.edu.co\/portal\/author\/ofiprensa\/"}]}},"_links":{"self":[{"href":"https:\/\/www.ucaldas.edu.co\/portal\/wp-json\/wp\/v2\/posts\/45387","targetHints":{"allow":["GET"]}}],"collection":[{"href":"https:\/\/www.ucaldas.edu.co\/portal\/wp-json\/wp\/v2\/posts"}],"about":[{"href":"https:\/\/www.ucaldas.edu.co\/portal\/wp-json\/wp\/v2\/types\/post"}],"author":[{"embeddable":true,"href":"https:\/\/www.ucaldas.edu.co\/portal\/wp-json\/wp\/v2\/users\/2"}],"replies":[{"embeddable":true,"href":"https:\/\/www.ucaldas.edu.co\/portal\/wp-json\/wp\/v2\/comments?post=45387"}],"version-history":[{"count":0,"href":"https:\/\/www.ucaldas.edu.co\/portal\/wp-json\/wp\/v2\/posts\/45387\/revisions"}],"wp:featuredmedia":[{"embeddable":true,"href":"https:\/\/www.ucaldas.edu.co\/portal\/wp-json\/wp\/v2\/media\/45388"}],"wp:attachment":[{"href":"https:\/\/www.ucaldas.edu.co\/portal\/wp-json\/wp\/v2\/media?parent=45387"}],"wp:term":[{"taxonomy":"category","embeddable":true,"href":"https:\/\/www.ucaldas.edu.co\/portal\/wp-json\/wp\/v2\/categories?post=45387"},{"taxonomy":"post_tag","embeddable":true,"href":"https:\/\/www.ucaldas.edu.co\/portal\/wp-json\/wp\/v2\/tags?post=45387"}],"curies":[{"name":"wp","href":"https:\/\/api.w.org\/{rel}","templated":true}]}}