{"id":45346,"date":"2019-01-21T16:14:57","date_gmt":"2019-01-21T16:14:57","guid":{"rendered":"https:\/\/www.ucaldas.edu.co\/portal\/?p=45346"},"modified":"2019-01-21T16:24:59","modified_gmt":"2019-01-21T16:24:59","slug":"asamblea-de-estudiantes-se-declaran-en-normalidad-academica","status":"publish","type":"post","link":"https:\/\/www.ucaldas.edu.co\/portal\/asamblea-de-estudiantes-se-declaran-en-normalidad-academica\/","title":{"rendered":"Asamblea de Estudiantes  declara Normalidad Acad\u00e9mica"},"content":{"rendered":"<div class=\"text_exposed_show\">\n<p style=\"text-align: center;\">DESPU\u00c9S DE REUNI\u00d3N EN LA MA\u00d1ANA<\/p>\n<p style=\"text-align: center;\"><strong>Asamblea de Estudiantes declara Normalidad Acad\u00e9mica<\/strong><\/p>\n<p style=\"text-align: right;\">21\/01\/2019<\/p>\n<\/div>\n<div class=\"text_exposed_show\">\n<p><img loading=\"lazy\" decoding=\"async\" class=\"wp-image-45347 aligncenter\" src=\"https:\/\/www.ucaldas.edu.co\/portal\/wp-content\/uploads\/2019\/01\/ASAMBLEA-ESTUDIANTES-21-ENE-2019-6.jpg\" alt=\"\" width=\"529\" height=\"353\" srcset=\"https:\/\/www.ucaldas.edu.co\/portal\/wp-content\/uploads\/2019\/01\/ASAMBLEA-ESTUDIANTES-21-ENE-2019-6.jpg 3648w, https:\/\/www.ucaldas.edu.co\/portal\/wp-content\/uploads\/2019\/01\/ASAMBLEA-ESTUDIANTES-21-ENE-2019-6-300x200.jpg 300w, https:\/\/www.ucaldas.edu.co\/portal\/wp-content\/uploads\/2019\/01\/ASAMBLEA-ESTUDIANTES-21-ENE-2019-6-768x512.jpg 768w, https:\/\/www.ucaldas.edu.co\/portal\/wp-content\/uploads\/2019\/01\/ASAMBLEA-ESTUDIANTES-21-ENE-2019-6-1024x683.jpg 1024w\" sizes=\"auto, (max-width: 529px) 100vw, 529px\" \/><\/p>\n<p>&nbsp;<\/p>\n<p>Los estudiantes de la Universidad de Caldas reunidos en asamblea este lunes 21 de enero aprobaron declararse en normalidad acad\u00e9mica a partir del martes 22 de enero de 2019, luego de aceptar las garant\u00edas propuestas por el Consejo Acad\u00e9mico para el retorno a clases.<\/p>\n<p><!--more--><\/p>\n<p>En un comunicado dado a conocer a trav\u00e9s de redes sociales los estudiantes manifestaron lo siguiente:<\/p>\n<p>&nbsp;<\/p>\n<table>\n<tbody>\n<tr>\n<td width=\"589\"><strong>Determinaci\u00f3n Asamblea General de Estudiantes:<\/strong><\/p>\n<p>1. Nos declaramos en normalidad acad\u00e9mica a partir del martes 22 de enero.<\/p>\n<p>2. Aceptamos las garant\u00edas acad\u00e9micas discutidas con las siguientes claridades:<br \/>\n&#8211; aceptamos la oferta permanente para el a\u00f1o 2019,<\/p>\n<p>c\u00f3mo la propuesta m\u00e1s sana para el estamento estudiantil y profesoral. En el entendido que a\u00fan hay elementos por construir para la misma.<br \/>\n&#8211; Nos declaramos en alerta sobre la discusi\u00f3n de oferta permanente para el a\u00f1o 2020.<\/p>\n<p>3. Las asambleas de facultad y de programas que se realicen nutrir\u00e1n la comisi\u00f3n veedora con las particularidades necesarias para garantizar el funcionamiento para 2019.<\/p>\n<p>Fuente: <a href=\"https:\/\/www.facebook.com\/mateo.sambrano.1\">https:\/\/www.facebook.com\/mateo.sambrano.1<\/a><\/td>\n<\/tr>\n<\/tbody>\n<\/table>\n<p>&nbsp;<\/p>\n<p>El Representante de los Estudiantes al Consejo Acad\u00e9mico Mateo Sambrano, dijo adem\u00e1s que durante esta semana se llevaran a cabo una serie de reuniones en las distintas facultades con el fin de analizar las particularidades que cada carrera pueda tener para adelantar el regreso a clases.<\/p>\n<p>&nbsp;<\/p>\n<p><strong>Anexo:<\/strong><\/p>\n<p>Audio Representante Estudiantil Mateo Sambrano<\/p>\n<div class=\"\">\n<div id=\":15w\" class=\"ii gt\">\n<div id=\":15x\" class=\"a3s aXjCH \">\n<div dir=\"ltr\">\n<div dir=\"ltr\">\n<p><a href=\"https:\/\/www.ivoox.com\/mateo-zambrano-audios-mp3_rf_31645646_1.html\" target=\"_blank\" rel=\"noopener\" data-saferedirecturl=\"https:\/\/www.google.com\/url?q=https:\/\/www.ivoox.com\/mateo-zambrano-audios-mp3_rf_31645646_1.html&amp;source=gmail&amp;ust=1548173604180000&amp;usg=AFQjCNEyCTETXcIvxJe2W8D9pKxvYwBmrQ\">https:\/\/www.ivoox.com\/mateo-<wbr \/>zambrano-audios-mp3_rf_<wbr \/>31645646_1.html<\/a><\/p>\n<div><\/div>\n<\/div>\n<\/div>\n<\/div>\n<\/div>\n<\/div>\n<p><strong>Informes: <\/strong>Oficina de Comunicaciones y Prensa Universidad de Caldas.<\/p>\n<p>Tel\u00e9fono: 8781500 Extensi\u00f3n: 12167<\/p>\n<p><strong>Redacci\u00f3n:<\/strong> Adriana Salazar Villegas<\/p>\n<\/div>\n<p>&nbsp;<\/p>\n<p>&nbsp;<\/p>\n<p>&nbsp;<\/p>\n<p>&nbsp;<\/p>\n","protected":false},"excerpt":{"rendered":"<p>DESPU\u00c9S DE REUNI\u00d3N EN LA MA\u00d1ANA Asamblea de Estudiantes declara Normalidad Acad\u00e9mica 21\/01\/2019 &nbsp; Los estudiantes de la Universidad de Caldas reunidos en asamblea este lunes 21 de enero aprobaron declararse en normalidad acad\u00e9mica a partir del martes 22 de enero de 2019, luego de aceptar las garant\u00edas propuestas por el Consejo Acad\u00e9mico para el [&hellip;]<\/p>\n","protected":false},"author":2,"featured_media":45347,"comment_status":"closed","ping_status":"open","sticky":false,"template":"","format":"standard","meta":{"footnotes":""},"categories":[48,53,620],"tags":[77,250,1117,3362,3367],"class_list":["post-45346","post","type-post","status-publish","format-standard","has-post-thumbnail","hentry","category-actualidad","category-universidad-al-dia","category-ucaldas-transparente","tag-administracion","tag-calendario","tag-consejo-academico","tag-oferta-permanente","tag-asamblea-de-estudiantes"],"yoast_head":"<!-- This site is optimized with the Yoast SEO plugin v27.5 - https:\/\/yoast.com\/product\/yoast-seo-wordpress\/ -->\n<title>Asamblea de Estudiantes declara Normalidad Acad\u00e9mica .<\/title>\n<meta name=\"robots\" content=\"index, follow, max-snippet:-1, max-image-preview:large, max-video-preview:-1\" \/>\n<link rel=\"canonical\" href=\"https:\/\/www.ucaldas.edu.co\/portal\/asamblea-de-estudiantes-se-declaran-en-normalidad-academica\/\" \/>\n<script type=\"application\/ld+json\" class=\"yoast-schema-graph\">{\"@context\":\"https:\\\/\\\/schema.org\",\"@graph\":[{\"@type\":\"Article\",\"@id\":\"https:\\\/\\\/www.ucaldas.edu.co\\\/portal\\\/asamblea-de-estudiantes-se-declaran-en-normalidad-academica\\\/#article\",\"isPartOf\":{\"@id\":\"https:\\\/\\\/www.ucaldas.edu.co\\\/portal\\\/asamblea-de-estudiantes-se-declaran-en-normalidad-academica\\\/\"},\"author\":{\"name\":\"ofiprensa\",\"@id\":\"https:\\\/\\\/www.ucaldas.edu.co\\\/portal\\\/#\\\/schema\\\/person\\\/a1b482e23449158b4bc319926c074fdf\"},\"headline\":\"Asamblea de Estudiantes declara Normalidad Acad\u00e9mica\",\"datePublished\":\"2019-01-21T16:14:57+00:00\",\"dateModified\":\"2019-01-21T16:24:59+00:00\",\"mainEntityOfPage\":{\"@id\":\"https:\\\/\\\/www.ucaldas.edu.co\\\/portal\\\/asamblea-de-estudiantes-se-declaran-en-normalidad-academica\\\/\"},\"wordCount\":283,\"publisher\":{\"@id\":\"https:\\\/\\\/www.ucaldas.edu.co\\\/portal\\\/#organization\"},\"image\":{\"@id\":\"https:\\\/\\\/www.ucaldas.edu.co\\\/portal\\\/asamblea-de-estudiantes-se-declaran-en-normalidad-academica\\\/#primaryimage\"},\"thumbnailUrl\":\"https:\\\/\\\/www.ucaldas.edu.co\\\/portal\\\/wp-content\\\/uploads\\\/2019\\\/01\\\/ASAMBLEA-ESTUDIANTES-21-ENE-2019-6.jpg\",\"keywords\":[\"Administraci\u00f3n\",\"calendario\",\"Consejo Acad\u00e9mico\",\"oferta permanente\",\"asamblea de estudiantes\"],\"articleSection\":[\"Actualidad\",\"Universidad al D\u00eda\",\"UCaldas Transparente\"],\"inLanguage\":\"es\"},{\"@type\":\"WebPage\",\"@id\":\"https:\\\/\\\/www.ucaldas.edu.co\\\/portal\\\/asamblea-de-estudiantes-se-declaran-en-normalidad-academica\\\/\",\"url\":\"https:\\\/\\\/www.ucaldas.edu.co\\\/portal\\\/asamblea-de-estudiantes-se-declaran-en-normalidad-academica\\\/\",\"name\":\"Asamblea de Estudiantes declara Normalidad Acad\u00e9mica .\",\"isPartOf\":{\"@id\":\"https:\\\/\\\/www.ucaldas.edu.co\\\/portal\\\/#website\"},\"primaryImageOfPage\":{\"@id\":\"https:\\\/\\\/www.ucaldas.edu.co\\\/portal\\\/asamblea-de-estudiantes-se-declaran-en-normalidad-academica\\\/#primaryimage\"},\"image\":{\"@id\":\"https:\\\/\\\/www.ucaldas.edu.co\\\/portal\\\/asamblea-de-estudiantes-se-declaran-en-normalidad-academica\\\/#primaryimage\"},\"thumbnailUrl\":\"https:\\\/\\\/www.ucaldas.edu.co\\\/portal\\\/wp-content\\\/uploads\\\/2019\\\/01\\\/ASAMBLEA-ESTUDIANTES-21-ENE-2019-6.jpg\",\"datePublished\":\"2019-01-21T16:14:57+00:00\",\"dateModified\":\"2019-01-21T16:24:59+00:00\",\"breadcrumb\":{\"@id\":\"https:\\\/\\\/www.ucaldas.edu.co\\\/portal\\\/asamblea-de-estudiantes-se-declaran-en-normalidad-academica\\\/#breadcrumb\"},\"inLanguage\":\"es\",\"potentialAction\":[{\"@type\":\"ReadAction\",\"target\":[\"https:\\\/\\\/www.ucaldas.edu.co\\\/portal\\\/asamblea-de-estudiantes-se-declaran-en-normalidad-academica\\\/\"]}]},{\"@type\":\"ImageObject\",\"inLanguage\":\"es\",\"@id\":\"https:\\\/\\\/www.ucaldas.edu.co\\\/portal\\\/asamblea-de-estudiantes-se-declaran-en-normalidad-academica\\\/#primaryimage\",\"url\":\"https:\\\/\\\/www.ucaldas.edu.co\\\/portal\\\/wp-content\\\/uploads\\\/2019\\\/01\\\/ASAMBLEA-ESTUDIANTES-21-ENE-2019-6.jpg\",\"contentUrl\":\"https:\\\/\\\/www.ucaldas.edu.co\\\/portal\\\/wp-content\\\/uploads\\\/2019\\\/01\\\/ASAMBLEA-ESTUDIANTES-21-ENE-2019-6.jpg\",\"width\":3648,\"height\":2432},{\"@type\":\"BreadcrumbList\",\"@id\":\"https:\\\/\\\/www.ucaldas.edu.co\\\/portal\\\/asamblea-de-estudiantes-se-declaran-en-normalidad-academica\\\/#breadcrumb\",\"itemListElement\":[{\"@type\":\"ListItem\",\"position\":1,\"name\":\"Portada\",\"item\":\"https:\\\/\\\/www.ucaldas.edu.co\\\/portal\\\/\"},{\"@type\":\"ListItem\",\"position\":2,\"name\":\"Asamblea de Estudiantes declara Normalidad Acad\u00e9mica\"}]},{\"@type\":\"WebSite\",\"@id\":\"https:\\\/\\\/www.ucaldas.edu.co\\\/portal\\\/#website\",\"url\":\"https:\\\/\\\/www.ucaldas.edu.co\\\/portal\\\/\",\"name\":\"Universidad de Caldas\",\"description\":\"\",\"publisher\":{\"@id\":\"https:\\\/\\\/www.ucaldas.edu.co\\\/portal\\\/#organization\"},\"alternateName\":\"U. de Caldas\",\"potentialAction\":[{\"@type\":\"SearchAction\",\"target\":{\"@type\":\"EntryPoint\",\"urlTemplate\":\"https:\\\/\\\/www.ucaldas.edu.co\\\/portal\\\/?s={search_term_string}\"},\"query-input\":{\"@type\":\"PropertyValueSpecification\",\"valueRequired\":true,\"valueName\":\"search_term_string\"}}],\"inLanguage\":\"es\"},{\"@type\":\"Organization\",\"@id\":\"https:\\\/\\\/www.ucaldas.edu.co\\\/portal\\\/#organization\",\"name\":\"Universidad de Caldas\",\"alternateName\":\"U. de Caldas\",\"url\":\"https:\\\/\\\/www.ucaldas.edu.co\\\/portal\\\/\",\"logo\":{\"@type\":\"ImageObject\",\"inLanguage\":\"es\",\"@id\":\"https:\\\/\\\/www.ucaldas.edu.co\\\/portal\\\/#\\\/schema\\\/logo\\\/image\\\/\",\"url\":\"https:\\\/\\\/www.ucaldas.edu.co\\\/portal\\\/wp-content\\\/uploads\\\/2023\\\/11\\\/Logo_horizontal_oscuroU-2023.png\",\"contentUrl\":\"https:\\\/\\\/www.ucaldas.edu.co\\\/portal\\\/wp-content\\\/uploads\\\/2023\\\/11\\\/Logo_horizontal_oscuroU-2023.png\",\"width\":263,\"height\":101,\"caption\":\"Universidad de Caldas\"},\"image\":{\"@id\":\"https:\\\/\\\/www.ucaldas.edu.co\\\/portal\\\/#\\\/schema\\\/logo\\\/image\\\/\"},\"sameAs\":[\"https:\\\/\\\/www.facebook.com\\\/udecaldas\",\"https:\\\/\\\/x.com\\\/udecaldas\",\"https:\\\/\\\/www.youtube.com\\\/universidadcaldas\",\"https:\\\/\\\/www.instagram.com\\\/udecaldas\\\/\"]},{\"@type\":\"Person\",\"@id\":\"https:\\\/\\\/www.ucaldas.edu.co\\\/portal\\\/#\\\/schema\\\/person\\\/a1b482e23449158b4bc319926c074fdf\",\"name\":\"ofiprensa\",\"image\":{\"@type\":\"ImageObject\",\"inLanguage\":\"es\",\"@id\":\"https:\\\/\\\/www.ucaldas.edu.co\\\/portal\\\/wp-content\\\/litespeed\\\/avatar\\\/09ea5085e600095a7a811142c6944527.jpg?ver=1777497608\",\"url\":\"https:\\\/\\\/www.ucaldas.edu.co\\\/portal\\\/wp-content\\\/litespeed\\\/avatar\\\/09ea5085e600095a7a811142c6944527.jpg?ver=1777497608\",\"contentUrl\":\"https:\\\/\\\/www.ucaldas.edu.co\\\/portal\\\/wp-content\\\/litespeed\\\/avatar\\\/09ea5085e600095a7a811142c6944527.jpg?ver=1777497608\",\"caption\":\"ofiprensa\"},\"url\":\"https:\\\/\\\/www.ucaldas.edu.co\\\/portal\\\/author\\\/ofiprensa\\\/\"}]}<\/script>\n<!-- \/ Yoast SEO plugin. -->","yoast_head_json":{"title":"Asamblea de Estudiantes declara Normalidad Acad\u00e9mica .","robots":{"index":"index","follow":"follow","max-snippet":"max-snippet:-1","max-image-preview":"max-image-preview:large","max-video-preview":"max-video-preview:-1"},"canonical":"https:\/\/www.ucaldas.edu.co\/portal\/asamblea-de-estudiantes-se-declaran-en-normalidad-academica\/","schema":{"@context":"https:\/\/schema.org","@graph":[{"@type":"Article","@id":"https:\/\/www.ucaldas.edu.co\/portal\/asamblea-de-estudiantes-se-declaran-en-normalidad-academica\/#article","isPartOf":{"@id":"https:\/\/www.ucaldas.edu.co\/portal\/asamblea-de-estudiantes-se-declaran-en-normalidad-academica\/"},"author":{"name":"ofiprensa","@id":"https:\/\/www.ucaldas.edu.co\/portal\/#\/schema\/person\/a1b482e23449158b4bc319926c074fdf"},"headline":"Asamblea de Estudiantes declara Normalidad Acad\u00e9mica","datePublished":"2019-01-21T16:14:57+00:00","dateModified":"2019-01-21T16:24:59+00:00","mainEntityOfPage":{"@id":"https:\/\/www.ucaldas.edu.co\/portal\/asamblea-de-estudiantes-se-declaran-en-normalidad-academica\/"},"wordCount":283,"publisher":{"@id":"https:\/\/www.ucaldas.edu.co\/portal\/#organization"},"image":{"@id":"https:\/\/www.ucaldas.edu.co\/portal\/asamblea-de-estudiantes-se-declaran-en-normalidad-academica\/#primaryimage"},"thumbnailUrl":"https:\/\/www.ucaldas.edu.co\/portal\/wp-content\/uploads\/2019\/01\/ASAMBLEA-ESTUDIANTES-21-ENE-2019-6.jpg","keywords":["Administraci\u00f3n","calendario","Consejo Acad\u00e9mico","oferta permanente","asamblea de estudiantes"],"articleSection":["Actualidad","Universidad al D\u00eda","UCaldas Transparente"],"inLanguage":"es"},{"@type":"WebPage","@id":"https:\/\/www.ucaldas.edu.co\/portal\/asamblea-de-estudiantes-se-declaran-en-normalidad-academica\/","url":"https:\/\/www.ucaldas.edu.co\/portal\/asamblea-de-estudiantes-se-declaran-en-normalidad-academica\/","name":"Asamblea de Estudiantes declara Normalidad Acad\u00e9mica .","isPartOf":{"@id":"https:\/\/www.ucaldas.edu.co\/portal\/#website"},"primaryImageOfPage":{"@id":"https:\/\/www.ucaldas.edu.co\/portal\/asamblea-de-estudiantes-se-declaran-en-normalidad-academica\/#primaryimage"},"image":{"@id":"https:\/\/www.ucaldas.edu.co\/portal\/asamblea-de-estudiantes-se-declaran-en-normalidad-academica\/#primaryimage"},"thumbnailUrl":"https:\/\/www.ucaldas.edu.co\/portal\/wp-content\/uploads\/2019\/01\/ASAMBLEA-ESTUDIANTES-21-ENE-2019-6.jpg","datePublished":"2019-01-21T16:14:57+00:00","dateModified":"2019-01-21T16:24:59+00:00","breadcrumb":{"@id":"https:\/\/www.ucaldas.edu.co\/portal\/asamblea-de-estudiantes-se-declaran-en-normalidad-academica\/#breadcrumb"},"inLanguage":"es","potentialAction":[{"@type":"ReadAction","target":["https:\/\/www.ucaldas.edu.co\/portal\/asamblea-de-estudiantes-se-declaran-en-normalidad-academica\/"]}]},{"@type":"ImageObject","inLanguage":"es","@id":"https:\/\/www.ucaldas.edu.co\/portal\/asamblea-de-estudiantes-se-declaran-en-normalidad-academica\/#primaryimage","url":"https:\/\/www.ucaldas.edu.co\/portal\/wp-content\/uploads\/2019\/01\/ASAMBLEA-ESTUDIANTES-21-ENE-2019-6.jpg","contentUrl":"https:\/\/www.ucaldas.edu.co\/portal\/wp-content\/uploads\/2019\/01\/ASAMBLEA-ESTUDIANTES-21-ENE-2019-6.jpg","width":3648,"height":2432},{"@type":"BreadcrumbList","@id":"https:\/\/www.ucaldas.edu.co\/portal\/asamblea-de-estudiantes-se-declaran-en-normalidad-academica\/#breadcrumb","itemListElement":[{"@type":"ListItem","position":1,"name":"Portada","item":"https:\/\/www.ucaldas.edu.co\/portal\/"},{"@type":"ListItem","position":2,"name":"Asamblea de Estudiantes declara Normalidad Acad\u00e9mica"}]},{"@type":"WebSite","@id":"https:\/\/www.ucaldas.edu.co\/portal\/#website","url":"https:\/\/www.ucaldas.edu.co\/portal\/","name":"Universidad de Caldas","description":"","publisher":{"@id":"https:\/\/www.ucaldas.edu.co\/portal\/#organization"},"alternateName":"U. de Caldas","potentialAction":[{"@type":"SearchAction","target":{"@type":"EntryPoint","urlTemplate":"https:\/\/www.ucaldas.edu.co\/portal\/?s={search_term_string}"},"query-input":{"@type":"PropertyValueSpecification","valueRequired":true,"valueName":"search_term_string"}}],"inLanguage":"es"},{"@type":"Organization","@id":"https:\/\/www.ucaldas.edu.co\/portal\/#organization","name":"Universidad de Caldas","alternateName":"U. de Caldas","url":"https:\/\/www.ucaldas.edu.co\/portal\/","logo":{"@type":"ImageObject","inLanguage":"es","@id":"https:\/\/www.ucaldas.edu.co\/portal\/#\/schema\/logo\/image\/","url":"https:\/\/www.ucaldas.edu.co\/portal\/wp-content\/uploads\/2023\/11\/Logo_horizontal_oscuroU-2023.png","contentUrl":"https:\/\/www.ucaldas.edu.co\/portal\/wp-content\/uploads\/2023\/11\/Logo_horizontal_oscuroU-2023.png","width":263,"height":101,"caption":"Universidad de Caldas"},"image":{"@id":"https:\/\/www.ucaldas.edu.co\/portal\/#\/schema\/logo\/image\/"},"sameAs":["https:\/\/www.facebook.com\/udecaldas","https:\/\/x.com\/udecaldas","https:\/\/www.youtube.com\/universidadcaldas","https:\/\/www.instagram.com\/udecaldas\/"]},{"@type":"Person","@id":"https:\/\/www.ucaldas.edu.co\/portal\/#\/schema\/person\/a1b482e23449158b4bc319926c074fdf","name":"ofiprensa","image":{"@type":"ImageObject","inLanguage":"es","@id":"https:\/\/www.ucaldas.edu.co\/portal\/wp-content\/litespeed\/avatar\/09ea5085e600095a7a811142c6944527.jpg?ver=1777497608","url":"https:\/\/www.ucaldas.edu.co\/portal\/wp-content\/litespeed\/avatar\/09ea5085e600095a7a811142c6944527.jpg?ver=1777497608","contentUrl":"https:\/\/www.ucaldas.edu.co\/portal\/wp-content\/litespeed\/avatar\/09ea5085e600095a7a811142c6944527.jpg?ver=1777497608","caption":"ofiprensa"},"url":"https:\/\/www.ucaldas.edu.co\/portal\/author\/ofiprensa\/"}]}},"_links":{"self":[{"href":"https:\/\/www.ucaldas.edu.co\/portal\/wp-json\/wp\/v2\/posts\/45346","targetHints":{"allow":["GET"]}}],"collection":[{"href":"https:\/\/www.ucaldas.edu.co\/portal\/wp-json\/wp\/v2\/posts"}],"about":[{"href":"https:\/\/www.ucaldas.edu.co\/portal\/wp-json\/wp\/v2\/types\/post"}],"author":[{"embeddable":true,"href":"https:\/\/www.ucaldas.edu.co\/portal\/wp-json\/wp\/v2\/users\/2"}],"replies":[{"embeddable":true,"href":"https:\/\/www.ucaldas.edu.co\/portal\/wp-json\/wp\/v2\/comments?post=45346"}],"version-history":[{"count":0,"href":"https:\/\/www.ucaldas.edu.co\/portal\/wp-json\/wp\/v2\/posts\/45346\/revisions"}],"wp:featuredmedia":[{"embeddable":true,"href":"https:\/\/www.ucaldas.edu.co\/portal\/wp-json\/wp\/v2\/media\/45347"}],"wp:attachment":[{"href":"https:\/\/www.ucaldas.edu.co\/portal\/wp-json\/wp\/v2\/media?parent=45346"}],"wp:term":[{"taxonomy":"category","embeddable":true,"href":"https:\/\/www.ucaldas.edu.co\/portal\/wp-json\/wp\/v2\/categories?post=45346"},{"taxonomy":"post_tag","embeddable":true,"href":"https:\/\/www.ucaldas.edu.co\/portal\/wp-json\/wp\/v2\/tags?post=45346"}],"curies":[{"name":"wp","href":"https:\/\/api.w.org\/{rel}","templated":true}]}}