{"id":45341,"date":"2019-01-20T04:36:46","date_gmt":"2019-01-20T04:36:46","guid":{"rendered":"https:\/\/www.ucaldas.edu.co\/portal\/?p=45341"},"modified":"2019-01-20T04:36:46","modified_gmt":"2019-01-20T04:36:46","slug":"consejo-academico-propone-alternativas-para-retomar-actividades","status":"publish","type":"post","link":"https:\/\/www.ucaldas.edu.co\/portal\/consejo-academico-propone-alternativas-para-retomar-actividades\/","title":{"rendered":"Consejo Acad\u00e9mico propone alternativas para retomar actividades"},"content":{"rendered":"<p style=\"text-align: center;\">LA SESI\u00d3N CONTINUAR\u00c1 EL PR\u00d3XIMO LUNES<\/p>\n<p style=\"text-align: center;\"><strong><b>Consejo Acad\u00e9mico propone alternativas para retomar actividades<\/b><\/strong><\/p>\n<p style=\"text-align: right;\">19\/01\/2019<\/p>\n<p><img loading=\"lazy\" decoding=\"async\" class=\"alignnone  wp-image-45342 aligncenter\" src=\"https:\/\/www.ucaldas.edu.co\/portal\/wp-content\/uploads\/2019\/01\/SEDE-CENTRAL-U.-CALDAS-1.jpg\" alt=\"\" width=\"698\" height=\"465\" srcset=\"https:\/\/www.ucaldas.edu.co\/portal\/wp-content\/uploads\/2019\/01\/SEDE-CENTRAL-U.-CALDAS-1.jpg 3648w, https:\/\/www.ucaldas.edu.co\/portal\/wp-content\/uploads\/2019\/01\/SEDE-CENTRAL-U.-CALDAS-1-300x200.jpg 300w, https:\/\/www.ucaldas.edu.co\/portal\/wp-content\/uploads\/2019\/01\/SEDE-CENTRAL-U.-CALDAS-1-768x512.jpg 768w, https:\/\/www.ucaldas.edu.co\/portal\/wp-content\/uploads\/2019\/01\/SEDE-CENTRAL-U.-CALDAS-1-1024x683.jpg 1024w\" sizes=\"auto, (max-width: 698px) 100vw, 698px\" \/><\/p>\n<p>Durante dos d\u00edas los miembros del Consejo Acad\u00e9mico de la Universidad de Caldas sesionaron de manera permanente con el fin de proponer a los diferentes estamentos alternativas que permitan el reinicio de las actividades acad\u00e9micas en 2019.<\/p>\n<p><!--more--><\/p>\n<p>De acuerdo con el Rector de la Universidad de Caldas Alejandro Ceballos M\u00e1rquez: \u201cDurante las diferentes sesiones se han estudiado todas las garant\u00edas acad\u00e9micas y laborales \u00a0para brindarle a la comunidad universitaria la confianza y la \u00a0certeza de que la administraci\u00f3n esta comprometida en poder sacar adelante el segundo semestre de 2018\u201d.<\/p>\n<p>Para este lunes 21 de enero se tienen programadas las asambleas de estudiantes y profesores en las cuales se socializar\u00e1n \u00a0las alternativas propuestas por el Consejo Acad\u00e9mico para retomar la normalidad acad\u00e9mica, as\u00ed mismo se tiene programada la sesi\u00f3n del Consejo Acad\u00e9mico a partir de \u00a0las 9:00 a.m<\/p>\n<p>En lo que tiene que ver con el ingreso de nuevos estudiantes a la Universidad, \u00a0se anunci\u00f3 que se tiene previsto el inicio actividades el 11 de febrero y se ofrecer\u00e1n en un principio formaci\u00f3n en competencias b\u00e1sicas y ciudadanas para despu\u00e9s comenzar con los cursos correspondientes a cada programa acad\u00e9mico.<\/p>\n<p>&nbsp;<\/p>\n<p><strong><b>Anexos:<\/b><\/strong><\/p>\n<p>Audio Rector Universidad de Caldas, Alejandro Ceballos M\u00e1rquez<\/p>\n<p><a href=\"https:\/\/co.ivoox.com\/es\/consejo-academico-rector-audios-mp3_rf_31607809_1.html\"><u>https:\/\/co.ivoox.com\/es\/consejo-academico-rector-audios-mp3_rf_31607809_1.html<\/u><\/a><\/p>\n<p>V\u00eddeo entrevista Rector Rector Universidad de Caldas, Alejandro Ceballos M\u00e1rquez<\/p>\n<p><a href=\"https:\/\/www.youtube.com\/watch?v=dSFS0lrl3FA&amp;t=16s\"><u>https:\/\/www.youtube.com\/watch?v=dSFS0lrl3FA&amp;t=16s<\/u><\/a><\/p>\n<p><strong><b>\u00a0<\/b><\/strong><\/p>\n<p><strong><b>\u00a0<\/b><\/strong><\/p>\n<p><strong><b>Informes: <\/b><\/strong>Oficina de Comunicaciones y Prensa Universidad de Caldas.<\/p>\n<p>Tel\u00e9fono: 8781500 Extensi\u00f3n: 12167<\/p>\n<p><strong><b>Redacci\u00f3n:<\/b><\/strong>\u00a0Adriana Salazar Villegas<\/p>\n<p>&nbsp;<\/p>\n","protected":false},"excerpt":{"rendered":"<p>LA SESI\u00d3N CONTINUAR\u00c1 EL PR\u00d3XIMO LUNES Consejo Acad\u00e9mico propone alternativas para retomar actividades 19\/01\/2019 Durante dos d\u00edas los miembros del Consejo Acad\u00e9mico de la Universidad de Caldas sesionaron de manera permanente con el fin de proponer a los diferentes estamentos alternativas que permitan el reinicio de las actividades acad\u00e9micas en 2019.<\/p>\n","protected":false},"author":2,"featured_media":45342,"comment_status":"closed","ping_status":"open","sticky":false,"template":"","format":"standard","meta":{"footnotes":""},"categories":[48,53,620],"tags":[250,330,917,1116,1117,3366],"class_list":["post-45341","post","type-post","status-publish","format-standard","has-post-thumbnail","hentry","category-actualidad","category-universidad-al-dia","category-ucaldas-transparente","tag-calendario","tag-estudiantes","tag-profesores","tag-rector","tag-consejo-academico","tag-asambleas"],"yoast_head":"<!-- This site is optimized with the Yoast SEO plugin v27.5 - https:\/\/yoast.com\/product\/yoast-seo-wordpress\/ -->\n<title>Consejo Acad\u00e9mico propone alternativas para retomar actividades .<\/title>\n<meta name=\"robots\" content=\"index, follow, max-snippet:-1, max-image-preview:large, max-video-preview:-1\" \/>\n<link rel=\"canonical\" href=\"https:\/\/www.ucaldas.edu.co\/portal\/consejo-academico-propone-alternativas-para-retomar-actividades\/\" \/>\n<script type=\"application\/ld+json\" class=\"yoast-schema-graph\">{\"@context\":\"https:\\\/\\\/schema.org\",\"@graph\":[{\"@type\":\"Article\",\"@id\":\"https:\\\/\\\/www.ucaldas.edu.co\\\/portal\\\/consejo-academico-propone-alternativas-para-retomar-actividades\\\/#article\",\"isPartOf\":{\"@id\":\"https:\\\/\\\/www.ucaldas.edu.co\\\/portal\\\/consejo-academico-propone-alternativas-para-retomar-actividades\\\/\"},\"author\":{\"name\":\"ofiprensa\",\"@id\":\"https:\\\/\\\/www.ucaldas.edu.co\\\/portal\\\/#\\\/schema\\\/person\\\/a1b482e23449158b4bc319926c074fdf\"},\"headline\":\"Consejo Acad\u00e9mico propone alternativas para retomar actividades\",\"datePublished\":\"2019-01-20T04:36:46+00:00\",\"mainEntityOfPage\":{\"@id\":\"https:\\\/\\\/www.ucaldas.edu.co\\\/portal\\\/consejo-academico-propone-alternativas-para-retomar-actividades\\\/\"},\"wordCount\":287,\"publisher\":{\"@id\":\"https:\\\/\\\/www.ucaldas.edu.co\\\/portal\\\/#organization\"},\"image\":{\"@id\":\"https:\\\/\\\/www.ucaldas.edu.co\\\/portal\\\/consejo-academico-propone-alternativas-para-retomar-actividades\\\/#primaryimage\"},\"thumbnailUrl\":\"https:\\\/\\\/www.ucaldas.edu.co\\\/portal\\\/wp-content\\\/uploads\\\/2019\\\/01\\\/SEDE-CENTRAL-U.-CALDAS-1.jpg\",\"keywords\":[\"calendario\",\"estudiantes\",\"Profesores\",\"Rector\",\"Consejo Acad\u00e9mico\",\"Asambleas\"],\"articleSection\":[\"Actualidad\",\"Universidad al D\u00eda\",\"UCaldas Transparente\"],\"inLanguage\":\"es\"},{\"@type\":\"WebPage\",\"@id\":\"https:\\\/\\\/www.ucaldas.edu.co\\\/portal\\\/consejo-academico-propone-alternativas-para-retomar-actividades\\\/\",\"url\":\"https:\\\/\\\/www.ucaldas.edu.co\\\/portal\\\/consejo-academico-propone-alternativas-para-retomar-actividades\\\/\",\"name\":\"Consejo Acad\u00e9mico propone alternativas para retomar actividades .\",\"isPartOf\":{\"@id\":\"https:\\\/\\\/www.ucaldas.edu.co\\\/portal\\\/#website\"},\"primaryImageOfPage\":{\"@id\":\"https:\\\/\\\/www.ucaldas.edu.co\\\/portal\\\/consejo-academico-propone-alternativas-para-retomar-actividades\\\/#primaryimage\"},\"image\":{\"@id\":\"https:\\\/\\\/www.ucaldas.edu.co\\\/portal\\\/consejo-academico-propone-alternativas-para-retomar-actividades\\\/#primaryimage\"},\"thumbnailUrl\":\"https:\\\/\\\/www.ucaldas.edu.co\\\/portal\\\/wp-content\\\/uploads\\\/2019\\\/01\\\/SEDE-CENTRAL-U.-CALDAS-1.jpg\",\"datePublished\":\"2019-01-20T04:36:46+00:00\",\"breadcrumb\":{\"@id\":\"https:\\\/\\\/www.ucaldas.edu.co\\\/portal\\\/consejo-academico-propone-alternativas-para-retomar-actividades\\\/#breadcrumb\"},\"inLanguage\":\"es\",\"potentialAction\":[{\"@type\":\"ReadAction\",\"target\":[\"https:\\\/\\\/www.ucaldas.edu.co\\\/portal\\\/consejo-academico-propone-alternativas-para-retomar-actividades\\\/\"]}]},{\"@type\":\"ImageObject\",\"inLanguage\":\"es\",\"@id\":\"https:\\\/\\\/www.ucaldas.edu.co\\\/portal\\\/consejo-academico-propone-alternativas-para-retomar-actividades\\\/#primaryimage\",\"url\":\"https:\\\/\\\/www.ucaldas.edu.co\\\/portal\\\/wp-content\\\/uploads\\\/2019\\\/01\\\/SEDE-CENTRAL-U.-CALDAS-1.jpg\",\"contentUrl\":\"https:\\\/\\\/www.ucaldas.edu.co\\\/portal\\\/wp-content\\\/uploads\\\/2019\\\/01\\\/SEDE-CENTRAL-U.-CALDAS-1.jpg\",\"width\":3648,\"height\":2432},{\"@type\":\"BreadcrumbList\",\"@id\":\"https:\\\/\\\/www.ucaldas.edu.co\\\/portal\\\/consejo-academico-propone-alternativas-para-retomar-actividades\\\/#breadcrumb\",\"itemListElement\":[{\"@type\":\"ListItem\",\"position\":1,\"name\":\"Portada\",\"item\":\"https:\\\/\\\/www.ucaldas.edu.co\\\/portal\\\/\"},{\"@type\":\"ListItem\",\"position\":2,\"name\":\"Consejo Acad\u00e9mico propone alternativas para retomar actividades\"}]},{\"@type\":\"WebSite\",\"@id\":\"https:\\\/\\\/www.ucaldas.edu.co\\\/portal\\\/#website\",\"url\":\"https:\\\/\\\/www.ucaldas.edu.co\\\/portal\\\/\",\"name\":\"Universidad de Caldas\",\"description\":\"\",\"publisher\":{\"@id\":\"https:\\\/\\\/www.ucaldas.edu.co\\\/portal\\\/#organization\"},\"alternateName\":\"U. de Caldas\",\"potentialAction\":[{\"@type\":\"SearchAction\",\"target\":{\"@type\":\"EntryPoint\",\"urlTemplate\":\"https:\\\/\\\/www.ucaldas.edu.co\\\/portal\\\/?s={search_term_string}\"},\"query-input\":{\"@type\":\"PropertyValueSpecification\",\"valueRequired\":true,\"valueName\":\"search_term_string\"}}],\"inLanguage\":\"es\"},{\"@type\":\"Organization\",\"@id\":\"https:\\\/\\\/www.ucaldas.edu.co\\\/portal\\\/#organization\",\"name\":\"Universidad de Caldas\",\"alternateName\":\"U. de Caldas\",\"url\":\"https:\\\/\\\/www.ucaldas.edu.co\\\/portal\\\/\",\"logo\":{\"@type\":\"ImageObject\",\"inLanguage\":\"es\",\"@id\":\"https:\\\/\\\/www.ucaldas.edu.co\\\/portal\\\/#\\\/schema\\\/logo\\\/image\\\/\",\"url\":\"https:\\\/\\\/www.ucaldas.edu.co\\\/portal\\\/wp-content\\\/uploads\\\/2023\\\/11\\\/Logo_horizontal_oscuroU-2023.png\",\"contentUrl\":\"https:\\\/\\\/www.ucaldas.edu.co\\\/portal\\\/wp-content\\\/uploads\\\/2023\\\/11\\\/Logo_horizontal_oscuroU-2023.png\",\"width\":263,\"height\":101,\"caption\":\"Universidad de Caldas\"},\"image\":{\"@id\":\"https:\\\/\\\/www.ucaldas.edu.co\\\/portal\\\/#\\\/schema\\\/logo\\\/image\\\/\"},\"sameAs\":[\"https:\\\/\\\/www.facebook.com\\\/udecaldas\",\"https:\\\/\\\/x.com\\\/udecaldas\",\"https:\\\/\\\/www.youtube.com\\\/universidadcaldas\",\"https:\\\/\\\/www.instagram.com\\\/udecaldas\\\/\"]},{\"@type\":\"Person\",\"@id\":\"https:\\\/\\\/www.ucaldas.edu.co\\\/portal\\\/#\\\/schema\\\/person\\\/a1b482e23449158b4bc319926c074fdf\",\"name\":\"ofiprensa\",\"image\":{\"@type\":\"ImageObject\",\"inLanguage\":\"es\",\"@id\":\"https:\\\/\\\/www.ucaldas.edu.co\\\/portal\\\/wp-content\\\/litespeed\\\/avatar\\\/09ea5085e600095a7a811142c6944527.jpg?ver=1777497608\",\"url\":\"https:\\\/\\\/www.ucaldas.edu.co\\\/portal\\\/wp-content\\\/litespeed\\\/avatar\\\/09ea5085e600095a7a811142c6944527.jpg?ver=1777497608\",\"contentUrl\":\"https:\\\/\\\/www.ucaldas.edu.co\\\/portal\\\/wp-content\\\/litespeed\\\/avatar\\\/09ea5085e600095a7a811142c6944527.jpg?ver=1777497608\",\"caption\":\"ofiprensa\"},\"url\":\"https:\\\/\\\/www.ucaldas.edu.co\\\/portal\\\/author\\\/ofiprensa\\\/\"}]}<\/script>\n<!-- \/ Yoast SEO plugin. -->","yoast_head_json":{"title":"Consejo Acad\u00e9mico propone alternativas para retomar actividades .","robots":{"index":"index","follow":"follow","max-snippet":"max-snippet:-1","max-image-preview":"max-image-preview:large","max-video-preview":"max-video-preview:-1"},"canonical":"https:\/\/www.ucaldas.edu.co\/portal\/consejo-academico-propone-alternativas-para-retomar-actividades\/","schema":{"@context":"https:\/\/schema.org","@graph":[{"@type":"Article","@id":"https:\/\/www.ucaldas.edu.co\/portal\/consejo-academico-propone-alternativas-para-retomar-actividades\/#article","isPartOf":{"@id":"https:\/\/www.ucaldas.edu.co\/portal\/consejo-academico-propone-alternativas-para-retomar-actividades\/"},"author":{"name":"ofiprensa","@id":"https:\/\/www.ucaldas.edu.co\/portal\/#\/schema\/person\/a1b482e23449158b4bc319926c074fdf"},"headline":"Consejo Acad\u00e9mico propone alternativas para retomar actividades","datePublished":"2019-01-20T04:36:46+00:00","mainEntityOfPage":{"@id":"https:\/\/www.ucaldas.edu.co\/portal\/consejo-academico-propone-alternativas-para-retomar-actividades\/"},"wordCount":287,"publisher":{"@id":"https:\/\/www.ucaldas.edu.co\/portal\/#organization"},"image":{"@id":"https:\/\/www.ucaldas.edu.co\/portal\/consejo-academico-propone-alternativas-para-retomar-actividades\/#primaryimage"},"thumbnailUrl":"https:\/\/www.ucaldas.edu.co\/portal\/wp-content\/uploads\/2019\/01\/SEDE-CENTRAL-U.-CALDAS-1.jpg","keywords":["calendario","estudiantes","Profesores","Rector","Consejo Acad\u00e9mico","Asambleas"],"articleSection":["Actualidad","Universidad al D\u00eda","UCaldas Transparente"],"inLanguage":"es"},{"@type":"WebPage","@id":"https:\/\/www.ucaldas.edu.co\/portal\/consejo-academico-propone-alternativas-para-retomar-actividades\/","url":"https:\/\/www.ucaldas.edu.co\/portal\/consejo-academico-propone-alternativas-para-retomar-actividades\/","name":"Consejo Acad\u00e9mico propone alternativas para retomar actividades .","isPartOf":{"@id":"https:\/\/www.ucaldas.edu.co\/portal\/#website"},"primaryImageOfPage":{"@id":"https:\/\/www.ucaldas.edu.co\/portal\/consejo-academico-propone-alternativas-para-retomar-actividades\/#primaryimage"},"image":{"@id":"https:\/\/www.ucaldas.edu.co\/portal\/consejo-academico-propone-alternativas-para-retomar-actividades\/#primaryimage"},"thumbnailUrl":"https:\/\/www.ucaldas.edu.co\/portal\/wp-content\/uploads\/2019\/01\/SEDE-CENTRAL-U.-CALDAS-1.jpg","datePublished":"2019-01-20T04:36:46+00:00","breadcrumb":{"@id":"https:\/\/www.ucaldas.edu.co\/portal\/consejo-academico-propone-alternativas-para-retomar-actividades\/#breadcrumb"},"inLanguage":"es","potentialAction":[{"@type":"ReadAction","target":["https:\/\/www.ucaldas.edu.co\/portal\/consejo-academico-propone-alternativas-para-retomar-actividades\/"]}]},{"@type":"ImageObject","inLanguage":"es","@id":"https:\/\/www.ucaldas.edu.co\/portal\/consejo-academico-propone-alternativas-para-retomar-actividades\/#primaryimage","url":"https:\/\/www.ucaldas.edu.co\/portal\/wp-content\/uploads\/2019\/01\/SEDE-CENTRAL-U.-CALDAS-1.jpg","contentUrl":"https:\/\/www.ucaldas.edu.co\/portal\/wp-content\/uploads\/2019\/01\/SEDE-CENTRAL-U.-CALDAS-1.jpg","width":3648,"height":2432},{"@type":"BreadcrumbList","@id":"https:\/\/www.ucaldas.edu.co\/portal\/consejo-academico-propone-alternativas-para-retomar-actividades\/#breadcrumb","itemListElement":[{"@type":"ListItem","position":1,"name":"Portada","item":"https:\/\/www.ucaldas.edu.co\/portal\/"},{"@type":"ListItem","position":2,"name":"Consejo Acad\u00e9mico propone alternativas para retomar actividades"}]},{"@type":"WebSite","@id":"https:\/\/www.ucaldas.edu.co\/portal\/#website","url":"https:\/\/www.ucaldas.edu.co\/portal\/","name":"Universidad de Caldas","description":"","publisher":{"@id":"https:\/\/www.ucaldas.edu.co\/portal\/#organization"},"alternateName":"U. de Caldas","potentialAction":[{"@type":"SearchAction","target":{"@type":"EntryPoint","urlTemplate":"https:\/\/www.ucaldas.edu.co\/portal\/?s={search_term_string}"},"query-input":{"@type":"PropertyValueSpecification","valueRequired":true,"valueName":"search_term_string"}}],"inLanguage":"es"},{"@type":"Organization","@id":"https:\/\/www.ucaldas.edu.co\/portal\/#organization","name":"Universidad de Caldas","alternateName":"U. de Caldas","url":"https:\/\/www.ucaldas.edu.co\/portal\/","logo":{"@type":"ImageObject","inLanguage":"es","@id":"https:\/\/www.ucaldas.edu.co\/portal\/#\/schema\/logo\/image\/","url":"https:\/\/www.ucaldas.edu.co\/portal\/wp-content\/uploads\/2023\/11\/Logo_horizontal_oscuroU-2023.png","contentUrl":"https:\/\/www.ucaldas.edu.co\/portal\/wp-content\/uploads\/2023\/11\/Logo_horizontal_oscuroU-2023.png","width":263,"height":101,"caption":"Universidad de Caldas"},"image":{"@id":"https:\/\/www.ucaldas.edu.co\/portal\/#\/schema\/logo\/image\/"},"sameAs":["https:\/\/www.facebook.com\/udecaldas","https:\/\/x.com\/udecaldas","https:\/\/www.youtube.com\/universidadcaldas","https:\/\/www.instagram.com\/udecaldas\/"]},{"@type":"Person","@id":"https:\/\/www.ucaldas.edu.co\/portal\/#\/schema\/person\/a1b482e23449158b4bc319926c074fdf","name":"ofiprensa","image":{"@type":"ImageObject","inLanguage":"es","@id":"https:\/\/www.ucaldas.edu.co\/portal\/wp-content\/litespeed\/avatar\/09ea5085e600095a7a811142c6944527.jpg?ver=1777497608","url":"https:\/\/www.ucaldas.edu.co\/portal\/wp-content\/litespeed\/avatar\/09ea5085e600095a7a811142c6944527.jpg?ver=1777497608","contentUrl":"https:\/\/www.ucaldas.edu.co\/portal\/wp-content\/litespeed\/avatar\/09ea5085e600095a7a811142c6944527.jpg?ver=1777497608","caption":"ofiprensa"},"url":"https:\/\/www.ucaldas.edu.co\/portal\/author\/ofiprensa\/"}]}},"_links":{"self":[{"href":"https:\/\/www.ucaldas.edu.co\/portal\/wp-json\/wp\/v2\/posts\/45341","targetHints":{"allow":["GET"]}}],"collection":[{"href":"https:\/\/www.ucaldas.edu.co\/portal\/wp-json\/wp\/v2\/posts"}],"about":[{"href":"https:\/\/www.ucaldas.edu.co\/portal\/wp-json\/wp\/v2\/types\/post"}],"author":[{"embeddable":true,"href":"https:\/\/www.ucaldas.edu.co\/portal\/wp-json\/wp\/v2\/users\/2"}],"replies":[{"embeddable":true,"href":"https:\/\/www.ucaldas.edu.co\/portal\/wp-json\/wp\/v2\/comments?post=45341"}],"version-history":[{"count":0,"href":"https:\/\/www.ucaldas.edu.co\/portal\/wp-json\/wp\/v2\/posts\/45341\/revisions"}],"wp:featuredmedia":[{"embeddable":true,"href":"https:\/\/www.ucaldas.edu.co\/portal\/wp-json\/wp\/v2\/media\/45342"}],"wp:attachment":[{"href":"https:\/\/www.ucaldas.edu.co\/portal\/wp-json\/wp\/v2\/media?parent=45341"}],"wp:term":[{"taxonomy":"category","embeddable":true,"href":"https:\/\/www.ucaldas.edu.co\/portal\/wp-json\/wp\/v2\/categories?post=45341"},{"taxonomy":"post_tag","embeddable":true,"href":"https:\/\/www.ucaldas.edu.co\/portal\/wp-json\/wp\/v2\/tags?post=45341"}],"curies":[{"name":"wp","href":"https:\/\/api.w.org\/{rel}","templated":true}]}}