{"id":45111,"date":"2018-12-14T16:54:38","date_gmt":"2018-12-14T16:54:38","guid":{"rendered":"https:\/\/www.ucaldas.edu.co\/portal\/?p=45111"},"modified":"2018-12-14T16:54:38","modified_gmt":"2018-12-14T16:54:38","slug":"doctorado-en-diseno-y-creacion-tiene-abiertas-inscripciones-para-su-decima-cohorte","status":"publish","type":"post","link":"https:\/\/www.ucaldas.edu.co\/portal\/doctorado-en-diseno-y-creacion-tiene-abiertas-inscripciones-para-su-decima-cohorte\/","title":{"rendered":"Doctorado en Dise\u00f1o y Creaci\u00f3n tiene abiertas inscripciones para su d\u00e9cima cohorte"},"content":{"rendered":"<p style=\"text-align: center;\">VENTA DE PINES (ELECTR\u00d3NICO): HASTA EL 16 DE ENERO DEL 2019<\/p>\n<p style=\"text-align: center;\"><strong>Doctorado en Dise\u00f1o y Creaci\u00f3n tiene abiertas inscripciones para su d\u00e9cima cohorte<\/strong><\/p>\n<p style=\"text-align: right;\">14\/12\/2018<\/p>\n<p><strong>\u00a0<img loading=\"lazy\" decoding=\"async\" class=\"size-full wp-image-45112 aligncenter\" src=\"https:\/\/www.ucaldas.edu.co\/portal\/wp-content\/uploads\/2018\/12\/inscripcionesdoctorado-compressor.jpg\" alt=\"\" width=\"700\" height=\"400\" srcset=\"https:\/\/www.ucaldas.edu.co\/portal\/wp-content\/uploads\/2018\/12\/inscripcionesdoctorado-compressor.jpg 700w, https:\/\/www.ucaldas.edu.co\/portal\/wp-content\/uploads\/2018\/12\/inscripcionesdoctorado-compressor-300x171.jpg 300w\" sizes=\"auto, (max-width: 700px) 100vw, 700px\" \/><\/strong><\/p>\n<p>El <strong>Doctorado en Dise\u00f1o y Creaci\u00f3n de la Universidad de Caldas<\/strong> tiene como objeto el estudio de la naturaleza y la pr\u00e1ctica del dise\u00f1o y la creaci\u00f3n, a trav\u00e9s de la investigaci\u00f3n y los procesos interdisciplinarios que se lideran desde el dise\u00f1o, el arte, las ciencias de la comunicaci\u00f3n y las tecnolog\u00edas, a partir de los grupos de investigaci\u00f3n existentes en la Instituci\u00f3n caldense.<\/p>\n<p><!--more--><\/p>\n<p>El <strong>Doctorado tiene abiertas sus inscripciones para la d\u00e9cima cohorte<\/strong>, as\u00ed:<\/p>\n<p>&nbsp;<\/p>\n<p><strong>Venta de pines (electr\u00f3nico):<\/strong> hasta el 16 de enero del 2019.<\/p>\n<p><strong>Formalizaci\u00f3n de inscripci\u00f3n:<\/strong> 16 de enero del 2019.<\/p>\n<p><strong>Entrevistas:<\/strong> 17 de enero del 2019.<\/p>\n<p><strong>Lista de admitidos:<\/strong> 18 de enero del 2019.<\/p>\n<p><strong>Publicaci\u00f3n de resultados:<\/strong> 19 de enero del 2019.<\/p>\n<p>&nbsp;<\/p>\n<p><strong>Para tener en cuenta:<\/strong><\/p>\n<p>&nbsp;<\/p>\n<p>Costo inscripci\u00f3n: 35% S.M.L.M.V.<\/p>\n<p>Costo matr\u00edcula: 12.5 S.M.L.M.V.<\/p>\n<p>10% de descuento en la matr\u00edcula con certificado de votaci\u00f3n de \u00faltimas elecciones.<\/p>\n<p>&nbsp;<\/p>\n<p><a href=\"https:\/\/gallery.mailchimp.com\/1211580d4ecb3a345a365ca9b\/files\/2a54469c-a124-4d04-b394-e37127b44869\/planEstudiosMDCI_DDC.pdf\">Conozca aqu\u00ed el plan de estudios del Doctorado en Dise\u00f1o y Creaci\u00f3n<\/a><\/p>\n<p>&nbsp;<\/p>\n<p><a href=\"https:\/\/gallery.mailchimp.com\/1211580d4ecb3a345a365ca9b\/files\/a0c154da-5c5f-4a0d-9fbf-d1c34218dcb6\/Inscripcion_DOCTORADO.pdf\">Conozca los requisitos de inscripci\u00f3n al Doctorado en Dise\u00f1o y Creaci\u00f3n<\/a><\/p>\n<p>&nbsp;<\/p>\n<p><strong>Informes: <\/strong>Oficina de Comunicaciones y Prensa Universidad de Caldas. Tel\u00e9fono: 8781500 Extensi\u00f3n: 12167<\/p>\n<p><strong>Redacci\u00f3n:<\/strong> Margarita Laverde<\/p>\n<p>&nbsp;<\/p>\n","protected":false},"excerpt":{"rendered":"<p>VENTA DE PINES (ELECTR\u00d3NICO): HASTA EL 16 DE ENERO DEL 2019 Doctorado en Dise\u00f1o y Creaci\u00f3n tiene abiertas inscripciones para su d\u00e9cima cohorte 14\/12\/2018 \u00a0 El Doctorado en Dise\u00f1o y Creaci\u00f3n de la Universidad de Caldas tiene como objeto el estudio de la naturaleza y la pr\u00e1ctica del dise\u00f1o y la creaci\u00f3n, a trav\u00e9s de [&hellip;]<\/p>\n","protected":false},"author":2,"featured_media":45112,"comment_status":"closed","ping_status":"open","sticky":false,"template":"","format":"standard","meta":{"footnotes":""},"categories":[48,53,243],"tags":[200,297,543,1057],"class_list":["post-45111","post","type-post","status-publish","format-standard","has-post-thumbnail","hentry","category-actualidad","category-universidad-al-dia","category-ucaldas-acreditada","tag-oferta-academica","tag-inscripciones","tag-estudie","tag-doctorado-en-diseno-y-creacion"],"yoast_head":"<!-- This site is optimized with the Yoast SEO plugin v27.5 - https:\/\/yoast.com\/product\/yoast-seo-wordpress\/ -->\n<title>Doctorado en Dise\u00f1o y Creaci\u00f3n tiene abiertas inscripciones para su d\u00e9cima cohorte .<\/title>\n<meta name=\"robots\" content=\"index, follow, max-snippet:-1, max-image-preview:large, max-video-preview:-1\" \/>\n<link rel=\"canonical\" href=\"https:\/\/www.ucaldas.edu.co\/portal\/doctorado-en-diseno-y-creacion-tiene-abiertas-inscripciones-para-su-decima-cohorte\/\" \/>\n<script type=\"application\/ld+json\" class=\"yoast-schema-graph\">{\"@context\":\"https:\\\/\\\/schema.org\",\"@graph\":[{\"@type\":\"Article\",\"@id\":\"https:\\\/\\\/www.ucaldas.edu.co\\\/portal\\\/doctorado-en-diseno-y-creacion-tiene-abiertas-inscripciones-para-su-decima-cohorte\\\/#article\",\"isPartOf\":{\"@id\":\"https:\\\/\\\/www.ucaldas.edu.co\\\/portal\\\/doctorado-en-diseno-y-creacion-tiene-abiertas-inscripciones-para-su-decima-cohorte\\\/\"},\"author\":{\"name\":\"ofiprensa\",\"@id\":\"https:\\\/\\\/www.ucaldas.edu.co\\\/portal\\\/#\\\/schema\\\/person\\\/a1b482e23449158b4bc319926c074fdf\"},\"headline\":\"Doctorado en Dise\u00f1o y Creaci\u00f3n tiene abiertas inscripciones para su d\u00e9cima cohorte\",\"datePublished\":\"2018-12-14T16:54:38+00:00\",\"mainEntityOfPage\":{\"@id\":\"https:\\\/\\\/www.ucaldas.edu.co\\\/portal\\\/doctorado-en-diseno-y-creacion-tiene-abiertas-inscripciones-para-su-decima-cohorte\\\/\"},\"wordCount\":249,\"publisher\":{\"@id\":\"https:\\\/\\\/www.ucaldas.edu.co\\\/portal\\\/#organization\"},\"image\":{\"@id\":\"https:\\\/\\\/www.ucaldas.edu.co\\\/portal\\\/doctorado-en-diseno-y-creacion-tiene-abiertas-inscripciones-para-su-decima-cohorte\\\/#primaryimage\"},\"thumbnailUrl\":\"https:\\\/\\\/www.ucaldas.edu.co\\\/portal\\\/wp-content\\\/uploads\\\/2018\\\/12\\\/inscripcionesdoctorado-compressor.jpg\",\"keywords\":[\"oferta acad\u00e9mica\",\"Inscripciones\",\"estudie\",\"Doctorado en Dise\u00f1o y Creaci\u00f3n\"],\"articleSection\":[\"Actualidad\",\"Universidad al D\u00eda\",\"Ucaldas Acreditada\"],\"inLanguage\":\"es\"},{\"@type\":\"WebPage\",\"@id\":\"https:\\\/\\\/www.ucaldas.edu.co\\\/portal\\\/doctorado-en-diseno-y-creacion-tiene-abiertas-inscripciones-para-su-decima-cohorte\\\/\",\"url\":\"https:\\\/\\\/www.ucaldas.edu.co\\\/portal\\\/doctorado-en-diseno-y-creacion-tiene-abiertas-inscripciones-para-su-decima-cohorte\\\/\",\"name\":\"Doctorado en Dise\u00f1o y Creaci\u00f3n tiene abiertas inscripciones para su d\u00e9cima cohorte .\",\"isPartOf\":{\"@id\":\"https:\\\/\\\/www.ucaldas.edu.co\\\/portal\\\/#website\"},\"primaryImageOfPage\":{\"@id\":\"https:\\\/\\\/www.ucaldas.edu.co\\\/portal\\\/doctorado-en-diseno-y-creacion-tiene-abiertas-inscripciones-para-su-decima-cohorte\\\/#primaryimage\"},\"image\":{\"@id\":\"https:\\\/\\\/www.ucaldas.edu.co\\\/portal\\\/doctorado-en-diseno-y-creacion-tiene-abiertas-inscripciones-para-su-decima-cohorte\\\/#primaryimage\"},\"thumbnailUrl\":\"https:\\\/\\\/www.ucaldas.edu.co\\\/portal\\\/wp-content\\\/uploads\\\/2018\\\/12\\\/inscripcionesdoctorado-compressor.jpg\",\"datePublished\":\"2018-12-14T16:54:38+00:00\",\"breadcrumb\":{\"@id\":\"https:\\\/\\\/www.ucaldas.edu.co\\\/portal\\\/doctorado-en-diseno-y-creacion-tiene-abiertas-inscripciones-para-su-decima-cohorte\\\/#breadcrumb\"},\"inLanguage\":\"es\",\"potentialAction\":[{\"@type\":\"ReadAction\",\"target\":[\"https:\\\/\\\/www.ucaldas.edu.co\\\/portal\\\/doctorado-en-diseno-y-creacion-tiene-abiertas-inscripciones-para-su-decima-cohorte\\\/\"]}]},{\"@type\":\"ImageObject\",\"inLanguage\":\"es\",\"@id\":\"https:\\\/\\\/www.ucaldas.edu.co\\\/portal\\\/doctorado-en-diseno-y-creacion-tiene-abiertas-inscripciones-para-su-decima-cohorte\\\/#primaryimage\",\"url\":\"https:\\\/\\\/www.ucaldas.edu.co\\\/portal\\\/wp-content\\\/uploads\\\/2018\\\/12\\\/inscripcionesdoctorado-compressor.jpg\",\"contentUrl\":\"https:\\\/\\\/www.ucaldas.edu.co\\\/portal\\\/wp-content\\\/uploads\\\/2018\\\/12\\\/inscripcionesdoctorado-compressor.jpg\",\"width\":700,\"height\":400},{\"@type\":\"BreadcrumbList\",\"@id\":\"https:\\\/\\\/www.ucaldas.edu.co\\\/portal\\\/doctorado-en-diseno-y-creacion-tiene-abiertas-inscripciones-para-su-decima-cohorte\\\/#breadcrumb\",\"itemListElement\":[{\"@type\":\"ListItem\",\"position\":1,\"name\":\"Portada\",\"item\":\"https:\\\/\\\/www.ucaldas.edu.co\\\/portal\\\/\"},{\"@type\":\"ListItem\",\"position\":2,\"name\":\"Doctorado en Dise\u00f1o y Creaci\u00f3n tiene abiertas inscripciones para su d\u00e9cima cohorte\"}]},{\"@type\":\"WebSite\",\"@id\":\"https:\\\/\\\/www.ucaldas.edu.co\\\/portal\\\/#website\",\"url\":\"https:\\\/\\\/www.ucaldas.edu.co\\\/portal\\\/\",\"name\":\"Universidad de Caldas\",\"description\":\"\",\"publisher\":{\"@id\":\"https:\\\/\\\/www.ucaldas.edu.co\\\/portal\\\/#organization\"},\"alternateName\":\"U. de Caldas\",\"potentialAction\":[{\"@type\":\"SearchAction\",\"target\":{\"@type\":\"EntryPoint\",\"urlTemplate\":\"https:\\\/\\\/www.ucaldas.edu.co\\\/portal\\\/?s={search_term_string}\"},\"query-input\":{\"@type\":\"PropertyValueSpecification\",\"valueRequired\":true,\"valueName\":\"search_term_string\"}}],\"inLanguage\":\"es\"},{\"@type\":\"Organization\",\"@id\":\"https:\\\/\\\/www.ucaldas.edu.co\\\/portal\\\/#organization\",\"name\":\"Universidad de Caldas\",\"alternateName\":\"U. de Caldas\",\"url\":\"https:\\\/\\\/www.ucaldas.edu.co\\\/portal\\\/\",\"logo\":{\"@type\":\"ImageObject\",\"inLanguage\":\"es\",\"@id\":\"https:\\\/\\\/www.ucaldas.edu.co\\\/portal\\\/#\\\/schema\\\/logo\\\/image\\\/\",\"url\":\"https:\\\/\\\/www.ucaldas.edu.co\\\/portal\\\/wp-content\\\/uploads\\\/2023\\\/11\\\/Logo_horizontal_oscuroU-2023.png\",\"contentUrl\":\"https:\\\/\\\/www.ucaldas.edu.co\\\/portal\\\/wp-content\\\/uploads\\\/2023\\\/11\\\/Logo_horizontal_oscuroU-2023.png\",\"width\":263,\"height\":101,\"caption\":\"Universidad de Caldas\"},\"image\":{\"@id\":\"https:\\\/\\\/www.ucaldas.edu.co\\\/portal\\\/#\\\/schema\\\/logo\\\/image\\\/\"},\"sameAs\":[\"https:\\\/\\\/www.facebook.com\\\/udecaldas\",\"https:\\\/\\\/x.com\\\/udecaldas\",\"https:\\\/\\\/www.youtube.com\\\/universidadcaldas\",\"https:\\\/\\\/www.instagram.com\\\/udecaldas\\\/\"]},{\"@type\":\"Person\",\"@id\":\"https:\\\/\\\/www.ucaldas.edu.co\\\/portal\\\/#\\\/schema\\\/person\\\/a1b482e23449158b4bc319926c074fdf\",\"name\":\"ofiprensa\",\"image\":{\"@type\":\"ImageObject\",\"inLanguage\":\"es\",\"@id\":\"https:\\\/\\\/www.ucaldas.edu.co\\\/portal\\\/wp-content\\\/litespeed\\\/avatar\\\/09ea5085e600095a7a811142c6944527.jpg?ver=1777497608\",\"url\":\"https:\\\/\\\/www.ucaldas.edu.co\\\/portal\\\/wp-content\\\/litespeed\\\/avatar\\\/09ea5085e600095a7a811142c6944527.jpg?ver=1777497608\",\"contentUrl\":\"https:\\\/\\\/www.ucaldas.edu.co\\\/portal\\\/wp-content\\\/litespeed\\\/avatar\\\/09ea5085e600095a7a811142c6944527.jpg?ver=1777497608\",\"caption\":\"ofiprensa\"},\"url\":\"https:\\\/\\\/www.ucaldas.edu.co\\\/portal\\\/author\\\/ofiprensa\\\/\"}]}<\/script>\n<!-- \/ Yoast SEO plugin. -->","yoast_head_json":{"title":"Doctorado en Dise\u00f1o y Creaci\u00f3n tiene abiertas inscripciones para su d\u00e9cima cohorte .","robots":{"index":"index","follow":"follow","max-snippet":"max-snippet:-1","max-image-preview":"max-image-preview:large","max-video-preview":"max-video-preview:-1"},"canonical":"https:\/\/www.ucaldas.edu.co\/portal\/doctorado-en-diseno-y-creacion-tiene-abiertas-inscripciones-para-su-decima-cohorte\/","schema":{"@context":"https:\/\/schema.org","@graph":[{"@type":"Article","@id":"https:\/\/www.ucaldas.edu.co\/portal\/doctorado-en-diseno-y-creacion-tiene-abiertas-inscripciones-para-su-decima-cohorte\/#article","isPartOf":{"@id":"https:\/\/www.ucaldas.edu.co\/portal\/doctorado-en-diseno-y-creacion-tiene-abiertas-inscripciones-para-su-decima-cohorte\/"},"author":{"name":"ofiprensa","@id":"https:\/\/www.ucaldas.edu.co\/portal\/#\/schema\/person\/a1b482e23449158b4bc319926c074fdf"},"headline":"Doctorado en Dise\u00f1o y Creaci\u00f3n tiene abiertas inscripciones para su d\u00e9cima cohorte","datePublished":"2018-12-14T16:54:38+00:00","mainEntityOfPage":{"@id":"https:\/\/www.ucaldas.edu.co\/portal\/doctorado-en-diseno-y-creacion-tiene-abiertas-inscripciones-para-su-decima-cohorte\/"},"wordCount":249,"publisher":{"@id":"https:\/\/www.ucaldas.edu.co\/portal\/#organization"},"image":{"@id":"https:\/\/www.ucaldas.edu.co\/portal\/doctorado-en-diseno-y-creacion-tiene-abiertas-inscripciones-para-su-decima-cohorte\/#primaryimage"},"thumbnailUrl":"https:\/\/www.ucaldas.edu.co\/portal\/wp-content\/uploads\/2018\/12\/inscripcionesdoctorado-compressor.jpg","keywords":["oferta acad\u00e9mica","Inscripciones","estudie","Doctorado en Dise\u00f1o y Creaci\u00f3n"],"articleSection":["Actualidad","Universidad al D\u00eda","Ucaldas Acreditada"],"inLanguage":"es"},{"@type":"WebPage","@id":"https:\/\/www.ucaldas.edu.co\/portal\/doctorado-en-diseno-y-creacion-tiene-abiertas-inscripciones-para-su-decima-cohorte\/","url":"https:\/\/www.ucaldas.edu.co\/portal\/doctorado-en-diseno-y-creacion-tiene-abiertas-inscripciones-para-su-decima-cohorte\/","name":"Doctorado en Dise\u00f1o y Creaci\u00f3n tiene abiertas inscripciones para su d\u00e9cima cohorte .","isPartOf":{"@id":"https:\/\/www.ucaldas.edu.co\/portal\/#website"},"primaryImageOfPage":{"@id":"https:\/\/www.ucaldas.edu.co\/portal\/doctorado-en-diseno-y-creacion-tiene-abiertas-inscripciones-para-su-decima-cohorte\/#primaryimage"},"image":{"@id":"https:\/\/www.ucaldas.edu.co\/portal\/doctorado-en-diseno-y-creacion-tiene-abiertas-inscripciones-para-su-decima-cohorte\/#primaryimage"},"thumbnailUrl":"https:\/\/www.ucaldas.edu.co\/portal\/wp-content\/uploads\/2018\/12\/inscripcionesdoctorado-compressor.jpg","datePublished":"2018-12-14T16:54:38+00:00","breadcrumb":{"@id":"https:\/\/www.ucaldas.edu.co\/portal\/doctorado-en-diseno-y-creacion-tiene-abiertas-inscripciones-para-su-decima-cohorte\/#breadcrumb"},"inLanguage":"es","potentialAction":[{"@type":"ReadAction","target":["https:\/\/www.ucaldas.edu.co\/portal\/doctorado-en-diseno-y-creacion-tiene-abiertas-inscripciones-para-su-decima-cohorte\/"]}]},{"@type":"ImageObject","inLanguage":"es","@id":"https:\/\/www.ucaldas.edu.co\/portal\/doctorado-en-diseno-y-creacion-tiene-abiertas-inscripciones-para-su-decima-cohorte\/#primaryimage","url":"https:\/\/www.ucaldas.edu.co\/portal\/wp-content\/uploads\/2018\/12\/inscripcionesdoctorado-compressor.jpg","contentUrl":"https:\/\/www.ucaldas.edu.co\/portal\/wp-content\/uploads\/2018\/12\/inscripcionesdoctorado-compressor.jpg","width":700,"height":400},{"@type":"BreadcrumbList","@id":"https:\/\/www.ucaldas.edu.co\/portal\/doctorado-en-diseno-y-creacion-tiene-abiertas-inscripciones-para-su-decima-cohorte\/#breadcrumb","itemListElement":[{"@type":"ListItem","position":1,"name":"Portada","item":"https:\/\/www.ucaldas.edu.co\/portal\/"},{"@type":"ListItem","position":2,"name":"Doctorado en Dise\u00f1o y Creaci\u00f3n tiene abiertas inscripciones para su d\u00e9cima cohorte"}]},{"@type":"WebSite","@id":"https:\/\/www.ucaldas.edu.co\/portal\/#website","url":"https:\/\/www.ucaldas.edu.co\/portal\/","name":"Universidad de Caldas","description":"","publisher":{"@id":"https:\/\/www.ucaldas.edu.co\/portal\/#organization"},"alternateName":"U. de Caldas","potentialAction":[{"@type":"SearchAction","target":{"@type":"EntryPoint","urlTemplate":"https:\/\/www.ucaldas.edu.co\/portal\/?s={search_term_string}"},"query-input":{"@type":"PropertyValueSpecification","valueRequired":true,"valueName":"search_term_string"}}],"inLanguage":"es"},{"@type":"Organization","@id":"https:\/\/www.ucaldas.edu.co\/portal\/#organization","name":"Universidad de Caldas","alternateName":"U. de Caldas","url":"https:\/\/www.ucaldas.edu.co\/portal\/","logo":{"@type":"ImageObject","inLanguage":"es","@id":"https:\/\/www.ucaldas.edu.co\/portal\/#\/schema\/logo\/image\/","url":"https:\/\/www.ucaldas.edu.co\/portal\/wp-content\/uploads\/2023\/11\/Logo_horizontal_oscuroU-2023.png","contentUrl":"https:\/\/www.ucaldas.edu.co\/portal\/wp-content\/uploads\/2023\/11\/Logo_horizontal_oscuroU-2023.png","width":263,"height":101,"caption":"Universidad de Caldas"},"image":{"@id":"https:\/\/www.ucaldas.edu.co\/portal\/#\/schema\/logo\/image\/"},"sameAs":["https:\/\/www.facebook.com\/udecaldas","https:\/\/x.com\/udecaldas","https:\/\/www.youtube.com\/universidadcaldas","https:\/\/www.instagram.com\/udecaldas\/"]},{"@type":"Person","@id":"https:\/\/www.ucaldas.edu.co\/portal\/#\/schema\/person\/a1b482e23449158b4bc319926c074fdf","name":"ofiprensa","image":{"@type":"ImageObject","inLanguage":"es","@id":"https:\/\/www.ucaldas.edu.co\/portal\/wp-content\/litespeed\/avatar\/09ea5085e600095a7a811142c6944527.jpg?ver=1777497608","url":"https:\/\/www.ucaldas.edu.co\/portal\/wp-content\/litespeed\/avatar\/09ea5085e600095a7a811142c6944527.jpg?ver=1777497608","contentUrl":"https:\/\/www.ucaldas.edu.co\/portal\/wp-content\/litespeed\/avatar\/09ea5085e600095a7a811142c6944527.jpg?ver=1777497608","caption":"ofiprensa"},"url":"https:\/\/www.ucaldas.edu.co\/portal\/author\/ofiprensa\/"}]}},"_links":{"self":[{"href":"https:\/\/www.ucaldas.edu.co\/portal\/wp-json\/wp\/v2\/posts\/45111","targetHints":{"allow":["GET"]}}],"collection":[{"href":"https:\/\/www.ucaldas.edu.co\/portal\/wp-json\/wp\/v2\/posts"}],"about":[{"href":"https:\/\/www.ucaldas.edu.co\/portal\/wp-json\/wp\/v2\/types\/post"}],"author":[{"embeddable":true,"href":"https:\/\/www.ucaldas.edu.co\/portal\/wp-json\/wp\/v2\/users\/2"}],"replies":[{"embeddable":true,"href":"https:\/\/www.ucaldas.edu.co\/portal\/wp-json\/wp\/v2\/comments?post=45111"}],"version-history":[{"count":0,"href":"https:\/\/www.ucaldas.edu.co\/portal\/wp-json\/wp\/v2\/posts\/45111\/revisions"}],"wp:featuredmedia":[{"embeddable":true,"href":"https:\/\/www.ucaldas.edu.co\/portal\/wp-json\/wp\/v2\/media\/45112"}],"wp:attachment":[{"href":"https:\/\/www.ucaldas.edu.co\/portal\/wp-json\/wp\/v2\/media?parent=45111"}],"wp:term":[{"taxonomy":"category","embeddable":true,"href":"https:\/\/www.ucaldas.edu.co\/portal\/wp-json\/wp\/v2\/categories?post=45111"},{"taxonomy":"post_tag","embeddable":true,"href":"https:\/\/www.ucaldas.edu.co\/portal\/wp-json\/wp\/v2\/tags?post=45111"}],"curies":[{"name":"wp","href":"https:\/\/api.w.org\/{rel}","templated":true}]}}