{"id":4504,"date":"2009-12-18T11:48:48","date_gmt":"2009-12-18T16:48:48","guid":{"rendered":"https:\/\/www.ucaldas.edu.co\/portal\/?p=4504"},"modified":"2009-12-18T11:48:48","modified_gmt":"2009-12-18T16:48:48","slug":"abierta-convocatoria-para-procesos-de-seleccion-de-personal-en-la-u-de-caldas","status":"publish","type":"post","link":"https:\/\/www.ucaldas.edu.co\/portal\/abierta-convocatoria-para-procesos-de-seleccion-de-personal-en-la-u-de-caldas\/","title":{"rendered":"Abierta convocatoria para Procesos de Selecci\u00f3n de Personal en la U. de Caldas"},"content":{"rendered":"<p>Disponibles 8 Vacantes en la modalidad de encargo<\/p>\n<hr \/>\n<p align=\"center\">\n<p>&nbsp;<\/p>\n<p>La Oficina de Gesti\u00f3n Humana de la Universidad de Caldas convoca al personal Administrativo inscrito en Carrera Administrativa interesado en participar en el Proceso de Selecci\u00f3n de Personal para proveer las siguientes vacantes en la modalidad de encargo:<\/p>\n<p><span style=\"font-family: Calibri\">\u00a0<\/span><\/p>\n<ul>\n<li><span style=\"font-family: Calibri\">T\u00e9cnico Operativo c\u00f3digo 3132 grado 11 con destino a La Secretar\u00eda General.\u00a0 Asignaci\u00f3n $1\u2019123.100.oo Con disponibilidad permanente de acuerdo a las necesidades del Consejo Superior. Para conocer los requisitos ingresar al link: <\/span><a href=\"http:\/\/desarrollo.ucaldas.edu.co\/archivo\/docs\/convocatoria\/Tecnico_Operativo_3132_11_Secretaria_General_14Dic2009.pdf\" target=\"_blank\"><span style=\"font-family: Calibri\">http:\/\/www.ucaldas.edu.co\/docs\/convocatoria\/Tecnico_Operativo_3132_11_Secretaria_General_14Dic2009.pdf<\/span><\/a><\/li>\n<\/ul>\n<p><span style=\"font-family: Calibri\">\u00a0<\/span><\/p>\n<ul>\n<li><span style=\"font-family: Calibri\">T\u00e9cnico Administrativo c\u00f3digo 3124 grado 11 con destino a la Secretar\u00eda General. Asignaci\u00f3n $1\u2019123.100.oo\u00a0 Con disponibilidad permanente de acuerdo a las necesidades del Consejo Acad\u00e9mico. Para conocer los requisitos ingresar al link: <\/span><a href=\"http:\/\/desarrollo.ucaldas.edu.co\/archivo\/docs\/convocatoria\/Tecnico_Administrativo_SecretariaGeneral_3124_11_14Dic2009.pdf\" target=\"_blank\"><span style=\"font-family: Calibri\">http:\/\/www.ucaldas.edu.co\/docs\/convocatoria\/Tecnico_Administrativo_SecretariaGeneral_3124_11_14Dic2009.pdf<\/span><\/a><\/li>\n<\/ul>\n<p><span style=\"font-family: Calibri\">\u00a0<\/span><\/p>\n<ul>\n<li><span style=\"font-family: Calibri\">Operario Calificado c\u00f3digo 4169 grado 15 con destino a la Oficina Financiera. Asignaci\u00f3n $974.707.oo\u00a0 Para conocer los requisitos ingresar al link: <\/span><a href=\"http:\/\/desarrollo.ucaldas.edu.co\/archivo\/docs\/convocatoria\/Perfil_Operario_Calificado_4169_15_OficinaFinanciera_17Dic2009.pdf\" target=\"_blank\"><span style=\"font-family: Calibri\">http:\/\/www.ucaldas.edu.co\/docs\/convocatoria\/Perfil_Operario_Calificado_4169_15_OficinaFinanciera_17Dic2009.pdf<\/span><\/a><\/li>\n<\/ul>\n<p><span style=\"font-family: Calibri\">\u00a0<\/span><\/p>\n<ul>\n<li><span style=\"font-family: Calibri\">Operario Calificado c\u00f3digo 4169 grado 15 con destino a la Oficina de Control Interno de Gesti\u00f3n. Asignaci\u00f3n $974.707.oo\u00a0 Para conocer los requisitos ingresar al link: <\/span><a href=\"http:\/\/desarrollo.ucaldas.edu.co\/archivo\/docs\/convocatoria\/OperarioCalificado_4169_15_OficinaAsesoraControlInterno_17Dic2009.pdf\" target=\"_blank\"><span style=\"font-family: Calibri\">http:\/\/www.ucaldas.edu.co\/docs\/convocatoria\/OperarioCalificado_4169_15_OficinaAsesoraControlInterno_17Dic2009.pdf<\/span><\/a><\/li>\n<\/ul>\n<p><span style=\"font-family: Calibri\">\u00a0<\/span><\/p>\n<ul>\n<li><span style=\"font-family: Calibri\">Secretaria Ejecutiva c\u00f3digo 4210 grado 16 con destino a la Oficina de Educaci\u00f3n a Distancia y Virtualidad. Asignaci\u00f3n $1\u2019018.045.oo. Para conocer los requisitos ingresar al link: <\/span><a href=\"http:\/\/desarrollo.ucaldas.edu.co\/archivo\/docs\/convocatoria\/SecretariaEjecutiva_4210_16_OficEducaionDistanciaVirtualidad_14Dic2009.pdf\" target=\"_blank\"><span style=\"font-family: Calibri\">http:\/\/www.ucaldas.edu.co\/docs\/convocatoria\/SecretariaEjecutiva_4210_16_OficEducaionDistanciaVirtualidad_14Dic2009.pdf<\/span><\/a><\/li>\n<\/ul>\n<p><span style=\"font-family: Calibri\">\u00a0<\/span><\/p>\n<ul>\n<li><span style=\"font-family: Calibri\">Secretaria Ejecutiva c\u00f3digo 4210 grado 15 con destino a la Oficina de Admisiones y Registro Acad\u00e9mico. Asignaci\u00f3n $974.707.oo. Para conocer los requisitos ingresar al link: <\/span><a href=\"http:\/\/desarrollo.ucaldas.edu.co\/archivo\/docs\/convocatoria\/Secretaria_4210_15_OfRegistro%20Academico_14Dic2009.pdf\" target=\"_blank\"><span style=\"font-family: Calibri\">http:\/\/www.ucaldas.edu.co\/docs\/convocatoria\/Secretaria_4210_15_OfRegistro%20Academico_14Dic2009.pdf<\/span><\/a><\/li>\n<\/ul>\n<p><span style=\"font-family: Calibri\">\u00a0<\/span><\/p>\n<ul>\n<li><span style=\"font-family: Calibri\">Auxiliar Administrativo C\u00f3digo 4044 grado 14 con destino a la Oficina de Gesti\u00f3n Humana. Asignaci\u00f3n $945.323.oo. Para conocer los requisitos ingresar al link: <\/span><a href=\"http:\/\/desarrollo.ucaldas.edu.co\/archivo\/docs\/convocatoria\/Auxiliar_Administrativo_4044_14_OfGestionHumana_14Dic2009.pdf\" target=\"_blank\"><span style=\"font-family: Calibri\">http:\/\/www.ucaldas.edu.co\/docs\/convocatoria\/Auxiliar_Administrativo_4044_14_OfGestionHumana_14Dic2009.pdf<\/span><\/a><\/li>\n<\/ul>\n<p><span style=\"font-family: Calibri\">\u00a0<\/span><\/p>\n<ul>\n<li><span style=\"font-family: Calibri\">Auxiliar de T\u00e9cnico c\u00f3digo 3054 grado 06 con destino a la Vicerrector\u00eda Acad\u00e9mica con Funciones de laboratorio. Asignaci\u00f3n $846.657.oo. Para conocer los requisitos ingresar al link: <\/span><a href=\"http:\/\/desarrollo.ucaldas.edu.co\/archivo\/docs\/convocatoria\/Auxiliar_de_Tecnico_3054_06_11Dic2009.pdf\" target=\"_blank\"><span style=\"font-family: Calibri\">http:\/\/www.ucaldas.edu.co\/docs\/convocatoria\/Auxiliar_de_Tecnico_3054_06_11Dic2009.pdf<\/span><\/a><\/li>\n<\/ul>\n<p><span style=\"font-family: Calibri\">\u00a0<\/span><\/p>\n<p><span style=\"font-family: Calibri\">Las inscripciones se realizan desde ayer y hasta\u00a0 el mi\u00e9rcoles 23 de diciembre.\u00a0 Los interesados deben inscribirse por medio de correo electr\u00f3nico al correo institucional de la Oficina de Gesti\u00f3n Humana <\/span><a href=\"mailto:gestionhumana@ucaldas.edu.co\" target=\"_blank\"><span style=\"font-family: Calibri\">gestionhumana@ucaldas.edu.co<\/span><\/a><span style=\"font-family: Calibri\">\u00a0 con la siguiente informaci\u00f3n:<\/span><\/p>\n<p><span style=\"font-family: Calibri\">\u00a0<\/span><\/p>\n<ul>\n<li><span style=\"font-family: Calibri\">Nombre completo con n\u00famero de C\u00e9dula<\/span><\/li>\n<li><span style=\"font-family: Calibri\">Direcci\u00f3n de Correo Electr\u00f3nico (preferiblemente correo Institucional)<\/span><\/li>\n<li><span style=\"font-family: Calibri\">N\u00famero Telef\u00f3nico para contacto<\/span><\/li>\n<\/ul>\n<p><span style=\"font-family: Calibri\">\u00a0<\/span><\/p>\n<p><span style=\"font-family: Calibri\">Se rechazar\u00e1n las inscripciones que lleguen despu\u00e9s de las 6:00 p.m. del d\u00eda 23 de diciembre.<\/span><\/p>\n<p><span style=\"font-family: Calibri\">\u00a0<\/span><\/p>\n<p><span style=\"font-family: Calibri\">Los resultados se enviar\u00e1n al correo electr\u00f3nico que sea reportado por cada de uno de los aspirantes y se contactar\u00e1n para detalles v\u00eda telef\u00f3nica antes del 14 de enero de 2010.<\/span><\/p>\n<p><span style=\"font-family: Calibri\">\u00a0<\/span><\/p>\n<p><span style=\"font-family: Calibri\">Se evaluar\u00e1n las hojas de vida de cada uno de los aspirantes para verificaci\u00f3n de los requisitos y como Proceso de Selecci\u00f3n de Personal.<\/span><\/p>\n<p><span style=\"font-family: Calibri\">\u00a0<\/span><\/p>\n<p><span style=\"font-family: Calibri\">Para mayor informaci\u00f3n comunicarse con la Oficina de Gesti\u00f3n Humana de la Universidad de Caldas. Tel\u00e9fono 878 15 00. Ext. 11119.\u00a0<\/span><\/p>\n","protected":false},"excerpt":{"rendered":"<p>Disponibles 8 Vacantes en la modalidad de encargo &nbsp; La Oficina de Gesti\u00f3n Humana de la Universidad de Caldas convoca al personal Administrativo inscrito en Carrera Administrativa interesado en participar en el Proceso de Selecci\u00f3n de Personal para proveer las siguientes vacantes en la modalidad de encargo: \u00a0 T\u00e9cnico Operativo c\u00f3digo 3132 grado 11 con [&hellip;]<\/p>\n","protected":false},"author":2,"featured_media":0,"comment_status":"closed","ping_status":"closed","sticky":false,"template":"","format":"standard","meta":{"footnotes":""},"categories":[48,53],"tags":[],"class_list":["post-4504","post","type-post","status-publish","format-standard","hentry","category-actualidad","category-universidad-al-dia"],"yoast_head":"<!-- This site is optimized with the Yoast SEO plugin v27.5 - https:\/\/yoast.com\/product\/yoast-seo-wordpress\/ -->\n<title>Abierta convocatoria para Procesos de Selecci\u00f3n de Personal en la U. de Caldas .<\/title>\n<meta name=\"robots\" content=\"index, follow, max-snippet:-1, max-image-preview:large, max-video-preview:-1\" \/>\n<link rel=\"canonical\" href=\"https:\/\/www.ucaldas.edu.co\/portal\/abierta-convocatoria-para-procesos-de-seleccion-de-personal-en-la-u-de-caldas\/\" \/>\n<script type=\"application\/ld+json\" class=\"yoast-schema-graph\">{\"@context\":\"https:\\\/\\\/schema.org\",\"@graph\":[{\"@type\":\"Article\",\"@id\":\"https:\\\/\\\/www.ucaldas.edu.co\\\/portal\\\/abierta-convocatoria-para-procesos-de-seleccion-de-personal-en-la-u-de-caldas\\\/#article\",\"isPartOf\":{\"@id\":\"https:\\\/\\\/www.ucaldas.edu.co\\\/portal\\\/abierta-convocatoria-para-procesos-de-seleccion-de-personal-en-la-u-de-caldas\\\/\"},\"author\":{\"name\":\"ofiprensa\",\"@id\":\"https:\\\/\\\/www.ucaldas.edu.co\\\/portal\\\/#\\\/schema\\\/person\\\/a1b482e23449158b4bc319926c074fdf\"},\"headline\":\"Abierta convocatoria para Procesos de Selecci\u00f3n de Personal en la U. de Caldas\",\"datePublished\":\"2009-12-18T16:48:48+00:00\",\"mainEntityOfPage\":{\"@id\":\"https:\\\/\\\/www.ucaldas.edu.co\\\/portal\\\/abierta-convocatoria-para-procesos-de-seleccion-de-personal-en-la-u-de-caldas\\\/\"},\"wordCount\":544,\"publisher\":{\"@id\":\"https:\\\/\\\/www.ucaldas.edu.co\\\/portal\\\/#organization\"},\"articleSection\":[\"Actualidad\",\"Universidad al D\u00eda\"],\"inLanguage\":\"es\"},{\"@type\":\"WebPage\",\"@id\":\"https:\\\/\\\/www.ucaldas.edu.co\\\/portal\\\/abierta-convocatoria-para-procesos-de-seleccion-de-personal-en-la-u-de-caldas\\\/\",\"url\":\"https:\\\/\\\/www.ucaldas.edu.co\\\/portal\\\/abierta-convocatoria-para-procesos-de-seleccion-de-personal-en-la-u-de-caldas\\\/\",\"name\":\"Abierta convocatoria para Procesos de Selecci\u00f3n de Personal en la U. de Caldas .\",\"isPartOf\":{\"@id\":\"https:\\\/\\\/www.ucaldas.edu.co\\\/portal\\\/#website\"},\"datePublished\":\"2009-12-18T16:48:48+00:00\",\"breadcrumb\":{\"@id\":\"https:\\\/\\\/www.ucaldas.edu.co\\\/portal\\\/abierta-convocatoria-para-procesos-de-seleccion-de-personal-en-la-u-de-caldas\\\/#breadcrumb\"},\"inLanguage\":\"es\",\"potentialAction\":[{\"@type\":\"ReadAction\",\"target\":[\"https:\\\/\\\/www.ucaldas.edu.co\\\/portal\\\/abierta-convocatoria-para-procesos-de-seleccion-de-personal-en-la-u-de-caldas\\\/\"]}]},{\"@type\":\"BreadcrumbList\",\"@id\":\"https:\\\/\\\/www.ucaldas.edu.co\\\/portal\\\/abierta-convocatoria-para-procesos-de-seleccion-de-personal-en-la-u-de-caldas\\\/#breadcrumb\",\"itemListElement\":[{\"@type\":\"ListItem\",\"position\":1,\"name\":\"Portada\",\"item\":\"https:\\\/\\\/www.ucaldas.edu.co\\\/portal\\\/\"},{\"@type\":\"ListItem\",\"position\":2,\"name\":\"Abierta convocatoria para Procesos de Selecci\u00f3n de Personal en la U. de Caldas\"}]},{\"@type\":\"WebSite\",\"@id\":\"https:\\\/\\\/www.ucaldas.edu.co\\\/portal\\\/#website\",\"url\":\"https:\\\/\\\/www.ucaldas.edu.co\\\/portal\\\/\",\"name\":\"Universidad de Caldas\",\"description\":\"\",\"publisher\":{\"@id\":\"https:\\\/\\\/www.ucaldas.edu.co\\\/portal\\\/#organization\"},\"alternateName\":\"U. de Caldas\",\"potentialAction\":[{\"@type\":\"SearchAction\",\"target\":{\"@type\":\"EntryPoint\",\"urlTemplate\":\"https:\\\/\\\/www.ucaldas.edu.co\\\/portal\\\/?s={search_term_string}\"},\"query-input\":{\"@type\":\"PropertyValueSpecification\",\"valueRequired\":true,\"valueName\":\"search_term_string\"}}],\"inLanguage\":\"es\"},{\"@type\":\"Organization\",\"@id\":\"https:\\\/\\\/www.ucaldas.edu.co\\\/portal\\\/#organization\",\"name\":\"Universidad de Caldas\",\"alternateName\":\"U. de Caldas\",\"url\":\"https:\\\/\\\/www.ucaldas.edu.co\\\/portal\\\/\",\"logo\":{\"@type\":\"ImageObject\",\"inLanguage\":\"es\",\"@id\":\"https:\\\/\\\/www.ucaldas.edu.co\\\/portal\\\/#\\\/schema\\\/logo\\\/image\\\/\",\"url\":\"https:\\\/\\\/www.ucaldas.edu.co\\\/portal\\\/wp-content\\\/uploads\\\/2023\\\/11\\\/Logo_horizontal_oscuroU-2023.png\",\"contentUrl\":\"https:\\\/\\\/www.ucaldas.edu.co\\\/portal\\\/wp-content\\\/uploads\\\/2023\\\/11\\\/Logo_horizontal_oscuroU-2023.png\",\"width\":263,\"height\":101,\"caption\":\"Universidad de Caldas\"},\"image\":{\"@id\":\"https:\\\/\\\/www.ucaldas.edu.co\\\/portal\\\/#\\\/schema\\\/logo\\\/image\\\/\"},\"sameAs\":[\"https:\\\/\\\/www.facebook.com\\\/udecaldas\",\"https:\\\/\\\/x.com\\\/udecaldas\",\"https:\\\/\\\/www.youtube.com\\\/universidadcaldas\",\"https:\\\/\\\/www.instagram.com\\\/udecaldas\\\/\"]},{\"@type\":\"Person\",\"@id\":\"https:\\\/\\\/www.ucaldas.edu.co\\\/portal\\\/#\\\/schema\\\/person\\\/a1b482e23449158b4bc319926c074fdf\",\"name\":\"ofiprensa\",\"image\":{\"@type\":\"ImageObject\",\"inLanguage\":\"es\",\"@id\":\"https:\\\/\\\/www.ucaldas.edu.co\\\/portal\\\/wp-content\\\/litespeed\\\/avatar\\\/09ea5085e600095a7a811142c6944527.jpg?ver=1777497608\",\"url\":\"https:\\\/\\\/www.ucaldas.edu.co\\\/portal\\\/wp-content\\\/litespeed\\\/avatar\\\/09ea5085e600095a7a811142c6944527.jpg?ver=1777497608\",\"contentUrl\":\"https:\\\/\\\/www.ucaldas.edu.co\\\/portal\\\/wp-content\\\/litespeed\\\/avatar\\\/09ea5085e600095a7a811142c6944527.jpg?ver=1777497608\",\"caption\":\"ofiprensa\"},\"url\":\"https:\\\/\\\/www.ucaldas.edu.co\\\/portal\\\/author\\\/ofiprensa\\\/\"}]}<\/script>\n<!-- \/ Yoast SEO plugin. -->","yoast_head_json":{"title":"Abierta convocatoria para Procesos de Selecci\u00f3n de Personal en la U. de Caldas .","robots":{"index":"index","follow":"follow","max-snippet":"max-snippet:-1","max-image-preview":"max-image-preview:large","max-video-preview":"max-video-preview:-1"},"canonical":"https:\/\/www.ucaldas.edu.co\/portal\/abierta-convocatoria-para-procesos-de-seleccion-de-personal-en-la-u-de-caldas\/","schema":{"@context":"https:\/\/schema.org","@graph":[{"@type":"Article","@id":"https:\/\/www.ucaldas.edu.co\/portal\/abierta-convocatoria-para-procesos-de-seleccion-de-personal-en-la-u-de-caldas\/#article","isPartOf":{"@id":"https:\/\/www.ucaldas.edu.co\/portal\/abierta-convocatoria-para-procesos-de-seleccion-de-personal-en-la-u-de-caldas\/"},"author":{"name":"ofiprensa","@id":"https:\/\/www.ucaldas.edu.co\/portal\/#\/schema\/person\/a1b482e23449158b4bc319926c074fdf"},"headline":"Abierta convocatoria para Procesos de Selecci\u00f3n de Personal en la U. de Caldas","datePublished":"2009-12-18T16:48:48+00:00","mainEntityOfPage":{"@id":"https:\/\/www.ucaldas.edu.co\/portal\/abierta-convocatoria-para-procesos-de-seleccion-de-personal-en-la-u-de-caldas\/"},"wordCount":544,"publisher":{"@id":"https:\/\/www.ucaldas.edu.co\/portal\/#organization"},"articleSection":["Actualidad","Universidad al D\u00eda"],"inLanguage":"es"},{"@type":"WebPage","@id":"https:\/\/www.ucaldas.edu.co\/portal\/abierta-convocatoria-para-procesos-de-seleccion-de-personal-en-la-u-de-caldas\/","url":"https:\/\/www.ucaldas.edu.co\/portal\/abierta-convocatoria-para-procesos-de-seleccion-de-personal-en-la-u-de-caldas\/","name":"Abierta convocatoria para Procesos de Selecci\u00f3n de Personal en la U. de Caldas .","isPartOf":{"@id":"https:\/\/www.ucaldas.edu.co\/portal\/#website"},"datePublished":"2009-12-18T16:48:48+00:00","breadcrumb":{"@id":"https:\/\/www.ucaldas.edu.co\/portal\/abierta-convocatoria-para-procesos-de-seleccion-de-personal-en-la-u-de-caldas\/#breadcrumb"},"inLanguage":"es","potentialAction":[{"@type":"ReadAction","target":["https:\/\/www.ucaldas.edu.co\/portal\/abierta-convocatoria-para-procesos-de-seleccion-de-personal-en-la-u-de-caldas\/"]}]},{"@type":"BreadcrumbList","@id":"https:\/\/www.ucaldas.edu.co\/portal\/abierta-convocatoria-para-procesos-de-seleccion-de-personal-en-la-u-de-caldas\/#breadcrumb","itemListElement":[{"@type":"ListItem","position":1,"name":"Portada","item":"https:\/\/www.ucaldas.edu.co\/portal\/"},{"@type":"ListItem","position":2,"name":"Abierta convocatoria para Procesos de Selecci\u00f3n de Personal en la U. de Caldas"}]},{"@type":"WebSite","@id":"https:\/\/www.ucaldas.edu.co\/portal\/#website","url":"https:\/\/www.ucaldas.edu.co\/portal\/","name":"Universidad de Caldas","description":"","publisher":{"@id":"https:\/\/www.ucaldas.edu.co\/portal\/#organization"},"alternateName":"U. de Caldas","potentialAction":[{"@type":"SearchAction","target":{"@type":"EntryPoint","urlTemplate":"https:\/\/www.ucaldas.edu.co\/portal\/?s={search_term_string}"},"query-input":{"@type":"PropertyValueSpecification","valueRequired":true,"valueName":"search_term_string"}}],"inLanguage":"es"},{"@type":"Organization","@id":"https:\/\/www.ucaldas.edu.co\/portal\/#organization","name":"Universidad de Caldas","alternateName":"U. de Caldas","url":"https:\/\/www.ucaldas.edu.co\/portal\/","logo":{"@type":"ImageObject","inLanguage":"es","@id":"https:\/\/www.ucaldas.edu.co\/portal\/#\/schema\/logo\/image\/","url":"https:\/\/www.ucaldas.edu.co\/portal\/wp-content\/uploads\/2023\/11\/Logo_horizontal_oscuroU-2023.png","contentUrl":"https:\/\/www.ucaldas.edu.co\/portal\/wp-content\/uploads\/2023\/11\/Logo_horizontal_oscuroU-2023.png","width":263,"height":101,"caption":"Universidad de Caldas"},"image":{"@id":"https:\/\/www.ucaldas.edu.co\/portal\/#\/schema\/logo\/image\/"},"sameAs":["https:\/\/www.facebook.com\/udecaldas","https:\/\/x.com\/udecaldas","https:\/\/www.youtube.com\/universidadcaldas","https:\/\/www.instagram.com\/udecaldas\/"]},{"@type":"Person","@id":"https:\/\/www.ucaldas.edu.co\/portal\/#\/schema\/person\/a1b482e23449158b4bc319926c074fdf","name":"ofiprensa","image":{"@type":"ImageObject","inLanguage":"es","@id":"https:\/\/www.ucaldas.edu.co\/portal\/wp-content\/litespeed\/avatar\/09ea5085e600095a7a811142c6944527.jpg?ver=1777497608","url":"https:\/\/www.ucaldas.edu.co\/portal\/wp-content\/litespeed\/avatar\/09ea5085e600095a7a811142c6944527.jpg?ver=1777497608","contentUrl":"https:\/\/www.ucaldas.edu.co\/portal\/wp-content\/litespeed\/avatar\/09ea5085e600095a7a811142c6944527.jpg?ver=1777497608","caption":"ofiprensa"},"url":"https:\/\/www.ucaldas.edu.co\/portal\/author\/ofiprensa\/"}]}},"_links":{"self":[{"href":"https:\/\/www.ucaldas.edu.co\/portal\/wp-json\/wp\/v2\/posts\/4504","targetHints":{"allow":["GET"]}}],"collection":[{"href":"https:\/\/www.ucaldas.edu.co\/portal\/wp-json\/wp\/v2\/posts"}],"about":[{"href":"https:\/\/www.ucaldas.edu.co\/portal\/wp-json\/wp\/v2\/types\/post"}],"author":[{"embeddable":true,"href":"https:\/\/www.ucaldas.edu.co\/portal\/wp-json\/wp\/v2\/users\/2"}],"replies":[{"embeddable":true,"href":"https:\/\/www.ucaldas.edu.co\/portal\/wp-json\/wp\/v2\/comments?post=4504"}],"version-history":[{"count":0,"href":"https:\/\/www.ucaldas.edu.co\/portal\/wp-json\/wp\/v2\/posts\/4504\/revisions"}],"wp:attachment":[{"href":"https:\/\/www.ucaldas.edu.co\/portal\/wp-json\/wp\/v2\/media?parent=4504"}],"wp:term":[{"taxonomy":"category","embeddable":true,"href":"https:\/\/www.ucaldas.edu.co\/portal\/wp-json\/wp\/v2\/categories?post=4504"},{"taxonomy":"post_tag","embeddable":true,"href":"https:\/\/www.ucaldas.edu.co\/portal\/wp-json\/wp\/v2\/tags?post=4504"}],"curies":[{"name":"wp","href":"https:\/\/api.w.org\/{rel}","templated":true}]}}