{"id":4502,"date":"2009-12-18T11:48:04","date_gmt":"2009-12-18T16:48:04","guid":{"rendered":"https:\/\/www.ucaldas.edu.co\/portal\/?p=4502"},"modified":"2009-12-18T11:48:04","modified_gmt":"2009-12-18T16:48:04","slug":"nomina-del-mes-de-diciembre-incluye-13-dias-del-mes-de-enero-correspondientes-al-periodo-de-vacaciones","status":"publish","type":"post","link":"https:\/\/www.ucaldas.edu.co\/portal\/nomina-del-mes-de-diciembre-incluye-13-dias-del-mes-de-enero-correspondientes-al-periodo-de-vacaciones\/","title":{"rendered":"N\u00f3mina del mes de diciembre incluye  13 d\u00edas del mes de enero correspondientes al per\u00edodo de vacaciones"},"content":{"rendered":"<p>Se informa a los docentes de planta y administrativos<\/p>\n<hr \/>\n<p align=\"center\">\n<p>&nbsp;<\/p>\n<p>La Oficina de Gesti\u00f3n Humana de la Universidad de Caldas informa a los docentes de Planta y Administrativos,\u00a0 quienes\u00a0 disfrutar\u00e1n de las vacaciones colectivas diciembre 2009, que la n\u00f3mina del mes de diciembre incluye 13 d\u00edas del mes de enero correspondientes al per\u00edodo de vacaciones.<\/p>\n<p><span style=\"font-family: Calibri\">\u00a0<\/span><\/p>\n<p><span style=\"font-family: Calibri\">Adem\u00e1s se informa que los descuentos del Fondo de Empleados de la Universidad de Caldas FONCALDAS se aplicaron dobles (diciembre 2009 y enero 2010). A los funcionarios que tienen cr\u00e9ditos (libranzas) con otras entidades bancarias, solo se les aplic\u00f3 el descuento\u00a0 por diciembre 2009.<\/span><\/p>\n<p><span style=\"font-family: Calibri\">\u00a0<\/span><\/p>\n<p><span style=\"font-family: Calibri\">Es importante tener en cuenta que en enero de 2010 solo se liquidar\u00e1n 17 d\u00edas y se aplicar\u00e1n los descuentos que los funcionarios hayan contra\u00eddo con otras entidades diferentes a FONCALDAS.<\/span><\/p>\n<p><span style=\"font-family: Calibri\">\u00a0<\/span><\/p>\n<p><span style=\"font-family: Calibri\">Para mayor informaci\u00f3n comunicarse con la Oficina de Gesti\u00f3n Humana de la Universidad de Caldas. Tel\u00e9fono 878 15 00. Ext. 11119.\u00a0<\/span><\/p>\n","protected":false},"excerpt":{"rendered":"<p>Se informa a los docentes de planta y administrativos &nbsp; La Oficina de Gesti\u00f3n Humana de la Universidad de Caldas informa a los docentes de Planta y Administrativos,\u00a0 quienes\u00a0 disfrutar\u00e1n de las vacaciones colectivas diciembre 2009, que la n\u00f3mina del mes de diciembre incluye 13 d\u00edas del mes de enero correspondientes al per\u00edodo de vacaciones. [&hellip;]<\/p>\n","protected":false},"author":2,"featured_media":0,"comment_status":"closed","ping_status":"closed","sticky":false,"template":"","format":"standard","meta":{"footnotes":""},"categories":[53,48],"tags":[],"class_list":["post-4502","post","type-post","status-publish","format-standard","hentry","category-universidad-al-dia","category-actualidad"],"yoast_head":"<!-- This site is optimized with the Yoast SEO plugin v27.5 - https:\/\/yoast.com\/product\/yoast-seo-wordpress\/ -->\n<title>N\u00f3mina del mes de diciembre incluye 13 d\u00edas del mes de enero correspondientes al per\u00edodo de vacaciones .<\/title>\n<meta name=\"robots\" content=\"index, follow, max-snippet:-1, max-image-preview:large, max-video-preview:-1\" \/>\n<link rel=\"canonical\" href=\"https:\/\/www.ucaldas.edu.co\/portal\/nomina-del-mes-de-diciembre-incluye-13-dias-del-mes-de-enero-correspondientes-al-periodo-de-vacaciones\/\" \/>\n<script type=\"application\/ld+json\" class=\"yoast-schema-graph\">{\"@context\":\"https:\\\/\\\/schema.org\",\"@graph\":[{\"@type\":\"Article\",\"@id\":\"https:\\\/\\\/www.ucaldas.edu.co\\\/portal\\\/nomina-del-mes-de-diciembre-incluye-13-dias-del-mes-de-enero-correspondientes-al-periodo-de-vacaciones\\\/#article\",\"isPartOf\":{\"@id\":\"https:\\\/\\\/www.ucaldas.edu.co\\\/portal\\\/nomina-del-mes-de-diciembre-incluye-13-dias-del-mes-de-enero-correspondientes-al-periodo-de-vacaciones\\\/\"},\"author\":{\"name\":\"ofiprensa\",\"@id\":\"https:\\\/\\\/www.ucaldas.edu.co\\\/portal\\\/#\\\/schema\\\/person\\\/a1b482e23449158b4bc319926c074fdf\"},\"headline\":\"N\u00f3mina del mes de diciembre incluye 13 d\u00edas del mes de enero correspondientes al per\u00edodo de vacaciones\",\"datePublished\":\"2009-12-18T16:48:04+00:00\",\"mainEntityOfPage\":{\"@id\":\"https:\\\/\\\/www.ucaldas.edu.co\\\/portal\\\/nomina-del-mes-de-diciembre-incluye-13-dias-del-mes-de-enero-correspondientes-al-periodo-de-vacaciones\\\/\"},\"wordCount\":173,\"publisher\":{\"@id\":\"https:\\\/\\\/www.ucaldas.edu.co\\\/portal\\\/#organization\"},\"articleSection\":[\"Universidad al D\u00eda\",\"Actualidad\"],\"inLanguage\":\"es\"},{\"@type\":\"WebPage\",\"@id\":\"https:\\\/\\\/www.ucaldas.edu.co\\\/portal\\\/nomina-del-mes-de-diciembre-incluye-13-dias-del-mes-de-enero-correspondientes-al-periodo-de-vacaciones\\\/\",\"url\":\"https:\\\/\\\/www.ucaldas.edu.co\\\/portal\\\/nomina-del-mes-de-diciembre-incluye-13-dias-del-mes-de-enero-correspondientes-al-periodo-de-vacaciones\\\/\",\"name\":\"N\u00f3mina del mes de diciembre incluye 13 d\u00edas del mes de enero correspondientes al per\u00edodo de vacaciones .\",\"isPartOf\":{\"@id\":\"https:\\\/\\\/www.ucaldas.edu.co\\\/portal\\\/#website\"},\"datePublished\":\"2009-12-18T16:48:04+00:00\",\"breadcrumb\":{\"@id\":\"https:\\\/\\\/www.ucaldas.edu.co\\\/portal\\\/nomina-del-mes-de-diciembre-incluye-13-dias-del-mes-de-enero-correspondientes-al-periodo-de-vacaciones\\\/#breadcrumb\"},\"inLanguage\":\"es\",\"potentialAction\":[{\"@type\":\"ReadAction\",\"target\":[\"https:\\\/\\\/www.ucaldas.edu.co\\\/portal\\\/nomina-del-mes-de-diciembre-incluye-13-dias-del-mes-de-enero-correspondientes-al-periodo-de-vacaciones\\\/\"]}]},{\"@type\":\"BreadcrumbList\",\"@id\":\"https:\\\/\\\/www.ucaldas.edu.co\\\/portal\\\/nomina-del-mes-de-diciembre-incluye-13-dias-del-mes-de-enero-correspondientes-al-periodo-de-vacaciones\\\/#breadcrumb\",\"itemListElement\":[{\"@type\":\"ListItem\",\"position\":1,\"name\":\"Portada\",\"item\":\"https:\\\/\\\/www.ucaldas.edu.co\\\/portal\\\/\"},{\"@type\":\"ListItem\",\"position\":2,\"name\":\"N\u00f3mina del mes de diciembre incluye 13 d\u00edas del mes de enero correspondientes al per\u00edodo de vacaciones\"}]},{\"@type\":\"WebSite\",\"@id\":\"https:\\\/\\\/www.ucaldas.edu.co\\\/portal\\\/#website\",\"url\":\"https:\\\/\\\/www.ucaldas.edu.co\\\/portal\\\/\",\"name\":\"Universidad de Caldas\",\"description\":\"\",\"publisher\":{\"@id\":\"https:\\\/\\\/www.ucaldas.edu.co\\\/portal\\\/#organization\"},\"alternateName\":\"U. de Caldas\",\"potentialAction\":[{\"@type\":\"SearchAction\",\"target\":{\"@type\":\"EntryPoint\",\"urlTemplate\":\"https:\\\/\\\/www.ucaldas.edu.co\\\/portal\\\/?s={search_term_string}\"},\"query-input\":{\"@type\":\"PropertyValueSpecification\",\"valueRequired\":true,\"valueName\":\"search_term_string\"}}],\"inLanguage\":\"es\"},{\"@type\":\"Organization\",\"@id\":\"https:\\\/\\\/www.ucaldas.edu.co\\\/portal\\\/#organization\",\"name\":\"Universidad de Caldas\",\"alternateName\":\"U. de Caldas\",\"url\":\"https:\\\/\\\/www.ucaldas.edu.co\\\/portal\\\/\",\"logo\":{\"@type\":\"ImageObject\",\"inLanguage\":\"es\",\"@id\":\"https:\\\/\\\/www.ucaldas.edu.co\\\/portal\\\/#\\\/schema\\\/logo\\\/image\\\/\",\"url\":\"https:\\\/\\\/www.ucaldas.edu.co\\\/portal\\\/wp-content\\\/uploads\\\/2023\\\/11\\\/Logo_horizontal_oscuroU-2023.png\",\"contentUrl\":\"https:\\\/\\\/www.ucaldas.edu.co\\\/portal\\\/wp-content\\\/uploads\\\/2023\\\/11\\\/Logo_horizontal_oscuroU-2023.png\",\"width\":263,\"height\":101,\"caption\":\"Universidad de Caldas\"},\"image\":{\"@id\":\"https:\\\/\\\/www.ucaldas.edu.co\\\/portal\\\/#\\\/schema\\\/logo\\\/image\\\/\"},\"sameAs\":[\"https:\\\/\\\/www.facebook.com\\\/udecaldas\",\"https:\\\/\\\/x.com\\\/udecaldas\",\"https:\\\/\\\/www.youtube.com\\\/universidadcaldas\",\"https:\\\/\\\/www.instagram.com\\\/udecaldas\\\/\"]},{\"@type\":\"Person\",\"@id\":\"https:\\\/\\\/www.ucaldas.edu.co\\\/portal\\\/#\\\/schema\\\/person\\\/a1b482e23449158b4bc319926c074fdf\",\"name\":\"ofiprensa\",\"image\":{\"@type\":\"ImageObject\",\"inLanguage\":\"es\",\"@id\":\"https:\\\/\\\/www.ucaldas.edu.co\\\/portal\\\/wp-content\\\/litespeed\\\/avatar\\\/09ea5085e600095a7a811142c6944527.jpg?ver=1777497608\",\"url\":\"https:\\\/\\\/www.ucaldas.edu.co\\\/portal\\\/wp-content\\\/litespeed\\\/avatar\\\/09ea5085e600095a7a811142c6944527.jpg?ver=1777497608\",\"contentUrl\":\"https:\\\/\\\/www.ucaldas.edu.co\\\/portal\\\/wp-content\\\/litespeed\\\/avatar\\\/09ea5085e600095a7a811142c6944527.jpg?ver=1777497608\",\"caption\":\"ofiprensa\"},\"url\":\"https:\\\/\\\/www.ucaldas.edu.co\\\/portal\\\/author\\\/ofiprensa\\\/\"}]}<\/script>\n<!-- \/ Yoast SEO plugin. -->","yoast_head_json":{"title":"N\u00f3mina del mes de diciembre incluye 13 d\u00edas del mes de enero correspondientes al per\u00edodo de vacaciones .","robots":{"index":"index","follow":"follow","max-snippet":"max-snippet:-1","max-image-preview":"max-image-preview:large","max-video-preview":"max-video-preview:-1"},"canonical":"https:\/\/www.ucaldas.edu.co\/portal\/nomina-del-mes-de-diciembre-incluye-13-dias-del-mes-de-enero-correspondientes-al-periodo-de-vacaciones\/","schema":{"@context":"https:\/\/schema.org","@graph":[{"@type":"Article","@id":"https:\/\/www.ucaldas.edu.co\/portal\/nomina-del-mes-de-diciembre-incluye-13-dias-del-mes-de-enero-correspondientes-al-periodo-de-vacaciones\/#article","isPartOf":{"@id":"https:\/\/www.ucaldas.edu.co\/portal\/nomina-del-mes-de-diciembre-incluye-13-dias-del-mes-de-enero-correspondientes-al-periodo-de-vacaciones\/"},"author":{"name":"ofiprensa","@id":"https:\/\/www.ucaldas.edu.co\/portal\/#\/schema\/person\/a1b482e23449158b4bc319926c074fdf"},"headline":"N\u00f3mina del mes de diciembre incluye 13 d\u00edas del mes de enero correspondientes al per\u00edodo de vacaciones","datePublished":"2009-12-18T16:48:04+00:00","mainEntityOfPage":{"@id":"https:\/\/www.ucaldas.edu.co\/portal\/nomina-del-mes-de-diciembre-incluye-13-dias-del-mes-de-enero-correspondientes-al-periodo-de-vacaciones\/"},"wordCount":173,"publisher":{"@id":"https:\/\/www.ucaldas.edu.co\/portal\/#organization"},"articleSection":["Universidad al D\u00eda","Actualidad"],"inLanguage":"es"},{"@type":"WebPage","@id":"https:\/\/www.ucaldas.edu.co\/portal\/nomina-del-mes-de-diciembre-incluye-13-dias-del-mes-de-enero-correspondientes-al-periodo-de-vacaciones\/","url":"https:\/\/www.ucaldas.edu.co\/portal\/nomina-del-mes-de-diciembre-incluye-13-dias-del-mes-de-enero-correspondientes-al-periodo-de-vacaciones\/","name":"N\u00f3mina del mes de diciembre incluye 13 d\u00edas del mes de enero correspondientes al per\u00edodo de vacaciones .","isPartOf":{"@id":"https:\/\/www.ucaldas.edu.co\/portal\/#website"},"datePublished":"2009-12-18T16:48:04+00:00","breadcrumb":{"@id":"https:\/\/www.ucaldas.edu.co\/portal\/nomina-del-mes-de-diciembre-incluye-13-dias-del-mes-de-enero-correspondientes-al-periodo-de-vacaciones\/#breadcrumb"},"inLanguage":"es","potentialAction":[{"@type":"ReadAction","target":["https:\/\/www.ucaldas.edu.co\/portal\/nomina-del-mes-de-diciembre-incluye-13-dias-del-mes-de-enero-correspondientes-al-periodo-de-vacaciones\/"]}]},{"@type":"BreadcrumbList","@id":"https:\/\/www.ucaldas.edu.co\/portal\/nomina-del-mes-de-diciembre-incluye-13-dias-del-mes-de-enero-correspondientes-al-periodo-de-vacaciones\/#breadcrumb","itemListElement":[{"@type":"ListItem","position":1,"name":"Portada","item":"https:\/\/www.ucaldas.edu.co\/portal\/"},{"@type":"ListItem","position":2,"name":"N\u00f3mina del mes de diciembre incluye 13 d\u00edas del mes de enero correspondientes al per\u00edodo de vacaciones"}]},{"@type":"WebSite","@id":"https:\/\/www.ucaldas.edu.co\/portal\/#website","url":"https:\/\/www.ucaldas.edu.co\/portal\/","name":"Universidad de Caldas","description":"","publisher":{"@id":"https:\/\/www.ucaldas.edu.co\/portal\/#organization"},"alternateName":"U. de Caldas","potentialAction":[{"@type":"SearchAction","target":{"@type":"EntryPoint","urlTemplate":"https:\/\/www.ucaldas.edu.co\/portal\/?s={search_term_string}"},"query-input":{"@type":"PropertyValueSpecification","valueRequired":true,"valueName":"search_term_string"}}],"inLanguage":"es"},{"@type":"Organization","@id":"https:\/\/www.ucaldas.edu.co\/portal\/#organization","name":"Universidad de Caldas","alternateName":"U. de Caldas","url":"https:\/\/www.ucaldas.edu.co\/portal\/","logo":{"@type":"ImageObject","inLanguage":"es","@id":"https:\/\/www.ucaldas.edu.co\/portal\/#\/schema\/logo\/image\/","url":"https:\/\/www.ucaldas.edu.co\/portal\/wp-content\/uploads\/2023\/11\/Logo_horizontal_oscuroU-2023.png","contentUrl":"https:\/\/www.ucaldas.edu.co\/portal\/wp-content\/uploads\/2023\/11\/Logo_horizontal_oscuroU-2023.png","width":263,"height":101,"caption":"Universidad de Caldas"},"image":{"@id":"https:\/\/www.ucaldas.edu.co\/portal\/#\/schema\/logo\/image\/"},"sameAs":["https:\/\/www.facebook.com\/udecaldas","https:\/\/x.com\/udecaldas","https:\/\/www.youtube.com\/universidadcaldas","https:\/\/www.instagram.com\/udecaldas\/"]},{"@type":"Person","@id":"https:\/\/www.ucaldas.edu.co\/portal\/#\/schema\/person\/a1b482e23449158b4bc319926c074fdf","name":"ofiprensa","image":{"@type":"ImageObject","inLanguage":"es","@id":"https:\/\/www.ucaldas.edu.co\/portal\/wp-content\/litespeed\/avatar\/09ea5085e600095a7a811142c6944527.jpg?ver=1777497608","url":"https:\/\/www.ucaldas.edu.co\/portal\/wp-content\/litespeed\/avatar\/09ea5085e600095a7a811142c6944527.jpg?ver=1777497608","contentUrl":"https:\/\/www.ucaldas.edu.co\/portal\/wp-content\/litespeed\/avatar\/09ea5085e600095a7a811142c6944527.jpg?ver=1777497608","caption":"ofiprensa"},"url":"https:\/\/www.ucaldas.edu.co\/portal\/author\/ofiprensa\/"}]}},"_links":{"self":[{"href":"https:\/\/www.ucaldas.edu.co\/portal\/wp-json\/wp\/v2\/posts\/4502","targetHints":{"allow":["GET"]}}],"collection":[{"href":"https:\/\/www.ucaldas.edu.co\/portal\/wp-json\/wp\/v2\/posts"}],"about":[{"href":"https:\/\/www.ucaldas.edu.co\/portal\/wp-json\/wp\/v2\/types\/post"}],"author":[{"embeddable":true,"href":"https:\/\/www.ucaldas.edu.co\/portal\/wp-json\/wp\/v2\/users\/2"}],"replies":[{"embeddable":true,"href":"https:\/\/www.ucaldas.edu.co\/portal\/wp-json\/wp\/v2\/comments?post=4502"}],"version-history":[{"count":0,"href":"https:\/\/www.ucaldas.edu.co\/portal\/wp-json\/wp\/v2\/posts\/4502\/revisions"}],"wp:attachment":[{"href":"https:\/\/www.ucaldas.edu.co\/portal\/wp-json\/wp\/v2\/media?parent=4502"}],"wp:term":[{"taxonomy":"category","embeddable":true,"href":"https:\/\/www.ucaldas.edu.co\/portal\/wp-json\/wp\/v2\/categories?post=4502"},{"taxonomy":"post_tag","embeddable":true,"href":"https:\/\/www.ucaldas.edu.co\/portal\/wp-json\/wp\/v2\/tags?post=4502"}],"curies":[{"name":"wp","href":"https:\/\/api.w.org\/{rel}","templated":true}]}}