{"id":4491,"date":"2009-12-17T11:42:56","date_gmt":"2009-12-17T16:42:56","guid":{"rendered":"https:\/\/www.ucaldas.edu.co\/portal\/?p=4491"},"modified":"2009-12-17T11:42:56","modified_gmt":"2009-12-17T16:42:56","slug":"abiertas-convocatorias-para-el-ix-festival-internacional-de-la-imagen","status":"publish","type":"post","link":"https:\/\/www.ucaldas.edu.co\/portal\/abiertas-convocatorias-para-el-ix-festival-internacional-de-la-imagen\/","title":{"rendered":"Abiertas convocatorias para el IX Festival Internacional de la Imagen"},"content":{"rendered":"<p>&nbsp;<\/p>\n<p>Del 13 al 17 de Abril del 2010<\/p>\n<hr \/>\n<p align=\"center\">\n<p>&nbsp;<\/p>\n<p>El Departamento de Dise\u00f1o Visual de la Universidad de Caldas realizar\u00e1 del 13 al 17 de abril de 2010 el IX Festival Internacional de la Imagen. Este es un espacio de encuentro y debate en torno a temas relacionados con artes electr\u00f3nicas, creaci\u00f3n audiovisual digital, sonido digital y electroac\u00fastico, y, en general, las nuevas relaciones entre arte, dise\u00f1o, ciencia y tecnolog\u00eda.<\/p>\n<p><span style=\"font-family: Calibri\">\u00a0<\/span><\/p>\n<p><span style=\"font-family: Calibri\">Este evento se realiza con la colaboraci\u00f3n de entidades como: la Alcald\u00eda de Manizales, el Instituto de Cultura y Turismo de Manizales, la Fundaci\u00f3n Instituto de Investigaciones de la Imagen, el Museo de Arte de Caldas, la Secretar\u00eda de Cultura, entre otras. <\/span><\/p>\n<p><span style=\"font-family: Calibri\">\u00a0<\/span><\/p>\n<p><span style=\"font-family: Calibri\">Este Festival se realiza desde el a\u00f1o 1997, es considerado un evento de relevancia internacional, teniendo en cuenta que es el \u00fanico en Latinoam\u00e9rica que propone la generaci\u00f3n de un espacio de discusi\u00f3n en \u00e1mbitos de la creaci\u00f3n digital, integrando arte, dise\u00f1o, ciencia y tecnolog\u00eda a trav\u00e9s de encuentros presenciales, seminarios cient\u00edficos especializados, convocatorias nacionales e internacionales, foros de an\u00e1lisis, conciertos, talleres, exposiciones y transmisiones v\u00eda Web, entre otros. <\/span><\/p>\n<p><span style=\"font-family: Calibri\">\u00a0<\/span><\/p>\n<p><span style=\"font-family: Calibri\">Las convocatorias abiertas para el <i>IX Festival Internacional de la Imagen<\/i> son las siguientes:<\/span><\/p>\n<p><span style=\"font-family: Calibri\">\u00a0<\/span><\/p>\n<ol>\n<li><span style=\"font-family: Calibri\"><b>VI Muestra Monogr\u00e1fica de Media Art:<\/b><\/span><\/li>\n<\/ol>\n<p><span style=\"font-family: Calibri\">Esta convocatoria internacional tiene como finalidad potenciar la creaci\u00f3n vinculada a la tecnolog\u00eda y favorecer la comunicaci\u00f3n entre los desarrolladores de tecnolog\u00edas y los creadores audiovisuales. Adem\u00e1s, promueve la producci\u00f3n y exhibici\u00f3n de los desarrollos telem\u00e1ticos y colaborativos.<\/span><\/p>\n<p><span style=\"font-family: Calibri\">\u00a0<\/span><\/p>\n<p><span style=\"font-family: Calibri\">Categor\u00edas: paisajes sonoros, imagen fija, afinaci\u00f3n, video, interactivos, videojuegos, Net Art, infodise\u00f1o y dise\u00f1o web.<\/span><\/p>\n<p><span style=\"font-family: Calibri\">\u00a0<\/span><\/p>\n<p><span style=\"font-family: Calibri\">Las propuestas se recibir\u00e1n desde hoy y hasta el 5 de marzo de 2010 a las 18:00 horas.<\/span><\/p>\n<p><span style=\"font-family: Calibri\">\u00a0<\/span><\/p>\n<p><span style=\"font-family: Calibri\">Para mayor informaci\u00f3n sobre esta convocatoria puede escribir al correo electr\u00f3nico <\/span><a href=\"mailto:media_art@festivaldelaimagen.com\" target=\"_blank\"><span style=\"font-family: Calibri\">media_art@festivaldelaimagen.com<\/span><\/a><\/p>\n<p><span style=\"font-family: Calibri\">\u00a0<\/span><\/p>\n<ol>\n<li><span style=\"font-family: Calibri\"><b>VII Foro Acad\u00e9mico de Dise\u00f1o:<\/b><\/span><\/li>\n<\/ol>\n<p><span style=\"font-family: Calibri\">Esta invitaci\u00f3n es a participar a trav\u00e9s de una ponencia en los campos del dise\u00f1o y la creaci\u00f3n audiovisual e interactiva, para docentes, estudiante, profesionales e investigadores en historia, teor\u00eda y reflexi\u00f3n,<\/span><\/p>\n<p><span style=\"font-family: Calibri\">\u00a0<\/span><\/p>\n<p><span style=\"font-family: Calibri\">La recepci\u00f3n de res\u00famenes de ponencias ser\u00e1 hasta el 16 de febrero de 2010. La confirmaci\u00f3n de ponencias aceptadas se realizar\u00e1 el 9 de marzo y la recepci\u00f3n de ponencias completas para publicaci\u00f3n ser\u00e1 el 23 de marzo de 2010.<\/span><\/p>\n<p><span style=\"font-family: Calibri\">\u00a0<\/span><\/p>\n<p><span style=\"font-family: Calibri\">Para mayor informaci\u00f3n sobre esta actividad puede escribir al correo electr\u00f3nico: <\/span><a href=\"mailto:foro@festivaldelaimagen.com\" target=\"_blank\"><span style=\"font-family: Calibri\">foro@festivaldelaimagen.com<\/span><\/a><\/p>\n<p><span style=\"font-family: Calibri\">\u00a0<\/span><\/p>\n<ol>\n<li><span style=\"font-family: Calibri\"><b>Puentes sonoros III<\/b>:<\/span><\/li>\n<\/ol>\n<p><span style=\"font-family: Calibri\">Esta convocatoria internacional de realizaci\u00f3n de piezas electroac\u00fasticas que se realiza en colaboraci\u00f3n con la Facultad de Artes de la Universidad Nacional de Colombia en Bogot\u00e1, la Universidad Nacional de C\u00f3rdoba, Argentina y la Orquesta del Caos en Barcelona, Espa\u00f1a.<\/span><\/p>\n<p><span style=\"font-family: Calibri\">\u00a0<\/span><\/p>\n<p><span style=\"font-family: Calibri\">Para mayor informaci\u00f3n cobre esta convocatoria puede escribir al correo electr\u00f3nico: <\/span><a href=\"mailto:sonoro@festivaldelaimagen.com\" target=\"_blank\"><span style=\"font-family: Calibri\">sonoro@festivaldelaimagen.com<\/span><\/a><\/p>\n<p><span style=\"font-family: Calibri\">\u00a0<\/span><\/p>\n<p><span style=\"font-family: Calibri\">Para obtener mayor informaci\u00f3n sobre el Festival de la Imagen puede ingresar a la p\u00e1gina en Internet <\/span><a href=\"http:\/\/www.festivaldelaimagen.com\/\" target=\"_blank\"><span style=\"font-family: Calibri\">www.festivaldelaimagen.com<\/span><\/a><span style=\"font-family: Calibri\"> o escribir a los correos electr\u00f3nicos: <\/span><a href=\"mailto:festival@festivaldelaimagen.com\" target=\"_blank\"><span style=\"font-family: Calibri\">festival@festivaldelaimagen.com<\/span><\/a><span style=\"font-family: Calibri\">\u00a0 o\u00a0 <\/span><a href=\"mailto:info@disenovisual.com\" target=\"_blank\"><span style=\"font-family: Calibri\">info@disenovisual.com<\/span><\/a><\/p>\n","protected":false},"excerpt":{"rendered":"<p>&nbsp; Del 13 al 17 de Abril del 2010 &nbsp; El Departamento de Dise\u00f1o Visual de la Universidad de Caldas realizar\u00e1 del 13 al 17 de abril de 2010 el IX Festival Internacional de la Imagen. Este es un espacio de encuentro y debate en torno a temas relacionados con artes electr\u00f3nicas, creaci\u00f3n audiovisual digital, [&hellip;]<\/p>\n","protected":false},"author":2,"featured_media":0,"comment_status":"closed","ping_status":"closed","sticky":false,"template":"","format":"standard","meta":{"footnotes":""},"categories":[48,53],"tags":[],"class_list":["post-4491","post","type-post","status-publish","format-standard","hentry","category-actualidad","category-universidad-al-dia"],"yoast_head":"<!-- This site is optimized with the Yoast SEO plugin v27.5 - https:\/\/yoast.com\/product\/yoast-seo-wordpress\/ -->\n<title>Abiertas convocatorias para el IX Festival Internacional de la Imagen .<\/title>\n<meta name=\"robots\" content=\"index, follow, max-snippet:-1, max-image-preview:large, max-video-preview:-1\" \/>\n<link rel=\"canonical\" href=\"https:\/\/www.ucaldas.edu.co\/portal\/abiertas-convocatorias-para-el-ix-festival-internacional-de-la-imagen\/\" \/>\n<script type=\"application\/ld+json\" class=\"yoast-schema-graph\">{\"@context\":\"https:\\\/\\\/schema.org\",\"@graph\":[{\"@type\":\"Article\",\"@id\":\"https:\\\/\\\/www.ucaldas.edu.co\\\/portal\\\/abiertas-convocatorias-para-el-ix-festival-internacional-de-la-imagen\\\/#article\",\"isPartOf\":{\"@id\":\"https:\\\/\\\/www.ucaldas.edu.co\\\/portal\\\/abiertas-convocatorias-para-el-ix-festival-internacional-de-la-imagen\\\/\"},\"author\":{\"name\":\"ofiprensa\",\"@id\":\"https:\\\/\\\/www.ucaldas.edu.co\\\/portal\\\/#\\\/schema\\\/person\\\/a1b482e23449158b4bc319926c074fdf\"},\"headline\":\"Abiertas convocatorias para el IX Festival Internacional de la Imagen\",\"datePublished\":\"2009-12-17T16:42:56+00:00\",\"mainEntityOfPage\":{\"@id\":\"https:\\\/\\\/www.ucaldas.edu.co\\\/portal\\\/abiertas-convocatorias-para-el-ix-festival-internacional-de-la-imagen\\\/\"},\"wordCount\":526,\"publisher\":{\"@id\":\"https:\\\/\\\/www.ucaldas.edu.co\\\/portal\\\/#organization\"},\"articleSection\":[\"Actualidad\",\"Universidad al D\u00eda\"],\"inLanguage\":\"es\"},{\"@type\":\"WebPage\",\"@id\":\"https:\\\/\\\/www.ucaldas.edu.co\\\/portal\\\/abiertas-convocatorias-para-el-ix-festival-internacional-de-la-imagen\\\/\",\"url\":\"https:\\\/\\\/www.ucaldas.edu.co\\\/portal\\\/abiertas-convocatorias-para-el-ix-festival-internacional-de-la-imagen\\\/\",\"name\":\"Abiertas convocatorias para el IX Festival Internacional de la Imagen .\",\"isPartOf\":{\"@id\":\"https:\\\/\\\/www.ucaldas.edu.co\\\/portal\\\/#website\"},\"datePublished\":\"2009-12-17T16:42:56+00:00\",\"breadcrumb\":{\"@id\":\"https:\\\/\\\/www.ucaldas.edu.co\\\/portal\\\/abiertas-convocatorias-para-el-ix-festival-internacional-de-la-imagen\\\/#breadcrumb\"},\"inLanguage\":\"es\",\"potentialAction\":[{\"@type\":\"ReadAction\",\"target\":[\"https:\\\/\\\/www.ucaldas.edu.co\\\/portal\\\/abiertas-convocatorias-para-el-ix-festival-internacional-de-la-imagen\\\/\"]}]},{\"@type\":\"BreadcrumbList\",\"@id\":\"https:\\\/\\\/www.ucaldas.edu.co\\\/portal\\\/abiertas-convocatorias-para-el-ix-festival-internacional-de-la-imagen\\\/#breadcrumb\",\"itemListElement\":[{\"@type\":\"ListItem\",\"position\":1,\"name\":\"Portada\",\"item\":\"https:\\\/\\\/www.ucaldas.edu.co\\\/portal\\\/\"},{\"@type\":\"ListItem\",\"position\":2,\"name\":\"Abiertas convocatorias para el IX Festival Internacional de la Imagen\"}]},{\"@type\":\"WebSite\",\"@id\":\"https:\\\/\\\/www.ucaldas.edu.co\\\/portal\\\/#website\",\"url\":\"https:\\\/\\\/www.ucaldas.edu.co\\\/portal\\\/\",\"name\":\"Universidad de Caldas\",\"description\":\"\",\"publisher\":{\"@id\":\"https:\\\/\\\/www.ucaldas.edu.co\\\/portal\\\/#organization\"},\"alternateName\":\"U. de Caldas\",\"potentialAction\":[{\"@type\":\"SearchAction\",\"target\":{\"@type\":\"EntryPoint\",\"urlTemplate\":\"https:\\\/\\\/www.ucaldas.edu.co\\\/portal\\\/?s={search_term_string}\"},\"query-input\":{\"@type\":\"PropertyValueSpecification\",\"valueRequired\":true,\"valueName\":\"search_term_string\"}}],\"inLanguage\":\"es\"},{\"@type\":\"Organization\",\"@id\":\"https:\\\/\\\/www.ucaldas.edu.co\\\/portal\\\/#organization\",\"name\":\"Universidad de Caldas\",\"alternateName\":\"U. de Caldas\",\"url\":\"https:\\\/\\\/www.ucaldas.edu.co\\\/portal\\\/\",\"logo\":{\"@type\":\"ImageObject\",\"inLanguage\":\"es\",\"@id\":\"https:\\\/\\\/www.ucaldas.edu.co\\\/portal\\\/#\\\/schema\\\/logo\\\/image\\\/\",\"url\":\"https:\\\/\\\/www.ucaldas.edu.co\\\/portal\\\/wp-content\\\/uploads\\\/2023\\\/11\\\/Logo_horizontal_oscuroU-2023.png\",\"contentUrl\":\"https:\\\/\\\/www.ucaldas.edu.co\\\/portal\\\/wp-content\\\/uploads\\\/2023\\\/11\\\/Logo_horizontal_oscuroU-2023.png\",\"width\":263,\"height\":101,\"caption\":\"Universidad de Caldas\"},\"image\":{\"@id\":\"https:\\\/\\\/www.ucaldas.edu.co\\\/portal\\\/#\\\/schema\\\/logo\\\/image\\\/\"},\"sameAs\":[\"https:\\\/\\\/www.facebook.com\\\/udecaldas\",\"https:\\\/\\\/x.com\\\/udecaldas\",\"https:\\\/\\\/www.youtube.com\\\/universidadcaldas\",\"https:\\\/\\\/www.instagram.com\\\/udecaldas\\\/\"]},{\"@type\":\"Person\",\"@id\":\"https:\\\/\\\/www.ucaldas.edu.co\\\/portal\\\/#\\\/schema\\\/person\\\/a1b482e23449158b4bc319926c074fdf\",\"name\":\"ofiprensa\",\"image\":{\"@type\":\"ImageObject\",\"inLanguage\":\"es\",\"@id\":\"https:\\\/\\\/www.ucaldas.edu.co\\\/portal\\\/wp-content\\\/litespeed\\\/avatar\\\/09ea5085e600095a7a811142c6944527.jpg?ver=1777497608\",\"url\":\"https:\\\/\\\/www.ucaldas.edu.co\\\/portal\\\/wp-content\\\/litespeed\\\/avatar\\\/09ea5085e600095a7a811142c6944527.jpg?ver=1777497608\",\"contentUrl\":\"https:\\\/\\\/www.ucaldas.edu.co\\\/portal\\\/wp-content\\\/litespeed\\\/avatar\\\/09ea5085e600095a7a811142c6944527.jpg?ver=1777497608\",\"caption\":\"ofiprensa\"},\"url\":\"https:\\\/\\\/www.ucaldas.edu.co\\\/portal\\\/author\\\/ofiprensa\\\/\"}]}<\/script>\n<!-- \/ Yoast SEO plugin. -->","yoast_head_json":{"title":"Abiertas convocatorias para el IX Festival Internacional de la Imagen .","robots":{"index":"index","follow":"follow","max-snippet":"max-snippet:-1","max-image-preview":"max-image-preview:large","max-video-preview":"max-video-preview:-1"},"canonical":"https:\/\/www.ucaldas.edu.co\/portal\/abiertas-convocatorias-para-el-ix-festival-internacional-de-la-imagen\/","schema":{"@context":"https:\/\/schema.org","@graph":[{"@type":"Article","@id":"https:\/\/www.ucaldas.edu.co\/portal\/abiertas-convocatorias-para-el-ix-festival-internacional-de-la-imagen\/#article","isPartOf":{"@id":"https:\/\/www.ucaldas.edu.co\/portal\/abiertas-convocatorias-para-el-ix-festival-internacional-de-la-imagen\/"},"author":{"name":"ofiprensa","@id":"https:\/\/www.ucaldas.edu.co\/portal\/#\/schema\/person\/a1b482e23449158b4bc319926c074fdf"},"headline":"Abiertas convocatorias para el IX Festival Internacional de la Imagen","datePublished":"2009-12-17T16:42:56+00:00","mainEntityOfPage":{"@id":"https:\/\/www.ucaldas.edu.co\/portal\/abiertas-convocatorias-para-el-ix-festival-internacional-de-la-imagen\/"},"wordCount":526,"publisher":{"@id":"https:\/\/www.ucaldas.edu.co\/portal\/#organization"},"articleSection":["Actualidad","Universidad al D\u00eda"],"inLanguage":"es"},{"@type":"WebPage","@id":"https:\/\/www.ucaldas.edu.co\/portal\/abiertas-convocatorias-para-el-ix-festival-internacional-de-la-imagen\/","url":"https:\/\/www.ucaldas.edu.co\/portal\/abiertas-convocatorias-para-el-ix-festival-internacional-de-la-imagen\/","name":"Abiertas convocatorias para el IX Festival Internacional de la Imagen .","isPartOf":{"@id":"https:\/\/www.ucaldas.edu.co\/portal\/#website"},"datePublished":"2009-12-17T16:42:56+00:00","breadcrumb":{"@id":"https:\/\/www.ucaldas.edu.co\/portal\/abiertas-convocatorias-para-el-ix-festival-internacional-de-la-imagen\/#breadcrumb"},"inLanguage":"es","potentialAction":[{"@type":"ReadAction","target":["https:\/\/www.ucaldas.edu.co\/portal\/abiertas-convocatorias-para-el-ix-festival-internacional-de-la-imagen\/"]}]},{"@type":"BreadcrumbList","@id":"https:\/\/www.ucaldas.edu.co\/portal\/abiertas-convocatorias-para-el-ix-festival-internacional-de-la-imagen\/#breadcrumb","itemListElement":[{"@type":"ListItem","position":1,"name":"Portada","item":"https:\/\/www.ucaldas.edu.co\/portal\/"},{"@type":"ListItem","position":2,"name":"Abiertas convocatorias para el IX Festival Internacional de la Imagen"}]},{"@type":"WebSite","@id":"https:\/\/www.ucaldas.edu.co\/portal\/#website","url":"https:\/\/www.ucaldas.edu.co\/portal\/","name":"Universidad de Caldas","description":"","publisher":{"@id":"https:\/\/www.ucaldas.edu.co\/portal\/#organization"},"alternateName":"U. de Caldas","potentialAction":[{"@type":"SearchAction","target":{"@type":"EntryPoint","urlTemplate":"https:\/\/www.ucaldas.edu.co\/portal\/?s={search_term_string}"},"query-input":{"@type":"PropertyValueSpecification","valueRequired":true,"valueName":"search_term_string"}}],"inLanguage":"es"},{"@type":"Organization","@id":"https:\/\/www.ucaldas.edu.co\/portal\/#organization","name":"Universidad de Caldas","alternateName":"U. de Caldas","url":"https:\/\/www.ucaldas.edu.co\/portal\/","logo":{"@type":"ImageObject","inLanguage":"es","@id":"https:\/\/www.ucaldas.edu.co\/portal\/#\/schema\/logo\/image\/","url":"https:\/\/www.ucaldas.edu.co\/portal\/wp-content\/uploads\/2023\/11\/Logo_horizontal_oscuroU-2023.png","contentUrl":"https:\/\/www.ucaldas.edu.co\/portal\/wp-content\/uploads\/2023\/11\/Logo_horizontal_oscuroU-2023.png","width":263,"height":101,"caption":"Universidad de Caldas"},"image":{"@id":"https:\/\/www.ucaldas.edu.co\/portal\/#\/schema\/logo\/image\/"},"sameAs":["https:\/\/www.facebook.com\/udecaldas","https:\/\/x.com\/udecaldas","https:\/\/www.youtube.com\/universidadcaldas","https:\/\/www.instagram.com\/udecaldas\/"]},{"@type":"Person","@id":"https:\/\/www.ucaldas.edu.co\/portal\/#\/schema\/person\/a1b482e23449158b4bc319926c074fdf","name":"ofiprensa","image":{"@type":"ImageObject","inLanguage":"es","@id":"https:\/\/www.ucaldas.edu.co\/portal\/wp-content\/litespeed\/avatar\/09ea5085e600095a7a811142c6944527.jpg?ver=1777497608","url":"https:\/\/www.ucaldas.edu.co\/portal\/wp-content\/litespeed\/avatar\/09ea5085e600095a7a811142c6944527.jpg?ver=1777497608","contentUrl":"https:\/\/www.ucaldas.edu.co\/portal\/wp-content\/litespeed\/avatar\/09ea5085e600095a7a811142c6944527.jpg?ver=1777497608","caption":"ofiprensa"},"url":"https:\/\/www.ucaldas.edu.co\/portal\/author\/ofiprensa\/"}]}},"_links":{"self":[{"href":"https:\/\/www.ucaldas.edu.co\/portal\/wp-json\/wp\/v2\/posts\/4491","targetHints":{"allow":["GET"]}}],"collection":[{"href":"https:\/\/www.ucaldas.edu.co\/portal\/wp-json\/wp\/v2\/posts"}],"about":[{"href":"https:\/\/www.ucaldas.edu.co\/portal\/wp-json\/wp\/v2\/types\/post"}],"author":[{"embeddable":true,"href":"https:\/\/www.ucaldas.edu.co\/portal\/wp-json\/wp\/v2\/users\/2"}],"replies":[{"embeddable":true,"href":"https:\/\/www.ucaldas.edu.co\/portal\/wp-json\/wp\/v2\/comments?post=4491"}],"version-history":[{"count":0,"href":"https:\/\/www.ucaldas.edu.co\/portal\/wp-json\/wp\/v2\/posts\/4491\/revisions"}],"wp:attachment":[{"href":"https:\/\/www.ucaldas.edu.co\/portal\/wp-json\/wp\/v2\/media?parent=4491"}],"wp:term":[{"taxonomy":"category","embeddable":true,"href":"https:\/\/www.ucaldas.edu.co\/portal\/wp-json\/wp\/v2\/categories?post=4491"},{"taxonomy":"post_tag","embeddable":true,"href":"https:\/\/www.ucaldas.edu.co\/portal\/wp-json\/wp\/v2\/tags?post=4491"}],"curies":[{"name":"wp","href":"https:\/\/api.w.org\/{rel}","templated":true}]}}