{"id":44899,"date":"2018-12-05T21:43:34","date_gmt":"2018-12-05T21:43:34","guid":{"rendered":"https:\/\/www.ucaldas.edu.co\/portal\/?p=44899"},"modified":"2018-12-05T21:43:34","modified_gmt":"2018-12-05T21:43:34","slug":"u-de-caldas-realizo-sesion-extraordinaria-del-consejo-academico","status":"publish","type":"post","link":"https:\/\/www.ucaldas.edu.co\/portal\/u-de-caldas-realizo-sesion-extraordinaria-del-consejo-academico\/","title":{"rendered":"U. de Caldas realiz\u00f3 sesi\u00f3n extraordinaria del Consejo Acad\u00e9mico"},"content":{"rendered":"<p style=\"text-align: center;\">CON EL PROP\u00d3SITO DE ESCUCHAR APORTES DE LA COMUNIDAD SOBRE DOS TEMAS ESPEC\u00cdFICOS<\/p>\n<p style=\"text-align: center;\"><strong>U. de Caldas realiz\u00f3 sesi\u00f3n extraordinaria del Consejo Acad\u00e9mico<\/strong><\/p>\n<p style=\"text-align: right;\">5\/12\/2018<\/p>\n<p><strong>\u00a0<img loading=\"lazy\" decoding=\"async\" class=\"size-full wp-image-44885 aligncenter\" src=\"https:\/\/www.ucaldas.edu.co\/portal\/wp-content\/uploads\/2018\/12\/consejoacademicoextra-compressor.jpg\" alt=\"\" width=\"700\" height=\"400\" srcset=\"https:\/\/www.ucaldas.edu.co\/portal\/wp-content\/uploads\/2018\/12\/consejoacademicoextra-compressor.jpg 700w, https:\/\/www.ucaldas.edu.co\/portal\/wp-content\/uploads\/2018\/12\/consejoacademicoextra-compressor-300x171.jpg 300w\" sizes=\"auto, (max-width: 700px) 100vw, 700px\" \/><\/strong><\/p>\n<p>Este martes 5 de diciembre del 2018 se llev\u00f3 a cabo la <strong>sesi\u00f3n extraordinaria del Consejo Acad\u00e9mico de la Universidad de Caldas.<\/strong> La reuni\u00f3n se realiz\u00f3 con la participaci\u00f3n de la Comunidad Universitaria, con el prop\u00f3sito de escuchar los aportes sobre dos puntos:<\/p>\n<p><!--more--><\/p>\n<ol>\n<li>Presentaci\u00f3n y discusi\u00f3n del calendario acad\u00e9mico de pregrado para la terminaci\u00f3n del periodo acad\u00e9mico 2018-2 y el desarrollo de los periodos acad\u00e9micos 2019-1 y 2019-2.<\/li>\n<\/ol>\n<p>&nbsp;<\/p>\n<ol start=\"2\">\n<li>Presentaci\u00f3n y discusi\u00f3n sobre la terminaci\u00f3n de la vinculaci\u00f3n de los profesores ocasionales y catedr\u00e1ticos por vencimiento del plazo estipulado, y las alternativas para la recuperaci\u00f3n del tiempo no dedicado a las actividades de docencia durante la vigencia del movimiento profesoral y estudiantil.<\/li>\n<\/ol>\n<p>&nbsp;<\/p>\n<p>El Secretario General de la U. de Caldas, Juan Guillermo Correa Garc\u00eda, destac\u00f3: \u201cde esta sesi\u00f3n extraordinaria, en principio, <strong>no se puede determinar una conclusi\u00f3n concreta<\/strong>, pues de lo que se trat\u00f3 fue de escuchar a la comunidad, precisamente para tomar insumos de cara a concluir<strong>. Con estos insumos debatiremos este viernes desde las 8:00 a.m. y all\u00ed se tomar\u00e1n decisiones concretas<\/strong>\u201d.<\/p>\n<p>&nbsp;<\/p>\n<p>El Secretario General agreg\u00f3: \u201c<strong>tendremos que poder definir acciones respecto al Calendario Acad\u00e9mico, que el cualquier escenario ser\u00e1 hipot\u00e9tico ya que dependemos del levantamiento del cese de actividades<\/strong> para poder hacerlo efectivo, y c\u00f3mo ser\u00e1 el pago y vinculaci\u00f3n de profesores catedr\u00e1ticos y ocasionales\u201d.<\/p>\n<p>&nbsp;<\/p>\n<p><strong>En este momento se les est\u00e1 pagando a los docentes ocasionales y catedr\u00e1ticos, por las disposiciones normativas internas de la Universidad.<\/strong> Esto, siempre que los directores de departamentos certifiquen el cumplimiento de las horas de labor.<\/p>\n<p>&nbsp;<\/p>\n<p>Por su parte, <strong>el Rector de la Universidad de Caldas<\/strong>, Alejandro Ceballos M\u00e1rquez, aclar\u00f3: \u201choy se llev\u00f3 a cabo un Consejo Acad\u00e9mico extraordinario y abierto, en el que participaron invitados en este caso toda la comunidad universitaria. Este no fue un consejo decisorio, puesto que en el reglamento del Consejo se tiene establecido que las decisiones se toman \u00fanicamente con los miembros que pertenecen a dicha corporaci\u00f3n\u201d.<\/p>\n<p>&nbsp;<\/p>\n<p>\u201cEn este momento no me puedo adelantar con respecto a la decisi\u00f3n que se vaya a tomar, puesto que ser\u00e1 una discusi\u00f3n de la corporaci\u00f3n. <strong>El pr\u00f3ximo viernes discutiremos si ese calendario que se propone para iniciar el 10 de diciembre es lo m\u00e1s adecuado para la U. de Caldas o no<\/strong>. A la comunidad no se le debe olvidar que el pr\u00f3ximo 13 de diciembre se convocan movilizaciones a nivel nacional\u201d, enfatiz\u00f3.<\/p>\n<p>&nbsp;<\/p>\n<p><strong>El rector reiter\u00f3 que respecto al Calendario Acad\u00e9mico lo \u00fanico que se puede hacer es una propuesta de modificaci\u00f3n del mismo<\/strong>, pero esto cobrar\u00e1 vigencia solamente en el momento en el que se levanten las movilizaciones.<\/p>\n<p>&nbsp;<\/p>\n<p>Respecto al proceso de admisiones, Ceballos M\u00e1rquez env\u00edo un mensaje a los padres de familia y nuevos estudiantes: \u201c<strong>les digo que contin\u00faen con el proceso de admisiones para el 2019-1. Con la Vicerrector\u00eda Acad\u00e9mica tenemos un plan de contingencia para poder desarrollar las actividades<\/strong>\u201d.<\/p>\n<p>&nbsp;<\/p>\n<p><a href=\"https:\/\/www.facebook.com\/media\/set\/?set=a.2086163204778867&amp;type=1&amp;l=5572154805\">Conozca im\u00e1genes de la sesi\u00f3n extraordinaria del Consejo Acad\u00e9mico U. de Caldas<\/a><\/p>\n<p>&nbsp;<\/p>\n<p><strong>Anexos audios:<\/strong><\/p>\n<p>&nbsp;<\/p>\n<p>&#8211; <a href=\"https:\/\/www.ivoox.com\/secretario-general-u-caldas-audios-mp3_rf_30584534_1.html\">Secretario General de la U. de Caldas, Juan Guillermo Correa Garc\u00eda<\/a><\/p>\n<p>&#8211; <a href=\"https:\/\/www.ivoox.com\/alejandro-ceballos-marquez-rector-u-caldas-audios-mp3_rf_30584567_1.html\">Rector de la Universidad de Caldas, Alejandro Ceballos M\u00e1rquez<\/a><\/p>\n<p><strong>\u00a0<\/strong><\/p>\n<p><strong>Informes: <\/strong>Oficina de Comunicaciones y Prensa U. de Caldas, tel\u00e9fono 878 15 00 extensi\u00f3n 12 167.<\/p>\n<p><strong>Redacci\u00f3n:<\/strong> Margarita Laverde <strong><\/p>\n<p><\/strong><\/p>\n","protected":false},"excerpt":{"rendered":"<p>CON EL PROP\u00d3SITO DE ESCUCHAR APORTES DE LA COMUNIDAD SOBRE DOS TEMAS ESPEC\u00cdFICOS U. de Caldas realiz\u00f3 sesi\u00f3n extraordinaria del Consejo Acad\u00e9mico 5\/12\/2018 \u00a0 Este martes 5 de diciembre del 2018 se llev\u00f3 a cabo la sesi\u00f3n extraordinaria del Consejo Acad\u00e9mico de la Universidad de Caldas. La reuni\u00f3n se realiz\u00f3 con la participaci\u00f3n de la [&hellip;]<\/p>\n","protected":false},"author":2,"featured_media":44885,"comment_status":"closed","ping_status":"open","sticky":false,"template":"","format":"standard","meta":{"footnotes":""},"categories":[620,48,53,243],"tags":[1797,3306,3307,77,409,1117],"class_list":["post-44899","post","type-post","status-publish","format-standard","has-post-thumbnail","hentry","category-ucaldas-transparente","category-actualidad","category-universidad-al-dia","category-ucaldas-acreditada","tag-calendario-academico","tag-sesion-extraordinaria","tag-vinculacion-docente","tag-administracion","tag-pago","tag-consejo-academico"],"yoast_head":"<!-- This site is optimized with the Yoast SEO plugin v27.5 - https:\/\/yoast.com\/product\/yoast-seo-wordpress\/ -->\n<title>U. de Caldas realiz\u00f3 sesi\u00f3n extraordinaria del Consejo Acad\u00e9mico .<\/title>\n<meta name=\"robots\" content=\"index, follow, max-snippet:-1, max-image-preview:large, max-video-preview:-1\" \/>\n<link rel=\"canonical\" href=\"https:\/\/www.ucaldas.edu.co\/portal\/u-de-caldas-realizo-sesion-extraordinaria-del-consejo-academico\/\" \/>\n<script type=\"application\/ld+json\" class=\"yoast-schema-graph\">{\"@context\":\"https:\\\/\\\/schema.org\",\"@graph\":[{\"@type\":\"Article\",\"@id\":\"https:\\\/\\\/www.ucaldas.edu.co\\\/portal\\\/u-de-caldas-realizo-sesion-extraordinaria-del-consejo-academico\\\/#article\",\"isPartOf\":{\"@id\":\"https:\\\/\\\/www.ucaldas.edu.co\\\/portal\\\/u-de-caldas-realizo-sesion-extraordinaria-del-consejo-academico\\\/\"},\"author\":{\"name\":\"ofiprensa\",\"@id\":\"https:\\\/\\\/www.ucaldas.edu.co\\\/portal\\\/#\\\/schema\\\/person\\\/a1b482e23449158b4bc319926c074fdf\"},\"headline\":\"U. de Caldas realiz\u00f3 sesi\u00f3n extraordinaria del Consejo Acad\u00e9mico\",\"datePublished\":\"2018-12-05T21:43:34+00:00\",\"mainEntityOfPage\":{\"@id\":\"https:\\\/\\\/www.ucaldas.edu.co\\\/portal\\\/u-de-caldas-realizo-sesion-extraordinaria-del-consejo-academico\\\/\"},\"wordCount\":618,\"publisher\":{\"@id\":\"https:\\\/\\\/www.ucaldas.edu.co\\\/portal\\\/#organization\"},\"image\":{\"@id\":\"https:\\\/\\\/www.ucaldas.edu.co\\\/portal\\\/u-de-caldas-realizo-sesion-extraordinaria-del-consejo-academico\\\/#primaryimage\"},\"thumbnailUrl\":\"https:\\\/\\\/www.ucaldas.edu.co\\\/portal\\\/wp-content\\\/uploads\\\/2018\\\/12\\\/consejoacademicoextra-compressor.jpg\",\"keywords\":[\"calendario acad\u00e9mico\",\"sesi\u00f3n extraordinaria\",\"vinculaci\u00f3n docente\",\"Administraci\u00f3n\",\"pago\",\"Consejo Acad\u00e9mico\"],\"articleSection\":[\"UCaldas Transparente\",\"Actualidad\",\"Universidad al D\u00eda\",\"Ucaldas Acreditada\"],\"inLanguage\":\"es\"},{\"@type\":\"WebPage\",\"@id\":\"https:\\\/\\\/www.ucaldas.edu.co\\\/portal\\\/u-de-caldas-realizo-sesion-extraordinaria-del-consejo-academico\\\/\",\"url\":\"https:\\\/\\\/www.ucaldas.edu.co\\\/portal\\\/u-de-caldas-realizo-sesion-extraordinaria-del-consejo-academico\\\/\",\"name\":\"U. de Caldas realiz\u00f3 sesi\u00f3n extraordinaria del Consejo Acad\u00e9mico .\",\"isPartOf\":{\"@id\":\"https:\\\/\\\/www.ucaldas.edu.co\\\/portal\\\/#website\"},\"primaryImageOfPage\":{\"@id\":\"https:\\\/\\\/www.ucaldas.edu.co\\\/portal\\\/u-de-caldas-realizo-sesion-extraordinaria-del-consejo-academico\\\/#primaryimage\"},\"image\":{\"@id\":\"https:\\\/\\\/www.ucaldas.edu.co\\\/portal\\\/u-de-caldas-realizo-sesion-extraordinaria-del-consejo-academico\\\/#primaryimage\"},\"thumbnailUrl\":\"https:\\\/\\\/www.ucaldas.edu.co\\\/portal\\\/wp-content\\\/uploads\\\/2018\\\/12\\\/consejoacademicoextra-compressor.jpg\",\"datePublished\":\"2018-12-05T21:43:34+00:00\",\"breadcrumb\":{\"@id\":\"https:\\\/\\\/www.ucaldas.edu.co\\\/portal\\\/u-de-caldas-realizo-sesion-extraordinaria-del-consejo-academico\\\/#breadcrumb\"},\"inLanguage\":\"es\",\"potentialAction\":[{\"@type\":\"ReadAction\",\"target\":[\"https:\\\/\\\/www.ucaldas.edu.co\\\/portal\\\/u-de-caldas-realizo-sesion-extraordinaria-del-consejo-academico\\\/\"]}]},{\"@type\":\"ImageObject\",\"inLanguage\":\"es\",\"@id\":\"https:\\\/\\\/www.ucaldas.edu.co\\\/portal\\\/u-de-caldas-realizo-sesion-extraordinaria-del-consejo-academico\\\/#primaryimage\",\"url\":\"https:\\\/\\\/www.ucaldas.edu.co\\\/portal\\\/wp-content\\\/uploads\\\/2018\\\/12\\\/consejoacademicoextra-compressor.jpg\",\"contentUrl\":\"https:\\\/\\\/www.ucaldas.edu.co\\\/portal\\\/wp-content\\\/uploads\\\/2018\\\/12\\\/consejoacademicoextra-compressor.jpg\",\"width\":700,\"height\":400},{\"@type\":\"BreadcrumbList\",\"@id\":\"https:\\\/\\\/www.ucaldas.edu.co\\\/portal\\\/u-de-caldas-realizo-sesion-extraordinaria-del-consejo-academico\\\/#breadcrumb\",\"itemListElement\":[{\"@type\":\"ListItem\",\"position\":1,\"name\":\"Portada\",\"item\":\"https:\\\/\\\/www.ucaldas.edu.co\\\/portal\\\/\"},{\"@type\":\"ListItem\",\"position\":2,\"name\":\"U. de Caldas realiz\u00f3 sesi\u00f3n extraordinaria del Consejo Acad\u00e9mico\"}]},{\"@type\":\"WebSite\",\"@id\":\"https:\\\/\\\/www.ucaldas.edu.co\\\/portal\\\/#website\",\"url\":\"https:\\\/\\\/www.ucaldas.edu.co\\\/portal\\\/\",\"name\":\"Universidad de Caldas\",\"description\":\"\",\"publisher\":{\"@id\":\"https:\\\/\\\/www.ucaldas.edu.co\\\/portal\\\/#organization\"},\"alternateName\":\"U. de Caldas\",\"potentialAction\":[{\"@type\":\"SearchAction\",\"target\":{\"@type\":\"EntryPoint\",\"urlTemplate\":\"https:\\\/\\\/www.ucaldas.edu.co\\\/portal\\\/?s={search_term_string}\"},\"query-input\":{\"@type\":\"PropertyValueSpecification\",\"valueRequired\":true,\"valueName\":\"search_term_string\"}}],\"inLanguage\":\"es\"},{\"@type\":\"Organization\",\"@id\":\"https:\\\/\\\/www.ucaldas.edu.co\\\/portal\\\/#organization\",\"name\":\"Universidad de Caldas\",\"alternateName\":\"U. de Caldas\",\"url\":\"https:\\\/\\\/www.ucaldas.edu.co\\\/portal\\\/\",\"logo\":{\"@type\":\"ImageObject\",\"inLanguage\":\"es\",\"@id\":\"https:\\\/\\\/www.ucaldas.edu.co\\\/portal\\\/#\\\/schema\\\/logo\\\/image\\\/\",\"url\":\"https:\\\/\\\/www.ucaldas.edu.co\\\/portal\\\/wp-content\\\/uploads\\\/2023\\\/11\\\/Logo_horizontal_oscuroU-2023.png\",\"contentUrl\":\"https:\\\/\\\/www.ucaldas.edu.co\\\/portal\\\/wp-content\\\/uploads\\\/2023\\\/11\\\/Logo_horizontal_oscuroU-2023.png\",\"width\":263,\"height\":101,\"caption\":\"Universidad de Caldas\"},\"image\":{\"@id\":\"https:\\\/\\\/www.ucaldas.edu.co\\\/portal\\\/#\\\/schema\\\/logo\\\/image\\\/\"},\"sameAs\":[\"https:\\\/\\\/www.facebook.com\\\/udecaldas\",\"https:\\\/\\\/x.com\\\/udecaldas\",\"https:\\\/\\\/www.youtube.com\\\/universidadcaldas\",\"https:\\\/\\\/www.instagram.com\\\/udecaldas\\\/\"]},{\"@type\":\"Person\",\"@id\":\"https:\\\/\\\/www.ucaldas.edu.co\\\/portal\\\/#\\\/schema\\\/person\\\/a1b482e23449158b4bc319926c074fdf\",\"name\":\"ofiprensa\",\"image\":{\"@type\":\"ImageObject\",\"inLanguage\":\"es\",\"@id\":\"https:\\\/\\\/www.ucaldas.edu.co\\\/portal\\\/wp-content\\\/litespeed\\\/avatar\\\/09ea5085e600095a7a811142c6944527.jpg?ver=1777497608\",\"url\":\"https:\\\/\\\/www.ucaldas.edu.co\\\/portal\\\/wp-content\\\/litespeed\\\/avatar\\\/09ea5085e600095a7a811142c6944527.jpg?ver=1777497608\",\"contentUrl\":\"https:\\\/\\\/www.ucaldas.edu.co\\\/portal\\\/wp-content\\\/litespeed\\\/avatar\\\/09ea5085e600095a7a811142c6944527.jpg?ver=1777497608\",\"caption\":\"ofiprensa\"},\"url\":\"https:\\\/\\\/www.ucaldas.edu.co\\\/portal\\\/author\\\/ofiprensa\\\/\"}]}<\/script>\n<!-- \/ Yoast SEO plugin. -->","yoast_head_json":{"title":"U. de Caldas realiz\u00f3 sesi\u00f3n extraordinaria del Consejo Acad\u00e9mico .","robots":{"index":"index","follow":"follow","max-snippet":"max-snippet:-1","max-image-preview":"max-image-preview:large","max-video-preview":"max-video-preview:-1"},"canonical":"https:\/\/www.ucaldas.edu.co\/portal\/u-de-caldas-realizo-sesion-extraordinaria-del-consejo-academico\/","schema":{"@context":"https:\/\/schema.org","@graph":[{"@type":"Article","@id":"https:\/\/www.ucaldas.edu.co\/portal\/u-de-caldas-realizo-sesion-extraordinaria-del-consejo-academico\/#article","isPartOf":{"@id":"https:\/\/www.ucaldas.edu.co\/portal\/u-de-caldas-realizo-sesion-extraordinaria-del-consejo-academico\/"},"author":{"name":"ofiprensa","@id":"https:\/\/www.ucaldas.edu.co\/portal\/#\/schema\/person\/a1b482e23449158b4bc319926c074fdf"},"headline":"U. de Caldas realiz\u00f3 sesi\u00f3n extraordinaria del Consejo Acad\u00e9mico","datePublished":"2018-12-05T21:43:34+00:00","mainEntityOfPage":{"@id":"https:\/\/www.ucaldas.edu.co\/portal\/u-de-caldas-realizo-sesion-extraordinaria-del-consejo-academico\/"},"wordCount":618,"publisher":{"@id":"https:\/\/www.ucaldas.edu.co\/portal\/#organization"},"image":{"@id":"https:\/\/www.ucaldas.edu.co\/portal\/u-de-caldas-realizo-sesion-extraordinaria-del-consejo-academico\/#primaryimage"},"thumbnailUrl":"https:\/\/www.ucaldas.edu.co\/portal\/wp-content\/uploads\/2018\/12\/consejoacademicoextra-compressor.jpg","keywords":["calendario acad\u00e9mico","sesi\u00f3n extraordinaria","vinculaci\u00f3n docente","Administraci\u00f3n","pago","Consejo Acad\u00e9mico"],"articleSection":["UCaldas Transparente","Actualidad","Universidad al D\u00eda","Ucaldas Acreditada"],"inLanguage":"es"},{"@type":"WebPage","@id":"https:\/\/www.ucaldas.edu.co\/portal\/u-de-caldas-realizo-sesion-extraordinaria-del-consejo-academico\/","url":"https:\/\/www.ucaldas.edu.co\/portal\/u-de-caldas-realizo-sesion-extraordinaria-del-consejo-academico\/","name":"U. de Caldas realiz\u00f3 sesi\u00f3n extraordinaria del Consejo Acad\u00e9mico .","isPartOf":{"@id":"https:\/\/www.ucaldas.edu.co\/portal\/#website"},"primaryImageOfPage":{"@id":"https:\/\/www.ucaldas.edu.co\/portal\/u-de-caldas-realizo-sesion-extraordinaria-del-consejo-academico\/#primaryimage"},"image":{"@id":"https:\/\/www.ucaldas.edu.co\/portal\/u-de-caldas-realizo-sesion-extraordinaria-del-consejo-academico\/#primaryimage"},"thumbnailUrl":"https:\/\/www.ucaldas.edu.co\/portal\/wp-content\/uploads\/2018\/12\/consejoacademicoextra-compressor.jpg","datePublished":"2018-12-05T21:43:34+00:00","breadcrumb":{"@id":"https:\/\/www.ucaldas.edu.co\/portal\/u-de-caldas-realizo-sesion-extraordinaria-del-consejo-academico\/#breadcrumb"},"inLanguage":"es","potentialAction":[{"@type":"ReadAction","target":["https:\/\/www.ucaldas.edu.co\/portal\/u-de-caldas-realizo-sesion-extraordinaria-del-consejo-academico\/"]}]},{"@type":"ImageObject","inLanguage":"es","@id":"https:\/\/www.ucaldas.edu.co\/portal\/u-de-caldas-realizo-sesion-extraordinaria-del-consejo-academico\/#primaryimage","url":"https:\/\/www.ucaldas.edu.co\/portal\/wp-content\/uploads\/2018\/12\/consejoacademicoextra-compressor.jpg","contentUrl":"https:\/\/www.ucaldas.edu.co\/portal\/wp-content\/uploads\/2018\/12\/consejoacademicoextra-compressor.jpg","width":700,"height":400},{"@type":"BreadcrumbList","@id":"https:\/\/www.ucaldas.edu.co\/portal\/u-de-caldas-realizo-sesion-extraordinaria-del-consejo-academico\/#breadcrumb","itemListElement":[{"@type":"ListItem","position":1,"name":"Portada","item":"https:\/\/www.ucaldas.edu.co\/portal\/"},{"@type":"ListItem","position":2,"name":"U. de Caldas realiz\u00f3 sesi\u00f3n extraordinaria del Consejo Acad\u00e9mico"}]},{"@type":"WebSite","@id":"https:\/\/www.ucaldas.edu.co\/portal\/#website","url":"https:\/\/www.ucaldas.edu.co\/portal\/","name":"Universidad de Caldas","description":"","publisher":{"@id":"https:\/\/www.ucaldas.edu.co\/portal\/#organization"},"alternateName":"U. de Caldas","potentialAction":[{"@type":"SearchAction","target":{"@type":"EntryPoint","urlTemplate":"https:\/\/www.ucaldas.edu.co\/portal\/?s={search_term_string}"},"query-input":{"@type":"PropertyValueSpecification","valueRequired":true,"valueName":"search_term_string"}}],"inLanguage":"es"},{"@type":"Organization","@id":"https:\/\/www.ucaldas.edu.co\/portal\/#organization","name":"Universidad de Caldas","alternateName":"U. de Caldas","url":"https:\/\/www.ucaldas.edu.co\/portal\/","logo":{"@type":"ImageObject","inLanguage":"es","@id":"https:\/\/www.ucaldas.edu.co\/portal\/#\/schema\/logo\/image\/","url":"https:\/\/www.ucaldas.edu.co\/portal\/wp-content\/uploads\/2023\/11\/Logo_horizontal_oscuroU-2023.png","contentUrl":"https:\/\/www.ucaldas.edu.co\/portal\/wp-content\/uploads\/2023\/11\/Logo_horizontal_oscuroU-2023.png","width":263,"height":101,"caption":"Universidad de Caldas"},"image":{"@id":"https:\/\/www.ucaldas.edu.co\/portal\/#\/schema\/logo\/image\/"},"sameAs":["https:\/\/www.facebook.com\/udecaldas","https:\/\/x.com\/udecaldas","https:\/\/www.youtube.com\/universidadcaldas","https:\/\/www.instagram.com\/udecaldas\/"]},{"@type":"Person","@id":"https:\/\/www.ucaldas.edu.co\/portal\/#\/schema\/person\/a1b482e23449158b4bc319926c074fdf","name":"ofiprensa","image":{"@type":"ImageObject","inLanguage":"es","@id":"https:\/\/www.ucaldas.edu.co\/portal\/wp-content\/litespeed\/avatar\/09ea5085e600095a7a811142c6944527.jpg?ver=1777497608","url":"https:\/\/www.ucaldas.edu.co\/portal\/wp-content\/litespeed\/avatar\/09ea5085e600095a7a811142c6944527.jpg?ver=1777497608","contentUrl":"https:\/\/www.ucaldas.edu.co\/portal\/wp-content\/litespeed\/avatar\/09ea5085e600095a7a811142c6944527.jpg?ver=1777497608","caption":"ofiprensa"},"url":"https:\/\/www.ucaldas.edu.co\/portal\/author\/ofiprensa\/"}]}},"_links":{"self":[{"href":"https:\/\/www.ucaldas.edu.co\/portal\/wp-json\/wp\/v2\/posts\/44899","targetHints":{"allow":["GET"]}}],"collection":[{"href":"https:\/\/www.ucaldas.edu.co\/portal\/wp-json\/wp\/v2\/posts"}],"about":[{"href":"https:\/\/www.ucaldas.edu.co\/portal\/wp-json\/wp\/v2\/types\/post"}],"author":[{"embeddable":true,"href":"https:\/\/www.ucaldas.edu.co\/portal\/wp-json\/wp\/v2\/users\/2"}],"replies":[{"embeddable":true,"href":"https:\/\/www.ucaldas.edu.co\/portal\/wp-json\/wp\/v2\/comments?post=44899"}],"version-history":[{"count":0,"href":"https:\/\/www.ucaldas.edu.co\/portal\/wp-json\/wp\/v2\/posts\/44899\/revisions"}],"wp:featuredmedia":[{"embeddable":true,"href":"https:\/\/www.ucaldas.edu.co\/portal\/wp-json\/wp\/v2\/media\/44885"}],"wp:attachment":[{"href":"https:\/\/www.ucaldas.edu.co\/portal\/wp-json\/wp\/v2\/media?parent=44899"}],"wp:term":[{"taxonomy":"category","embeddable":true,"href":"https:\/\/www.ucaldas.edu.co\/portal\/wp-json\/wp\/v2\/categories?post=44899"},{"taxonomy":"post_tag","embeddable":true,"href":"https:\/\/www.ucaldas.edu.co\/portal\/wp-json\/wp\/v2\/tags?post=44899"}],"curies":[{"name":"wp","href":"https:\/\/api.w.org\/{rel}","templated":true}]}}