{"id":4487,"date":"2009-12-15T11:40:42","date_gmt":"2009-12-15T16:40:42","guid":{"rendered":"https:\/\/www.ucaldas.edu.co\/portal\/?p=4487"},"modified":"2009-12-15T11:40:42","modified_gmt":"2009-12-15T16:40:42","slug":"abiertas-las-inscripciones-para-la-maestria-en-estudios-de-familia-y-desarrollo-v-cohorte","status":"publish","type":"post","link":"https:\/\/www.ucaldas.edu.co\/portal\/abiertas-las-inscripciones-para-la-maestria-en-estudios-de-familia-y-desarrollo-v-cohorte\/","title":{"rendered":"Abiertas las inscripciones para la Maestr\u00eda en estudios de familia y desarrollo V Cohorte"},"content":{"rendered":"<p>Del 20 de Enero al 10 de Febrero de 2010<\/p>\n<hr \/>\n<p align=\"center\">\n<p><span style=\"font-family: Calibri;font-size: medium\">\u00a0<\/span><\/p>\n<p><span style=\"font-family: Calibri\">El Departamento de Estudios de Familia de la Universidad de Caldas informa que del 20 de enero al 10 de febrero de 2010\u00a0 est\u00e1n abiertas las inscripciones para la <i>Maestr\u00eda<\/i><i> en estudios de familia y desarrollo V Cohorte, <\/i>dirigido a profesionales con t\u00edtulo en una disciplina o profesi\u00f3n de las Ciencias Sociales y de la Salud.<\/span><\/p>\n<p><i><span style=\"font-family: Calibri\">\u00a0<\/span><\/i><\/p>\n<p><span style=\"font-family: Calibri\">Los objetivos de esta maestr\u00eda son:<\/span><\/p>\n<p><span style=\"font-family: Calibri\">\u00a0<\/span><\/p>\n<ul>\n<li><span style=\"font-family: Calibri\">Contribuir a la reflexi\u00f3n conceptual sobre familia y desarrollo desde una visi\u00f3n interdisciplinaria, integral e incluyente en la perspectiva de la diversidad.<\/span><\/li>\n<li><span style=\"font-family: Calibri\">Brindar una s\u00f3lida formaci\u00f3n investigativa en el campo de las ciencias sociales.<\/span><\/li>\n<li><span style=\"font-family: Calibri\">Aportar a la comprensi\u00f3n, explicaci\u00f3n de los cambios de la relaci\u00f3n entre familia y desarrollo en el contexto colombiano y latinoamericano.<\/span><\/li>\n<\/ul>\n<p><span style=\"font-family: Calibri\">\u00a0<\/span><\/p>\n<p><span style=\"font-family: Calibri\">Los requisitos de ingreso son:<\/span><\/p>\n<p><span style=\"font-family: Calibri\">\u00a0<\/span><\/p>\n<ul>\n<li><span style=\"font-family: Calibri\">Poseer t\u00edtulo profesional en una disciplina de las Ciencias Sociales o de la Salud.<\/span><\/li>\n<li><span style=\"font-family: Calibri\">Acta de grado.<\/span><\/li>\n<li><span style=\"font-family: Calibri\">Formulario de inscripci\u00f3n debidamente diligenciado.<\/span><\/li>\n<li><span style=\"font-family: Calibri\">Hoja de vida acad\u00e9mica que incluya estudios, investigaci\u00f3n, experiencia y publicaciones.<\/span><\/li>\n<li><span style=\"font-family: Calibri\">Registro civil de nacimiento.<\/span><\/li>\n<li><span style=\"font-family: Calibri\">Fotocopia de c\u00e9dula de ciudadan\u00eda.<\/span><\/li>\n<li><span style=\"font-family: Calibri\">Libreta militar.<\/span><\/li>\n<li><span style=\"font-family: Calibri\">Dos fotocopias tama\u00f1o c\u00e9dula<\/span><\/li>\n<li><span style=\"font-family: Calibri\">Aprobaci\u00f3n del Seminario de Inducci\u00f3n y Nivelaci\u00f3n con una nota m\u00ednima de 3.8<\/span><\/li>\n<\/ul>\n<p><span style=\"font-family: Calibri\">\u00a0<\/span><\/p>\n<p><span style=\"font-family: Calibri\">La modalidad de esta maestr\u00eda es presencial, con jornadas los viernes de 5:00 p.m. a 9:00 p.m. y los s\u00e1bados de 8:00 a.m. a 2:00 p.m., cada 15 d\u00edas. La maestr\u00eda dura 2 a\u00f1os (4 semestres).<\/span><\/p>\n<p><span style=\"font-family: Calibri\">\u00a0<\/span><\/p>\n<p><span style=\"font-family: Calibri\">La inscripci\u00f3n tiene un costo del 35% de un salario m\u00ednimo mensual legal vigente. El pago de la inscripci\u00f3n incluye el costo del Seminario de Inducci\u00f3n y Nivelaci\u00f3n.<\/span><\/p>\n<p><span style=\"font-family: Calibri\">\u00a0<\/span><\/p>\n<p><span style=\"font-family: Calibri\">La consignaci\u00f3n debe hacerse en el Davivienda en la cuenta de ahorro No. 255- 533119. C\u00f3digo del programa G6HB002. El recibo de la consignaci\u00f3n debe entregarse en la Oficina de Postgrados del Departamento de Estudios de Familia.<\/span><\/p>\n<p><span style=\"font-family: Calibri\">\u00a0<\/span><\/p>\n<p><span style=\"font-family: Calibri\">El Seminario de Inducci\u00f3n y Nivelaci\u00f3n se realizar\u00e1 del 12 de febrero al 27 de marzo; la publicaci\u00f3n de admitidos ser\u00e1 el 31 de marzo; las matr\u00edculas ser\u00e1n hasta el 16 de abril; la sesi\u00f3n inaugural se realizar\u00e1 el 23 de abril. Las clases se inician el 23 de abril y el calendario acad\u00e9mico termina en diciembre de 2011.<\/span><\/p>\n<p><span style=\"font-family: Calibri\">\u00a0<\/span><\/p>\n<p><span style=\"font-family: Calibri\">Para mayor informaci\u00f3n comunicarse con el Departamento de Estudios de Familia de la Universidad de Caldas. Tel\u00e9fono\u00a0 878 15 00. Ext. 13412 o escribir al correo electr\u00f3nico <\/span><a href=\"mailto:mestudiosdefamilia@ucaldas.edu.co\" target=\"_blank\"><span style=\"font-family: Calibri\">mestudiosdefamilia@ucaldas.edu.co<\/span><\/a><\/p>\n","protected":false},"excerpt":{"rendered":"<p>Del 20 de Enero al 10 de Febrero de 2010 \u00a0 El Departamento de Estudios de Familia de la Universidad de Caldas informa que del 20 de enero al 10 de febrero de 2010\u00a0 est\u00e1n abiertas las inscripciones para la Maestr\u00eda en estudios de familia y desarrollo V Cohorte, dirigido a profesionales con t\u00edtulo en [&hellip;]<\/p>\n","protected":false},"author":2,"featured_media":0,"comment_status":"closed","ping_status":"closed","sticky":false,"template":"","format":"standard","meta":{"footnotes":""},"categories":[48,53],"tags":[],"class_list":["post-4487","post","type-post","status-publish","format-standard","hentry","category-actualidad","category-universidad-al-dia"],"yoast_head":"<!-- This site is optimized with the Yoast SEO plugin v27.5 - https:\/\/yoast.com\/product\/yoast-seo-wordpress\/ -->\n<title>Abiertas las inscripciones para la Maestr\u00eda en estudios de familia y desarrollo V Cohorte .<\/title>\n<meta name=\"robots\" content=\"index, follow, max-snippet:-1, max-image-preview:large, max-video-preview:-1\" \/>\n<link rel=\"canonical\" href=\"https:\/\/www.ucaldas.edu.co\/portal\/abiertas-las-inscripciones-para-la-maestria-en-estudios-de-familia-y-desarrollo-v-cohorte\/\" \/>\n<script type=\"application\/ld+json\" class=\"yoast-schema-graph\">{\"@context\":\"https:\\\/\\\/schema.org\",\"@graph\":[{\"@type\":\"Article\",\"@id\":\"https:\\\/\\\/www.ucaldas.edu.co\\\/portal\\\/abiertas-las-inscripciones-para-la-maestria-en-estudios-de-familia-y-desarrollo-v-cohorte\\\/#article\",\"isPartOf\":{\"@id\":\"https:\\\/\\\/www.ucaldas.edu.co\\\/portal\\\/abiertas-las-inscripciones-para-la-maestria-en-estudios-de-familia-y-desarrollo-v-cohorte\\\/\"},\"author\":{\"name\":\"ofiprensa\",\"@id\":\"https:\\\/\\\/www.ucaldas.edu.co\\\/portal\\\/#\\\/schema\\\/person\\\/a1b482e23449158b4bc319926c074fdf\"},\"headline\":\"Abiertas las inscripciones para la Maestr\u00eda en estudios de familia y desarrollo V Cohorte\",\"datePublished\":\"2009-12-15T16:40:42+00:00\",\"mainEntityOfPage\":{\"@id\":\"https:\\\/\\\/www.ucaldas.edu.co\\\/portal\\\/abiertas-las-inscripciones-para-la-maestria-en-estudios-de-familia-y-desarrollo-v-cohorte\\\/\"},\"wordCount\":424,\"publisher\":{\"@id\":\"https:\\\/\\\/www.ucaldas.edu.co\\\/portal\\\/#organization\"},\"articleSection\":[\"Actualidad\",\"Universidad al D\u00eda\"],\"inLanguage\":\"es\"},{\"@type\":\"WebPage\",\"@id\":\"https:\\\/\\\/www.ucaldas.edu.co\\\/portal\\\/abiertas-las-inscripciones-para-la-maestria-en-estudios-de-familia-y-desarrollo-v-cohorte\\\/\",\"url\":\"https:\\\/\\\/www.ucaldas.edu.co\\\/portal\\\/abiertas-las-inscripciones-para-la-maestria-en-estudios-de-familia-y-desarrollo-v-cohorte\\\/\",\"name\":\"Abiertas las inscripciones para la Maestr\u00eda en estudios de familia y desarrollo V Cohorte .\",\"isPartOf\":{\"@id\":\"https:\\\/\\\/www.ucaldas.edu.co\\\/portal\\\/#website\"},\"datePublished\":\"2009-12-15T16:40:42+00:00\",\"breadcrumb\":{\"@id\":\"https:\\\/\\\/www.ucaldas.edu.co\\\/portal\\\/abiertas-las-inscripciones-para-la-maestria-en-estudios-de-familia-y-desarrollo-v-cohorte\\\/#breadcrumb\"},\"inLanguage\":\"es\",\"potentialAction\":[{\"@type\":\"ReadAction\",\"target\":[\"https:\\\/\\\/www.ucaldas.edu.co\\\/portal\\\/abiertas-las-inscripciones-para-la-maestria-en-estudios-de-familia-y-desarrollo-v-cohorte\\\/\"]}]},{\"@type\":\"BreadcrumbList\",\"@id\":\"https:\\\/\\\/www.ucaldas.edu.co\\\/portal\\\/abiertas-las-inscripciones-para-la-maestria-en-estudios-de-familia-y-desarrollo-v-cohorte\\\/#breadcrumb\",\"itemListElement\":[{\"@type\":\"ListItem\",\"position\":1,\"name\":\"Portada\",\"item\":\"https:\\\/\\\/www.ucaldas.edu.co\\\/portal\\\/\"},{\"@type\":\"ListItem\",\"position\":2,\"name\":\"Abiertas las inscripciones para la Maestr\u00eda en estudios de familia y desarrollo V Cohorte\"}]},{\"@type\":\"WebSite\",\"@id\":\"https:\\\/\\\/www.ucaldas.edu.co\\\/portal\\\/#website\",\"url\":\"https:\\\/\\\/www.ucaldas.edu.co\\\/portal\\\/\",\"name\":\"Universidad de Caldas\",\"description\":\"\",\"publisher\":{\"@id\":\"https:\\\/\\\/www.ucaldas.edu.co\\\/portal\\\/#organization\"},\"alternateName\":\"U. de Caldas\",\"potentialAction\":[{\"@type\":\"SearchAction\",\"target\":{\"@type\":\"EntryPoint\",\"urlTemplate\":\"https:\\\/\\\/www.ucaldas.edu.co\\\/portal\\\/?s={search_term_string}\"},\"query-input\":{\"@type\":\"PropertyValueSpecification\",\"valueRequired\":true,\"valueName\":\"search_term_string\"}}],\"inLanguage\":\"es\"},{\"@type\":\"Organization\",\"@id\":\"https:\\\/\\\/www.ucaldas.edu.co\\\/portal\\\/#organization\",\"name\":\"Universidad de Caldas\",\"alternateName\":\"U. de Caldas\",\"url\":\"https:\\\/\\\/www.ucaldas.edu.co\\\/portal\\\/\",\"logo\":{\"@type\":\"ImageObject\",\"inLanguage\":\"es\",\"@id\":\"https:\\\/\\\/www.ucaldas.edu.co\\\/portal\\\/#\\\/schema\\\/logo\\\/image\\\/\",\"url\":\"https:\\\/\\\/www.ucaldas.edu.co\\\/portal\\\/wp-content\\\/uploads\\\/2023\\\/11\\\/Logo_horizontal_oscuroU-2023.png\",\"contentUrl\":\"https:\\\/\\\/www.ucaldas.edu.co\\\/portal\\\/wp-content\\\/uploads\\\/2023\\\/11\\\/Logo_horizontal_oscuroU-2023.png\",\"width\":263,\"height\":101,\"caption\":\"Universidad de Caldas\"},\"image\":{\"@id\":\"https:\\\/\\\/www.ucaldas.edu.co\\\/portal\\\/#\\\/schema\\\/logo\\\/image\\\/\"},\"sameAs\":[\"https:\\\/\\\/www.facebook.com\\\/udecaldas\",\"https:\\\/\\\/x.com\\\/udecaldas\",\"https:\\\/\\\/www.youtube.com\\\/universidadcaldas\",\"https:\\\/\\\/www.instagram.com\\\/udecaldas\\\/\"]},{\"@type\":\"Person\",\"@id\":\"https:\\\/\\\/www.ucaldas.edu.co\\\/portal\\\/#\\\/schema\\\/person\\\/a1b482e23449158b4bc319926c074fdf\",\"name\":\"ofiprensa\",\"image\":{\"@type\":\"ImageObject\",\"inLanguage\":\"es\",\"@id\":\"https:\\\/\\\/www.ucaldas.edu.co\\\/portal\\\/wp-content\\\/litespeed\\\/avatar\\\/09ea5085e600095a7a811142c6944527.jpg?ver=1777497608\",\"url\":\"https:\\\/\\\/www.ucaldas.edu.co\\\/portal\\\/wp-content\\\/litespeed\\\/avatar\\\/09ea5085e600095a7a811142c6944527.jpg?ver=1777497608\",\"contentUrl\":\"https:\\\/\\\/www.ucaldas.edu.co\\\/portal\\\/wp-content\\\/litespeed\\\/avatar\\\/09ea5085e600095a7a811142c6944527.jpg?ver=1777497608\",\"caption\":\"ofiprensa\"},\"url\":\"https:\\\/\\\/www.ucaldas.edu.co\\\/portal\\\/author\\\/ofiprensa\\\/\"}]}<\/script>\n<!-- \/ Yoast SEO plugin. -->","yoast_head_json":{"title":"Abiertas las inscripciones para la Maestr\u00eda en estudios de familia y desarrollo V Cohorte .","robots":{"index":"index","follow":"follow","max-snippet":"max-snippet:-1","max-image-preview":"max-image-preview:large","max-video-preview":"max-video-preview:-1"},"canonical":"https:\/\/www.ucaldas.edu.co\/portal\/abiertas-las-inscripciones-para-la-maestria-en-estudios-de-familia-y-desarrollo-v-cohorte\/","schema":{"@context":"https:\/\/schema.org","@graph":[{"@type":"Article","@id":"https:\/\/www.ucaldas.edu.co\/portal\/abiertas-las-inscripciones-para-la-maestria-en-estudios-de-familia-y-desarrollo-v-cohorte\/#article","isPartOf":{"@id":"https:\/\/www.ucaldas.edu.co\/portal\/abiertas-las-inscripciones-para-la-maestria-en-estudios-de-familia-y-desarrollo-v-cohorte\/"},"author":{"name":"ofiprensa","@id":"https:\/\/www.ucaldas.edu.co\/portal\/#\/schema\/person\/a1b482e23449158b4bc319926c074fdf"},"headline":"Abiertas las inscripciones para la Maestr\u00eda en estudios de familia y desarrollo V Cohorte","datePublished":"2009-12-15T16:40:42+00:00","mainEntityOfPage":{"@id":"https:\/\/www.ucaldas.edu.co\/portal\/abiertas-las-inscripciones-para-la-maestria-en-estudios-de-familia-y-desarrollo-v-cohorte\/"},"wordCount":424,"publisher":{"@id":"https:\/\/www.ucaldas.edu.co\/portal\/#organization"},"articleSection":["Actualidad","Universidad al D\u00eda"],"inLanguage":"es"},{"@type":"WebPage","@id":"https:\/\/www.ucaldas.edu.co\/portal\/abiertas-las-inscripciones-para-la-maestria-en-estudios-de-familia-y-desarrollo-v-cohorte\/","url":"https:\/\/www.ucaldas.edu.co\/portal\/abiertas-las-inscripciones-para-la-maestria-en-estudios-de-familia-y-desarrollo-v-cohorte\/","name":"Abiertas las inscripciones para la Maestr\u00eda en estudios de familia y desarrollo V Cohorte .","isPartOf":{"@id":"https:\/\/www.ucaldas.edu.co\/portal\/#website"},"datePublished":"2009-12-15T16:40:42+00:00","breadcrumb":{"@id":"https:\/\/www.ucaldas.edu.co\/portal\/abiertas-las-inscripciones-para-la-maestria-en-estudios-de-familia-y-desarrollo-v-cohorte\/#breadcrumb"},"inLanguage":"es","potentialAction":[{"@type":"ReadAction","target":["https:\/\/www.ucaldas.edu.co\/portal\/abiertas-las-inscripciones-para-la-maestria-en-estudios-de-familia-y-desarrollo-v-cohorte\/"]}]},{"@type":"BreadcrumbList","@id":"https:\/\/www.ucaldas.edu.co\/portal\/abiertas-las-inscripciones-para-la-maestria-en-estudios-de-familia-y-desarrollo-v-cohorte\/#breadcrumb","itemListElement":[{"@type":"ListItem","position":1,"name":"Portada","item":"https:\/\/www.ucaldas.edu.co\/portal\/"},{"@type":"ListItem","position":2,"name":"Abiertas las inscripciones para la Maestr\u00eda en estudios de familia y desarrollo V Cohorte"}]},{"@type":"WebSite","@id":"https:\/\/www.ucaldas.edu.co\/portal\/#website","url":"https:\/\/www.ucaldas.edu.co\/portal\/","name":"Universidad de Caldas","description":"","publisher":{"@id":"https:\/\/www.ucaldas.edu.co\/portal\/#organization"},"alternateName":"U. de Caldas","potentialAction":[{"@type":"SearchAction","target":{"@type":"EntryPoint","urlTemplate":"https:\/\/www.ucaldas.edu.co\/portal\/?s={search_term_string}"},"query-input":{"@type":"PropertyValueSpecification","valueRequired":true,"valueName":"search_term_string"}}],"inLanguage":"es"},{"@type":"Organization","@id":"https:\/\/www.ucaldas.edu.co\/portal\/#organization","name":"Universidad de Caldas","alternateName":"U. de Caldas","url":"https:\/\/www.ucaldas.edu.co\/portal\/","logo":{"@type":"ImageObject","inLanguage":"es","@id":"https:\/\/www.ucaldas.edu.co\/portal\/#\/schema\/logo\/image\/","url":"https:\/\/www.ucaldas.edu.co\/portal\/wp-content\/uploads\/2023\/11\/Logo_horizontal_oscuroU-2023.png","contentUrl":"https:\/\/www.ucaldas.edu.co\/portal\/wp-content\/uploads\/2023\/11\/Logo_horizontal_oscuroU-2023.png","width":263,"height":101,"caption":"Universidad de Caldas"},"image":{"@id":"https:\/\/www.ucaldas.edu.co\/portal\/#\/schema\/logo\/image\/"},"sameAs":["https:\/\/www.facebook.com\/udecaldas","https:\/\/x.com\/udecaldas","https:\/\/www.youtube.com\/universidadcaldas","https:\/\/www.instagram.com\/udecaldas\/"]},{"@type":"Person","@id":"https:\/\/www.ucaldas.edu.co\/portal\/#\/schema\/person\/a1b482e23449158b4bc319926c074fdf","name":"ofiprensa","image":{"@type":"ImageObject","inLanguage":"es","@id":"https:\/\/www.ucaldas.edu.co\/portal\/wp-content\/litespeed\/avatar\/09ea5085e600095a7a811142c6944527.jpg?ver=1777497608","url":"https:\/\/www.ucaldas.edu.co\/portal\/wp-content\/litespeed\/avatar\/09ea5085e600095a7a811142c6944527.jpg?ver=1777497608","contentUrl":"https:\/\/www.ucaldas.edu.co\/portal\/wp-content\/litespeed\/avatar\/09ea5085e600095a7a811142c6944527.jpg?ver=1777497608","caption":"ofiprensa"},"url":"https:\/\/www.ucaldas.edu.co\/portal\/author\/ofiprensa\/"}]}},"_links":{"self":[{"href":"https:\/\/www.ucaldas.edu.co\/portal\/wp-json\/wp\/v2\/posts\/4487","targetHints":{"allow":["GET"]}}],"collection":[{"href":"https:\/\/www.ucaldas.edu.co\/portal\/wp-json\/wp\/v2\/posts"}],"about":[{"href":"https:\/\/www.ucaldas.edu.co\/portal\/wp-json\/wp\/v2\/types\/post"}],"author":[{"embeddable":true,"href":"https:\/\/www.ucaldas.edu.co\/portal\/wp-json\/wp\/v2\/users\/2"}],"replies":[{"embeddable":true,"href":"https:\/\/www.ucaldas.edu.co\/portal\/wp-json\/wp\/v2\/comments?post=4487"}],"version-history":[{"count":0,"href":"https:\/\/www.ucaldas.edu.co\/portal\/wp-json\/wp\/v2\/posts\/4487\/revisions"}],"wp:attachment":[{"href":"https:\/\/www.ucaldas.edu.co\/portal\/wp-json\/wp\/v2\/media?parent=4487"}],"wp:term":[{"taxonomy":"category","embeddable":true,"href":"https:\/\/www.ucaldas.edu.co\/portal\/wp-json\/wp\/v2\/categories?post=4487"},{"taxonomy":"post_tag","embeddable":true,"href":"https:\/\/www.ucaldas.edu.co\/portal\/wp-json\/wp\/v2\/tags?post=4487"}],"curies":[{"name":"wp","href":"https:\/\/api.w.org\/{rel}","templated":true}]}}