{"id":44810,"date":"2018-11-30T21:55:53","date_gmt":"2018-11-30T21:55:53","guid":{"rendered":"https:\/\/www.ucaldas.edu.co\/portal\/?p=44810"},"modified":"2018-11-30T21:55:53","modified_gmt":"2018-11-30T21:55:53","slug":"egresados-u-de-caldas-volvieron-a-su-alma-mater-en-encuentro-de-egresados-2018","status":"publish","type":"post","link":"https:\/\/www.ucaldas.edu.co\/portal\/egresados-u-de-caldas-volvieron-a-su-alma-mater-en-encuentro-de-egresados-2018\/","title":{"rendered":"Egresados U. de Caldas volvieron a su alma m\u00e1ter, en encuentro de egresados 2018"},"content":{"rendered":"<p style=\"text-align: center;\">EL CENTRO CULTURAL UNIVERSITARIO ROGELIO SALMONA LOS RECIBI\u00d3 ANOCHE<\/p>\n<p style=\"text-align: center;\"><strong>Egresados U. de Caldas volvieron a su alma m\u00e1ter, en encuentro de egresados 2018<\/strong><\/p>\n<p style=\"text-align: center;\">30\/11\/2018<\/p>\n<p><strong>\u00a0<\/strong><\/p>\n<p><strong><img loading=\"lazy\" decoding=\"async\" class=\"size-full wp-image-44811 aligncenter\" src=\"https:\/\/www.ucaldas.edu.co\/portal\/wp-content\/uploads\/2018\/11\/egresados-compressor.jpg\" alt=\"\" width=\"700\" height=\"400\" srcset=\"https:\/\/www.ucaldas.edu.co\/portal\/wp-content\/uploads\/2018\/11\/egresados-compressor.jpg 700w, https:\/\/www.ucaldas.edu.co\/portal\/wp-content\/uploads\/2018\/11\/egresados-compressor-300x171.jpg 300w\" sizes=\"auto, (max-width: 700px) 100vw, 700px\" \/>400 egresados inscritos participaron en el Encuentro de Egresados de la Universidad de Caldas<\/strong>, que tuvo lugar anche en el Centro Cultural Universitario Rogelio Salmona, de la Instituci\u00f3n caldense. Este <strong>espacio fue convocado por la Oficina de Egresados y por la Vicerrector\u00eda de Proyecci\u00f3n Universitaria<\/strong>, con el apoyo Centro Cultural Universitario Rogelio Salmona, Centro de Bibliotecas U. de Caldas, Editorial Universidad de Caldas, Orquesta Sinf\u00f3nica de Caldas y Makana Pac\u00edfico.<\/p>\n<p><!--more--><\/p>\n<p><strong>Busc\u00f3 ser un espacio para compartir experiencias y generar di\u00e1logo <\/strong>entre la U. de Caldas y sus egresados, as\u00ed como conmemorar los 75 a\u00f1os de la Universidad.<\/p>\n<p>&nbsp;<\/p>\n<p>El <strong>Rector de la Instituci\u00f3n,<\/strong> Alejandro Ceballos M\u00e1rquez, <strong>expres\u00f3<\/strong>: \u201c<strong>es un orgullo para nosotros como miembros de la comunidad universitaria el hecho de haber recibido la reacreditaci\u00f3n institucional de alta calidad<\/strong>, por 8 a\u00f1os, que nos permite mantenernos como una instituci\u00f3n acreditada y l\u00edder en el Eje Cafetero (<a href=\"https:\/\/www.ucaldas.edu.co\/portal\/u-de-caldas-recibio-renovacion-de-la-acreditacion-de-alta-calidad-por-ocho-anos\/\">ver noticia<\/a>)\u201d.<\/p>\n<p>&nbsp;<\/p>\n<p>\u201c<strong>Adem\u00e1s, hemos tenido logros muy importantes en la acreditaci\u00f3n de programas, como Ingenier\u00eda de Alimentos<\/strong> que ha recibido la Acreditaci\u00f3n de Calidad Acad\u00e9mica MERCOSUR de Carreras Universitarias Sistema Arcu-Sur \u2013 Red de Agencias Nacionales de Acreditaci\u00f3n (RANA) (<a href=\"https:\/\/www.ucaldas.edu.co\/portal\/ingenieria-de-alimentos-primer-programa-academico-con-una-acreditacion-internacional-ante-el-sistema-arcu-sur\/\">ver noticia<\/a>) y la renovaci\u00f3n de su acreditaci\u00f3n de alta calidad por parte del Ministerio de Educaci\u00f3n Nacional (MEN) (<a href=\"https:\/\/www.ucaldas.edu.co\/portal\/ingenieria-de-alimentos-u-de-caldas-recibio-la-renovacion-de-su-acreditacion-de-alta-calidad\/\">leer noticia<\/a>), que marca el camino para otros programas\u201d, enfatiz\u00f3.<\/p>\n<p>&nbsp;<\/p>\n<p>El Rector <strong>destac\u00f3 la alta oferta de programas de posgrados<\/strong> y mencion\u00f3 que es una invitaci\u00f3n para que los egresados sigan vinculados a la Universidad a trav\u00e9s de la formaci\u00f3n posgraduada.<\/p>\n<p>&nbsp;<\/p>\n<p><strong>Tambi\u00e9n comparti\u00f3 una gran noticia para la Universidad y la regi\u00f3n: el Centro de Innovaci\u00f3n de Caldas, <\/strong>que estar\u00e1 ubicado en La Dorada (Caldas) (<a href=\"https:\/\/www.ucaldas.edu.co\/portal\/centro-de-innovacion-de-la-dorada-una-realidad\/\">ver noticia<\/a>), donde se van a impactar alrededor 24 municipios de 6 departamentos y una poblaci\u00f3n de un mill\u00f3n 500 habitantes: \u201cllevaremos la posibilidad de realizar desarrollo tecnol\u00f3gico en la regi\u00f3n. No s\u00f3lo vamos a llevar desarrollo, sino que vamos a dar la oportunidad de desarrollar procesos de investigaci\u00f3n para el Magdalena\u201d.<\/p>\n<p>&nbsp;<\/p>\n<p>Al encuentro <strong>se conectaron en l\u00ednea egresados desde Estados Unidos, Holanda, M\u00e9xico, Chile, Australia, Italia, Alemania, Espa\u00f1a y Francia, entre otros.<\/strong><\/p>\n<p>&nbsp;<\/p>\n<p><a href=\"https:\/\/www.facebook.com\/media\/set\/?set=a.2078158038912717&amp;type=1&amp;l=6abf5fb24c\">Conozca im\u00e1genes del Encuentro de Egresados 2018<\/a><\/p>\n<p><strong>\u00a0<\/strong><\/p>\n<p><strong>Informes: <\/strong>Oficina de Comunicaciones y Prensa U. de Caldas, tel\u00e9fono 878 15 00 extensi\u00f3n 12 167.<\/p>\n<p><strong>Redacci\u00f3n:<\/strong> Margarita Laverde<strong><br \/>\n<\/strong><strong>Etiqueta<\/strong>s:<\/p>\n","protected":false},"excerpt":{"rendered":"<p>EL CENTRO CULTURAL UNIVERSITARIO ROGELIO SALMONA LOS RECIBI\u00d3 ANOCHE Egresados U. de Caldas volvieron a su alma m\u00e1ter, en encuentro de egresados 2018 30\/11\/2018 \u00a0 400 egresados inscritos participaron en el Encuentro de Egresados de la Universidad de Caldas, que tuvo lugar anche en el Centro Cultural Universitario Rogelio Salmona, de la Instituci\u00f3n caldense. Este [&hellip;]<\/p>\n","protected":false},"author":2,"featured_media":44811,"comment_status":"closed","ping_status":"open","sticky":false,"template":"","format":"standard","meta":{"footnotes":"","_members_access_role":[],"_members_access_error":""},"categories":[48,53,624],"tags":[99,177,178,212,3292],"class_list":["post-44810","post","type-post","status-publish","format-standard","has-post-thumbnail","hentry","category-actualidad","category-universidad-al-dia","category-ucaldas-activa","tag-cultural","tag-egresados","tag-encuentro","tag-logros","tag-dialogo"],"yoast_head":"<!-- This site is optimized with the Yoast SEO plugin v28.4 - https:\/\/yoast.com\/product\/yoast-seo-wordpress\/ -->\n<title>Egresados U. de Caldas volvieron a su alma m\u00e1ter, en encuentro de egresados 2018 .<\/title>\n<meta name=\"robots\" content=\"index, follow, max-snippet:-1, max-image-preview:large, max-video-preview:-1\" \/>\n<link rel=\"canonical\" href=\"https:\/\/www.ucaldas.edu.co\/portal\/egresados-u-de-caldas-volvieron-a-su-alma-mater-en-encuentro-de-egresados-2018\/\" \/>\n<script type=\"application\/ld+json\" class=\"yoast-schema-graph\">{\"@context\":\"https:\\\/\\\/schema.org\",\"@graph\":[{\"@type\":\"Article\",\"@id\":\"https:\\\/\\\/www.ucaldas.edu.co\\\/portal\\\/egresados-u-de-caldas-volvieron-a-su-alma-mater-en-encuentro-de-egresados-2018\\\/#article\",\"isPartOf\":{\"@id\":\"https:\\\/\\\/www.ucaldas.edu.co\\\/portal\\\/egresados-u-de-caldas-volvieron-a-su-alma-mater-en-encuentro-de-egresados-2018\\\/\"},\"author\":{\"name\":\"ofiprensa\",\"@id\":\"https:\\\/\\\/www.ucaldas.edu.co\\\/portal\\\/#\\\/schema\\\/person\\\/a1b482e23449158b4bc319926c074fdf\"},\"headline\":\"Egresados U. de Caldas volvieron a su alma m\u00e1ter, en encuentro de egresados 2018\",\"datePublished\":\"2018-11-30T21:55:53+00:00\",\"mainEntityOfPage\":{\"@id\":\"https:\\\/\\\/www.ucaldas.edu.co\\\/portal\\\/egresados-u-de-caldas-volvieron-a-su-alma-mater-en-encuentro-de-egresados-2018\\\/\"},\"wordCount\":439,\"publisher\":{\"@id\":\"https:\\\/\\\/www.ucaldas.edu.co\\\/portal\\\/#organization\"},\"image\":{\"@id\":\"https:\\\/\\\/www.ucaldas.edu.co\\\/portal\\\/egresados-u-de-caldas-volvieron-a-su-alma-mater-en-encuentro-de-egresados-2018\\\/#primaryimage\"},\"thumbnailUrl\":\"https:\\\/\\\/www.ucaldas.edu.co\\\/portal\\\/wp-content\\\/uploads\\\/2018\\\/11\\\/egresados-compressor.jpg\",\"keywords\":[\"Cultural\",\"egresados\",\"encuentro\",\"logros\",\"di\u00e1logo\"],\"articleSection\":[\"Actualidad\",\"Universidad al D\u00eda\",\"UCaldas Activa\"],\"inLanguage\":\"es\"},{\"@type\":\"WebPage\",\"@id\":\"https:\\\/\\\/www.ucaldas.edu.co\\\/portal\\\/egresados-u-de-caldas-volvieron-a-su-alma-mater-en-encuentro-de-egresados-2018\\\/\",\"url\":\"https:\\\/\\\/www.ucaldas.edu.co\\\/portal\\\/egresados-u-de-caldas-volvieron-a-su-alma-mater-en-encuentro-de-egresados-2018\\\/\",\"name\":\"Egresados U. de Caldas volvieron a su alma m\u00e1ter, en encuentro de egresados 2018 .\",\"isPartOf\":{\"@id\":\"https:\\\/\\\/www.ucaldas.edu.co\\\/portal\\\/#website\"},\"primaryImageOfPage\":{\"@id\":\"https:\\\/\\\/www.ucaldas.edu.co\\\/portal\\\/egresados-u-de-caldas-volvieron-a-su-alma-mater-en-encuentro-de-egresados-2018\\\/#primaryimage\"},\"image\":{\"@id\":\"https:\\\/\\\/www.ucaldas.edu.co\\\/portal\\\/egresados-u-de-caldas-volvieron-a-su-alma-mater-en-encuentro-de-egresados-2018\\\/#primaryimage\"},\"thumbnailUrl\":\"https:\\\/\\\/www.ucaldas.edu.co\\\/portal\\\/wp-content\\\/uploads\\\/2018\\\/11\\\/egresados-compressor.jpg\",\"datePublished\":\"2018-11-30T21:55:53+00:00\",\"breadcrumb\":{\"@id\":\"https:\\\/\\\/www.ucaldas.edu.co\\\/portal\\\/egresados-u-de-caldas-volvieron-a-su-alma-mater-en-encuentro-de-egresados-2018\\\/#breadcrumb\"},\"inLanguage\":\"es\",\"potentialAction\":[{\"@type\":\"ReadAction\",\"target\":[\"https:\\\/\\\/www.ucaldas.edu.co\\\/portal\\\/egresados-u-de-caldas-volvieron-a-su-alma-mater-en-encuentro-de-egresados-2018\\\/\"]}]},{\"@type\":\"ImageObject\",\"inLanguage\":\"es\",\"@id\":\"https:\\\/\\\/www.ucaldas.edu.co\\\/portal\\\/egresados-u-de-caldas-volvieron-a-su-alma-mater-en-encuentro-de-egresados-2018\\\/#primaryimage\",\"url\":\"https:\\\/\\\/www.ucaldas.edu.co\\\/portal\\\/wp-content\\\/uploads\\\/2018\\\/11\\\/egresados-compressor.jpg\",\"contentUrl\":\"https:\\\/\\\/www.ucaldas.edu.co\\\/portal\\\/wp-content\\\/uploads\\\/2018\\\/11\\\/egresados-compressor.jpg\",\"width\":700,\"height\":400},{\"@type\":\"BreadcrumbList\",\"@id\":\"https:\\\/\\\/www.ucaldas.edu.co\\\/portal\\\/egresados-u-de-caldas-volvieron-a-su-alma-mater-en-encuentro-de-egresados-2018\\\/#breadcrumb\",\"itemListElement\":[{\"@type\":\"ListItem\",\"position\":1,\"name\":\"Portada\",\"item\":\"https:\\\/\\\/www.ucaldas.edu.co\\\/portal\\\/\"},{\"@type\":\"ListItem\",\"position\":2,\"name\":\"Egresados U. de Caldas volvieron a su alma m\u00e1ter, en encuentro de egresados 2018\"}]},{\"@type\":\"WebSite\",\"@id\":\"https:\\\/\\\/www.ucaldas.edu.co\\\/portal\\\/#website\",\"url\":\"https:\\\/\\\/www.ucaldas.edu.co\\\/portal\\\/\",\"name\":\"Universidad de Caldas\",\"description\":\"\",\"publisher\":{\"@id\":\"https:\\\/\\\/www.ucaldas.edu.co\\\/portal\\\/#organization\"},\"alternateName\":\"U. de Caldas\",\"potentialAction\":[{\"@type\":\"SearchAction\",\"target\":{\"@type\":\"EntryPoint\",\"urlTemplate\":\"https:\\\/\\\/www.ucaldas.edu.co\\\/portal\\\/?s={search_term_string}\"},\"query-input\":{\"@type\":\"PropertyValueSpecification\",\"valueRequired\":true,\"valueName\":\"search_term_string\"}}],\"inLanguage\":\"es\"},{\"@type\":\"Organization\",\"@id\":\"https:\\\/\\\/www.ucaldas.edu.co\\\/portal\\\/#organization\",\"name\":\"Universidad de Caldas\",\"alternateName\":\"U. de Caldas\",\"url\":\"https:\\\/\\\/www.ucaldas.edu.co\\\/portal\\\/\",\"logo\":{\"@type\":\"ImageObject\",\"inLanguage\":\"es\",\"@id\":\"https:\\\/\\\/www.ucaldas.edu.co\\\/portal\\\/#\\\/schema\\\/logo\\\/image\\\/\",\"url\":\"https:\\\/\\\/www.ucaldas.edu.co\\\/portal\\\/wp-content\\\/uploads\\\/2023\\\/11\\\/Logo_horizontal_oscuroU-2023.png\",\"contentUrl\":\"https:\\\/\\\/www.ucaldas.edu.co\\\/portal\\\/wp-content\\\/uploads\\\/2023\\\/11\\\/Logo_horizontal_oscuroU-2023.png\",\"width\":263,\"height\":101,\"caption\":\"Universidad de Caldas\"},\"image\":{\"@id\":\"https:\\\/\\\/www.ucaldas.edu.co\\\/portal\\\/#\\\/schema\\\/logo\\\/image\\\/\"},\"sameAs\":[\"https:\\\/\\\/www.facebook.com\\\/udecaldas\",\"https:\\\/\\\/x.com\\\/udecaldas\",\"https:\\\/\\\/www.youtube.com\\\/universidadcaldas\",\"https:\\\/\\\/www.instagram.com\\\/udecaldas\\\/\"]},{\"@type\":\"Person\",\"@id\":\"https:\\\/\\\/www.ucaldas.edu.co\\\/portal\\\/#\\\/schema\\\/person\\\/a1b482e23449158b4bc319926c074fdf\",\"name\":\"ofiprensa\",\"image\":{\"@type\":\"ImageObject\",\"inLanguage\":\"es\",\"@id\":\"https:\\\/\\\/www.ucaldas.edu.co\\\/portal\\\/wp-content\\\/litespeed\\\/avatar\\\/09ea5085e600095a7a811142c6944527.jpg?ver=1788384175\",\"url\":\"https:\\\/\\\/www.ucaldas.edu.co\\\/portal\\\/wp-content\\\/litespeed\\\/avatar\\\/09ea5085e600095a7a811142c6944527.jpg?ver=1788384175\",\"contentUrl\":\"https:\\\/\\\/www.ucaldas.edu.co\\\/portal\\\/wp-content\\\/litespeed\\\/avatar\\\/09ea5085e600095a7a811142c6944527.jpg?ver=1788384175\",\"caption\":\"ofiprensa\"},\"url\":\"https:\\\/\\\/www.ucaldas.edu.co\\\/portal\\\/author\\\/ofiprensa\\\/\"}]}<\/script>\n<!-- \/ Yoast SEO plugin. -->","yoast_head_json":{"title":"Egresados U. de Caldas volvieron a su alma m\u00e1ter, en encuentro de egresados 2018 .","robots":{"index":"index","follow":"follow","max-snippet":"max-snippet:-1","max-image-preview":"max-image-preview:large","max-video-preview":"max-video-preview:-1"},"canonical":"https:\/\/www.ucaldas.edu.co\/portal\/egresados-u-de-caldas-volvieron-a-su-alma-mater-en-encuentro-de-egresados-2018\/","schema":{"@context":"https:\/\/schema.org","@graph":[{"@type":"Article","@id":"https:\/\/www.ucaldas.edu.co\/portal\/egresados-u-de-caldas-volvieron-a-su-alma-mater-en-encuentro-de-egresados-2018\/#article","isPartOf":{"@id":"https:\/\/www.ucaldas.edu.co\/portal\/egresados-u-de-caldas-volvieron-a-su-alma-mater-en-encuentro-de-egresados-2018\/"},"author":{"name":"ofiprensa","@id":"https:\/\/www.ucaldas.edu.co\/portal\/#\/schema\/person\/a1b482e23449158b4bc319926c074fdf"},"headline":"Egresados U. de Caldas volvieron a su alma m\u00e1ter, en encuentro de egresados 2018","datePublished":"2018-11-30T21:55:53+00:00","mainEntityOfPage":{"@id":"https:\/\/www.ucaldas.edu.co\/portal\/egresados-u-de-caldas-volvieron-a-su-alma-mater-en-encuentro-de-egresados-2018\/"},"wordCount":439,"publisher":{"@id":"https:\/\/www.ucaldas.edu.co\/portal\/#organization"},"image":{"@id":"https:\/\/www.ucaldas.edu.co\/portal\/egresados-u-de-caldas-volvieron-a-su-alma-mater-en-encuentro-de-egresados-2018\/#primaryimage"},"thumbnailUrl":"https:\/\/www.ucaldas.edu.co\/portal\/wp-content\/uploads\/2018\/11\/egresados-compressor.jpg","keywords":["Cultural","egresados","encuentro","logros","di\u00e1logo"],"articleSection":["Actualidad","Universidad al D\u00eda","UCaldas Activa"],"inLanguage":"es"},{"@type":"WebPage","@id":"https:\/\/www.ucaldas.edu.co\/portal\/egresados-u-de-caldas-volvieron-a-su-alma-mater-en-encuentro-de-egresados-2018\/","url":"https:\/\/www.ucaldas.edu.co\/portal\/egresados-u-de-caldas-volvieron-a-su-alma-mater-en-encuentro-de-egresados-2018\/","name":"Egresados U. de Caldas volvieron a su alma m\u00e1ter, en encuentro de egresados 2018 .","isPartOf":{"@id":"https:\/\/www.ucaldas.edu.co\/portal\/#website"},"primaryImageOfPage":{"@id":"https:\/\/www.ucaldas.edu.co\/portal\/egresados-u-de-caldas-volvieron-a-su-alma-mater-en-encuentro-de-egresados-2018\/#primaryimage"},"image":{"@id":"https:\/\/www.ucaldas.edu.co\/portal\/egresados-u-de-caldas-volvieron-a-su-alma-mater-en-encuentro-de-egresados-2018\/#primaryimage"},"thumbnailUrl":"https:\/\/www.ucaldas.edu.co\/portal\/wp-content\/uploads\/2018\/11\/egresados-compressor.jpg","datePublished":"2018-11-30T21:55:53+00:00","breadcrumb":{"@id":"https:\/\/www.ucaldas.edu.co\/portal\/egresados-u-de-caldas-volvieron-a-su-alma-mater-en-encuentro-de-egresados-2018\/#breadcrumb"},"inLanguage":"es","potentialAction":[{"@type":"ReadAction","target":["https:\/\/www.ucaldas.edu.co\/portal\/egresados-u-de-caldas-volvieron-a-su-alma-mater-en-encuentro-de-egresados-2018\/"]}]},{"@type":"ImageObject","inLanguage":"es","@id":"https:\/\/www.ucaldas.edu.co\/portal\/egresados-u-de-caldas-volvieron-a-su-alma-mater-en-encuentro-de-egresados-2018\/#primaryimage","url":"https:\/\/www.ucaldas.edu.co\/portal\/wp-content\/uploads\/2018\/11\/egresados-compressor.jpg","contentUrl":"https:\/\/www.ucaldas.edu.co\/portal\/wp-content\/uploads\/2018\/11\/egresados-compressor.jpg","width":700,"height":400},{"@type":"BreadcrumbList","@id":"https:\/\/www.ucaldas.edu.co\/portal\/egresados-u-de-caldas-volvieron-a-su-alma-mater-en-encuentro-de-egresados-2018\/#breadcrumb","itemListElement":[{"@type":"ListItem","position":1,"name":"Portada","item":"https:\/\/www.ucaldas.edu.co\/portal\/"},{"@type":"ListItem","position":2,"name":"Egresados U. de Caldas volvieron a su alma m\u00e1ter, en encuentro de egresados 2018"}]},{"@type":"WebSite","@id":"https:\/\/www.ucaldas.edu.co\/portal\/#website","url":"https:\/\/www.ucaldas.edu.co\/portal\/","name":"Universidad de Caldas","description":"","publisher":{"@id":"https:\/\/www.ucaldas.edu.co\/portal\/#organization"},"alternateName":"U. de Caldas","potentialAction":[{"@type":"SearchAction","target":{"@type":"EntryPoint","urlTemplate":"https:\/\/www.ucaldas.edu.co\/portal\/?s={search_term_string}"},"query-input":{"@type":"PropertyValueSpecification","valueRequired":true,"valueName":"search_term_string"}}],"inLanguage":"es"},{"@type":"Organization","@id":"https:\/\/www.ucaldas.edu.co\/portal\/#organization","name":"Universidad de Caldas","alternateName":"U. de Caldas","url":"https:\/\/www.ucaldas.edu.co\/portal\/","logo":{"@type":"ImageObject","inLanguage":"es","@id":"https:\/\/www.ucaldas.edu.co\/portal\/#\/schema\/logo\/image\/","url":"https:\/\/www.ucaldas.edu.co\/portal\/wp-content\/uploads\/2023\/11\/Logo_horizontal_oscuroU-2023.png","contentUrl":"https:\/\/www.ucaldas.edu.co\/portal\/wp-content\/uploads\/2023\/11\/Logo_horizontal_oscuroU-2023.png","width":263,"height":101,"caption":"Universidad de Caldas"},"image":{"@id":"https:\/\/www.ucaldas.edu.co\/portal\/#\/schema\/logo\/image\/"},"sameAs":["https:\/\/www.facebook.com\/udecaldas","https:\/\/x.com\/udecaldas","https:\/\/www.youtube.com\/universidadcaldas","https:\/\/www.instagram.com\/udecaldas\/"]},{"@type":"Person","@id":"https:\/\/www.ucaldas.edu.co\/portal\/#\/schema\/person\/a1b482e23449158b4bc319926c074fdf","name":"ofiprensa","image":{"@type":"ImageObject","inLanguage":"es","@id":"https:\/\/www.ucaldas.edu.co\/portal\/wp-content\/litespeed\/avatar\/09ea5085e600095a7a811142c6944527.jpg?ver=1788384175","url":"https:\/\/www.ucaldas.edu.co\/portal\/wp-content\/litespeed\/avatar\/09ea5085e600095a7a811142c6944527.jpg?ver=1788384175","contentUrl":"https:\/\/www.ucaldas.edu.co\/portal\/wp-content\/litespeed\/avatar\/09ea5085e600095a7a811142c6944527.jpg?ver=1788384175","caption":"ofiprensa"},"url":"https:\/\/www.ucaldas.edu.co\/portal\/author\/ofiprensa\/"}]}},"_links":{"self":[{"href":"https:\/\/www.ucaldas.edu.co\/portal\/wp-json\/wp\/v2\/posts\/44810","targetHints":{"allow":["GET"]}}],"collection":[{"href":"https:\/\/www.ucaldas.edu.co\/portal\/wp-json\/wp\/v2\/posts"}],"about":[{"href":"https:\/\/www.ucaldas.edu.co\/portal\/wp-json\/wp\/v2\/types\/post"}],"author":[{"embeddable":true,"href":"https:\/\/www.ucaldas.edu.co\/portal\/wp-json\/wp\/v2\/users\/2"}],"replies":[{"embeddable":true,"href":"https:\/\/www.ucaldas.edu.co\/portal\/wp-json\/wp\/v2\/comments?post=44810"}],"version-history":[{"count":0,"href":"https:\/\/www.ucaldas.edu.co\/portal\/wp-json\/wp\/v2\/posts\/44810\/revisions"}],"wp:featuredmedia":[{"embeddable":true,"href":"https:\/\/www.ucaldas.edu.co\/portal\/wp-json\/wp\/v2\/media\/44811"}],"wp:attachment":[{"href":"https:\/\/www.ucaldas.edu.co\/portal\/wp-json\/wp\/v2\/media?parent=44810"}],"wp:term":[{"taxonomy":"category","embeddable":true,"href":"https:\/\/www.ucaldas.edu.co\/portal\/wp-json\/wp\/v2\/categories?post=44810"},{"taxonomy":"post_tag","embeddable":true,"href":"https:\/\/www.ucaldas.edu.co\/portal\/wp-json\/wp\/v2\/tags?post=44810"}],"curies":[{"name":"wp","href":"https:\/\/api.w.org\/{rel}","templated":true}]}}