{"id":44750,"date":"2018-11-29T15:45:38","date_gmt":"2018-11-29T15:45:38","guid":{"rendered":"https:\/\/www.ucaldas.edu.co\/portal\/?p=44750"},"modified":"2018-11-29T15:48:33","modified_gmt":"2018-11-29T15:48:33","slug":"comunicado-n-6-facultad-de-ciencias-juridicas-y-sociales-consejo-de-facultad","status":"publish","type":"post","link":"https:\/\/www.ucaldas.edu.co\/portal\/comunicado-n-6-facultad-de-ciencias-juridicas-y-sociales-consejo-de-facultad\/","title":{"rendered":"Comunicado N\u00b0 6 &#8211; Consejo de Facultad de Ciencias Jur\u00eddicas y Sociales"},"content":{"rendered":"<p style=\"text-align: center;\"><strong>UNIVERSIDAD DE CALDAS<\/strong><strong>\u00a0<\/strong><\/p>\n<p style=\"text-align: center;\"><strong>Facultad de Ciencias Jur\u00eddicas y Sociales\u00a0 <\/strong><\/p>\n<p style=\"text-align: center;\"><strong>Consejo de Facultad<\/strong><\/p>\n<p style=\"text-align: center;\"><strong>Comunicado # 6<\/strong><\/p>\n<p style=\"text-align: right;\"><strong>29\/11\/2018<\/strong><\/p>\n<p><img loading=\"lazy\" decoding=\"async\" class=\"size-full wp-image-44645 aligncenter\" src=\"https:\/\/www.ucaldas.edu.co\/portal\/wp-content\/uploads\/2018\/11\/Admisiones-compressor.jpeg\" alt=\"\" width=\"700\" height=\"400\" srcset=\"https:\/\/www.ucaldas.edu.co\/portal\/wp-content\/uploads\/2018\/11\/Admisiones-compressor.jpeg 700w, https:\/\/www.ucaldas.edu.co\/portal\/wp-content\/uploads\/2018\/11\/Admisiones-compressor-300x171.jpeg 300w\" sizes=\"auto, (max-width: 700px) 100vw, 700px\" \/><\/p>\n<p>El Consejo de la Facultad de Ciencias Jur\u00eddicas y Sociales de la Universidad de Caldas, reunido en sesi\u00f3n ordinaria # 27 el d\u00eda lunes 26 de noviembre del presente a\u00f1o decidi\u00f3 emitir el presente comunicado expresando lo siguiente:<\/p>\n<p><!--more--><\/p>\n<ol>\n<li>Que en el marco del contexto actual de la universidad, se exalta y celebra el compromiso y dedicaci\u00f3n de la comunidad acad\u00e9mica, en especial, estudiantes, profesores y funcionarios, que de manera responsable se han mantenido en constante actividad en los diferentes procesos acad\u00e9mico-administrativos y las din\u00e1micas del movimiento universitario al interior de la instituci\u00f3n.<\/li>\n<\/ol>\n<p>&nbsp;<\/p>\n<ol start=\"2\">\n<li>Se debe tener en cuenta que en el ejercicio de la \u00e9tica p\u00fablica y de las diferentes responsabilidades de los miembros de la comunidad acad\u00e9mica dentro de un Estado Social de Derecho, es nuestro deber fomentar la participaci\u00f3n y ser conscientes de las labores y roles que tenemos dentro de la universidad para construir una identidad que nos permita obtener logros significativos al interior del movimiento universitario.<\/li>\n<\/ol>\n<p>&nbsp;<\/p>\n<ol start=\"3\">\n<li>En este sentido, es nuestro deber invitar y exhortar al rector de la Universidad de Caldas, Alejandro Ceballos M\u00e1rquez, a liderar iniciativas, como representante m\u00e1ximo de nuestra Alma Mater y miembro del Sistema Universitario Estatal (SUE), para lograr resultados contundentes y efectivos frente a la situaci\u00f3n cr\u00edtica de las IES del pa\u00eds en la Mesa de Di\u00e1logo para la Construcci\u00f3n de Acuerdos.<\/li>\n<\/ol>\n<p>&nbsp;<\/p>\n<ol start=\"4\">\n<li>De igual manera, le pedimos al Consejo Superior y Acad\u00e9mico de la Universidad de Caldas que se pronuncien con el fin de exhortar al gobierno nacional en la celeridad para la construcci\u00f3n de acuerdos que solucionen la o permitan avanzar en la situaci\u00f3n de las IES p\u00fablicas del pa\u00eds. Cada d\u00eda que pasa vuelve m\u00e1s dif\u00edcil la situaci\u00f3n para procurar las garant\u00edas institucionales de los diversos estamentos de todas las universidades p\u00fablicas, por \u00a0lo tanto se hace necesario y urgente pedir mayor voluntad pol\u00edtica y acad\u00e9mica a la hora de tramitar las peticiones de las partes involucradas por medio de las v\u00edas pertinentes.<\/li>\n<\/ol>\n<p>&nbsp;<\/p>\n<ol start=\"5\">\n<li>Resulta muy preocupante el ausentismo de algunos miembros de la comunidad acad\u00e9mica, por esto solicitamos al Consejo Superior y Acad\u00e9mico de la universidad emitir directrices y lineamientos que permitan a los docentes y estudiantes en general su vinculaci\u00f3n participativa y activa para lograr mayor confianza y eficacia de las diferentes unidades acad\u00e9mico-administrativas de la universidad.<\/li>\n<\/ol>\n<p>&nbsp;<\/p>\n<ol start=\"6\">\n<li>Hacemos un llamado al se\u00f1or gobernador de Caldas, Guido Echeverri Piedrahita, a manifestar su colaboraci\u00f3n y apoyo real para que se impulsen y lideren iniciativas, como m\u00e1xima autoridad administrativa en el departamento y como miembro de la federaci\u00f3n de gobernadores, a construir di\u00e1logos interinstitucionales que puedan lograr resultados eficaces en los procesos que se llevan a cabo en la mesa de di\u00e1logo entre los diferentes actores del movimiento y el gobierno nacional.<\/li>\n<\/ol>\n<p>&nbsp;<\/p>\n<p>Finalmente, hacemos una invitaci\u00f3n a los estamentos, en especial, a los actores del movimiento universitario, a crear mesas de estudio y actividades que impulsen la formaci\u00f3n y concientizaci\u00f3n sobre los diversos momentos coyunturales que atraviesa el pa\u00eds. La ley de financiamiento, la corrupci\u00f3n, el desempleo, la salud, la situaci\u00f3n de las IES p\u00fablicas y todos los dem\u00e1s problemas sociales en los que estamos inmersos son de suma prioridad a la hora de plantear la construcci\u00f3n de un Estado Social de Derecho. \u00a0Este es un momento hist\u00f3rico para repensar el pa\u00eds y la propia universidad, s\u00f3lo en esta medida podremos ir en busca de un mundo mejor para las actuales y futuras generaciones.<\/p>\n<p><a href=\"https:\/\/www.ucaldas.edu.co\/portal\/wp-content\/uploads\/2018\/11\/comunicado-6-de-2018.pdf\">Comunicado<\/a><\/p>\n","protected":false},"excerpt":{"rendered":"<p>UNIVERSIDAD DE CALDAS\u00a0 Facultad de Ciencias Jur\u00eddicas y Sociales\u00a0 Consejo de Facultad Comunicado # 6 29\/11\/2018 El Consejo de la Facultad de Ciencias Jur\u00eddicas y Sociales de la Universidad de Caldas, reunido en sesi\u00f3n ordinaria # 27 el d\u00eda lunes 26 de noviembre del presente a\u00f1o decidi\u00f3 emitir el presente comunicado expresando lo siguiente:<\/p>\n","protected":false},"author":2,"featured_media":44645,"comment_status":"closed","ping_status":"open","sticky":false,"template":"","format":"standard","meta":{"footnotes":""},"categories":[48,53],"tags":[1212],"class_list":["post-44750","post","type-post","status-publish","format-standard","has-post-thumbnail","hentry","category-actualidad","category-universidad-al-dia","tag-comunicado"],"yoast_head":"<!-- This site is optimized with the Yoast SEO plugin v27.5 - https:\/\/yoast.com\/product\/yoast-seo-wordpress\/ -->\n<title>Comunicado N\u00b0 6 - Consejo de Facultad de Ciencias Jur\u00eddicas y Sociales .<\/title>\n<meta name=\"robots\" content=\"index, follow, max-snippet:-1, max-image-preview:large, max-video-preview:-1\" \/>\n<link rel=\"canonical\" href=\"https:\/\/www.ucaldas.edu.co\/portal\/comunicado-n-6-facultad-de-ciencias-juridicas-y-sociales-consejo-de-facultad\/\" \/>\n<script type=\"application\/ld+json\" class=\"yoast-schema-graph\">{\"@context\":\"https:\\\/\\\/schema.org\",\"@graph\":[{\"@type\":\"Article\",\"@id\":\"https:\\\/\\\/www.ucaldas.edu.co\\\/portal\\\/comunicado-n-6-facultad-de-ciencias-juridicas-y-sociales-consejo-de-facultad\\\/#article\",\"isPartOf\":{\"@id\":\"https:\\\/\\\/www.ucaldas.edu.co\\\/portal\\\/comunicado-n-6-facultad-de-ciencias-juridicas-y-sociales-consejo-de-facultad\\\/\"},\"author\":{\"name\":\"ofiprensa\",\"@id\":\"https:\\\/\\\/www.ucaldas.edu.co\\\/portal\\\/#\\\/schema\\\/person\\\/a1b482e23449158b4bc319926c074fdf\"},\"headline\":\"Comunicado N\u00b0 6 &#8211; Consejo de Facultad de Ciencias Jur\u00eddicas y Sociales\",\"datePublished\":\"2018-11-29T15:45:38+00:00\",\"dateModified\":\"2018-11-29T15:48:33+00:00\",\"mainEntityOfPage\":{\"@id\":\"https:\\\/\\\/www.ucaldas.edu.co\\\/portal\\\/comunicado-n-6-facultad-de-ciencias-juridicas-y-sociales-consejo-de-facultad\\\/\"},\"wordCount\":648,\"publisher\":{\"@id\":\"https:\\\/\\\/www.ucaldas.edu.co\\\/portal\\\/#organization\"},\"image\":{\"@id\":\"https:\\\/\\\/www.ucaldas.edu.co\\\/portal\\\/comunicado-n-6-facultad-de-ciencias-juridicas-y-sociales-consejo-de-facultad\\\/#primaryimage\"},\"thumbnailUrl\":\"https:\\\/\\\/www.ucaldas.edu.co\\\/portal\\\/wp-content\\\/uploads\\\/2018\\\/11\\\/Admisiones-compressor.jpeg\",\"keywords\":[\"Comunicado\"],\"articleSection\":[\"Actualidad\",\"Universidad al D\u00eda\"],\"inLanguage\":\"es\"},{\"@type\":\"WebPage\",\"@id\":\"https:\\\/\\\/www.ucaldas.edu.co\\\/portal\\\/comunicado-n-6-facultad-de-ciencias-juridicas-y-sociales-consejo-de-facultad\\\/\",\"url\":\"https:\\\/\\\/www.ucaldas.edu.co\\\/portal\\\/comunicado-n-6-facultad-de-ciencias-juridicas-y-sociales-consejo-de-facultad\\\/\",\"name\":\"Comunicado N\u00b0 6 - Consejo de Facultad de Ciencias Jur\u00eddicas y Sociales .\",\"isPartOf\":{\"@id\":\"https:\\\/\\\/www.ucaldas.edu.co\\\/portal\\\/#website\"},\"primaryImageOfPage\":{\"@id\":\"https:\\\/\\\/www.ucaldas.edu.co\\\/portal\\\/comunicado-n-6-facultad-de-ciencias-juridicas-y-sociales-consejo-de-facultad\\\/#primaryimage\"},\"image\":{\"@id\":\"https:\\\/\\\/www.ucaldas.edu.co\\\/portal\\\/comunicado-n-6-facultad-de-ciencias-juridicas-y-sociales-consejo-de-facultad\\\/#primaryimage\"},\"thumbnailUrl\":\"https:\\\/\\\/www.ucaldas.edu.co\\\/portal\\\/wp-content\\\/uploads\\\/2018\\\/11\\\/Admisiones-compressor.jpeg\",\"datePublished\":\"2018-11-29T15:45:38+00:00\",\"dateModified\":\"2018-11-29T15:48:33+00:00\",\"breadcrumb\":{\"@id\":\"https:\\\/\\\/www.ucaldas.edu.co\\\/portal\\\/comunicado-n-6-facultad-de-ciencias-juridicas-y-sociales-consejo-de-facultad\\\/#breadcrumb\"},\"inLanguage\":\"es\",\"potentialAction\":[{\"@type\":\"ReadAction\",\"target\":[\"https:\\\/\\\/www.ucaldas.edu.co\\\/portal\\\/comunicado-n-6-facultad-de-ciencias-juridicas-y-sociales-consejo-de-facultad\\\/\"]}]},{\"@type\":\"ImageObject\",\"inLanguage\":\"es\",\"@id\":\"https:\\\/\\\/www.ucaldas.edu.co\\\/portal\\\/comunicado-n-6-facultad-de-ciencias-juridicas-y-sociales-consejo-de-facultad\\\/#primaryimage\",\"url\":\"https:\\\/\\\/www.ucaldas.edu.co\\\/portal\\\/wp-content\\\/uploads\\\/2018\\\/11\\\/Admisiones-compressor.jpeg\",\"contentUrl\":\"https:\\\/\\\/www.ucaldas.edu.co\\\/portal\\\/wp-content\\\/uploads\\\/2018\\\/11\\\/Admisiones-compressor.jpeg\",\"width\":700,\"height\":400},{\"@type\":\"BreadcrumbList\",\"@id\":\"https:\\\/\\\/www.ucaldas.edu.co\\\/portal\\\/comunicado-n-6-facultad-de-ciencias-juridicas-y-sociales-consejo-de-facultad\\\/#breadcrumb\",\"itemListElement\":[{\"@type\":\"ListItem\",\"position\":1,\"name\":\"Portada\",\"item\":\"https:\\\/\\\/www.ucaldas.edu.co\\\/portal\\\/\"},{\"@type\":\"ListItem\",\"position\":2,\"name\":\"Comunicado N\u00b0 6 &#8211; Consejo de Facultad de Ciencias Jur\u00eddicas y Sociales\"}]},{\"@type\":\"WebSite\",\"@id\":\"https:\\\/\\\/www.ucaldas.edu.co\\\/portal\\\/#website\",\"url\":\"https:\\\/\\\/www.ucaldas.edu.co\\\/portal\\\/\",\"name\":\"Universidad de Caldas\",\"description\":\"\",\"publisher\":{\"@id\":\"https:\\\/\\\/www.ucaldas.edu.co\\\/portal\\\/#organization\"},\"alternateName\":\"U. de Caldas\",\"potentialAction\":[{\"@type\":\"SearchAction\",\"target\":{\"@type\":\"EntryPoint\",\"urlTemplate\":\"https:\\\/\\\/www.ucaldas.edu.co\\\/portal\\\/?s={search_term_string}\"},\"query-input\":{\"@type\":\"PropertyValueSpecification\",\"valueRequired\":true,\"valueName\":\"search_term_string\"}}],\"inLanguage\":\"es\"},{\"@type\":\"Organization\",\"@id\":\"https:\\\/\\\/www.ucaldas.edu.co\\\/portal\\\/#organization\",\"name\":\"Universidad de Caldas\",\"alternateName\":\"U. de Caldas\",\"url\":\"https:\\\/\\\/www.ucaldas.edu.co\\\/portal\\\/\",\"logo\":{\"@type\":\"ImageObject\",\"inLanguage\":\"es\",\"@id\":\"https:\\\/\\\/www.ucaldas.edu.co\\\/portal\\\/#\\\/schema\\\/logo\\\/image\\\/\",\"url\":\"https:\\\/\\\/www.ucaldas.edu.co\\\/portal\\\/wp-content\\\/uploads\\\/2023\\\/11\\\/Logo_horizontal_oscuroU-2023.png\",\"contentUrl\":\"https:\\\/\\\/www.ucaldas.edu.co\\\/portal\\\/wp-content\\\/uploads\\\/2023\\\/11\\\/Logo_horizontal_oscuroU-2023.png\",\"width\":263,\"height\":101,\"caption\":\"Universidad de Caldas\"},\"image\":{\"@id\":\"https:\\\/\\\/www.ucaldas.edu.co\\\/portal\\\/#\\\/schema\\\/logo\\\/image\\\/\"},\"sameAs\":[\"https:\\\/\\\/www.facebook.com\\\/udecaldas\",\"https:\\\/\\\/x.com\\\/udecaldas\",\"https:\\\/\\\/www.youtube.com\\\/universidadcaldas\",\"https:\\\/\\\/www.instagram.com\\\/udecaldas\\\/\"]},{\"@type\":\"Person\",\"@id\":\"https:\\\/\\\/www.ucaldas.edu.co\\\/portal\\\/#\\\/schema\\\/person\\\/a1b482e23449158b4bc319926c074fdf\",\"name\":\"ofiprensa\",\"image\":{\"@type\":\"ImageObject\",\"inLanguage\":\"es\",\"@id\":\"https:\\\/\\\/www.ucaldas.edu.co\\\/portal\\\/wp-content\\\/litespeed\\\/avatar\\\/09ea5085e600095a7a811142c6944527.jpg?ver=1777497608\",\"url\":\"https:\\\/\\\/www.ucaldas.edu.co\\\/portal\\\/wp-content\\\/litespeed\\\/avatar\\\/09ea5085e600095a7a811142c6944527.jpg?ver=1777497608\",\"contentUrl\":\"https:\\\/\\\/www.ucaldas.edu.co\\\/portal\\\/wp-content\\\/litespeed\\\/avatar\\\/09ea5085e600095a7a811142c6944527.jpg?ver=1777497608\",\"caption\":\"ofiprensa\"},\"url\":\"https:\\\/\\\/www.ucaldas.edu.co\\\/portal\\\/author\\\/ofiprensa\\\/\"}]}<\/script>\n<!-- \/ Yoast SEO plugin. -->","yoast_head_json":{"title":"Comunicado N\u00b0 6 - Consejo de Facultad de Ciencias Jur\u00eddicas y Sociales .","robots":{"index":"index","follow":"follow","max-snippet":"max-snippet:-1","max-image-preview":"max-image-preview:large","max-video-preview":"max-video-preview:-1"},"canonical":"https:\/\/www.ucaldas.edu.co\/portal\/comunicado-n-6-facultad-de-ciencias-juridicas-y-sociales-consejo-de-facultad\/","schema":{"@context":"https:\/\/schema.org","@graph":[{"@type":"Article","@id":"https:\/\/www.ucaldas.edu.co\/portal\/comunicado-n-6-facultad-de-ciencias-juridicas-y-sociales-consejo-de-facultad\/#article","isPartOf":{"@id":"https:\/\/www.ucaldas.edu.co\/portal\/comunicado-n-6-facultad-de-ciencias-juridicas-y-sociales-consejo-de-facultad\/"},"author":{"name":"ofiprensa","@id":"https:\/\/www.ucaldas.edu.co\/portal\/#\/schema\/person\/a1b482e23449158b4bc319926c074fdf"},"headline":"Comunicado N\u00b0 6 &#8211; Consejo de Facultad de Ciencias Jur\u00eddicas y Sociales","datePublished":"2018-11-29T15:45:38+00:00","dateModified":"2018-11-29T15:48:33+00:00","mainEntityOfPage":{"@id":"https:\/\/www.ucaldas.edu.co\/portal\/comunicado-n-6-facultad-de-ciencias-juridicas-y-sociales-consejo-de-facultad\/"},"wordCount":648,"publisher":{"@id":"https:\/\/www.ucaldas.edu.co\/portal\/#organization"},"image":{"@id":"https:\/\/www.ucaldas.edu.co\/portal\/comunicado-n-6-facultad-de-ciencias-juridicas-y-sociales-consejo-de-facultad\/#primaryimage"},"thumbnailUrl":"https:\/\/www.ucaldas.edu.co\/portal\/wp-content\/uploads\/2018\/11\/Admisiones-compressor.jpeg","keywords":["Comunicado"],"articleSection":["Actualidad","Universidad al D\u00eda"],"inLanguage":"es"},{"@type":"WebPage","@id":"https:\/\/www.ucaldas.edu.co\/portal\/comunicado-n-6-facultad-de-ciencias-juridicas-y-sociales-consejo-de-facultad\/","url":"https:\/\/www.ucaldas.edu.co\/portal\/comunicado-n-6-facultad-de-ciencias-juridicas-y-sociales-consejo-de-facultad\/","name":"Comunicado N\u00b0 6 - Consejo de Facultad de Ciencias Jur\u00eddicas y Sociales .","isPartOf":{"@id":"https:\/\/www.ucaldas.edu.co\/portal\/#website"},"primaryImageOfPage":{"@id":"https:\/\/www.ucaldas.edu.co\/portal\/comunicado-n-6-facultad-de-ciencias-juridicas-y-sociales-consejo-de-facultad\/#primaryimage"},"image":{"@id":"https:\/\/www.ucaldas.edu.co\/portal\/comunicado-n-6-facultad-de-ciencias-juridicas-y-sociales-consejo-de-facultad\/#primaryimage"},"thumbnailUrl":"https:\/\/www.ucaldas.edu.co\/portal\/wp-content\/uploads\/2018\/11\/Admisiones-compressor.jpeg","datePublished":"2018-11-29T15:45:38+00:00","dateModified":"2018-11-29T15:48:33+00:00","breadcrumb":{"@id":"https:\/\/www.ucaldas.edu.co\/portal\/comunicado-n-6-facultad-de-ciencias-juridicas-y-sociales-consejo-de-facultad\/#breadcrumb"},"inLanguage":"es","potentialAction":[{"@type":"ReadAction","target":["https:\/\/www.ucaldas.edu.co\/portal\/comunicado-n-6-facultad-de-ciencias-juridicas-y-sociales-consejo-de-facultad\/"]}]},{"@type":"ImageObject","inLanguage":"es","@id":"https:\/\/www.ucaldas.edu.co\/portal\/comunicado-n-6-facultad-de-ciencias-juridicas-y-sociales-consejo-de-facultad\/#primaryimage","url":"https:\/\/www.ucaldas.edu.co\/portal\/wp-content\/uploads\/2018\/11\/Admisiones-compressor.jpeg","contentUrl":"https:\/\/www.ucaldas.edu.co\/portal\/wp-content\/uploads\/2018\/11\/Admisiones-compressor.jpeg","width":700,"height":400},{"@type":"BreadcrumbList","@id":"https:\/\/www.ucaldas.edu.co\/portal\/comunicado-n-6-facultad-de-ciencias-juridicas-y-sociales-consejo-de-facultad\/#breadcrumb","itemListElement":[{"@type":"ListItem","position":1,"name":"Portada","item":"https:\/\/www.ucaldas.edu.co\/portal\/"},{"@type":"ListItem","position":2,"name":"Comunicado N\u00b0 6 &#8211; Consejo de Facultad de Ciencias Jur\u00eddicas y Sociales"}]},{"@type":"WebSite","@id":"https:\/\/www.ucaldas.edu.co\/portal\/#website","url":"https:\/\/www.ucaldas.edu.co\/portal\/","name":"Universidad de Caldas","description":"","publisher":{"@id":"https:\/\/www.ucaldas.edu.co\/portal\/#organization"},"alternateName":"U. de Caldas","potentialAction":[{"@type":"SearchAction","target":{"@type":"EntryPoint","urlTemplate":"https:\/\/www.ucaldas.edu.co\/portal\/?s={search_term_string}"},"query-input":{"@type":"PropertyValueSpecification","valueRequired":true,"valueName":"search_term_string"}}],"inLanguage":"es"},{"@type":"Organization","@id":"https:\/\/www.ucaldas.edu.co\/portal\/#organization","name":"Universidad de Caldas","alternateName":"U. de Caldas","url":"https:\/\/www.ucaldas.edu.co\/portal\/","logo":{"@type":"ImageObject","inLanguage":"es","@id":"https:\/\/www.ucaldas.edu.co\/portal\/#\/schema\/logo\/image\/","url":"https:\/\/www.ucaldas.edu.co\/portal\/wp-content\/uploads\/2023\/11\/Logo_horizontal_oscuroU-2023.png","contentUrl":"https:\/\/www.ucaldas.edu.co\/portal\/wp-content\/uploads\/2023\/11\/Logo_horizontal_oscuroU-2023.png","width":263,"height":101,"caption":"Universidad de Caldas"},"image":{"@id":"https:\/\/www.ucaldas.edu.co\/portal\/#\/schema\/logo\/image\/"},"sameAs":["https:\/\/www.facebook.com\/udecaldas","https:\/\/x.com\/udecaldas","https:\/\/www.youtube.com\/universidadcaldas","https:\/\/www.instagram.com\/udecaldas\/"]},{"@type":"Person","@id":"https:\/\/www.ucaldas.edu.co\/portal\/#\/schema\/person\/a1b482e23449158b4bc319926c074fdf","name":"ofiprensa","image":{"@type":"ImageObject","inLanguage":"es","@id":"https:\/\/www.ucaldas.edu.co\/portal\/wp-content\/litespeed\/avatar\/09ea5085e600095a7a811142c6944527.jpg?ver=1777497608","url":"https:\/\/www.ucaldas.edu.co\/portal\/wp-content\/litespeed\/avatar\/09ea5085e600095a7a811142c6944527.jpg?ver=1777497608","contentUrl":"https:\/\/www.ucaldas.edu.co\/portal\/wp-content\/litespeed\/avatar\/09ea5085e600095a7a811142c6944527.jpg?ver=1777497608","caption":"ofiprensa"},"url":"https:\/\/www.ucaldas.edu.co\/portal\/author\/ofiprensa\/"}]}},"_links":{"self":[{"href":"https:\/\/www.ucaldas.edu.co\/portal\/wp-json\/wp\/v2\/posts\/44750","targetHints":{"allow":["GET"]}}],"collection":[{"href":"https:\/\/www.ucaldas.edu.co\/portal\/wp-json\/wp\/v2\/posts"}],"about":[{"href":"https:\/\/www.ucaldas.edu.co\/portal\/wp-json\/wp\/v2\/types\/post"}],"author":[{"embeddable":true,"href":"https:\/\/www.ucaldas.edu.co\/portal\/wp-json\/wp\/v2\/users\/2"}],"replies":[{"embeddable":true,"href":"https:\/\/www.ucaldas.edu.co\/portal\/wp-json\/wp\/v2\/comments?post=44750"}],"version-history":[{"count":0,"href":"https:\/\/www.ucaldas.edu.co\/portal\/wp-json\/wp\/v2\/posts\/44750\/revisions"}],"wp:featuredmedia":[{"embeddable":true,"href":"https:\/\/www.ucaldas.edu.co\/portal\/wp-json\/wp\/v2\/media\/44645"}],"wp:attachment":[{"href":"https:\/\/www.ucaldas.edu.co\/portal\/wp-json\/wp\/v2\/media?parent=44750"}],"wp:term":[{"taxonomy":"category","embeddable":true,"href":"https:\/\/www.ucaldas.edu.co\/portal\/wp-json\/wp\/v2\/categories?post=44750"},{"taxonomy":"post_tag","embeddable":true,"href":"https:\/\/www.ucaldas.edu.co\/portal\/wp-json\/wp\/v2\/tags?post=44750"}],"curies":[{"name":"wp","href":"https:\/\/api.w.org\/{rel}","templated":true}]}}