{"id":44653,"date":"2018-11-26T22:02:23","date_gmt":"2018-11-26T22:02:23","guid":{"rendered":"https:\/\/www.ucaldas.edu.co\/portal\/?p=44653"},"modified":"2018-11-26T22:02:23","modified_gmt":"2018-11-26T22:02:23","slug":"programate-para-este-jueves-en-el-encuentro-de-egresados-u-de-caldas-2018","status":"publish","type":"post","link":"https:\/\/www.ucaldas.edu.co\/portal\/programate-para-este-jueves-en-el-encuentro-de-egresados-u-de-caldas-2018\/","title":{"rendered":"Progr\u00e1mate para este jueves en el Encuentro de Egresados U. de Caldas 2018"},"content":{"rendered":"<p style=\"text-align: center;\">UN REENCUENTRO CON EL ALMA M\u00c1TER<\/p>\n<p style=\"text-align: center;\"><strong>Progr\u00e1mate para este jueves en el Encuentro de Egresados U. de Caldas 2018 <\/strong><\/p>\n<p style=\"text-align: right;\">26\/11\/2018<\/p>\n<p><strong>\u00a0<img loading=\"lazy\" decoding=\"async\" class=\"size-full wp-image-44630 aligncenter\" src=\"https:\/\/www.ucaldas.edu.co\/portal\/wp-content\/uploads\/2018\/11\/encuentro-de-egresados-compressor-1-1.jpg\" alt=\"\" width=\"700\" height=\"400\" srcset=\"https:\/\/www.ucaldas.edu.co\/portal\/wp-content\/uploads\/2018\/11\/encuentro-de-egresados-compressor-1-1.jpg 700w, https:\/\/www.ucaldas.edu.co\/portal\/wp-content\/uploads\/2018\/11\/encuentro-de-egresados-compressor-1-1-300x171.jpg 300w\" sizes=\"auto, (max-width: 700px) 100vw, 700px\" \/><\/strong><\/p>\n<p>Faltan pocos d\u00edas para el Encuentro de Egresados de la Universidad de Caldas, un evento apoyado por la Vicerrector\u00eda de Proyecci\u00f3n Universitaria, Centro Cultural Universitario Rogelio Salmona, Centro de Bibliotecas U. de Caldas, Editorial Universidad de Caldas, Orquesta Sinf\u00f3nica de Caldas y Makana Pac\u00edfico.<\/p>\n<p><!--more--><\/p>\n<p>El evento adem\u00e1s de ser un espacio de reencuentro con el Alma M\u00e1ter donde se tendr\u00e1 la oportunidad de compartir experiencias y generar espacios de conocimiento y experiencias, tambi\u00e9n se conmemorar\u00e1n los 75 a\u00f1os que lleva la Universidad de Caldas trabajando en pro de la Educaci\u00f3n Superior.<\/p>\n<p>&nbsp;<\/p>\n<p>Esta es la agenda del Encuentro.<\/p>\n<p>&nbsp;<\/p>\n<table>\n<tbody>\n<tr>\n<td width=\"121\"><strong>5:30 pm<\/strong><\/td>\n<td width=\"554\"><strong>Acreditaci\u00f3n.<\/strong><\/p>\n<p>Muestra de servicios institucionales y proyectos estrat\u00e9gicos de la Universidad de Caldas.<\/td>\n<\/tr>\n<tr>\n<td width=\"121\"><strong>6:00 pm<\/strong><\/td>\n<td width=\"554\"><strong>Di\u00e1logos para consolidar el futuro de la Universidad.<\/strong><\/p>\n<p>Encuentros por Facultades con Decanos y Representantes.<\/td>\n<\/tr>\n<tr>\n<td width=\"121\"><strong>7:15 pm<\/strong><\/td>\n<td width=\"554\"><strong>Saludo institucional.<\/strong><\/p>\n<p>Rector Alejandro Ceballos M\u00e1rquez.<\/p>\n<p><strong>Concierto.<\/strong><\/p>\n<p>Orquesta Sinf\u00f3nica de Caldas.<\/td>\n<\/tr>\n<tr>\n<td width=\"121\"><strong>7:45 pm <\/strong><\/td>\n<td width=\"554\"><strong>Intervenci\u00f3n musical.<\/strong><\/p>\n<p>Grupo Makana Pac\u00edfico &#8211; Departamento de M\u00fasica Universidad de Caldas.<\/p>\n<p><strong>Coctel.<\/strong><\/td>\n<\/tr>\n<\/tbody>\n<\/table>\n<p>&nbsp;<\/p>\n<p><a href=\"https:\/\/docs.google.com\/forms\/d\/e\/1FAIpQLSfynDMdNde-svgeWKGBFfJRZ6EmIdrYpGvJUrtfHRFYvnsIxA\/viewform\">Formato de inscripci\u00f3n.<\/a><\/p>\n<p><a href=\"http:\/\/egresados.ucaldas.edu.co\/\">Sitio web de egresados.<\/a><\/p>\n<p>&nbsp;<\/p>\n<p><strong>Informes: <\/strong>Oficina de Comunicaciones y Prensa Universidad de Caldas. Tel\u00e9fono: 8781500 Extensi\u00f3n: 12167<\/p>\n<p><strong>Redacci\u00f3n: <\/strong>Mateo Buritic\u00e1 Giraldo<\/p>\n<p>&nbsp;<\/p>\n","protected":false},"excerpt":{"rendered":"<p>UN REENCUENTRO CON EL ALMA M\u00c1TER Progr\u00e1mate para este jueves en el Encuentro de Egresados U. de Caldas 2018 26\/11\/2018 \u00a0 Faltan pocos d\u00edas para el Encuentro de Egresados de la Universidad de Caldas, un evento apoyado por la Vicerrector\u00eda de Proyecci\u00f3n Universitaria, Centro Cultural Universitario Rogelio Salmona, Centro de Bibliotecas U. de Caldas, Editorial [&hellip;]<\/p>\n","protected":false},"author":2,"featured_media":44630,"comment_status":"closed","ping_status":"open","sticky":false,"template":"","format":"standard","meta":{"footnotes":""},"categories":[48,53,62],"tags":[177,178,297,2566],"class_list":["post-44653","post","type-post","status-publish","format-standard","has-post-thumbnail","hentry","category-actualidad","category-universidad-al-dia","category-eventos","tag-egresados","tag-encuentro","tag-inscripciones","tag-agenda"],"yoast_head":"<!-- This site is optimized with the Yoast SEO plugin v27.4 - https:\/\/yoast.com\/product\/yoast-seo-wordpress\/ -->\n<title>Progr\u00e1mate para este jueves en el Encuentro de Egresados U. de Caldas 2018 .<\/title>\n<meta name=\"robots\" content=\"index, follow, max-snippet:-1, max-image-preview:large, max-video-preview:-1\" \/>\n<link rel=\"canonical\" href=\"https:\/\/www.ucaldas.edu.co\/portal\/programate-para-este-jueves-en-el-encuentro-de-egresados-u-de-caldas-2018\/\" \/>\n<script type=\"application\/ld+json\" class=\"yoast-schema-graph\">{\"@context\":\"https:\\\/\\\/schema.org\",\"@graph\":[{\"@type\":\"Article\",\"@id\":\"https:\\\/\\\/www.ucaldas.edu.co\\\/portal\\\/programate-para-este-jueves-en-el-encuentro-de-egresados-u-de-caldas-2018\\\/#article\",\"isPartOf\":{\"@id\":\"https:\\\/\\\/www.ucaldas.edu.co\\\/portal\\\/programate-para-este-jueves-en-el-encuentro-de-egresados-u-de-caldas-2018\\\/\"},\"author\":{\"name\":\"ofiprensa\",\"@id\":\"https:\\\/\\\/www.ucaldas.edu.co\\\/portal\\\/#\\\/schema\\\/person\\\/a1b482e23449158b4bc319926c074fdf\"},\"headline\":\"Progr\u00e1mate para este jueves en el Encuentro de Egresados U. de Caldas 2018\",\"datePublished\":\"2018-11-26T22:02:23+00:00\",\"mainEntityOfPage\":{\"@id\":\"https:\\\/\\\/www.ucaldas.edu.co\\\/portal\\\/programate-para-este-jueves-en-el-encuentro-de-egresados-u-de-caldas-2018\\\/\"},\"wordCount\":235,\"publisher\":{\"@id\":\"https:\\\/\\\/www.ucaldas.edu.co\\\/portal\\\/#organization\"},\"image\":{\"@id\":\"https:\\\/\\\/www.ucaldas.edu.co\\\/portal\\\/programate-para-este-jueves-en-el-encuentro-de-egresados-u-de-caldas-2018\\\/#primaryimage\"},\"thumbnailUrl\":\"https:\\\/\\\/www.ucaldas.edu.co\\\/portal\\\/wp-content\\\/uploads\\\/2018\\\/11\\\/encuentro-de-egresados-compressor-1-1.jpg\",\"keywords\":[\"egresados\",\"encuentro\",\"Inscripciones\",\"agenda\"],\"articleSection\":[\"Actualidad\",\"Universidad al D\u00eda\",\"Eventos\"],\"inLanguage\":\"es\"},{\"@type\":\"WebPage\",\"@id\":\"https:\\\/\\\/www.ucaldas.edu.co\\\/portal\\\/programate-para-este-jueves-en-el-encuentro-de-egresados-u-de-caldas-2018\\\/\",\"url\":\"https:\\\/\\\/www.ucaldas.edu.co\\\/portal\\\/programate-para-este-jueves-en-el-encuentro-de-egresados-u-de-caldas-2018\\\/\",\"name\":\"Progr\u00e1mate para este jueves en el Encuentro de Egresados U. de Caldas 2018 .\",\"isPartOf\":{\"@id\":\"https:\\\/\\\/www.ucaldas.edu.co\\\/portal\\\/#website\"},\"primaryImageOfPage\":{\"@id\":\"https:\\\/\\\/www.ucaldas.edu.co\\\/portal\\\/programate-para-este-jueves-en-el-encuentro-de-egresados-u-de-caldas-2018\\\/#primaryimage\"},\"image\":{\"@id\":\"https:\\\/\\\/www.ucaldas.edu.co\\\/portal\\\/programate-para-este-jueves-en-el-encuentro-de-egresados-u-de-caldas-2018\\\/#primaryimage\"},\"thumbnailUrl\":\"https:\\\/\\\/www.ucaldas.edu.co\\\/portal\\\/wp-content\\\/uploads\\\/2018\\\/11\\\/encuentro-de-egresados-compressor-1-1.jpg\",\"datePublished\":\"2018-11-26T22:02:23+00:00\",\"breadcrumb\":{\"@id\":\"https:\\\/\\\/www.ucaldas.edu.co\\\/portal\\\/programate-para-este-jueves-en-el-encuentro-de-egresados-u-de-caldas-2018\\\/#breadcrumb\"},\"inLanguage\":\"es\",\"potentialAction\":[{\"@type\":\"ReadAction\",\"target\":[\"https:\\\/\\\/www.ucaldas.edu.co\\\/portal\\\/programate-para-este-jueves-en-el-encuentro-de-egresados-u-de-caldas-2018\\\/\"]}]},{\"@type\":\"ImageObject\",\"inLanguage\":\"es\",\"@id\":\"https:\\\/\\\/www.ucaldas.edu.co\\\/portal\\\/programate-para-este-jueves-en-el-encuentro-de-egresados-u-de-caldas-2018\\\/#primaryimage\",\"url\":\"https:\\\/\\\/www.ucaldas.edu.co\\\/portal\\\/wp-content\\\/uploads\\\/2018\\\/11\\\/encuentro-de-egresados-compressor-1-1.jpg\",\"contentUrl\":\"https:\\\/\\\/www.ucaldas.edu.co\\\/portal\\\/wp-content\\\/uploads\\\/2018\\\/11\\\/encuentro-de-egresados-compressor-1-1.jpg\",\"width\":700,\"height\":400},{\"@type\":\"BreadcrumbList\",\"@id\":\"https:\\\/\\\/www.ucaldas.edu.co\\\/portal\\\/programate-para-este-jueves-en-el-encuentro-de-egresados-u-de-caldas-2018\\\/#breadcrumb\",\"itemListElement\":[{\"@type\":\"ListItem\",\"position\":1,\"name\":\"Portada\",\"item\":\"https:\\\/\\\/www.ucaldas.edu.co\\\/portal\\\/\"},{\"@type\":\"ListItem\",\"position\":2,\"name\":\"Progr\u00e1mate para este jueves en el Encuentro de Egresados U. de Caldas 2018\"}]},{\"@type\":\"WebSite\",\"@id\":\"https:\\\/\\\/www.ucaldas.edu.co\\\/portal\\\/#website\",\"url\":\"https:\\\/\\\/www.ucaldas.edu.co\\\/portal\\\/\",\"name\":\"Universidad de Caldas\",\"description\":\"\",\"publisher\":{\"@id\":\"https:\\\/\\\/www.ucaldas.edu.co\\\/portal\\\/#organization\"},\"alternateName\":\"U. de Caldas\",\"potentialAction\":[{\"@type\":\"SearchAction\",\"target\":{\"@type\":\"EntryPoint\",\"urlTemplate\":\"https:\\\/\\\/www.ucaldas.edu.co\\\/portal\\\/?s={search_term_string}\"},\"query-input\":{\"@type\":\"PropertyValueSpecification\",\"valueRequired\":true,\"valueName\":\"search_term_string\"}}],\"inLanguage\":\"es\"},{\"@type\":\"Organization\",\"@id\":\"https:\\\/\\\/www.ucaldas.edu.co\\\/portal\\\/#organization\",\"name\":\"Universidad de Caldas\",\"alternateName\":\"U. de Caldas\",\"url\":\"https:\\\/\\\/www.ucaldas.edu.co\\\/portal\\\/\",\"logo\":{\"@type\":\"ImageObject\",\"inLanguage\":\"es\",\"@id\":\"https:\\\/\\\/www.ucaldas.edu.co\\\/portal\\\/#\\\/schema\\\/logo\\\/image\\\/\",\"url\":\"https:\\\/\\\/www.ucaldas.edu.co\\\/portal\\\/wp-content\\\/uploads\\\/2023\\\/11\\\/Logo_horizontal_oscuroU-2023.png\",\"contentUrl\":\"https:\\\/\\\/www.ucaldas.edu.co\\\/portal\\\/wp-content\\\/uploads\\\/2023\\\/11\\\/Logo_horizontal_oscuroU-2023.png\",\"width\":263,\"height\":101,\"caption\":\"Universidad de Caldas\"},\"image\":{\"@id\":\"https:\\\/\\\/www.ucaldas.edu.co\\\/portal\\\/#\\\/schema\\\/logo\\\/image\\\/\"},\"sameAs\":[\"https:\\\/\\\/www.facebook.com\\\/udecaldas\",\"https:\\\/\\\/x.com\\\/udecaldas\",\"https:\\\/\\\/www.youtube.com\\\/universidadcaldas\",\"https:\\\/\\\/www.instagram.com\\\/udecaldas\\\/\"]},{\"@type\":\"Person\",\"@id\":\"https:\\\/\\\/www.ucaldas.edu.co\\\/portal\\\/#\\\/schema\\\/person\\\/a1b482e23449158b4bc319926c074fdf\",\"name\":\"ofiprensa\",\"image\":{\"@type\":\"ImageObject\",\"inLanguage\":\"es\",\"@id\":\"https:\\\/\\\/www.ucaldas.edu.co\\\/portal\\\/wp-content\\\/litespeed\\\/avatar\\\/09ea5085e600095a7a811142c6944527.jpg?ver=1776892805\",\"url\":\"https:\\\/\\\/www.ucaldas.edu.co\\\/portal\\\/wp-content\\\/litespeed\\\/avatar\\\/09ea5085e600095a7a811142c6944527.jpg?ver=1776892805\",\"contentUrl\":\"https:\\\/\\\/www.ucaldas.edu.co\\\/portal\\\/wp-content\\\/litespeed\\\/avatar\\\/09ea5085e600095a7a811142c6944527.jpg?ver=1776892805\",\"caption\":\"ofiprensa\"},\"url\":\"https:\\\/\\\/www.ucaldas.edu.co\\\/portal\\\/author\\\/ofiprensa\\\/\"}]}<\/script>\n<!-- \/ Yoast SEO plugin. -->","yoast_head_json":{"title":"Progr\u00e1mate para este jueves en el Encuentro de Egresados U. de Caldas 2018 .","robots":{"index":"index","follow":"follow","max-snippet":"max-snippet:-1","max-image-preview":"max-image-preview:large","max-video-preview":"max-video-preview:-1"},"canonical":"https:\/\/www.ucaldas.edu.co\/portal\/programate-para-este-jueves-en-el-encuentro-de-egresados-u-de-caldas-2018\/","schema":{"@context":"https:\/\/schema.org","@graph":[{"@type":"Article","@id":"https:\/\/www.ucaldas.edu.co\/portal\/programate-para-este-jueves-en-el-encuentro-de-egresados-u-de-caldas-2018\/#article","isPartOf":{"@id":"https:\/\/www.ucaldas.edu.co\/portal\/programate-para-este-jueves-en-el-encuentro-de-egresados-u-de-caldas-2018\/"},"author":{"name":"ofiprensa","@id":"https:\/\/www.ucaldas.edu.co\/portal\/#\/schema\/person\/a1b482e23449158b4bc319926c074fdf"},"headline":"Progr\u00e1mate para este jueves en el Encuentro de Egresados U. de Caldas 2018","datePublished":"2018-11-26T22:02:23+00:00","mainEntityOfPage":{"@id":"https:\/\/www.ucaldas.edu.co\/portal\/programate-para-este-jueves-en-el-encuentro-de-egresados-u-de-caldas-2018\/"},"wordCount":235,"publisher":{"@id":"https:\/\/www.ucaldas.edu.co\/portal\/#organization"},"image":{"@id":"https:\/\/www.ucaldas.edu.co\/portal\/programate-para-este-jueves-en-el-encuentro-de-egresados-u-de-caldas-2018\/#primaryimage"},"thumbnailUrl":"https:\/\/www.ucaldas.edu.co\/portal\/wp-content\/uploads\/2018\/11\/encuentro-de-egresados-compressor-1-1.jpg","keywords":["egresados","encuentro","Inscripciones","agenda"],"articleSection":["Actualidad","Universidad al D\u00eda","Eventos"],"inLanguage":"es"},{"@type":"WebPage","@id":"https:\/\/www.ucaldas.edu.co\/portal\/programate-para-este-jueves-en-el-encuentro-de-egresados-u-de-caldas-2018\/","url":"https:\/\/www.ucaldas.edu.co\/portal\/programate-para-este-jueves-en-el-encuentro-de-egresados-u-de-caldas-2018\/","name":"Progr\u00e1mate para este jueves en el Encuentro de Egresados U. de Caldas 2018 .","isPartOf":{"@id":"https:\/\/www.ucaldas.edu.co\/portal\/#website"},"primaryImageOfPage":{"@id":"https:\/\/www.ucaldas.edu.co\/portal\/programate-para-este-jueves-en-el-encuentro-de-egresados-u-de-caldas-2018\/#primaryimage"},"image":{"@id":"https:\/\/www.ucaldas.edu.co\/portal\/programate-para-este-jueves-en-el-encuentro-de-egresados-u-de-caldas-2018\/#primaryimage"},"thumbnailUrl":"https:\/\/www.ucaldas.edu.co\/portal\/wp-content\/uploads\/2018\/11\/encuentro-de-egresados-compressor-1-1.jpg","datePublished":"2018-11-26T22:02:23+00:00","breadcrumb":{"@id":"https:\/\/www.ucaldas.edu.co\/portal\/programate-para-este-jueves-en-el-encuentro-de-egresados-u-de-caldas-2018\/#breadcrumb"},"inLanguage":"es","potentialAction":[{"@type":"ReadAction","target":["https:\/\/www.ucaldas.edu.co\/portal\/programate-para-este-jueves-en-el-encuentro-de-egresados-u-de-caldas-2018\/"]}]},{"@type":"ImageObject","inLanguage":"es","@id":"https:\/\/www.ucaldas.edu.co\/portal\/programate-para-este-jueves-en-el-encuentro-de-egresados-u-de-caldas-2018\/#primaryimage","url":"https:\/\/www.ucaldas.edu.co\/portal\/wp-content\/uploads\/2018\/11\/encuentro-de-egresados-compressor-1-1.jpg","contentUrl":"https:\/\/www.ucaldas.edu.co\/portal\/wp-content\/uploads\/2018\/11\/encuentro-de-egresados-compressor-1-1.jpg","width":700,"height":400},{"@type":"BreadcrumbList","@id":"https:\/\/www.ucaldas.edu.co\/portal\/programate-para-este-jueves-en-el-encuentro-de-egresados-u-de-caldas-2018\/#breadcrumb","itemListElement":[{"@type":"ListItem","position":1,"name":"Portada","item":"https:\/\/www.ucaldas.edu.co\/portal\/"},{"@type":"ListItem","position":2,"name":"Progr\u00e1mate para este jueves en el Encuentro de Egresados U. de Caldas 2018"}]},{"@type":"WebSite","@id":"https:\/\/www.ucaldas.edu.co\/portal\/#website","url":"https:\/\/www.ucaldas.edu.co\/portal\/","name":"Universidad de Caldas","description":"","publisher":{"@id":"https:\/\/www.ucaldas.edu.co\/portal\/#organization"},"alternateName":"U. de Caldas","potentialAction":[{"@type":"SearchAction","target":{"@type":"EntryPoint","urlTemplate":"https:\/\/www.ucaldas.edu.co\/portal\/?s={search_term_string}"},"query-input":{"@type":"PropertyValueSpecification","valueRequired":true,"valueName":"search_term_string"}}],"inLanguage":"es"},{"@type":"Organization","@id":"https:\/\/www.ucaldas.edu.co\/portal\/#organization","name":"Universidad de Caldas","alternateName":"U. de Caldas","url":"https:\/\/www.ucaldas.edu.co\/portal\/","logo":{"@type":"ImageObject","inLanguage":"es","@id":"https:\/\/www.ucaldas.edu.co\/portal\/#\/schema\/logo\/image\/","url":"https:\/\/www.ucaldas.edu.co\/portal\/wp-content\/uploads\/2023\/11\/Logo_horizontal_oscuroU-2023.png","contentUrl":"https:\/\/www.ucaldas.edu.co\/portal\/wp-content\/uploads\/2023\/11\/Logo_horizontal_oscuroU-2023.png","width":263,"height":101,"caption":"Universidad de Caldas"},"image":{"@id":"https:\/\/www.ucaldas.edu.co\/portal\/#\/schema\/logo\/image\/"},"sameAs":["https:\/\/www.facebook.com\/udecaldas","https:\/\/x.com\/udecaldas","https:\/\/www.youtube.com\/universidadcaldas","https:\/\/www.instagram.com\/udecaldas\/"]},{"@type":"Person","@id":"https:\/\/www.ucaldas.edu.co\/portal\/#\/schema\/person\/a1b482e23449158b4bc319926c074fdf","name":"ofiprensa","image":{"@type":"ImageObject","inLanguage":"es","@id":"https:\/\/www.ucaldas.edu.co\/portal\/wp-content\/litespeed\/avatar\/09ea5085e600095a7a811142c6944527.jpg?ver=1776892805","url":"https:\/\/www.ucaldas.edu.co\/portal\/wp-content\/litespeed\/avatar\/09ea5085e600095a7a811142c6944527.jpg?ver=1776892805","contentUrl":"https:\/\/www.ucaldas.edu.co\/portal\/wp-content\/litespeed\/avatar\/09ea5085e600095a7a811142c6944527.jpg?ver=1776892805","caption":"ofiprensa"},"url":"https:\/\/www.ucaldas.edu.co\/portal\/author\/ofiprensa\/"}]}},"_links":{"self":[{"href":"https:\/\/www.ucaldas.edu.co\/portal\/wp-json\/wp\/v2\/posts\/44653","targetHints":{"allow":["GET"]}}],"collection":[{"href":"https:\/\/www.ucaldas.edu.co\/portal\/wp-json\/wp\/v2\/posts"}],"about":[{"href":"https:\/\/www.ucaldas.edu.co\/portal\/wp-json\/wp\/v2\/types\/post"}],"author":[{"embeddable":true,"href":"https:\/\/www.ucaldas.edu.co\/portal\/wp-json\/wp\/v2\/users\/2"}],"replies":[{"embeddable":true,"href":"https:\/\/www.ucaldas.edu.co\/portal\/wp-json\/wp\/v2\/comments?post=44653"}],"version-history":[{"count":0,"href":"https:\/\/www.ucaldas.edu.co\/portal\/wp-json\/wp\/v2\/posts\/44653\/revisions"}],"wp:featuredmedia":[{"embeddable":true,"href":"https:\/\/www.ucaldas.edu.co\/portal\/wp-json\/wp\/v2\/media\/44630"}],"wp:attachment":[{"href":"https:\/\/www.ucaldas.edu.co\/portal\/wp-json\/wp\/v2\/media?parent=44653"}],"wp:term":[{"taxonomy":"category","embeddable":true,"href":"https:\/\/www.ucaldas.edu.co\/portal\/wp-json\/wp\/v2\/categories?post=44653"},{"taxonomy":"post_tag","embeddable":true,"href":"https:\/\/www.ucaldas.edu.co\/portal\/wp-json\/wp\/v2\/tags?post=44653"}],"curies":[{"name":"wp","href":"https:\/\/api.w.org\/{rel}","templated":true}]}}