{"id":44644,"date":"2018-11-26T14:06:13","date_gmt":"2018-11-26T14:06:13","guid":{"rendered":"https:\/\/www.ucaldas.edu.co\/portal\/?p=44644"},"modified":"2018-11-26T21:39:16","modified_gmt":"2018-11-26T21:39:16","slug":"comunicado-del-consejo-academico-respecto-a-los-bloqueos-de-algunos-edificios-de-la-u-de-caldas","status":"publish","type":"post","link":"https:\/\/www.ucaldas.edu.co\/portal\/comunicado-del-consejo-academico-respecto-a-los-bloqueos-de-algunos-edificios-de-la-u-de-caldas\/","title":{"rendered":"Comunicado del Consejo Acad\u00e9mico sobre la situaci\u00f3n actual de la U. de Caldas"},"content":{"rendered":"<p style=\"text-align: center;\"><strong>UNIVERSIDAD DE CALDAS<\/strong><\/p>\n<p style=\"text-align: center;\"><strong>COMUNICADO Nro. 08<\/strong><\/p>\n<p style=\"text-align: center;\"><strong><img loading=\"lazy\" decoding=\"async\" class=\"aligncenter wp-image-44645 size-full\" src=\"https:\/\/www.ucaldas.edu.co\/portal\/wp-content\/uploads\/2018\/11\/Admisiones-compressor.jpeg\" alt=\"\" width=\"700\" height=\"400\" srcset=\"https:\/\/www.ucaldas.edu.co\/portal\/wp-content\/uploads\/2018\/11\/Admisiones-compressor.jpeg 700w, https:\/\/www.ucaldas.edu.co\/portal\/wp-content\/uploads\/2018\/11\/Admisiones-compressor-300x171.jpeg 300w\" sizes=\"auto, (max-width: 700px) 100vw, 700px\" \/>\u00a0<\/strong><\/p>\n<p><strong>PARA:\u00a0\u00a0\u00a0\u00a0\u00a0\u00a0\u00a0\u00a0\u00a0\u00a0 COMUNIDAD UNIVERSITARIA<\/strong><\/p>\n<p>&nbsp;<\/p>\n<p><strong>FECHA: \u00a0\u00a0\u00a0\u00a0\u00a0\u00a0 MANIZALES, 23 DE NOVIEMBRE DE 2018<\/strong><\/p>\n<p>&nbsp;<\/p>\n<p>El Consejo Acad\u00e9mico de la Universidad de Caldas, en sesi\u00f3n ordinaria realizada el d\u00eda jueves 22 de noviembre del a\u00f1o en curso, decidi\u00f3, por mayor\u00eda, reiterar a la Comunidad Universitaria:<\/p>\n<p>&nbsp;<\/p>\n<p><strong><em>Su rechazo vehemente <\/em><\/strong>a las v\u00edas de hecho en las protestas que se adelantan para visibilizar la problem\u00e1tica de la universidad p\u00fablica y en cuyo marco se bloque\u00f3 el acceso a la Sede Central de la Universidad, afectando el edificio administrativo y el edificio \u201cOrlando Sierra\u201d bloques B y C.<\/p>\n<p>&nbsp;<\/p>\n<p>Como es de conocimiento general, el Consejo Superior, el Equipo Directivo, y esta Corporaci\u00f3n, han respetado y garantizado el derecho constitucional a la movilizaci\u00f3n y la protesta estudiantil y profesoral, por lo que no existen razones justificadas para la adopci\u00f3n de la fuerza en las activaciones se\u00f1aladas.<\/p>\n<p>&nbsp;<\/p>\n<p>La defensa de la Educaci\u00f3n P\u00fablica Superior y de alta calidad es un prop\u00f3sito que compartimos y apoyamos. No obstante, es imperativo qu\u00e9, en la lucha por este derecho, prevalezca el respeto por las diferencias. En las actuales circunstancias, la Universidad demanda la continuaci\u00f3n de las actividades acad\u00e9micas y administrativas, so pena de evitar una profundizaci\u00f3n de la crisis financiera, que motiva la movilizaci\u00f3n.<\/p>\n<p>&nbsp;<\/p>\n<p><strong><em>La necesidad de<\/em><\/strong> <strong><em>buscar alternativas<\/em><\/strong> diferentes a la Asamblea Permanente, que permitan la continuidad en el desarrollo de las funciones misionales de la Universidad en el presente per\u00edodo acad\u00e9mico.<\/p>\n<p>&nbsp;<\/p>\n<p>El retorno a clases deber\u00eda ser inmediato, considerando las implicaciones que tiene la culminaci\u00f3n del periodo 2018 \u2013 2, con miras a hacer efectivos los dos periodos acad\u00e9micos en el a\u00f1o 2019.<\/p>\n<p>&nbsp;<\/p>\n<p>&nbsp;<\/p>\n<p><strong>ALEJANDRO CEBALLOS M\u00c1RQUEZ<\/strong><\/p>\n<p><strong>PRESIDENTE<\/strong><\/p>\n<p><strong>\u00a0<\/strong><\/p>\n<p><strong>CAROLINA LOPEZ SANCHEZ<\/strong><\/p>\n<p><strong>SECRETARIA (E)<\/strong><\/p>\n<p>&nbsp;<\/p>\n<p>&nbsp;<\/p>\n<p>Nota: Se deja constancia que la representaci\u00f3n profesoral, estudiantil, directores de departamento y programas votaron en contra para la emisi\u00f3n del presente comunicado.<\/p>\n<p>&nbsp;<\/p>\n<p><a href=\"https:\/\/www.ucaldas.edu.co\/portal\/wp-content\/uploads\/2018\/11\/COMUNICADO-08-DE-2018-ca.pdf\">Comunicado<\/a><\/p>\n","protected":false},"excerpt":{"rendered":"<p>UNIVERSIDAD DE CALDAS COMUNICADO Nro. 08 \u00a0 PARA:\u00a0\u00a0\u00a0\u00a0\u00a0\u00a0\u00a0\u00a0\u00a0\u00a0 COMUNIDAD UNIVERSITARIA &nbsp; FECHA: \u00a0\u00a0\u00a0\u00a0\u00a0\u00a0 MANIZALES, 23 DE NOVIEMBRE DE 2018 &nbsp; El Consejo Acad\u00e9mico de la Universidad de Caldas, en sesi\u00f3n ordinaria realizada el d\u00eda jueves 22 de noviembre del a\u00f1o en curso, decidi\u00f3, por mayor\u00eda, reiterar a la Comunidad Universitaria: &nbsp; Su rechazo vehemente a [&hellip;]<\/p>\n","protected":false},"author":2,"featured_media":44645,"comment_status":"closed","ping_status":"open","sticky":false,"template":"","format":"standard","meta":{"footnotes":""},"categories":[243,48,53],"tags":[1117,1212],"class_list":["post-44644","post","type-post","status-publish","format-standard","has-post-thumbnail","hentry","category-ucaldas-acreditada","category-actualidad","category-universidad-al-dia","tag-consejo-academico","tag-comunicado"],"yoast_head":"<!-- This site is optimized with the Yoast SEO plugin v27.5 - https:\/\/yoast.com\/product\/yoast-seo-wordpress\/ -->\n<title>Comunicado del Consejo Acad\u00e9mico sobre la situaci\u00f3n actual de la U. de Caldas .<\/title>\n<meta name=\"robots\" content=\"index, follow, max-snippet:-1, max-image-preview:large, max-video-preview:-1\" \/>\n<link rel=\"canonical\" href=\"https:\/\/www.ucaldas.edu.co\/portal\/comunicado-del-consejo-academico-respecto-a-los-bloqueos-de-algunos-edificios-de-la-u-de-caldas\/\" \/>\n<script type=\"application\/ld+json\" class=\"yoast-schema-graph\">{\"@context\":\"https:\\\/\\\/schema.org\",\"@graph\":[{\"@type\":\"Article\",\"@id\":\"https:\\\/\\\/www.ucaldas.edu.co\\\/portal\\\/comunicado-del-consejo-academico-respecto-a-los-bloqueos-de-algunos-edificios-de-la-u-de-caldas\\\/#article\",\"isPartOf\":{\"@id\":\"https:\\\/\\\/www.ucaldas.edu.co\\\/portal\\\/comunicado-del-consejo-academico-respecto-a-los-bloqueos-de-algunos-edificios-de-la-u-de-caldas\\\/\"},\"author\":{\"name\":\"ofiprensa\",\"@id\":\"https:\\\/\\\/www.ucaldas.edu.co\\\/portal\\\/#\\\/schema\\\/person\\\/a1b482e23449158b4bc319926c074fdf\"},\"headline\":\"Comunicado del Consejo Acad\u00e9mico sobre la situaci\u00f3n actual de la U. de Caldas\",\"datePublished\":\"2018-11-26T14:06:13+00:00\",\"dateModified\":\"2018-11-26T21:39:16+00:00\",\"mainEntityOfPage\":{\"@id\":\"https:\\\/\\\/www.ucaldas.edu.co\\\/portal\\\/comunicado-del-consejo-academico-respecto-a-los-bloqueos-de-algunos-edificios-de-la-u-de-caldas\\\/\"},\"wordCount\":348,\"publisher\":{\"@id\":\"https:\\\/\\\/www.ucaldas.edu.co\\\/portal\\\/#organization\"},\"image\":{\"@id\":\"https:\\\/\\\/www.ucaldas.edu.co\\\/portal\\\/comunicado-del-consejo-academico-respecto-a-los-bloqueos-de-algunos-edificios-de-la-u-de-caldas\\\/#primaryimage\"},\"thumbnailUrl\":\"https:\\\/\\\/www.ucaldas.edu.co\\\/portal\\\/wp-content\\\/uploads\\\/2018\\\/11\\\/Admisiones-compressor.jpeg\",\"keywords\":[\"Consejo Acad\u00e9mico\",\"Comunicado\"],\"articleSection\":[\"Ucaldas Acreditada\",\"Actualidad\",\"Universidad al D\u00eda\"],\"inLanguage\":\"es\"},{\"@type\":\"WebPage\",\"@id\":\"https:\\\/\\\/www.ucaldas.edu.co\\\/portal\\\/comunicado-del-consejo-academico-respecto-a-los-bloqueos-de-algunos-edificios-de-la-u-de-caldas\\\/\",\"url\":\"https:\\\/\\\/www.ucaldas.edu.co\\\/portal\\\/comunicado-del-consejo-academico-respecto-a-los-bloqueos-de-algunos-edificios-de-la-u-de-caldas\\\/\",\"name\":\"Comunicado del Consejo Acad\u00e9mico sobre la situaci\u00f3n actual de la U. de Caldas .\",\"isPartOf\":{\"@id\":\"https:\\\/\\\/www.ucaldas.edu.co\\\/portal\\\/#website\"},\"primaryImageOfPage\":{\"@id\":\"https:\\\/\\\/www.ucaldas.edu.co\\\/portal\\\/comunicado-del-consejo-academico-respecto-a-los-bloqueos-de-algunos-edificios-de-la-u-de-caldas\\\/#primaryimage\"},\"image\":{\"@id\":\"https:\\\/\\\/www.ucaldas.edu.co\\\/portal\\\/comunicado-del-consejo-academico-respecto-a-los-bloqueos-de-algunos-edificios-de-la-u-de-caldas\\\/#primaryimage\"},\"thumbnailUrl\":\"https:\\\/\\\/www.ucaldas.edu.co\\\/portal\\\/wp-content\\\/uploads\\\/2018\\\/11\\\/Admisiones-compressor.jpeg\",\"datePublished\":\"2018-11-26T14:06:13+00:00\",\"dateModified\":\"2018-11-26T21:39:16+00:00\",\"breadcrumb\":{\"@id\":\"https:\\\/\\\/www.ucaldas.edu.co\\\/portal\\\/comunicado-del-consejo-academico-respecto-a-los-bloqueos-de-algunos-edificios-de-la-u-de-caldas\\\/#breadcrumb\"},\"inLanguage\":\"es\",\"potentialAction\":[{\"@type\":\"ReadAction\",\"target\":[\"https:\\\/\\\/www.ucaldas.edu.co\\\/portal\\\/comunicado-del-consejo-academico-respecto-a-los-bloqueos-de-algunos-edificios-de-la-u-de-caldas\\\/\"]}]},{\"@type\":\"ImageObject\",\"inLanguage\":\"es\",\"@id\":\"https:\\\/\\\/www.ucaldas.edu.co\\\/portal\\\/comunicado-del-consejo-academico-respecto-a-los-bloqueos-de-algunos-edificios-de-la-u-de-caldas\\\/#primaryimage\",\"url\":\"https:\\\/\\\/www.ucaldas.edu.co\\\/portal\\\/wp-content\\\/uploads\\\/2018\\\/11\\\/Admisiones-compressor.jpeg\",\"contentUrl\":\"https:\\\/\\\/www.ucaldas.edu.co\\\/portal\\\/wp-content\\\/uploads\\\/2018\\\/11\\\/Admisiones-compressor.jpeg\",\"width\":700,\"height\":400},{\"@type\":\"BreadcrumbList\",\"@id\":\"https:\\\/\\\/www.ucaldas.edu.co\\\/portal\\\/comunicado-del-consejo-academico-respecto-a-los-bloqueos-de-algunos-edificios-de-la-u-de-caldas\\\/#breadcrumb\",\"itemListElement\":[{\"@type\":\"ListItem\",\"position\":1,\"name\":\"Portada\",\"item\":\"https:\\\/\\\/www.ucaldas.edu.co\\\/portal\\\/\"},{\"@type\":\"ListItem\",\"position\":2,\"name\":\"Comunicado del Consejo Acad\u00e9mico sobre la situaci\u00f3n actual de la U. de Caldas\"}]},{\"@type\":\"WebSite\",\"@id\":\"https:\\\/\\\/www.ucaldas.edu.co\\\/portal\\\/#website\",\"url\":\"https:\\\/\\\/www.ucaldas.edu.co\\\/portal\\\/\",\"name\":\"Universidad de Caldas\",\"description\":\"\",\"publisher\":{\"@id\":\"https:\\\/\\\/www.ucaldas.edu.co\\\/portal\\\/#organization\"},\"alternateName\":\"U. de Caldas\",\"potentialAction\":[{\"@type\":\"SearchAction\",\"target\":{\"@type\":\"EntryPoint\",\"urlTemplate\":\"https:\\\/\\\/www.ucaldas.edu.co\\\/portal\\\/?s={search_term_string}\"},\"query-input\":{\"@type\":\"PropertyValueSpecification\",\"valueRequired\":true,\"valueName\":\"search_term_string\"}}],\"inLanguage\":\"es\"},{\"@type\":\"Organization\",\"@id\":\"https:\\\/\\\/www.ucaldas.edu.co\\\/portal\\\/#organization\",\"name\":\"Universidad de Caldas\",\"alternateName\":\"U. de Caldas\",\"url\":\"https:\\\/\\\/www.ucaldas.edu.co\\\/portal\\\/\",\"logo\":{\"@type\":\"ImageObject\",\"inLanguage\":\"es\",\"@id\":\"https:\\\/\\\/www.ucaldas.edu.co\\\/portal\\\/#\\\/schema\\\/logo\\\/image\\\/\",\"url\":\"https:\\\/\\\/www.ucaldas.edu.co\\\/portal\\\/wp-content\\\/uploads\\\/2023\\\/11\\\/Logo_horizontal_oscuroU-2023.png\",\"contentUrl\":\"https:\\\/\\\/www.ucaldas.edu.co\\\/portal\\\/wp-content\\\/uploads\\\/2023\\\/11\\\/Logo_horizontal_oscuroU-2023.png\",\"width\":263,\"height\":101,\"caption\":\"Universidad de Caldas\"},\"image\":{\"@id\":\"https:\\\/\\\/www.ucaldas.edu.co\\\/portal\\\/#\\\/schema\\\/logo\\\/image\\\/\"},\"sameAs\":[\"https:\\\/\\\/www.facebook.com\\\/udecaldas\",\"https:\\\/\\\/x.com\\\/udecaldas\",\"https:\\\/\\\/www.youtube.com\\\/universidadcaldas\",\"https:\\\/\\\/www.instagram.com\\\/udecaldas\\\/\"]},{\"@type\":\"Person\",\"@id\":\"https:\\\/\\\/www.ucaldas.edu.co\\\/portal\\\/#\\\/schema\\\/person\\\/a1b482e23449158b4bc319926c074fdf\",\"name\":\"ofiprensa\",\"image\":{\"@type\":\"ImageObject\",\"inLanguage\":\"es\",\"@id\":\"https:\\\/\\\/www.ucaldas.edu.co\\\/portal\\\/wp-content\\\/litespeed\\\/avatar\\\/09ea5085e600095a7a811142c6944527.jpg?ver=1777497608\",\"url\":\"https:\\\/\\\/www.ucaldas.edu.co\\\/portal\\\/wp-content\\\/litespeed\\\/avatar\\\/09ea5085e600095a7a811142c6944527.jpg?ver=1777497608\",\"contentUrl\":\"https:\\\/\\\/www.ucaldas.edu.co\\\/portal\\\/wp-content\\\/litespeed\\\/avatar\\\/09ea5085e600095a7a811142c6944527.jpg?ver=1777497608\",\"caption\":\"ofiprensa\"},\"url\":\"https:\\\/\\\/www.ucaldas.edu.co\\\/portal\\\/author\\\/ofiprensa\\\/\"}]}<\/script>\n<!-- \/ Yoast SEO plugin. -->","yoast_head_json":{"title":"Comunicado del Consejo Acad\u00e9mico sobre la situaci\u00f3n actual de la U. de Caldas .","robots":{"index":"index","follow":"follow","max-snippet":"max-snippet:-1","max-image-preview":"max-image-preview:large","max-video-preview":"max-video-preview:-1"},"canonical":"https:\/\/www.ucaldas.edu.co\/portal\/comunicado-del-consejo-academico-respecto-a-los-bloqueos-de-algunos-edificios-de-la-u-de-caldas\/","schema":{"@context":"https:\/\/schema.org","@graph":[{"@type":"Article","@id":"https:\/\/www.ucaldas.edu.co\/portal\/comunicado-del-consejo-academico-respecto-a-los-bloqueos-de-algunos-edificios-de-la-u-de-caldas\/#article","isPartOf":{"@id":"https:\/\/www.ucaldas.edu.co\/portal\/comunicado-del-consejo-academico-respecto-a-los-bloqueos-de-algunos-edificios-de-la-u-de-caldas\/"},"author":{"name":"ofiprensa","@id":"https:\/\/www.ucaldas.edu.co\/portal\/#\/schema\/person\/a1b482e23449158b4bc319926c074fdf"},"headline":"Comunicado del Consejo Acad\u00e9mico sobre la situaci\u00f3n actual de la U. de Caldas","datePublished":"2018-11-26T14:06:13+00:00","dateModified":"2018-11-26T21:39:16+00:00","mainEntityOfPage":{"@id":"https:\/\/www.ucaldas.edu.co\/portal\/comunicado-del-consejo-academico-respecto-a-los-bloqueos-de-algunos-edificios-de-la-u-de-caldas\/"},"wordCount":348,"publisher":{"@id":"https:\/\/www.ucaldas.edu.co\/portal\/#organization"},"image":{"@id":"https:\/\/www.ucaldas.edu.co\/portal\/comunicado-del-consejo-academico-respecto-a-los-bloqueos-de-algunos-edificios-de-la-u-de-caldas\/#primaryimage"},"thumbnailUrl":"https:\/\/www.ucaldas.edu.co\/portal\/wp-content\/uploads\/2018\/11\/Admisiones-compressor.jpeg","keywords":["Consejo Acad\u00e9mico","Comunicado"],"articleSection":["Ucaldas Acreditada","Actualidad","Universidad al D\u00eda"],"inLanguage":"es"},{"@type":"WebPage","@id":"https:\/\/www.ucaldas.edu.co\/portal\/comunicado-del-consejo-academico-respecto-a-los-bloqueos-de-algunos-edificios-de-la-u-de-caldas\/","url":"https:\/\/www.ucaldas.edu.co\/portal\/comunicado-del-consejo-academico-respecto-a-los-bloqueos-de-algunos-edificios-de-la-u-de-caldas\/","name":"Comunicado del Consejo Acad\u00e9mico sobre la situaci\u00f3n actual de la U. de Caldas .","isPartOf":{"@id":"https:\/\/www.ucaldas.edu.co\/portal\/#website"},"primaryImageOfPage":{"@id":"https:\/\/www.ucaldas.edu.co\/portal\/comunicado-del-consejo-academico-respecto-a-los-bloqueos-de-algunos-edificios-de-la-u-de-caldas\/#primaryimage"},"image":{"@id":"https:\/\/www.ucaldas.edu.co\/portal\/comunicado-del-consejo-academico-respecto-a-los-bloqueos-de-algunos-edificios-de-la-u-de-caldas\/#primaryimage"},"thumbnailUrl":"https:\/\/www.ucaldas.edu.co\/portal\/wp-content\/uploads\/2018\/11\/Admisiones-compressor.jpeg","datePublished":"2018-11-26T14:06:13+00:00","dateModified":"2018-11-26T21:39:16+00:00","breadcrumb":{"@id":"https:\/\/www.ucaldas.edu.co\/portal\/comunicado-del-consejo-academico-respecto-a-los-bloqueos-de-algunos-edificios-de-la-u-de-caldas\/#breadcrumb"},"inLanguage":"es","potentialAction":[{"@type":"ReadAction","target":["https:\/\/www.ucaldas.edu.co\/portal\/comunicado-del-consejo-academico-respecto-a-los-bloqueos-de-algunos-edificios-de-la-u-de-caldas\/"]}]},{"@type":"ImageObject","inLanguage":"es","@id":"https:\/\/www.ucaldas.edu.co\/portal\/comunicado-del-consejo-academico-respecto-a-los-bloqueos-de-algunos-edificios-de-la-u-de-caldas\/#primaryimage","url":"https:\/\/www.ucaldas.edu.co\/portal\/wp-content\/uploads\/2018\/11\/Admisiones-compressor.jpeg","contentUrl":"https:\/\/www.ucaldas.edu.co\/portal\/wp-content\/uploads\/2018\/11\/Admisiones-compressor.jpeg","width":700,"height":400},{"@type":"BreadcrumbList","@id":"https:\/\/www.ucaldas.edu.co\/portal\/comunicado-del-consejo-academico-respecto-a-los-bloqueos-de-algunos-edificios-de-la-u-de-caldas\/#breadcrumb","itemListElement":[{"@type":"ListItem","position":1,"name":"Portada","item":"https:\/\/www.ucaldas.edu.co\/portal\/"},{"@type":"ListItem","position":2,"name":"Comunicado del Consejo Acad\u00e9mico sobre la situaci\u00f3n actual de la U. de Caldas"}]},{"@type":"WebSite","@id":"https:\/\/www.ucaldas.edu.co\/portal\/#website","url":"https:\/\/www.ucaldas.edu.co\/portal\/","name":"Universidad de Caldas","description":"","publisher":{"@id":"https:\/\/www.ucaldas.edu.co\/portal\/#organization"},"alternateName":"U. de Caldas","potentialAction":[{"@type":"SearchAction","target":{"@type":"EntryPoint","urlTemplate":"https:\/\/www.ucaldas.edu.co\/portal\/?s={search_term_string}"},"query-input":{"@type":"PropertyValueSpecification","valueRequired":true,"valueName":"search_term_string"}}],"inLanguage":"es"},{"@type":"Organization","@id":"https:\/\/www.ucaldas.edu.co\/portal\/#organization","name":"Universidad de Caldas","alternateName":"U. de Caldas","url":"https:\/\/www.ucaldas.edu.co\/portal\/","logo":{"@type":"ImageObject","inLanguage":"es","@id":"https:\/\/www.ucaldas.edu.co\/portal\/#\/schema\/logo\/image\/","url":"https:\/\/www.ucaldas.edu.co\/portal\/wp-content\/uploads\/2023\/11\/Logo_horizontal_oscuroU-2023.png","contentUrl":"https:\/\/www.ucaldas.edu.co\/portal\/wp-content\/uploads\/2023\/11\/Logo_horizontal_oscuroU-2023.png","width":263,"height":101,"caption":"Universidad de Caldas"},"image":{"@id":"https:\/\/www.ucaldas.edu.co\/portal\/#\/schema\/logo\/image\/"},"sameAs":["https:\/\/www.facebook.com\/udecaldas","https:\/\/x.com\/udecaldas","https:\/\/www.youtube.com\/universidadcaldas","https:\/\/www.instagram.com\/udecaldas\/"]},{"@type":"Person","@id":"https:\/\/www.ucaldas.edu.co\/portal\/#\/schema\/person\/a1b482e23449158b4bc319926c074fdf","name":"ofiprensa","image":{"@type":"ImageObject","inLanguage":"es","@id":"https:\/\/www.ucaldas.edu.co\/portal\/wp-content\/litespeed\/avatar\/09ea5085e600095a7a811142c6944527.jpg?ver=1777497608","url":"https:\/\/www.ucaldas.edu.co\/portal\/wp-content\/litespeed\/avatar\/09ea5085e600095a7a811142c6944527.jpg?ver=1777497608","contentUrl":"https:\/\/www.ucaldas.edu.co\/portal\/wp-content\/litespeed\/avatar\/09ea5085e600095a7a811142c6944527.jpg?ver=1777497608","caption":"ofiprensa"},"url":"https:\/\/www.ucaldas.edu.co\/portal\/author\/ofiprensa\/"}]}},"_links":{"self":[{"href":"https:\/\/www.ucaldas.edu.co\/portal\/wp-json\/wp\/v2\/posts\/44644","targetHints":{"allow":["GET"]}}],"collection":[{"href":"https:\/\/www.ucaldas.edu.co\/portal\/wp-json\/wp\/v2\/posts"}],"about":[{"href":"https:\/\/www.ucaldas.edu.co\/portal\/wp-json\/wp\/v2\/types\/post"}],"author":[{"embeddable":true,"href":"https:\/\/www.ucaldas.edu.co\/portal\/wp-json\/wp\/v2\/users\/2"}],"replies":[{"embeddable":true,"href":"https:\/\/www.ucaldas.edu.co\/portal\/wp-json\/wp\/v2\/comments?post=44644"}],"version-history":[{"count":0,"href":"https:\/\/www.ucaldas.edu.co\/portal\/wp-json\/wp\/v2\/posts\/44644\/revisions"}],"wp:featuredmedia":[{"embeddable":true,"href":"https:\/\/www.ucaldas.edu.co\/portal\/wp-json\/wp\/v2\/media\/44645"}],"wp:attachment":[{"href":"https:\/\/www.ucaldas.edu.co\/portal\/wp-json\/wp\/v2\/media?parent=44644"}],"wp:term":[{"taxonomy":"category","embeddable":true,"href":"https:\/\/www.ucaldas.edu.co\/portal\/wp-json\/wp\/v2\/categories?post=44644"},{"taxonomy":"post_tag","embeddable":true,"href":"https:\/\/www.ucaldas.edu.co\/portal\/wp-json\/wp\/v2\/tags?post=44644"}],"curies":[{"name":"wp","href":"https:\/\/api.w.org\/{rel}","templated":true}]}}