{"id":44584,"date":"2018-11-21T14:09:45","date_gmt":"2018-11-21T14:09:45","guid":{"rendered":"https:\/\/www.ucaldas.edu.co\/portal\/?p=44584"},"modified":"2018-11-22T14:14:36","modified_gmt":"2018-11-22T14:14:36","slug":"universidad-de-caldas-certifico-poblacion-rural-del-sur-de-tolima","status":"publish","type":"post","link":"https:\/\/www.ucaldas.edu.co\/portal\/universidad-de-caldas-certifico-poblacion-rural-del-sur-de-tolima\/","title":{"rendered":"Universidad de Caldas certific\u00f3 poblaci\u00f3n rural del Sur de Tolima"},"content":{"rendered":"<p style=\"text-align: center;\">CAMPESINOS, MUJERES V\u00cdCTIMAS DEL CONFLICTO ARMADO, DOCENTES, ESTUDIANTES E IND\u00cdGENAS<\/p>\n<p style=\"text-align: center;\"><strong>Universidad de Caldas certific\u00f3 poblaci\u00f3n rural del Sur de Tolima<\/strong><\/p>\n<p style=\"text-align: right;\">21\/11\/2018<\/p>\n<p>Gracias al convenio N. 1388 del 2017 celebrado entre el Ministerio de Educaci\u00f3n Nacional y la Universidad de Caldas a trav\u00e9s de la Vicerrector\u00eda de Proyecci\u00f3n Universitaria, campesinos, mujeres v\u00edctimas del conflicto armado, docentes, estudiantes e ind\u00edgenas del Sur del Tolima, se certificaron en diferentes cursos de educaci\u00f3n rural.<\/p>\n<p>En primer lugar, 96 docentes del municipio de Ataco (Tolima) se certificaron en el diplomado Formador de Formadores y Docencia Universitaria en Educaci\u00f3n Regional y a Distancia con el apoyo de la Instituci\u00f3n Educativa Mart\u00edn Pomala.<\/p>\n<p>A este grupo se sumaron aproximadamente 150 estudiantes de dicha Instituci\u00f3n quienes se formaron en el curso de Fortalecimiento en \u00e1reas b\u00e1sicas para grados once y egresados.<\/p>\n<p>Estudiantes y docentes enviaron mensajes de agradecimiento a la Universidad por abrir las puertas y ofrecer estos diplomados que abren un mundo nuevo de formaci\u00f3n y educaci\u00f3n.<\/p>\n<p><img loading=\"lazy\" decoding=\"async\" class=\" wp-image-44586 aligncenter\" src=\"https:\/\/www.ucaldas.edu.co\/portal\/wp-content\/uploads\/2018\/11\/1.jpg\" alt=\"\" width=\"574\" height=\"430\" srcset=\"https:\/\/www.ucaldas.edu.co\/portal\/wp-content\/uploads\/2018\/11\/1.jpg 1024w, https:\/\/www.ucaldas.edu.co\/portal\/wp-content\/uploads\/2018\/11\/1-300x225.jpg 300w, https:\/\/www.ucaldas.edu.co\/portal\/wp-content\/uploads\/2018\/11\/1-768x576.jpg 768w\" sizes=\"auto, (max-width: 574px) 100vw, 574px\" \/><\/p>\n<p>Asimismo, en una ceremonia donde la cultura y el arte se conjugaron, 28 mujeres del Resguardo Comunidad Ind\u00edgena P\u00e1ez, Las Mercedes, recibieron su certificaci\u00f3n en el Diplomado: <strong>\u201cGesti\u00f3n Cultural para el posconflicto y empoderamiento de la mujer rural\u201d.<\/strong><\/p>\n<p>Este proceso que se desarroll\u00f3 con una intensidad horaria de 120 horas entre marzo y noviembre del 2018, hoy es reconocido por estas mujeres que alguna vez fueron v\u00edctimas del conflicto armado, ya que fortalecen sus procesos de empoderamiento dentro de la comunidad con el conocimiento adquirido.<\/p>\n<p><img loading=\"lazy\" decoding=\"async\" class=\" wp-image-44585 aligncenter\" src=\"https:\/\/www.ucaldas.edu.co\/portal\/wp-content\/uploads\/2018\/11\/2.jpg\" alt=\"\" width=\"585\" height=\"439\" srcset=\"https:\/\/www.ucaldas.edu.co\/portal\/wp-content\/uploads\/2018\/11\/2.jpg 1040w, https:\/\/www.ucaldas.edu.co\/portal\/wp-content\/uploads\/2018\/11\/2-300x225.jpg 300w, https:\/\/www.ucaldas.edu.co\/portal\/wp-content\/uploads\/2018\/11\/2-768x576.jpg 768w, https:\/\/www.ucaldas.edu.co\/portal\/wp-content\/uploads\/2018\/11\/2-1024x768.jpg 1024w\" sizes=\"auto, (max-width: 585px) 100vw, 585px\" \/><\/p>\n<p>Por \u00faltimo, la U. de Caldas con el apoyo y en representaci\u00f3n del Rector, Juan Carlos Loaiza Serna, del Colegio Integrado Nacional Oriente De Caldas \u2013CINOC, certific\u00f3 a 44 campesinos en el Diplomado de Agroforester\u00eda realizado en los municipios de Ataco, Chaparral y Planadas &#8211; Tolima.<\/p>\n<p>&nbsp;<\/p>\n<p>El curso que se desarroll\u00f3 con una intensidad horaria de 120 horas desde el mes de octubre de 2018 a noviembre del mismo a\u00f1o, les permitir\u00e1 a los certificados, participar en trabajos con grupos interdisciplinarios y transdisciplinarios, reconocer, y valorar las potencialidades de su regi\u00f3n y participar activamente en los diferentes procesos de desarrollo de su regi\u00f3n y del pa\u00eds.<\/p>\n<p><img loading=\"lazy\" decoding=\"async\" class=\" wp-image-44587 aligncenter\" src=\"https:\/\/www.ucaldas.edu.co\/portal\/wp-content\/uploads\/2018\/11\/3.jpg\" alt=\"\" width=\"579\" height=\"434\" srcset=\"https:\/\/www.ucaldas.edu.co\/portal\/wp-content\/uploads\/2018\/11\/3.jpg 1040w, https:\/\/www.ucaldas.edu.co\/portal\/wp-content\/uploads\/2018\/11\/3-300x225.jpg 300w, https:\/\/www.ucaldas.edu.co\/portal\/wp-content\/uploads\/2018\/11\/3-768x576.jpg 768w, https:\/\/www.ucaldas.edu.co\/portal\/wp-content\/uploads\/2018\/11\/3-1024x768.jpg 1024w\" sizes=\"auto, (max-width: 579px) 100vw, 579px\" \/>De esta manera la U. de Caldas, constituye una vez m\u00e1s alianzas estrat\u00e9gicas con el Ministerio de Educaci\u00f3n Nacional, que permiten atender necesidades del sector educativo a nivel rural, mejorando el acceso a la educaci\u00f3n de poblaciones vulnerables mediante la implementaci\u00f3n de formaci\u00f3n pertinente que genera desarrollo productivo y social.<\/p>\n<p><strong>Informes: <\/strong>Oficina de Comunicaciones y Prensa U. de Caldas, tel\u00e9fono 878 15 00 extensi\u00f3n 12 167.<\/p>\n<p><strong>Redacci\u00f3n:<\/strong> Daniela S\u00e1nchez R\u00edos<strong><\/p>\n<p><\/strong><\/p>\n","protected":false},"excerpt":{"rendered":"<p>CAMPESINOS, MUJERES V\u00cdCTIMAS DEL CONFLICTO ARMADO, DOCENTES, ESTUDIANTES E IND\u00cdGENAS Universidad de Caldas certific\u00f3 poblaci\u00f3n rural del Sur de Tolima 21\/11\/2018 Gracias al convenio N. 1388 del 2017 celebrado entre el Ministerio de Educaci\u00f3n Nacional y la Universidad de Caldas a trav\u00e9s de la Vicerrector\u00eda de Proyecci\u00f3n Universitaria, campesinos, mujeres v\u00edctimas del conflicto armado, docentes, [&hellip;]<\/p>\n","protected":false},"author":2,"featured_media":44585,"comment_status":"closed","ping_status":"open","sticky":false,"template":"","format":"standard","meta":{"footnotes":""},"categories":[48,53,600],"tags":[3248,423,706,1927],"class_list":["post-44584","post","type-post","status-publish","format-standard","has-post-thumbnail","hentry","category-actualidad","category-universidad-al-dia","category-ucaldas-regional","tag-sur-del-tolima","tag-certificacion","tag-educacion-rural","tag-men"],"yoast_head":"<!-- This site is optimized with the Yoast SEO plugin v27.5 - https:\/\/yoast.com\/product\/yoast-seo-wordpress\/ -->\n<title>Universidad de Caldas certific\u00f3 poblaci\u00f3n rural del Sur de Tolima .<\/title>\n<meta name=\"robots\" content=\"index, follow, max-snippet:-1, max-image-preview:large, max-video-preview:-1\" \/>\n<link rel=\"canonical\" href=\"https:\/\/www.ucaldas.edu.co\/portal\/universidad-de-caldas-certifico-poblacion-rural-del-sur-de-tolima\/\" \/>\n<script type=\"application\/ld+json\" class=\"yoast-schema-graph\">{\"@context\":\"https:\\\/\\\/schema.org\",\"@graph\":[{\"@type\":\"Article\",\"@id\":\"https:\\\/\\\/www.ucaldas.edu.co\\\/portal\\\/universidad-de-caldas-certifico-poblacion-rural-del-sur-de-tolima\\\/#article\",\"isPartOf\":{\"@id\":\"https:\\\/\\\/www.ucaldas.edu.co\\\/portal\\\/universidad-de-caldas-certifico-poblacion-rural-del-sur-de-tolima\\\/\"},\"author\":{\"name\":\"ofiprensa\",\"@id\":\"https:\\\/\\\/www.ucaldas.edu.co\\\/portal\\\/#\\\/schema\\\/person\\\/a1b482e23449158b4bc319926c074fdf\"},\"headline\":\"Universidad de Caldas certific\u00f3 poblaci\u00f3n rural del Sur de Tolima\",\"datePublished\":\"2018-11-21T14:09:45+00:00\",\"dateModified\":\"2018-11-22T14:14:36+00:00\",\"mainEntityOfPage\":{\"@id\":\"https:\\\/\\\/www.ucaldas.edu.co\\\/portal\\\/universidad-de-caldas-certifico-poblacion-rural-del-sur-de-tolima\\\/\"},\"wordCount\":456,\"publisher\":{\"@id\":\"https:\\\/\\\/www.ucaldas.edu.co\\\/portal\\\/#organization\"},\"image\":{\"@id\":\"https:\\\/\\\/www.ucaldas.edu.co\\\/portal\\\/universidad-de-caldas-certifico-poblacion-rural-del-sur-de-tolima\\\/#primaryimage\"},\"thumbnailUrl\":\"https:\\\/\\\/www.ucaldas.edu.co\\\/portal\\\/wp-content\\\/uploads\\\/2018\\\/11\\\/2.jpg\",\"keywords\":[\"Sur del Tolima\",\"certificaci\u00f3n\",\"educaci\u00f3n rural\",\"MEN\"],\"articleSection\":[\"Actualidad\",\"Universidad al D\u00eda\",\"UCaldas Regional\"],\"inLanguage\":\"es\"},{\"@type\":\"WebPage\",\"@id\":\"https:\\\/\\\/www.ucaldas.edu.co\\\/portal\\\/universidad-de-caldas-certifico-poblacion-rural-del-sur-de-tolima\\\/\",\"url\":\"https:\\\/\\\/www.ucaldas.edu.co\\\/portal\\\/universidad-de-caldas-certifico-poblacion-rural-del-sur-de-tolima\\\/\",\"name\":\"Universidad de Caldas certific\u00f3 poblaci\u00f3n rural del Sur de Tolima .\",\"isPartOf\":{\"@id\":\"https:\\\/\\\/www.ucaldas.edu.co\\\/portal\\\/#website\"},\"primaryImageOfPage\":{\"@id\":\"https:\\\/\\\/www.ucaldas.edu.co\\\/portal\\\/universidad-de-caldas-certifico-poblacion-rural-del-sur-de-tolima\\\/#primaryimage\"},\"image\":{\"@id\":\"https:\\\/\\\/www.ucaldas.edu.co\\\/portal\\\/universidad-de-caldas-certifico-poblacion-rural-del-sur-de-tolima\\\/#primaryimage\"},\"thumbnailUrl\":\"https:\\\/\\\/www.ucaldas.edu.co\\\/portal\\\/wp-content\\\/uploads\\\/2018\\\/11\\\/2.jpg\",\"datePublished\":\"2018-11-21T14:09:45+00:00\",\"dateModified\":\"2018-11-22T14:14:36+00:00\",\"breadcrumb\":{\"@id\":\"https:\\\/\\\/www.ucaldas.edu.co\\\/portal\\\/universidad-de-caldas-certifico-poblacion-rural-del-sur-de-tolima\\\/#breadcrumb\"},\"inLanguage\":\"es\",\"potentialAction\":[{\"@type\":\"ReadAction\",\"target\":[\"https:\\\/\\\/www.ucaldas.edu.co\\\/portal\\\/universidad-de-caldas-certifico-poblacion-rural-del-sur-de-tolima\\\/\"]}]},{\"@type\":\"ImageObject\",\"inLanguage\":\"es\",\"@id\":\"https:\\\/\\\/www.ucaldas.edu.co\\\/portal\\\/universidad-de-caldas-certifico-poblacion-rural-del-sur-de-tolima\\\/#primaryimage\",\"url\":\"https:\\\/\\\/www.ucaldas.edu.co\\\/portal\\\/wp-content\\\/uploads\\\/2018\\\/11\\\/2.jpg\",\"contentUrl\":\"https:\\\/\\\/www.ucaldas.edu.co\\\/portal\\\/wp-content\\\/uploads\\\/2018\\\/11\\\/2.jpg\",\"width\":1040,\"height\":780},{\"@type\":\"BreadcrumbList\",\"@id\":\"https:\\\/\\\/www.ucaldas.edu.co\\\/portal\\\/universidad-de-caldas-certifico-poblacion-rural-del-sur-de-tolima\\\/#breadcrumb\",\"itemListElement\":[{\"@type\":\"ListItem\",\"position\":1,\"name\":\"Portada\",\"item\":\"https:\\\/\\\/www.ucaldas.edu.co\\\/portal\\\/\"},{\"@type\":\"ListItem\",\"position\":2,\"name\":\"Universidad de Caldas certific\u00f3 poblaci\u00f3n rural del Sur de Tolima\"}]},{\"@type\":\"WebSite\",\"@id\":\"https:\\\/\\\/www.ucaldas.edu.co\\\/portal\\\/#website\",\"url\":\"https:\\\/\\\/www.ucaldas.edu.co\\\/portal\\\/\",\"name\":\"Universidad de Caldas\",\"description\":\"\",\"publisher\":{\"@id\":\"https:\\\/\\\/www.ucaldas.edu.co\\\/portal\\\/#organization\"},\"alternateName\":\"U. de Caldas\",\"potentialAction\":[{\"@type\":\"SearchAction\",\"target\":{\"@type\":\"EntryPoint\",\"urlTemplate\":\"https:\\\/\\\/www.ucaldas.edu.co\\\/portal\\\/?s={search_term_string}\"},\"query-input\":{\"@type\":\"PropertyValueSpecification\",\"valueRequired\":true,\"valueName\":\"search_term_string\"}}],\"inLanguage\":\"es\"},{\"@type\":\"Organization\",\"@id\":\"https:\\\/\\\/www.ucaldas.edu.co\\\/portal\\\/#organization\",\"name\":\"Universidad de Caldas\",\"alternateName\":\"U. de Caldas\",\"url\":\"https:\\\/\\\/www.ucaldas.edu.co\\\/portal\\\/\",\"logo\":{\"@type\":\"ImageObject\",\"inLanguage\":\"es\",\"@id\":\"https:\\\/\\\/www.ucaldas.edu.co\\\/portal\\\/#\\\/schema\\\/logo\\\/image\\\/\",\"url\":\"https:\\\/\\\/www.ucaldas.edu.co\\\/portal\\\/wp-content\\\/uploads\\\/2023\\\/11\\\/Logo_horizontal_oscuroU-2023.png\",\"contentUrl\":\"https:\\\/\\\/www.ucaldas.edu.co\\\/portal\\\/wp-content\\\/uploads\\\/2023\\\/11\\\/Logo_horizontal_oscuroU-2023.png\",\"width\":263,\"height\":101,\"caption\":\"Universidad de Caldas\"},\"image\":{\"@id\":\"https:\\\/\\\/www.ucaldas.edu.co\\\/portal\\\/#\\\/schema\\\/logo\\\/image\\\/\"},\"sameAs\":[\"https:\\\/\\\/www.facebook.com\\\/udecaldas\",\"https:\\\/\\\/x.com\\\/udecaldas\",\"https:\\\/\\\/www.youtube.com\\\/universidadcaldas\",\"https:\\\/\\\/www.instagram.com\\\/udecaldas\\\/\"]},{\"@type\":\"Person\",\"@id\":\"https:\\\/\\\/www.ucaldas.edu.co\\\/portal\\\/#\\\/schema\\\/person\\\/a1b482e23449158b4bc319926c074fdf\",\"name\":\"ofiprensa\",\"image\":{\"@type\":\"ImageObject\",\"inLanguage\":\"es\",\"@id\":\"https:\\\/\\\/www.ucaldas.edu.co\\\/portal\\\/wp-content\\\/litespeed\\\/avatar\\\/09ea5085e600095a7a811142c6944527.jpg?ver=1777497608\",\"url\":\"https:\\\/\\\/www.ucaldas.edu.co\\\/portal\\\/wp-content\\\/litespeed\\\/avatar\\\/09ea5085e600095a7a811142c6944527.jpg?ver=1777497608\",\"contentUrl\":\"https:\\\/\\\/www.ucaldas.edu.co\\\/portal\\\/wp-content\\\/litespeed\\\/avatar\\\/09ea5085e600095a7a811142c6944527.jpg?ver=1777497608\",\"caption\":\"ofiprensa\"},\"url\":\"https:\\\/\\\/www.ucaldas.edu.co\\\/portal\\\/author\\\/ofiprensa\\\/\"}]}<\/script>\n<!-- \/ Yoast SEO plugin. -->","yoast_head_json":{"title":"Universidad de Caldas certific\u00f3 poblaci\u00f3n rural del Sur de Tolima .","robots":{"index":"index","follow":"follow","max-snippet":"max-snippet:-1","max-image-preview":"max-image-preview:large","max-video-preview":"max-video-preview:-1"},"canonical":"https:\/\/www.ucaldas.edu.co\/portal\/universidad-de-caldas-certifico-poblacion-rural-del-sur-de-tolima\/","schema":{"@context":"https:\/\/schema.org","@graph":[{"@type":"Article","@id":"https:\/\/www.ucaldas.edu.co\/portal\/universidad-de-caldas-certifico-poblacion-rural-del-sur-de-tolima\/#article","isPartOf":{"@id":"https:\/\/www.ucaldas.edu.co\/portal\/universidad-de-caldas-certifico-poblacion-rural-del-sur-de-tolima\/"},"author":{"name":"ofiprensa","@id":"https:\/\/www.ucaldas.edu.co\/portal\/#\/schema\/person\/a1b482e23449158b4bc319926c074fdf"},"headline":"Universidad de Caldas certific\u00f3 poblaci\u00f3n rural del Sur de Tolima","datePublished":"2018-11-21T14:09:45+00:00","dateModified":"2018-11-22T14:14:36+00:00","mainEntityOfPage":{"@id":"https:\/\/www.ucaldas.edu.co\/portal\/universidad-de-caldas-certifico-poblacion-rural-del-sur-de-tolima\/"},"wordCount":456,"publisher":{"@id":"https:\/\/www.ucaldas.edu.co\/portal\/#organization"},"image":{"@id":"https:\/\/www.ucaldas.edu.co\/portal\/universidad-de-caldas-certifico-poblacion-rural-del-sur-de-tolima\/#primaryimage"},"thumbnailUrl":"https:\/\/www.ucaldas.edu.co\/portal\/wp-content\/uploads\/2018\/11\/2.jpg","keywords":["Sur del Tolima","certificaci\u00f3n","educaci\u00f3n rural","MEN"],"articleSection":["Actualidad","Universidad al D\u00eda","UCaldas Regional"],"inLanguage":"es"},{"@type":"WebPage","@id":"https:\/\/www.ucaldas.edu.co\/portal\/universidad-de-caldas-certifico-poblacion-rural-del-sur-de-tolima\/","url":"https:\/\/www.ucaldas.edu.co\/portal\/universidad-de-caldas-certifico-poblacion-rural-del-sur-de-tolima\/","name":"Universidad de Caldas certific\u00f3 poblaci\u00f3n rural del Sur de Tolima .","isPartOf":{"@id":"https:\/\/www.ucaldas.edu.co\/portal\/#website"},"primaryImageOfPage":{"@id":"https:\/\/www.ucaldas.edu.co\/portal\/universidad-de-caldas-certifico-poblacion-rural-del-sur-de-tolima\/#primaryimage"},"image":{"@id":"https:\/\/www.ucaldas.edu.co\/portal\/universidad-de-caldas-certifico-poblacion-rural-del-sur-de-tolima\/#primaryimage"},"thumbnailUrl":"https:\/\/www.ucaldas.edu.co\/portal\/wp-content\/uploads\/2018\/11\/2.jpg","datePublished":"2018-11-21T14:09:45+00:00","dateModified":"2018-11-22T14:14:36+00:00","breadcrumb":{"@id":"https:\/\/www.ucaldas.edu.co\/portal\/universidad-de-caldas-certifico-poblacion-rural-del-sur-de-tolima\/#breadcrumb"},"inLanguage":"es","potentialAction":[{"@type":"ReadAction","target":["https:\/\/www.ucaldas.edu.co\/portal\/universidad-de-caldas-certifico-poblacion-rural-del-sur-de-tolima\/"]}]},{"@type":"ImageObject","inLanguage":"es","@id":"https:\/\/www.ucaldas.edu.co\/portal\/universidad-de-caldas-certifico-poblacion-rural-del-sur-de-tolima\/#primaryimage","url":"https:\/\/www.ucaldas.edu.co\/portal\/wp-content\/uploads\/2018\/11\/2.jpg","contentUrl":"https:\/\/www.ucaldas.edu.co\/portal\/wp-content\/uploads\/2018\/11\/2.jpg","width":1040,"height":780},{"@type":"BreadcrumbList","@id":"https:\/\/www.ucaldas.edu.co\/portal\/universidad-de-caldas-certifico-poblacion-rural-del-sur-de-tolima\/#breadcrumb","itemListElement":[{"@type":"ListItem","position":1,"name":"Portada","item":"https:\/\/www.ucaldas.edu.co\/portal\/"},{"@type":"ListItem","position":2,"name":"Universidad de Caldas certific\u00f3 poblaci\u00f3n rural del Sur de Tolima"}]},{"@type":"WebSite","@id":"https:\/\/www.ucaldas.edu.co\/portal\/#website","url":"https:\/\/www.ucaldas.edu.co\/portal\/","name":"Universidad de Caldas","description":"","publisher":{"@id":"https:\/\/www.ucaldas.edu.co\/portal\/#organization"},"alternateName":"U. de Caldas","potentialAction":[{"@type":"SearchAction","target":{"@type":"EntryPoint","urlTemplate":"https:\/\/www.ucaldas.edu.co\/portal\/?s={search_term_string}"},"query-input":{"@type":"PropertyValueSpecification","valueRequired":true,"valueName":"search_term_string"}}],"inLanguage":"es"},{"@type":"Organization","@id":"https:\/\/www.ucaldas.edu.co\/portal\/#organization","name":"Universidad de Caldas","alternateName":"U. de Caldas","url":"https:\/\/www.ucaldas.edu.co\/portal\/","logo":{"@type":"ImageObject","inLanguage":"es","@id":"https:\/\/www.ucaldas.edu.co\/portal\/#\/schema\/logo\/image\/","url":"https:\/\/www.ucaldas.edu.co\/portal\/wp-content\/uploads\/2023\/11\/Logo_horizontal_oscuroU-2023.png","contentUrl":"https:\/\/www.ucaldas.edu.co\/portal\/wp-content\/uploads\/2023\/11\/Logo_horizontal_oscuroU-2023.png","width":263,"height":101,"caption":"Universidad de Caldas"},"image":{"@id":"https:\/\/www.ucaldas.edu.co\/portal\/#\/schema\/logo\/image\/"},"sameAs":["https:\/\/www.facebook.com\/udecaldas","https:\/\/x.com\/udecaldas","https:\/\/www.youtube.com\/universidadcaldas","https:\/\/www.instagram.com\/udecaldas\/"]},{"@type":"Person","@id":"https:\/\/www.ucaldas.edu.co\/portal\/#\/schema\/person\/a1b482e23449158b4bc319926c074fdf","name":"ofiprensa","image":{"@type":"ImageObject","inLanguage":"es","@id":"https:\/\/www.ucaldas.edu.co\/portal\/wp-content\/litespeed\/avatar\/09ea5085e600095a7a811142c6944527.jpg?ver=1777497608","url":"https:\/\/www.ucaldas.edu.co\/portal\/wp-content\/litespeed\/avatar\/09ea5085e600095a7a811142c6944527.jpg?ver=1777497608","contentUrl":"https:\/\/www.ucaldas.edu.co\/portal\/wp-content\/litespeed\/avatar\/09ea5085e600095a7a811142c6944527.jpg?ver=1777497608","caption":"ofiprensa"},"url":"https:\/\/www.ucaldas.edu.co\/portal\/author\/ofiprensa\/"}]}},"_links":{"self":[{"href":"https:\/\/www.ucaldas.edu.co\/portal\/wp-json\/wp\/v2\/posts\/44584","targetHints":{"allow":["GET"]}}],"collection":[{"href":"https:\/\/www.ucaldas.edu.co\/portal\/wp-json\/wp\/v2\/posts"}],"about":[{"href":"https:\/\/www.ucaldas.edu.co\/portal\/wp-json\/wp\/v2\/types\/post"}],"author":[{"embeddable":true,"href":"https:\/\/www.ucaldas.edu.co\/portal\/wp-json\/wp\/v2\/users\/2"}],"replies":[{"embeddable":true,"href":"https:\/\/www.ucaldas.edu.co\/portal\/wp-json\/wp\/v2\/comments?post=44584"}],"version-history":[{"count":0,"href":"https:\/\/www.ucaldas.edu.co\/portal\/wp-json\/wp\/v2\/posts\/44584\/revisions"}],"wp:featuredmedia":[{"embeddable":true,"href":"https:\/\/www.ucaldas.edu.co\/portal\/wp-json\/wp\/v2\/media\/44585"}],"wp:attachment":[{"href":"https:\/\/www.ucaldas.edu.co\/portal\/wp-json\/wp\/v2\/media?parent=44584"}],"wp:term":[{"taxonomy":"category","embeddable":true,"href":"https:\/\/www.ucaldas.edu.co\/portal\/wp-json\/wp\/v2\/categories?post=44584"},{"taxonomy":"post_tag","embeddable":true,"href":"https:\/\/www.ucaldas.edu.co\/portal\/wp-json\/wp\/v2\/tags?post=44584"}],"curies":[{"name":"wp","href":"https:\/\/api.w.org\/{rel}","templated":true}]}}