{"id":44581,"date":"2018-11-21T14:08:16","date_gmt":"2018-11-21T14:08:16","guid":{"rendered":"https:\/\/www.ucaldas.edu.co\/portal\/?p=44581"},"modified":"2018-11-22T14:09:30","modified_gmt":"2018-11-22T14:09:30","slug":"telesalud-participa-en-los-reconocimientos-condor","status":"publish","type":"post","link":"https:\/\/www.ucaldas.edu.co\/portal\/telesalud-participa-en-los-reconocimientos-condor\/","title":{"rendered":"Telesalud participa en los Reconocimientos C\u00f3ndor"},"content":{"rendered":"<p style=\"text-align: center;\">UN EMPRENDIMIENTO UNIVERSIDAD DE CALDAS<\/p>\n<p style=\"text-align: center;\"><strong>Telesalud participa en los Reconocimientos C\u00f3ndor<\/strong><\/p>\n<p style=\"text-align: right;\">21\/11\/2018<\/p>\n<p><img loading=\"lazy\" decoding=\"async\" class=\"size-full wp-image-44582 aligncenter\" src=\"https:\/\/www.ucaldas.edu.co\/portal\/wp-content\/uploads\/2018\/11\/telesalud-compressor.png\" alt=\"\" width=\"700\" height=\"393\" srcset=\"https:\/\/www.ucaldas.edu.co\/portal\/wp-content\/uploads\/2018\/11\/telesalud-compressor.png 700w, https:\/\/www.ucaldas.edu.co\/portal\/wp-content\/uploads\/2018\/11\/telesalud-compressor-300x168.png 300w\" sizes=\"auto, (max-width: 700px) 100vw, 700px\" \/>Telesalud de la Universidad de Caldas, participa en los Reconocimientos C\u00f3ndor de la Red Regional de Emprendimientos de Caldas, distinci\u00f3n que se otorga a los emprendedores destacados del departamento por su labor y compromiso con el desarrollo econ\u00f3mico de la regi\u00f3n.<\/p>\n<p>Telesalud es un grupo de investigaci\u00f3n y prestaci\u00f3n de servicios de la Facultad de Ciencias para la Salud de la Universidad de Caldas que nace de un proyecto de Colciencias y que actualmente presta servicios de telemedicina y Educaci\u00f3n Virtual. Este emprendimiento posibilita el acceso a la atenci\u00f3n especializada oportuna en salud en todos los rincones del pa\u00eds, incrementado la cobertura y descongestionando el sistema.<\/p>\n<p>El Reconocimiento C\u00f3ndor premia el trabajo en equipo que se desarrolla por una regi\u00f3n, por potenciar un emprendimiento que apalanque la ciudad, la regi\u00f3n y transforme econ\u00f3micamente el entorno de la comunidad positivamente.<\/p>\n<p>&nbsp;<\/p>\n<p>Los principales resultados hasta la fecha del emprendimiento Telesalud son:<\/p>\n<p>&nbsp;<\/p>\n<ul>\n<li>17 proyectos en I+D+i en salud.<\/li>\n<li>Capacitaci\u00f3n en la modalidad virtual a m\u00e1s de 8.500 profesionales en el \u00e1rea de la salud a nivel nacional.<\/li>\n<li>Desarrolla y virtualizaci\u00f3n de 82 cursos en diferentes \u00e1reas del conocimiento.<\/li>\n<li>Bajos niveles de deserci\u00f3n, desarrollando un modelo propio de capacitaci\u00f3n virtual.<\/li>\n<li>Implementaci\u00f3n de la telemedicina a m\u00e1s de 100 hospitales en 16 especialidades m\u00e9dicas.<\/li>\n<\/ul>\n<p>&nbsp;<\/p>\n<p>Los interesados en apoyar este emprendimiento U. de Caldas pueden hacerlo d\u00e1ndole Like al logotipo de Telesalud en la FanPage de la Red Regional de Emprendimientos de Caldas.<\/p>\n<p>&nbsp;<\/p>\n<p><a href=\"https:\/\/www.facebook.com\/emprendecaldas\/photos\/a.1005555442962228\/1005630466288059\/?type=3&amp;theater\">Apoya aqu\u00ed a Telesalud.<\/a><\/p>\n<p>&nbsp;<\/p>\n<p><strong>Informes: <\/strong>Oficina de Comunicaciones y Prensa Universidad de Caldas. Tel\u00e9fono: 8781500 Extensi\u00f3n: 12167<\/p>\n<p><strong>Redacci\u00f3n: <\/strong>Mateo Buritic\u00e1 Giraldo<\/p>\n<p>&nbsp;<\/p>\n","protected":false},"excerpt":{"rendered":"<p>UN EMPRENDIMIENTO UNIVERSIDAD DE CALDAS Telesalud participa en los Reconocimientos C\u00f3ndor 21\/11\/2018 Telesalud de la Universidad de Caldas, participa en los Reconocimientos C\u00f3ndor de la Red Regional de Emprendimientos de Caldas, distinci\u00f3n que se otorga a los emprendedores destacados del departamento por su labor y compromiso con el desarrollo econ\u00f3mico de la regi\u00f3n. Telesalud es [&hellip;]<\/p>\n","protected":false},"author":2,"featured_media":44582,"comment_status":"closed","ping_status":"open","sticky":false,"template":"","format":"standard","meta":{"footnotes":""},"categories":[48,53,617],"tags":[81,275,363,429,2830,3247],"class_list":["post-44581","post","type-post","status-publish","format-standard","has-post-thumbnail","hentry","category-actualidad","category-universidad-al-dia","category-ucaldas-colaborativa","tag-premio","tag-telesalud","tag-innovacion","tag-emprendimiento","tag-telemedicina","tag-reconocimiento-condor"],"yoast_head":"<!-- This site is optimized with the Yoast SEO plugin v27.5 - https:\/\/yoast.com\/product\/yoast-seo-wordpress\/ -->\n<title>Telesalud participa en los Reconocimientos C\u00f3ndor .<\/title>\n<meta name=\"robots\" content=\"index, follow, max-snippet:-1, max-image-preview:large, max-video-preview:-1\" \/>\n<link rel=\"canonical\" href=\"https:\/\/www.ucaldas.edu.co\/portal\/telesalud-participa-en-los-reconocimientos-condor\/\" \/>\n<script type=\"application\/ld+json\" class=\"yoast-schema-graph\">{\"@context\":\"https:\\\/\\\/schema.org\",\"@graph\":[{\"@type\":\"Article\",\"@id\":\"https:\\\/\\\/www.ucaldas.edu.co\\\/portal\\\/telesalud-participa-en-los-reconocimientos-condor\\\/#article\",\"isPartOf\":{\"@id\":\"https:\\\/\\\/www.ucaldas.edu.co\\\/portal\\\/telesalud-participa-en-los-reconocimientos-condor\\\/\"},\"author\":{\"name\":\"ofiprensa\",\"@id\":\"https:\\\/\\\/www.ucaldas.edu.co\\\/portal\\\/#\\\/schema\\\/person\\\/a1b482e23449158b4bc319926c074fdf\"},\"headline\":\"Telesalud participa en los Reconocimientos C\u00f3ndor\",\"datePublished\":\"2018-11-21T14:08:16+00:00\",\"dateModified\":\"2018-11-22T14:09:30+00:00\",\"mainEntityOfPage\":{\"@id\":\"https:\\\/\\\/www.ucaldas.edu.co\\\/portal\\\/telesalud-participa-en-los-reconocimientos-condor\\\/\"},\"wordCount\":303,\"publisher\":{\"@id\":\"https:\\\/\\\/www.ucaldas.edu.co\\\/portal\\\/#organization\"},\"image\":{\"@id\":\"https:\\\/\\\/www.ucaldas.edu.co\\\/portal\\\/telesalud-participa-en-los-reconocimientos-condor\\\/#primaryimage\"},\"thumbnailUrl\":\"https:\\\/\\\/www.ucaldas.edu.co\\\/portal\\\/wp-content\\\/uploads\\\/2018\\\/11\\\/telesalud-compressor.png\",\"keywords\":[\"premio\",\"Telesalud\",\"innovaci\u00f3n\",\"Emprendimiento\",\"telemedicina\",\"reconocimiento c\u00f3ndor\"],\"articleSection\":[\"Actualidad\",\"Universidad al D\u00eda\",\"UCaldas Colaborativa\"],\"inLanguage\":\"es\"},{\"@type\":\"WebPage\",\"@id\":\"https:\\\/\\\/www.ucaldas.edu.co\\\/portal\\\/telesalud-participa-en-los-reconocimientos-condor\\\/\",\"url\":\"https:\\\/\\\/www.ucaldas.edu.co\\\/portal\\\/telesalud-participa-en-los-reconocimientos-condor\\\/\",\"name\":\"Telesalud participa en los Reconocimientos C\u00f3ndor .\",\"isPartOf\":{\"@id\":\"https:\\\/\\\/www.ucaldas.edu.co\\\/portal\\\/#website\"},\"primaryImageOfPage\":{\"@id\":\"https:\\\/\\\/www.ucaldas.edu.co\\\/portal\\\/telesalud-participa-en-los-reconocimientos-condor\\\/#primaryimage\"},\"image\":{\"@id\":\"https:\\\/\\\/www.ucaldas.edu.co\\\/portal\\\/telesalud-participa-en-los-reconocimientos-condor\\\/#primaryimage\"},\"thumbnailUrl\":\"https:\\\/\\\/www.ucaldas.edu.co\\\/portal\\\/wp-content\\\/uploads\\\/2018\\\/11\\\/telesalud-compressor.png\",\"datePublished\":\"2018-11-21T14:08:16+00:00\",\"dateModified\":\"2018-11-22T14:09:30+00:00\",\"breadcrumb\":{\"@id\":\"https:\\\/\\\/www.ucaldas.edu.co\\\/portal\\\/telesalud-participa-en-los-reconocimientos-condor\\\/#breadcrumb\"},\"inLanguage\":\"es\",\"potentialAction\":[{\"@type\":\"ReadAction\",\"target\":[\"https:\\\/\\\/www.ucaldas.edu.co\\\/portal\\\/telesalud-participa-en-los-reconocimientos-condor\\\/\"]}]},{\"@type\":\"ImageObject\",\"inLanguage\":\"es\",\"@id\":\"https:\\\/\\\/www.ucaldas.edu.co\\\/portal\\\/telesalud-participa-en-los-reconocimientos-condor\\\/#primaryimage\",\"url\":\"https:\\\/\\\/www.ucaldas.edu.co\\\/portal\\\/wp-content\\\/uploads\\\/2018\\\/11\\\/telesalud-compressor.png\",\"contentUrl\":\"https:\\\/\\\/www.ucaldas.edu.co\\\/portal\\\/wp-content\\\/uploads\\\/2018\\\/11\\\/telesalud-compressor.png\",\"width\":700,\"height\":393},{\"@type\":\"BreadcrumbList\",\"@id\":\"https:\\\/\\\/www.ucaldas.edu.co\\\/portal\\\/telesalud-participa-en-los-reconocimientos-condor\\\/#breadcrumb\",\"itemListElement\":[{\"@type\":\"ListItem\",\"position\":1,\"name\":\"Portada\",\"item\":\"https:\\\/\\\/www.ucaldas.edu.co\\\/portal\\\/\"},{\"@type\":\"ListItem\",\"position\":2,\"name\":\"Telesalud participa en los Reconocimientos C\u00f3ndor\"}]},{\"@type\":\"WebSite\",\"@id\":\"https:\\\/\\\/www.ucaldas.edu.co\\\/portal\\\/#website\",\"url\":\"https:\\\/\\\/www.ucaldas.edu.co\\\/portal\\\/\",\"name\":\"Universidad de Caldas\",\"description\":\"\",\"publisher\":{\"@id\":\"https:\\\/\\\/www.ucaldas.edu.co\\\/portal\\\/#organization\"},\"alternateName\":\"U. de Caldas\",\"potentialAction\":[{\"@type\":\"SearchAction\",\"target\":{\"@type\":\"EntryPoint\",\"urlTemplate\":\"https:\\\/\\\/www.ucaldas.edu.co\\\/portal\\\/?s={search_term_string}\"},\"query-input\":{\"@type\":\"PropertyValueSpecification\",\"valueRequired\":true,\"valueName\":\"search_term_string\"}}],\"inLanguage\":\"es\"},{\"@type\":\"Organization\",\"@id\":\"https:\\\/\\\/www.ucaldas.edu.co\\\/portal\\\/#organization\",\"name\":\"Universidad de Caldas\",\"alternateName\":\"U. de Caldas\",\"url\":\"https:\\\/\\\/www.ucaldas.edu.co\\\/portal\\\/\",\"logo\":{\"@type\":\"ImageObject\",\"inLanguage\":\"es\",\"@id\":\"https:\\\/\\\/www.ucaldas.edu.co\\\/portal\\\/#\\\/schema\\\/logo\\\/image\\\/\",\"url\":\"https:\\\/\\\/www.ucaldas.edu.co\\\/portal\\\/wp-content\\\/uploads\\\/2023\\\/11\\\/Logo_horizontal_oscuroU-2023.png\",\"contentUrl\":\"https:\\\/\\\/www.ucaldas.edu.co\\\/portal\\\/wp-content\\\/uploads\\\/2023\\\/11\\\/Logo_horizontal_oscuroU-2023.png\",\"width\":263,\"height\":101,\"caption\":\"Universidad de Caldas\"},\"image\":{\"@id\":\"https:\\\/\\\/www.ucaldas.edu.co\\\/portal\\\/#\\\/schema\\\/logo\\\/image\\\/\"},\"sameAs\":[\"https:\\\/\\\/www.facebook.com\\\/udecaldas\",\"https:\\\/\\\/x.com\\\/udecaldas\",\"https:\\\/\\\/www.youtube.com\\\/universidadcaldas\",\"https:\\\/\\\/www.instagram.com\\\/udecaldas\\\/\"]},{\"@type\":\"Person\",\"@id\":\"https:\\\/\\\/www.ucaldas.edu.co\\\/portal\\\/#\\\/schema\\\/person\\\/a1b482e23449158b4bc319926c074fdf\",\"name\":\"ofiprensa\",\"image\":{\"@type\":\"ImageObject\",\"inLanguage\":\"es\",\"@id\":\"https:\\\/\\\/www.ucaldas.edu.co\\\/portal\\\/wp-content\\\/litespeed\\\/avatar\\\/09ea5085e600095a7a811142c6944527.jpg?ver=1777497608\",\"url\":\"https:\\\/\\\/www.ucaldas.edu.co\\\/portal\\\/wp-content\\\/litespeed\\\/avatar\\\/09ea5085e600095a7a811142c6944527.jpg?ver=1777497608\",\"contentUrl\":\"https:\\\/\\\/www.ucaldas.edu.co\\\/portal\\\/wp-content\\\/litespeed\\\/avatar\\\/09ea5085e600095a7a811142c6944527.jpg?ver=1777497608\",\"caption\":\"ofiprensa\"},\"url\":\"https:\\\/\\\/www.ucaldas.edu.co\\\/portal\\\/author\\\/ofiprensa\\\/\"}]}<\/script>\n<!-- \/ Yoast SEO plugin. -->","yoast_head_json":{"title":"Telesalud participa en los Reconocimientos C\u00f3ndor .","robots":{"index":"index","follow":"follow","max-snippet":"max-snippet:-1","max-image-preview":"max-image-preview:large","max-video-preview":"max-video-preview:-1"},"canonical":"https:\/\/www.ucaldas.edu.co\/portal\/telesalud-participa-en-los-reconocimientos-condor\/","schema":{"@context":"https:\/\/schema.org","@graph":[{"@type":"Article","@id":"https:\/\/www.ucaldas.edu.co\/portal\/telesalud-participa-en-los-reconocimientos-condor\/#article","isPartOf":{"@id":"https:\/\/www.ucaldas.edu.co\/portal\/telesalud-participa-en-los-reconocimientos-condor\/"},"author":{"name":"ofiprensa","@id":"https:\/\/www.ucaldas.edu.co\/portal\/#\/schema\/person\/a1b482e23449158b4bc319926c074fdf"},"headline":"Telesalud participa en los Reconocimientos C\u00f3ndor","datePublished":"2018-11-21T14:08:16+00:00","dateModified":"2018-11-22T14:09:30+00:00","mainEntityOfPage":{"@id":"https:\/\/www.ucaldas.edu.co\/portal\/telesalud-participa-en-los-reconocimientos-condor\/"},"wordCount":303,"publisher":{"@id":"https:\/\/www.ucaldas.edu.co\/portal\/#organization"},"image":{"@id":"https:\/\/www.ucaldas.edu.co\/portal\/telesalud-participa-en-los-reconocimientos-condor\/#primaryimage"},"thumbnailUrl":"https:\/\/www.ucaldas.edu.co\/portal\/wp-content\/uploads\/2018\/11\/telesalud-compressor.png","keywords":["premio","Telesalud","innovaci\u00f3n","Emprendimiento","telemedicina","reconocimiento c\u00f3ndor"],"articleSection":["Actualidad","Universidad al D\u00eda","UCaldas Colaborativa"],"inLanguage":"es"},{"@type":"WebPage","@id":"https:\/\/www.ucaldas.edu.co\/portal\/telesalud-participa-en-los-reconocimientos-condor\/","url":"https:\/\/www.ucaldas.edu.co\/portal\/telesalud-participa-en-los-reconocimientos-condor\/","name":"Telesalud participa en los Reconocimientos C\u00f3ndor .","isPartOf":{"@id":"https:\/\/www.ucaldas.edu.co\/portal\/#website"},"primaryImageOfPage":{"@id":"https:\/\/www.ucaldas.edu.co\/portal\/telesalud-participa-en-los-reconocimientos-condor\/#primaryimage"},"image":{"@id":"https:\/\/www.ucaldas.edu.co\/portal\/telesalud-participa-en-los-reconocimientos-condor\/#primaryimage"},"thumbnailUrl":"https:\/\/www.ucaldas.edu.co\/portal\/wp-content\/uploads\/2018\/11\/telesalud-compressor.png","datePublished":"2018-11-21T14:08:16+00:00","dateModified":"2018-11-22T14:09:30+00:00","breadcrumb":{"@id":"https:\/\/www.ucaldas.edu.co\/portal\/telesalud-participa-en-los-reconocimientos-condor\/#breadcrumb"},"inLanguage":"es","potentialAction":[{"@type":"ReadAction","target":["https:\/\/www.ucaldas.edu.co\/portal\/telesalud-participa-en-los-reconocimientos-condor\/"]}]},{"@type":"ImageObject","inLanguage":"es","@id":"https:\/\/www.ucaldas.edu.co\/portal\/telesalud-participa-en-los-reconocimientos-condor\/#primaryimage","url":"https:\/\/www.ucaldas.edu.co\/portal\/wp-content\/uploads\/2018\/11\/telesalud-compressor.png","contentUrl":"https:\/\/www.ucaldas.edu.co\/portal\/wp-content\/uploads\/2018\/11\/telesalud-compressor.png","width":700,"height":393},{"@type":"BreadcrumbList","@id":"https:\/\/www.ucaldas.edu.co\/portal\/telesalud-participa-en-los-reconocimientos-condor\/#breadcrumb","itemListElement":[{"@type":"ListItem","position":1,"name":"Portada","item":"https:\/\/www.ucaldas.edu.co\/portal\/"},{"@type":"ListItem","position":2,"name":"Telesalud participa en los Reconocimientos C\u00f3ndor"}]},{"@type":"WebSite","@id":"https:\/\/www.ucaldas.edu.co\/portal\/#website","url":"https:\/\/www.ucaldas.edu.co\/portal\/","name":"Universidad de Caldas","description":"","publisher":{"@id":"https:\/\/www.ucaldas.edu.co\/portal\/#organization"},"alternateName":"U. de Caldas","potentialAction":[{"@type":"SearchAction","target":{"@type":"EntryPoint","urlTemplate":"https:\/\/www.ucaldas.edu.co\/portal\/?s={search_term_string}"},"query-input":{"@type":"PropertyValueSpecification","valueRequired":true,"valueName":"search_term_string"}}],"inLanguage":"es"},{"@type":"Organization","@id":"https:\/\/www.ucaldas.edu.co\/portal\/#organization","name":"Universidad de Caldas","alternateName":"U. de Caldas","url":"https:\/\/www.ucaldas.edu.co\/portal\/","logo":{"@type":"ImageObject","inLanguage":"es","@id":"https:\/\/www.ucaldas.edu.co\/portal\/#\/schema\/logo\/image\/","url":"https:\/\/www.ucaldas.edu.co\/portal\/wp-content\/uploads\/2023\/11\/Logo_horizontal_oscuroU-2023.png","contentUrl":"https:\/\/www.ucaldas.edu.co\/portal\/wp-content\/uploads\/2023\/11\/Logo_horizontal_oscuroU-2023.png","width":263,"height":101,"caption":"Universidad de Caldas"},"image":{"@id":"https:\/\/www.ucaldas.edu.co\/portal\/#\/schema\/logo\/image\/"},"sameAs":["https:\/\/www.facebook.com\/udecaldas","https:\/\/x.com\/udecaldas","https:\/\/www.youtube.com\/universidadcaldas","https:\/\/www.instagram.com\/udecaldas\/"]},{"@type":"Person","@id":"https:\/\/www.ucaldas.edu.co\/portal\/#\/schema\/person\/a1b482e23449158b4bc319926c074fdf","name":"ofiprensa","image":{"@type":"ImageObject","inLanguage":"es","@id":"https:\/\/www.ucaldas.edu.co\/portal\/wp-content\/litespeed\/avatar\/09ea5085e600095a7a811142c6944527.jpg?ver=1777497608","url":"https:\/\/www.ucaldas.edu.co\/portal\/wp-content\/litespeed\/avatar\/09ea5085e600095a7a811142c6944527.jpg?ver=1777497608","contentUrl":"https:\/\/www.ucaldas.edu.co\/portal\/wp-content\/litespeed\/avatar\/09ea5085e600095a7a811142c6944527.jpg?ver=1777497608","caption":"ofiprensa"},"url":"https:\/\/www.ucaldas.edu.co\/portal\/author\/ofiprensa\/"}]}},"_links":{"self":[{"href":"https:\/\/www.ucaldas.edu.co\/portal\/wp-json\/wp\/v2\/posts\/44581","targetHints":{"allow":["GET"]}}],"collection":[{"href":"https:\/\/www.ucaldas.edu.co\/portal\/wp-json\/wp\/v2\/posts"}],"about":[{"href":"https:\/\/www.ucaldas.edu.co\/portal\/wp-json\/wp\/v2\/types\/post"}],"author":[{"embeddable":true,"href":"https:\/\/www.ucaldas.edu.co\/portal\/wp-json\/wp\/v2\/users\/2"}],"replies":[{"embeddable":true,"href":"https:\/\/www.ucaldas.edu.co\/portal\/wp-json\/wp\/v2\/comments?post=44581"}],"version-history":[{"count":0,"href":"https:\/\/www.ucaldas.edu.co\/portal\/wp-json\/wp\/v2\/posts\/44581\/revisions"}],"wp:featuredmedia":[{"embeddable":true,"href":"https:\/\/www.ucaldas.edu.co\/portal\/wp-json\/wp\/v2\/media\/44582"}],"wp:attachment":[{"href":"https:\/\/www.ucaldas.edu.co\/portal\/wp-json\/wp\/v2\/media?parent=44581"}],"wp:term":[{"taxonomy":"category","embeddable":true,"href":"https:\/\/www.ucaldas.edu.co\/portal\/wp-json\/wp\/v2\/categories?post=44581"},{"taxonomy":"post_tag","embeddable":true,"href":"https:\/\/www.ucaldas.edu.co\/portal\/wp-json\/wp\/v2\/tags?post=44581"}],"curies":[{"name":"wp","href":"https:\/\/api.w.org\/{rel}","templated":true}]}}