{"id":4454,"date":"2009-12-10T11:24:44","date_gmt":"2009-12-10T16:24:44","guid":{"rendered":"https:\/\/www.ucaldas.edu.co\/portal\/?p=4454"},"modified":"2009-12-10T11:24:44","modified_gmt":"2009-12-10T16:24:44","slug":"la-vicerrectoria-academica-no-prestara-sus-servicios-en-las-horas-de-la-tarde-del-dia-11-de-diciembre","status":"publish","type":"post","link":"https:\/\/www.ucaldas.edu.co\/portal\/la-vicerrectoria-academica-no-prestara-sus-servicios-en-las-horas-de-la-tarde-del-dia-11-de-diciembre\/","title":{"rendered":"La Vicerrector\u00eda Acad\u00e9mica no prestar\u00e1 sus servicios en las horas de la tarde del d\u00eda 11 de Diciembre"},"content":{"rendered":"<p>Diciembre 11<\/p>\n<hr \/>\n<p>&nbsp;<\/p>\n<p align=\"center\">\n<p>&nbsp;<\/p>\n<p>La Vicerrector\u00eda Acad\u00e9mica de la Universidad de Caldas informa a la comunidad universitaria que ma\u00f1ana 11 de diciembre no habr\u00e1 atenci\u00f3n en las horas de la tarde ni en esta dependencia, ni en las oficinas adscritas: Registro Acad\u00e9mico, Centro de Bibliotecas, Secretaria de la Oficina Laboratorios, Oficina de Educaci\u00f3n a Distancia y Virtualidad, Oficina de Evaluaci\u00f3n y Calidad Acad\u00e9mica, Desarrollo Curricular y Desarrollo Docente.<\/p>\n<p><span style=\"font-family: Calibri\">\u00a0<\/span><\/p>\n<p><span style=\"font-family: Calibri\">Para mayor informaci\u00f3n comunicarse con la Vicerrector\u00eda Acad\u00e9mica de la Universidad de Caldas. Tel\u00e9fono 878 15 00. Ext. 12105.\u00a0<\/span><\/p>\n","protected":false},"excerpt":{"rendered":"<p>Diciembre 11 &nbsp; &nbsp; La Vicerrector\u00eda Acad\u00e9mica de la Universidad de Caldas informa a la comunidad universitaria que ma\u00f1ana 11 de diciembre no habr\u00e1 atenci\u00f3n en las horas de la tarde ni en esta dependencia, ni en las oficinas adscritas: Registro Acad\u00e9mico, Centro de Bibliotecas, Secretaria de la Oficina Laboratorios, Oficina de Educaci\u00f3n a Distancia [&hellip;]<\/p>\n","protected":false},"author":2,"featured_media":0,"comment_status":"closed","ping_status":"closed","sticky":false,"template":"","format":"standard","meta":{"footnotes":""},"categories":[48,53],"tags":[],"class_list":["post-4454","post","type-post","status-publish","format-standard","hentry","category-actualidad","category-universidad-al-dia"],"yoast_head":"<!-- This site is optimized with the Yoast SEO plugin v27.5 - https:\/\/yoast.com\/product\/yoast-seo-wordpress\/ -->\n<title>La Vicerrector\u00eda Acad\u00e9mica no prestar\u00e1 sus servicios en las horas de la tarde del d\u00eda 11 de Diciembre .<\/title>\n<meta name=\"robots\" content=\"index, follow, max-snippet:-1, max-image-preview:large, max-video-preview:-1\" \/>\n<link rel=\"canonical\" href=\"https:\/\/www.ucaldas.edu.co\/portal\/la-vicerrectoria-academica-no-prestara-sus-servicios-en-las-horas-de-la-tarde-del-dia-11-de-diciembre\/\" \/>\n<script type=\"application\/ld+json\" class=\"yoast-schema-graph\">{\"@context\":\"https:\\\/\\\/schema.org\",\"@graph\":[{\"@type\":\"Article\",\"@id\":\"https:\\\/\\\/www.ucaldas.edu.co\\\/portal\\\/la-vicerrectoria-academica-no-prestara-sus-servicios-en-las-horas-de-la-tarde-del-dia-11-de-diciembre\\\/#article\",\"isPartOf\":{\"@id\":\"https:\\\/\\\/www.ucaldas.edu.co\\\/portal\\\/la-vicerrectoria-academica-no-prestara-sus-servicios-en-las-horas-de-la-tarde-del-dia-11-de-diciembre\\\/\"},\"author\":{\"name\":\"ofiprensa\",\"@id\":\"https:\\\/\\\/www.ucaldas.edu.co\\\/portal\\\/#\\\/schema\\\/person\\\/a1b482e23449158b4bc319926c074fdf\"},\"headline\":\"La Vicerrector\u00eda Acad\u00e9mica no prestar\u00e1 sus servicios en las horas de la tarde del d\u00eda 11 de Diciembre\",\"datePublished\":\"2009-12-10T16:24:44+00:00\",\"mainEntityOfPage\":{\"@id\":\"https:\\\/\\\/www.ucaldas.edu.co\\\/portal\\\/la-vicerrectoria-academica-no-prestara-sus-servicios-en-las-horas-de-la-tarde-del-dia-11-de-diciembre\\\/\"},\"wordCount\":113,\"publisher\":{\"@id\":\"https:\\\/\\\/www.ucaldas.edu.co\\\/portal\\\/#organization\"},\"articleSection\":[\"Actualidad\",\"Universidad al D\u00eda\"],\"inLanguage\":\"es\"},{\"@type\":\"WebPage\",\"@id\":\"https:\\\/\\\/www.ucaldas.edu.co\\\/portal\\\/la-vicerrectoria-academica-no-prestara-sus-servicios-en-las-horas-de-la-tarde-del-dia-11-de-diciembre\\\/\",\"url\":\"https:\\\/\\\/www.ucaldas.edu.co\\\/portal\\\/la-vicerrectoria-academica-no-prestara-sus-servicios-en-las-horas-de-la-tarde-del-dia-11-de-diciembre\\\/\",\"name\":\"La Vicerrector\u00eda Acad\u00e9mica no prestar\u00e1 sus servicios en las horas de la tarde del d\u00eda 11 de Diciembre .\",\"isPartOf\":{\"@id\":\"https:\\\/\\\/www.ucaldas.edu.co\\\/portal\\\/#website\"},\"datePublished\":\"2009-12-10T16:24:44+00:00\",\"breadcrumb\":{\"@id\":\"https:\\\/\\\/www.ucaldas.edu.co\\\/portal\\\/la-vicerrectoria-academica-no-prestara-sus-servicios-en-las-horas-de-la-tarde-del-dia-11-de-diciembre\\\/#breadcrumb\"},\"inLanguage\":\"es\",\"potentialAction\":[{\"@type\":\"ReadAction\",\"target\":[\"https:\\\/\\\/www.ucaldas.edu.co\\\/portal\\\/la-vicerrectoria-academica-no-prestara-sus-servicios-en-las-horas-de-la-tarde-del-dia-11-de-diciembre\\\/\"]}]},{\"@type\":\"BreadcrumbList\",\"@id\":\"https:\\\/\\\/www.ucaldas.edu.co\\\/portal\\\/la-vicerrectoria-academica-no-prestara-sus-servicios-en-las-horas-de-la-tarde-del-dia-11-de-diciembre\\\/#breadcrumb\",\"itemListElement\":[{\"@type\":\"ListItem\",\"position\":1,\"name\":\"Portada\",\"item\":\"https:\\\/\\\/www.ucaldas.edu.co\\\/portal\\\/\"},{\"@type\":\"ListItem\",\"position\":2,\"name\":\"La Vicerrector\u00eda Acad\u00e9mica no prestar\u00e1 sus servicios en las horas de la tarde del d\u00eda 11 de Diciembre\"}]},{\"@type\":\"WebSite\",\"@id\":\"https:\\\/\\\/www.ucaldas.edu.co\\\/portal\\\/#website\",\"url\":\"https:\\\/\\\/www.ucaldas.edu.co\\\/portal\\\/\",\"name\":\"Universidad de Caldas\",\"description\":\"\",\"publisher\":{\"@id\":\"https:\\\/\\\/www.ucaldas.edu.co\\\/portal\\\/#organization\"},\"alternateName\":\"U. de Caldas\",\"potentialAction\":[{\"@type\":\"SearchAction\",\"target\":{\"@type\":\"EntryPoint\",\"urlTemplate\":\"https:\\\/\\\/www.ucaldas.edu.co\\\/portal\\\/?s={search_term_string}\"},\"query-input\":{\"@type\":\"PropertyValueSpecification\",\"valueRequired\":true,\"valueName\":\"search_term_string\"}}],\"inLanguage\":\"es\"},{\"@type\":\"Organization\",\"@id\":\"https:\\\/\\\/www.ucaldas.edu.co\\\/portal\\\/#organization\",\"name\":\"Universidad de Caldas\",\"alternateName\":\"U. de Caldas\",\"url\":\"https:\\\/\\\/www.ucaldas.edu.co\\\/portal\\\/\",\"logo\":{\"@type\":\"ImageObject\",\"inLanguage\":\"es\",\"@id\":\"https:\\\/\\\/www.ucaldas.edu.co\\\/portal\\\/#\\\/schema\\\/logo\\\/image\\\/\",\"url\":\"https:\\\/\\\/www.ucaldas.edu.co\\\/portal\\\/wp-content\\\/uploads\\\/2023\\\/11\\\/Logo_horizontal_oscuroU-2023.png\",\"contentUrl\":\"https:\\\/\\\/www.ucaldas.edu.co\\\/portal\\\/wp-content\\\/uploads\\\/2023\\\/11\\\/Logo_horizontal_oscuroU-2023.png\",\"width\":263,\"height\":101,\"caption\":\"Universidad de Caldas\"},\"image\":{\"@id\":\"https:\\\/\\\/www.ucaldas.edu.co\\\/portal\\\/#\\\/schema\\\/logo\\\/image\\\/\"},\"sameAs\":[\"https:\\\/\\\/www.facebook.com\\\/udecaldas\",\"https:\\\/\\\/x.com\\\/udecaldas\",\"https:\\\/\\\/www.youtube.com\\\/universidadcaldas\",\"https:\\\/\\\/www.instagram.com\\\/udecaldas\\\/\"]},{\"@type\":\"Person\",\"@id\":\"https:\\\/\\\/www.ucaldas.edu.co\\\/portal\\\/#\\\/schema\\\/person\\\/a1b482e23449158b4bc319926c074fdf\",\"name\":\"ofiprensa\",\"image\":{\"@type\":\"ImageObject\",\"inLanguage\":\"es\",\"@id\":\"https:\\\/\\\/www.ucaldas.edu.co\\\/portal\\\/wp-content\\\/litespeed\\\/avatar\\\/09ea5085e600095a7a811142c6944527.jpg?ver=1777497608\",\"url\":\"https:\\\/\\\/www.ucaldas.edu.co\\\/portal\\\/wp-content\\\/litespeed\\\/avatar\\\/09ea5085e600095a7a811142c6944527.jpg?ver=1777497608\",\"contentUrl\":\"https:\\\/\\\/www.ucaldas.edu.co\\\/portal\\\/wp-content\\\/litespeed\\\/avatar\\\/09ea5085e600095a7a811142c6944527.jpg?ver=1777497608\",\"caption\":\"ofiprensa\"},\"url\":\"https:\\\/\\\/www.ucaldas.edu.co\\\/portal\\\/author\\\/ofiprensa\\\/\"}]}<\/script>\n<!-- \/ Yoast SEO plugin. -->","yoast_head_json":{"title":"La Vicerrector\u00eda Acad\u00e9mica no prestar\u00e1 sus servicios en las horas de la tarde del d\u00eda 11 de Diciembre .","robots":{"index":"index","follow":"follow","max-snippet":"max-snippet:-1","max-image-preview":"max-image-preview:large","max-video-preview":"max-video-preview:-1"},"canonical":"https:\/\/www.ucaldas.edu.co\/portal\/la-vicerrectoria-academica-no-prestara-sus-servicios-en-las-horas-de-la-tarde-del-dia-11-de-diciembre\/","schema":{"@context":"https:\/\/schema.org","@graph":[{"@type":"Article","@id":"https:\/\/www.ucaldas.edu.co\/portal\/la-vicerrectoria-academica-no-prestara-sus-servicios-en-las-horas-de-la-tarde-del-dia-11-de-diciembre\/#article","isPartOf":{"@id":"https:\/\/www.ucaldas.edu.co\/portal\/la-vicerrectoria-academica-no-prestara-sus-servicios-en-las-horas-de-la-tarde-del-dia-11-de-diciembre\/"},"author":{"name":"ofiprensa","@id":"https:\/\/www.ucaldas.edu.co\/portal\/#\/schema\/person\/a1b482e23449158b4bc319926c074fdf"},"headline":"La Vicerrector\u00eda Acad\u00e9mica no prestar\u00e1 sus servicios en las horas de la tarde del d\u00eda 11 de Diciembre","datePublished":"2009-12-10T16:24:44+00:00","mainEntityOfPage":{"@id":"https:\/\/www.ucaldas.edu.co\/portal\/la-vicerrectoria-academica-no-prestara-sus-servicios-en-las-horas-de-la-tarde-del-dia-11-de-diciembre\/"},"wordCount":113,"publisher":{"@id":"https:\/\/www.ucaldas.edu.co\/portal\/#organization"},"articleSection":["Actualidad","Universidad al D\u00eda"],"inLanguage":"es"},{"@type":"WebPage","@id":"https:\/\/www.ucaldas.edu.co\/portal\/la-vicerrectoria-academica-no-prestara-sus-servicios-en-las-horas-de-la-tarde-del-dia-11-de-diciembre\/","url":"https:\/\/www.ucaldas.edu.co\/portal\/la-vicerrectoria-academica-no-prestara-sus-servicios-en-las-horas-de-la-tarde-del-dia-11-de-diciembre\/","name":"La Vicerrector\u00eda Acad\u00e9mica no prestar\u00e1 sus servicios en las horas de la tarde del d\u00eda 11 de Diciembre .","isPartOf":{"@id":"https:\/\/www.ucaldas.edu.co\/portal\/#website"},"datePublished":"2009-12-10T16:24:44+00:00","breadcrumb":{"@id":"https:\/\/www.ucaldas.edu.co\/portal\/la-vicerrectoria-academica-no-prestara-sus-servicios-en-las-horas-de-la-tarde-del-dia-11-de-diciembre\/#breadcrumb"},"inLanguage":"es","potentialAction":[{"@type":"ReadAction","target":["https:\/\/www.ucaldas.edu.co\/portal\/la-vicerrectoria-academica-no-prestara-sus-servicios-en-las-horas-de-la-tarde-del-dia-11-de-diciembre\/"]}]},{"@type":"BreadcrumbList","@id":"https:\/\/www.ucaldas.edu.co\/portal\/la-vicerrectoria-academica-no-prestara-sus-servicios-en-las-horas-de-la-tarde-del-dia-11-de-diciembre\/#breadcrumb","itemListElement":[{"@type":"ListItem","position":1,"name":"Portada","item":"https:\/\/www.ucaldas.edu.co\/portal\/"},{"@type":"ListItem","position":2,"name":"La Vicerrector\u00eda Acad\u00e9mica no prestar\u00e1 sus servicios en las horas de la tarde del d\u00eda 11 de Diciembre"}]},{"@type":"WebSite","@id":"https:\/\/www.ucaldas.edu.co\/portal\/#website","url":"https:\/\/www.ucaldas.edu.co\/portal\/","name":"Universidad de Caldas","description":"","publisher":{"@id":"https:\/\/www.ucaldas.edu.co\/portal\/#organization"},"alternateName":"U. de Caldas","potentialAction":[{"@type":"SearchAction","target":{"@type":"EntryPoint","urlTemplate":"https:\/\/www.ucaldas.edu.co\/portal\/?s={search_term_string}"},"query-input":{"@type":"PropertyValueSpecification","valueRequired":true,"valueName":"search_term_string"}}],"inLanguage":"es"},{"@type":"Organization","@id":"https:\/\/www.ucaldas.edu.co\/portal\/#organization","name":"Universidad de Caldas","alternateName":"U. de Caldas","url":"https:\/\/www.ucaldas.edu.co\/portal\/","logo":{"@type":"ImageObject","inLanguage":"es","@id":"https:\/\/www.ucaldas.edu.co\/portal\/#\/schema\/logo\/image\/","url":"https:\/\/www.ucaldas.edu.co\/portal\/wp-content\/uploads\/2023\/11\/Logo_horizontal_oscuroU-2023.png","contentUrl":"https:\/\/www.ucaldas.edu.co\/portal\/wp-content\/uploads\/2023\/11\/Logo_horizontal_oscuroU-2023.png","width":263,"height":101,"caption":"Universidad de Caldas"},"image":{"@id":"https:\/\/www.ucaldas.edu.co\/portal\/#\/schema\/logo\/image\/"},"sameAs":["https:\/\/www.facebook.com\/udecaldas","https:\/\/x.com\/udecaldas","https:\/\/www.youtube.com\/universidadcaldas","https:\/\/www.instagram.com\/udecaldas\/"]},{"@type":"Person","@id":"https:\/\/www.ucaldas.edu.co\/portal\/#\/schema\/person\/a1b482e23449158b4bc319926c074fdf","name":"ofiprensa","image":{"@type":"ImageObject","inLanguage":"es","@id":"https:\/\/www.ucaldas.edu.co\/portal\/wp-content\/litespeed\/avatar\/09ea5085e600095a7a811142c6944527.jpg?ver=1777497608","url":"https:\/\/www.ucaldas.edu.co\/portal\/wp-content\/litespeed\/avatar\/09ea5085e600095a7a811142c6944527.jpg?ver=1777497608","contentUrl":"https:\/\/www.ucaldas.edu.co\/portal\/wp-content\/litespeed\/avatar\/09ea5085e600095a7a811142c6944527.jpg?ver=1777497608","caption":"ofiprensa"},"url":"https:\/\/www.ucaldas.edu.co\/portal\/author\/ofiprensa\/"}]}},"_links":{"self":[{"href":"https:\/\/www.ucaldas.edu.co\/portal\/wp-json\/wp\/v2\/posts\/4454","targetHints":{"allow":["GET"]}}],"collection":[{"href":"https:\/\/www.ucaldas.edu.co\/portal\/wp-json\/wp\/v2\/posts"}],"about":[{"href":"https:\/\/www.ucaldas.edu.co\/portal\/wp-json\/wp\/v2\/types\/post"}],"author":[{"embeddable":true,"href":"https:\/\/www.ucaldas.edu.co\/portal\/wp-json\/wp\/v2\/users\/2"}],"replies":[{"embeddable":true,"href":"https:\/\/www.ucaldas.edu.co\/portal\/wp-json\/wp\/v2\/comments?post=4454"}],"version-history":[{"count":0,"href":"https:\/\/www.ucaldas.edu.co\/portal\/wp-json\/wp\/v2\/posts\/4454\/revisions"}],"wp:attachment":[{"href":"https:\/\/www.ucaldas.edu.co\/portal\/wp-json\/wp\/v2\/media?parent=4454"}],"wp:term":[{"taxonomy":"category","embeddable":true,"href":"https:\/\/www.ucaldas.edu.co\/portal\/wp-json\/wp\/v2\/categories?post=4454"},{"taxonomy":"post_tag","embeddable":true,"href":"https:\/\/www.ucaldas.edu.co\/portal\/wp-json\/wp\/v2\/tags?post=4454"}],"curies":[{"name":"wp","href":"https:\/\/api.w.org\/{rel}","templated":true}]}}