{"id":44465,"date":"2018-11-16T23:10:40","date_gmt":"2018-11-16T23:10:40","guid":{"rendered":"https:\/\/www.ucaldas.edu.co\/portal\/?p=44465"},"modified":"2018-11-16T23:10:40","modified_gmt":"2018-11-16T23:10:40","slug":"u-de-caldas-recibio-a-investigador-del-instituto-politecnico-nacional-de-mexico","status":"publish","type":"post","link":"https:\/\/www.ucaldas.edu.co\/portal\/u-de-caldas-recibio-a-investigador-del-instituto-politecnico-nacional-de-mexico\/","title":{"rendered":"U. de Caldas recibi\u00f3 a investigador del Instituto Polit\u00e9cnico Nacional de M\u00e9xico"},"content":{"rendered":"<p style=\"text-align: center;\">PARTICIP\u00d3 EN CONGRESO ORIENT\u00d3 CICLO DE CONFERENCIAS<\/p>\n<p style=\"text-align: center;\"><strong>U. de Caldas recibi\u00f3 a investigador del Instituto Polit\u00e9cnico Nacional de M\u00e9xico<\/strong><\/p>\n<p style=\"text-align: right;\">16\/11\/2018<\/p>\n<p><img loading=\"lazy\" decoding=\"async\" class=\"size-full wp-image-44466 aligncenter\" src=\"https:\/\/www.ucaldas.edu.co\/portal\/wp-content\/uploads\/2018\/11\/VisitaMexicanoTemasAgrarios-compressor.jpg\" alt=\"\" width=\"700\" height=\"399\" srcset=\"https:\/\/www.ucaldas.edu.co\/portal\/wp-content\/uploads\/2018\/11\/VisitaMexicanoTemasAgrarios-compressor.jpg 700w, https:\/\/www.ucaldas.edu.co\/portal\/wp-content\/uploads\/2018\/11\/VisitaMexicanoTemasAgrarios-compressor-300x171.jpg 300w\" sizes=\"auto, (max-width: 700px) 100vw, 700px\" \/><\/p>\n<p><strong>El doctor en Estudios Latinoamericanos<\/strong>, Mario del Roble Pensado Leglise, del Instituto Polit\u00e9cnico Nacional de M\u00e9xico, <strong>visit\u00f3 la Universidad de Caldas<\/strong> esta semana para participar en el Octavo Congreso Internacional de Sistemas Agroalimentarios Localizados (SIAL) y <strong>orientar una conferencia del Ciclo sobre Tendencias en Investigaci\u00f3n Agraria.<\/strong><br \/>\n<!--more--><\/p>\n<p>\u201cHoy orient\u00e9 la charla sobre tendencias en la agricultura y sus implicaciones en los pa\u00edses de Lationam\u00e9rica, particularmente en los nuestros: M\u00e9xico y Colombia. Tenemos un panorama que genera mayor incertidumbre, porque involucra tendencias y contra tendencias: <strong>se ha generado un proceso de globalizaci\u00f3n que ha tendido a un cierto tipo de producci\u00f3n y consumo, que ahora se est\u00e1 modificando\u201d,<\/strong> explic\u00f3.<\/p>\n<p>&nbsp;<\/p>\n<p>El invitado destac\u00f3 que la globalizaci\u00f3n ha tenido implicaciones en los cambios pol\u00edticos. \u201c<strong>Antes exist\u00edan gobiernos de tipo neoliberal y ahora pasamos a tener gobiernos de tipo neoproteccionista.<\/strong> Esta circunstancia hace que se restrinja el comercio global y se desaten conflictos que afecten a nuestras comunidades\u201d, enfatiz\u00f3.<\/p>\n<p>&nbsp;<\/p>\n<p>Sobre su visita a la U. de Caldas <strong>Mario del Roble Pensado Leglise destac\u00f3 la calidad de la Instituci\u00f3n caldense, su Facultad de Ciencias Agropecuarias y el Doctorado en Ciencias Agrarias.<\/strong><\/p>\n<p>&nbsp;<\/p>\n<p><strong>Informes: <\/strong>Oficina de Comunicaciones y Prensa U. de Caldas, tel\u00e9fono 878 15 00 extensi\u00f3n 12 167.<\/p>\n<p><strong>Redacci\u00f3n:<\/strong> Margarita Laverde<strong><\/p>\n<p><\/strong><\/p>\n","protected":false},"excerpt":{"rendered":"<p>PARTICIP\u00d3 EN CONGRESO ORIENT\u00d3 CICLO DE CONFERENCIAS U. de Caldas recibi\u00f3 a investigador del Instituto Polit\u00e9cnico Nacional de M\u00e9xico 16\/11\/2018 El doctor en Estudios Latinoamericanos, Mario del Roble Pensado Leglise, del Instituto Polit\u00e9cnico Nacional de M\u00e9xico, visit\u00f3 la Universidad de Caldas esta semana para participar en el Octavo Congreso Internacional de Sistemas Agroalimentarios Localizados (SIAL) [&hellip;]<\/p>\n","protected":false},"author":2,"featured_media":44466,"comment_status":"closed","ping_status":"open","sticky":false,"template":"","format":"standard","meta":{"footnotes":""},"categories":[48,53,614],"tags":[55,233,1809,3225],"class_list":["post-44465","post","type-post","status-publish","format-standard","has-post-thumbnail","hentry","category-actualidad","category-universidad-al-dia","category-ucaldas-internacional","tag-academia","tag-visita","tag-investigador","tag-tendencias-en-investigacion-agraria"],"yoast_head":"<!-- This site is optimized with the Yoast SEO plugin v27.5 - https:\/\/yoast.com\/product\/yoast-seo-wordpress\/ -->\n<title>U. de Caldas recibi\u00f3 a investigador del Instituto Polit\u00e9cnico Nacional de M\u00e9xico .<\/title>\n<meta name=\"robots\" content=\"index, follow, max-snippet:-1, max-image-preview:large, max-video-preview:-1\" \/>\n<link rel=\"canonical\" href=\"https:\/\/www.ucaldas.edu.co\/portal\/u-de-caldas-recibio-a-investigador-del-instituto-politecnico-nacional-de-mexico\/\" \/>\n<script type=\"application\/ld+json\" class=\"yoast-schema-graph\">{\"@context\":\"https:\\\/\\\/schema.org\",\"@graph\":[{\"@type\":\"Article\",\"@id\":\"https:\\\/\\\/www.ucaldas.edu.co\\\/portal\\\/u-de-caldas-recibio-a-investigador-del-instituto-politecnico-nacional-de-mexico\\\/#article\",\"isPartOf\":{\"@id\":\"https:\\\/\\\/www.ucaldas.edu.co\\\/portal\\\/u-de-caldas-recibio-a-investigador-del-instituto-politecnico-nacional-de-mexico\\\/\"},\"author\":{\"name\":\"ofiprensa\",\"@id\":\"https:\\\/\\\/www.ucaldas.edu.co\\\/portal\\\/#\\\/schema\\\/person\\\/a1b482e23449158b4bc319926c074fdf\"},\"headline\":\"U. de Caldas recibi\u00f3 a investigador del Instituto Polit\u00e9cnico Nacional de M\u00e9xico\",\"datePublished\":\"2018-11-16T23:10:40+00:00\",\"mainEntityOfPage\":{\"@id\":\"https:\\\/\\\/www.ucaldas.edu.co\\\/portal\\\/u-de-caldas-recibio-a-investigador-del-instituto-politecnico-nacional-de-mexico\\\/\"},\"wordCount\":252,\"publisher\":{\"@id\":\"https:\\\/\\\/www.ucaldas.edu.co\\\/portal\\\/#organization\"},\"image\":{\"@id\":\"https:\\\/\\\/www.ucaldas.edu.co\\\/portal\\\/u-de-caldas-recibio-a-investigador-del-instituto-politecnico-nacional-de-mexico\\\/#primaryimage\"},\"thumbnailUrl\":\"https:\\\/\\\/www.ucaldas.edu.co\\\/portal\\\/wp-content\\\/uploads\\\/2018\\\/11\\\/VisitaMexicanoTemasAgrarios-compressor.jpg\",\"keywords\":[\"academia\",\"visita\",\"investigador\",\"Tendencias en Investigaci\u00f3n Agraria\"],\"articleSection\":[\"Actualidad\",\"Universidad al D\u00eda\",\"Ucaldas Internacional\"],\"inLanguage\":\"es\"},{\"@type\":\"WebPage\",\"@id\":\"https:\\\/\\\/www.ucaldas.edu.co\\\/portal\\\/u-de-caldas-recibio-a-investigador-del-instituto-politecnico-nacional-de-mexico\\\/\",\"url\":\"https:\\\/\\\/www.ucaldas.edu.co\\\/portal\\\/u-de-caldas-recibio-a-investigador-del-instituto-politecnico-nacional-de-mexico\\\/\",\"name\":\"U. de Caldas recibi\u00f3 a investigador del Instituto Polit\u00e9cnico Nacional de M\u00e9xico .\",\"isPartOf\":{\"@id\":\"https:\\\/\\\/www.ucaldas.edu.co\\\/portal\\\/#website\"},\"primaryImageOfPage\":{\"@id\":\"https:\\\/\\\/www.ucaldas.edu.co\\\/portal\\\/u-de-caldas-recibio-a-investigador-del-instituto-politecnico-nacional-de-mexico\\\/#primaryimage\"},\"image\":{\"@id\":\"https:\\\/\\\/www.ucaldas.edu.co\\\/portal\\\/u-de-caldas-recibio-a-investigador-del-instituto-politecnico-nacional-de-mexico\\\/#primaryimage\"},\"thumbnailUrl\":\"https:\\\/\\\/www.ucaldas.edu.co\\\/portal\\\/wp-content\\\/uploads\\\/2018\\\/11\\\/VisitaMexicanoTemasAgrarios-compressor.jpg\",\"datePublished\":\"2018-11-16T23:10:40+00:00\",\"breadcrumb\":{\"@id\":\"https:\\\/\\\/www.ucaldas.edu.co\\\/portal\\\/u-de-caldas-recibio-a-investigador-del-instituto-politecnico-nacional-de-mexico\\\/#breadcrumb\"},\"inLanguage\":\"es\",\"potentialAction\":[{\"@type\":\"ReadAction\",\"target\":[\"https:\\\/\\\/www.ucaldas.edu.co\\\/portal\\\/u-de-caldas-recibio-a-investigador-del-instituto-politecnico-nacional-de-mexico\\\/\"]}]},{\"@type\":\"ImageObject\",\"inLanguage\":\"es\",\"@id\":\"https:\\\/\\\/www.ucaldas.edu.co\\\/portal\\\/u-de-caldas-recibio-a-investigador-del-instituto-politecnico-nacional-de-mexico\\\/#primaryimage\",\"url\":\"https:\\\/\\\/www.ucaldas.edu.co\\\/portal\\\/wp-content\\\/uploads\\\/2018\\\/11\\\/VisitaMexicanoTemasAgrarios-compressor.jpg\",\"contentUrl\":\"https:\\\/\\\/www.ucaldas.edu.co\\\/portal\\\/wp-content\\\/uploads\\\/2018\\\/11\\\/VisitaMexicanoTemasAgrarios-compressor.jpg\",\"width\":700,\"height\":399},{\"@type\":\"BreadcrumbList\",\"@id\":\"https:\\\/\\\/www.ucaldas.edu.co\\\/portal\\\/u-de-caldas-recibio-a-investigador-del-instituto-politecnico-nacional-de-mexico\\\/#breadcrumb\",\"itemListElement\":[{\"@type\":\"ListItem\",\"position\":1,\"name\":\"Portada\",\"item\":\"https:\\\/\\\/www.ucaldas.edu.co\\\/portal\\\/\"},{\"@type\":\"ListItem\",\"position\":2,\"name\":\"U. de Caldas recibi\u00f3 a investigador del Instituto Polit\u00e9cnico Nacional de M\u00e9xico\"}]},{\"@type\":\"WebSite\",\"@id\":\"https:\\\/\\\/www.ucaldas.edu.co\\\/portal\\\/#website\",\"url\":\"https:\\\/\\\/www.ucaldas.edu.co\\\/portal\\\/\",\"name\":\"Universidad de Caldas\",\"description\":\"\",\"publisher\":{\"@id\":\"https:\\\/\\\/www.ucaldas.edu.co\\\/portal\\\/#organization\"},\"alternateName\":\"U. de Caldas\",\"potentialAction\":[{\"@type\":\"SearchAction\",\"target\":{\"@type\":\"EntryPoint\",\"urlTemplate\":\"https:\\\/\\\/www.ucaldas.edu.co\\\/portal\\\/?s={search_term_string}\"},\"query-input\":{\"@type\":\"PropertyValueSpecification\",\"valueRequired\":true,\"valueName\":\"search_term_string\"}}],\"inLanguage\":\"es\"},{\"@type\":\"Organization\",\"@id\":\"https:\\\/\\\/www.ucaldas.edu.co\\\/portal\\\/#organization\",\"name\":\"Universidad de Caldas\",\"alternateName\":\"U. de Caldas\",\"url\":\"https:\\\/\\\/www.ucaldas.edu.co\\\/portal\\\/\",\"logo\":{\"@type\":\"ImageObject\",\"inLanguage\":\"es\",\"@id\":\"https:\\\/\\\/www.ucaldas.edu.co\\\/portal\\\/#\\\/schema\\\/logo\\\/image\\\/\",\"url\":\"https:\\\/\\\/www.ucaldas.edu.co\\\/portal\\\/wp-content\\\/uploads\\\/2023\\\/11\\\/Logo_horizontal_oscuroU-2023.png\",\"contentUrl\":\"https:\\\/\\\/www.ucaldas.edu.co\\\/portal\\\/wp-content\\\/uploads\\\/2023\\\/11\\\/Logo_horizontal_oscuroU-2023.png\",\"width\":263,\"height\":101,\"caption\":\"Universidad de Caldas\"},\"image\":{\"@id\":\"https:\\\/\\\/www.ucaldas.edu.co\\\/portal\\\/#\\\/schema\\\/logo\\\/image\\\/\"},\"sameAs\":[\"https:\\\/\\\/www.facebook.com\\\/udecaldas\",\"https:\\\/\\\/x.com\\\/udecaldas\",\"https:\\\/\\\/www.youtube.com\\\/universidadcaldas\",\"https:\\\/\\\/www.instagram.com\\\/udecaldas\\\/\"]},{\"@type\":\"Person\",\"@id\":\"https:\\\/\\\/www.ucaldas.edu.co\\\/portal\\\/#\\\/schema\\\/person\\\/a1b482e23449158b4bc319926c074fdf\",\"name\":\"ofiprensa\",\"image\":{\"@type\":\"ImageObject\",\"inLanguage\":\"es\",\"@id\":\"https:\\\/\\\/www.ucaldas.edu.co\\\/portal\\\/wp-content\\\/litespeed\\\/avatar\\\/09ea5085e600095a7a811142c6944527.jpg?ver=1777497608\",\"url\":\"https:\\\/\\\/www.ucaldas.edu.co\\\/portal\\\/wp-content\\\/litespeed\\\/avatar\\\/09ea5085e600095a7a811142c6944527.jpg?ver=1777497608\",\"contentUrl\":\"https:\\\/\\\/www.ucaldas.edu.co\\\/portal\\\/wp-content\\\/litespeed\\\/avatar\\\/09ea5085e600095a7a811142c6944527.jpg?ver=1777497608\",\"caption\":\"ofiprensa\"},\"url\":\"https:\\\/\\\/www.ucaldas.edu.co\\\/portal\\\/author\\\/ofiprensa\\\/\"}]}<\/script>\n<!-- \/ Yoast SEO plugin. -->","yoast_head_json":{"title":"U. de Caldas recibi\u00f3 a investigador del Instituto Polit\u00e9cnico Nacional de M\u00e9xico .","robots":{"index":"index","follow":"follow","max-snippet":"max-snippet:-1","max-image-preview":"max-image-preview:large","max-video-preview":"max-video-preview:-1"},"canonical":"https:\/\/www.ucaldas.edu.co\/portal\/u-de-caldas-recibio-a-investigador-del-instituto-politecnico-nacional-de-mexico\/","schema":{"@context":"https:\/\/schema.org","@graph":[{"@type":"Article","@id":"https:\/\/www.ucaldas.edu.co\/portal\/u-de-caldas-recibio-a-investigador-del-instituto-politecnico-nacional-de-mexico\/#article","isPartOf":{"@id":"https:\/\/www.ucaldas.edu.co\/portal\/u-de-caldas-recibio-a-investigador-del-instituto-politecnico-nacional-de-mexico\/"},"author":{"name":"ofiprensa","@id":"https:\/\/www.ucaldas.edu.co\/portal\/#\/schema\/person\/a1b482e23449158b4bc319926c074fdf"},"headline":"U. de Caldas recibi\u00f3 a investigador del Instituto Polit\u00e9cnico Nacional de M\u00e9xico","datePublished":"2018-11-16T23:10:40+00:00","mainEntityOfPage":{"@id":"https:\/\/www.ucaldas.edu.co\/portal\/u-de-caldas-recibio-a-investigador-del-instituto-politecnico-nacional-de-mexico\/"},"wordCount":252,"publisher":{"@id":"https:\/\/www.ucaldas.edu.co\/portal\/#organization"},"image":{"@id":"https:\/\/www.ucaldas.edu.co\/portal\/u-de-caldas-recibio-a-investigador-del-instituto-politecnico-nacional-de-mexico\/#primaryimage"},"thumbnailUrl":"https:\/\/www.ucaldas.edu.co\/portal\/wp-content\/uploads\/2018\/11\/VisitaMexicanoTemasAgrarios-compressor.jpg","keywords":["academia","visita","investigador","Tendencias en Investigaci\u00f3n Agraria"],"articleSection":["Actualidad","Universidad al D\u00eda","Ucaldas Internacional"],"inLanguage":"es"},{"@type":"WebPage","@id":"https:\/\/www.ucaldas.edu.co\/portal\/u-de-caldas-recibio-a-investigador-del-instituto-politecnico-nacional-de-mexico\/","url":"https:\/\/www.ucaldas.edu.co\/portal\/u-de-caldas-recibio-a-investigador-del-instituto-politecnico-nacional-de-mexico\/","name":"U. de Caldas recibi\u00f3 a investigador del Instituto Polit\u00e9cnico Nacional de M\u00e9xico .","isPartOf":{"@id":"https:\/\/www.ucaldas.edu.co\/portal\/#website"},"primaryImageOfPage":{"@id":"https:\/\/www.ucaldas.edu.co\/portal\/u-de-caldas-recibio-a-investigador-del-instituto-politecnico-nacional-de-mexico\/#primaryimage"},"image":{"@id":"https:\/\/www.ucaldas.edu.co\/portal\/u-de-caldas-recibio-a-investigador-del-instituto-politecnico-nacional-de-mexico\/#primaryimage"},"thumbnailUrl":"https:\/\/www.ucaldas.edu.co\/portal\/wp-content\/uploads\/2018\/11\/VisitaMexicanoTemasAgrarios-compressor.jpg","datePublished":"2018-11-16T23:10:40+00:00","breadcrumb":{"@id":"https:\/\/www.ucaldas.edu.co\/portal\/u-de-caldas-recibio-a-investigador-del-instituto-politecnico-nacional-de-mexico\/#breadcrumb"},"inLanguage":"es","potentialAction":[{"@type":"ReadAction","target":["https:\/\/www.ucaldas.edu.co\/portal\/u-de-caldas-recibio-a-investigador-del-instituto-politecnico-nacional-de-mexico\/"]}]},{"@type":"ImageObject","inLanguage":"es","@id":"https:\/\/www.ucaldas.edu.co\/portal\/u-de-caldas-recibio-a-investigador-del-instituto-politecnico-nacional-de-mexico\/#primaryimage","url":"https:\/\/www.ucaldas.edu.co\/portal\/wp-content\/uploads\/2018\/11\/VisitaMexicanoTemasAgrarios-compressor.jpg","contentUrl":"https:\/\/www.ucaldas.edu.co\/portal\/wp-content\/uploads\/2018\/11\/VisitaMexicanoTemasAgrarios-compressor.jpg","width":700,"height":399},{"@type":"BreadcrumbList","@id":"https:\/\/www.ucaldas.edu.co\/portal\/u-de-caldas-recibio-a-investigador-del-instituto-politecnico-nacional-de-mexico\/#breadcrumb","itemListElement":[{"@type":"ListItem","position":1,"name":"Portada","item":"https:\/\/www.ucaldas.edu.co\/portal\/"},{"@type":"ListItem","position":2,"name":"U. de Caldas recibi\u00f3 a investigador del Instituto Polit\u00e9cnico Nacional de M\u00e9xico"}]},{"@type":"WebSite","@id":"https:\/\/www.ucaldas.edu.co\/portal\/#website","url":"https:\/\/www.ucaldas.edu.co\/portal\/","name":"Universidad de Caldas","description":"","publisher":{"@id":"https:\/\/www.ucaldas.edu.co\/portal\/#organization"},"alternateName":"U. de Caldas","potentialAction":[{"@type":"SearchAction","target":{"@type":"EntryPoint","urlTemplate":"https:\/\/www.ucaldas.edu.co\/portal\/?s={search_term_string}"},"query-input":{"@type":"PropertyValueSpecification","valueRequired":true,"valueName":"search_term_string"}}],"inLanguage":"es"},{"@type":"Organization","@id":"https:\/\/www.ucaldas.edu.co\/portal\/#organization","name":"Universidad de Caldas","alternateName":"U. de Caldas","url":"https:\/\/www.ucaldas.edu.co\/portal\/","logo":{"@type":"ImageObject","inLanguage":"es","@id":"https:\/\/www.ucaldas.edu.co\/portal\/#\/schema\/logo\/image\/","url":"https:\/\/www.ucaldas.edu.co\/portal\/wp-content\/uploads\/2023\/11\/Logo_horizontal_oscuroU-2023.png","contentUrl":"https:\/\/www.ucaldas.edu.co\/portal\/wp-content\/uploads\/2023\/11\/Logo_horizontal_oscuroU-2023.png","width":263,"height":101,"caption":"Universidad de Caldas"},"image":{"@id":"https:\/\/www.ucaldas.edu.co\/portal\/#\/schema\/logo\/image\/"},"sameAs":["https:\/\/www.facebook.com\/udecaldas","https:\/\/x.com\/udecaldas","https:\/\/www.youtube.com\/universidadcaldas","https:\/\/www.instagram.com\/udecaldas\/"]},{"@type":"Person","@id":"https:\/\/www.ucaldas.edu.co\/portal\/#\/schema\/person\/a1b482e23449158b4bc319926c074fdf","name":"ofiprensa","image":{"@type":"ImageObject","inLanguage":"es","@id":"https:\/\/www.ucaldas.edu.co\/portal\/wp-content\/litespeed\/avatar\/09ea5085e600095a7a811142c6944527.jpg?ver=1777497608","url":"https:\/\/www.ucaldas.edu.co\/portal\/wp-content\/litespeed\/avatar\/09ea5085e600095a7a811142c6944527.jpg?ver=1777497608","contentUrl":"https:\/\/www.ucaldas.edu.co\/portal\/wp-content\/litespeed\/avatar\/09ea5085e600095a7a811142c6944527.jpg?ver=1777497608","caption":"ofiprensa"},"url":"https:\/\/www.ucaldas.edu.co\/portal\/author\/ofiprensa\/"}]}},"_links":{"self":[{"href":"https:\/\/www.ucaldas.edu.co\/portal\/wp-json\/wp\/v2\/posts\/44465","targetHints":{"allow":["GET"]}}],"collection":[{"href":"https:\/\/www.ucaldas.edu.co\/portal\/wp-json\/wp\/v2\/posts"}],"about":[{"href":"https:\/\/www.ucaldas.edu.co\/portal\/wp-json\/wp\/v2\/types\/post"}],"author":[{"embeddable":true,"href":"https:\/\/www.ucaldas.edu.co\/portal\/wp-json\/wp\/v2\/users\/2"}],"replies":[{"embeddable":true,"href":"https:\/\/www.ucaldas.edu.co\/portal\/wp-json\/wp\/v2\/comments?post=44465"}],"version-history":[{"count":0,"href":"https:\/\/www.ucaldas.edu.co\/portal\/wp-json\/wp\/v2\/posts\/44465\/revisions"}],"wp:featuredmedia":[{"embeddable":true,"href":"https:\/\/www.ucaldas.edu.co\/portal\/wp-json\/wp\/v2\/media\/44466"}],"wp:attachment":[{"href":"https:\/\/www.ucaldas.edu.co\/portal\/wp-json\/wp\/v2\/media?parent=44465"}],"wp:term":[{"taxonomy":"category","embeddable":true,"href":"https:\/\/www.ucaldas.edu.co\/portal\/wp-json\/wp\/v2\/categories?post=44465"},{"taxonomy":"post_tag","embeddable":true,"href":"https:\/\/www.ucaldas.edu.co\/portal\/wp-json\/wp\/v2\/tags?post=44465"}],"curies":[{"name":"wp","href":"https:\/\/api.w.org\/{rel}","templated":true}]}}