{"id":44425,"date":"2018-11-15T22:51:55","date_gmt":"2018-11-15T22:51:55","guid":{"rendered":"https:\/\/www.ucaldas.edu.co\/portal\/?p=44425"},"modified":"2018-11-15T22:51:55","modified_gmt":"2018-11-15T22:51:55","slug":"18-personas-en-pensilvania-caldas-se-certificaron-en-el-curso-de-formacion-especializado-en-el-sector-lechero","status":"publish","type":"post","link":"https:\/\/www.ucaldas.edu.co\/portal\/18-personas-en-pensilvania-caldas-se-certificaron-en-el-curso-de-formacion-especializado-en-el-sector-lechero\/","title":{"rendered":"18 personas en Pensilvania (Caldas) se certificaron en el Curso de Formaci\u00f3n Especializado en el Sector Lechero"},"content":{"rendered":"<p style=\"text-align: center;\">CONVENIO CELEBRADO ENTRE EL MINISTERIO DE EDUCACI\u00d3N NACIONAL Y LA U. DE CALDAS<\/p>\n<p style=\"text-align: center;\"><strong>18 personas en Pensilvania (Caldas) se certificaron en el Curso de Formaci\u00f3n Especializado en el Sector Lechero<\/strong><\/p>\n<p style=\"text-align: right;\">15\/11\/2018<\/p>\n<p><img loading=\"lazy\" decoding=\"async\" class=\"alignnone size-full wp-image-44426 aligncenter\" src=\"https:\/\/www.ucaldas.edu.co\/portal\/wp-content\/uploads\/2018\/11\/WhatsApp-Image-2018-11-15-at-4.46.49-PM.jpeg\" alt=\"\" width=\"1033\" height=\"561\" srcset=\"https:\/\/www.ucaldas.edu.co\/portal\/wp-content\/uploads\/2018\/11\/WhatsApp-Image-2018-11-15-at-4.46.49-PM.jpeg 1033w, https:\/\/www.ucaldas.edu.co\/portal\/wp-content\/uploads\/2018\/11\/WhatsApp-Image-2018-11-15-at-4.46.49-PM-300x163.jpeg 300w, https:\/\/www.ucaldas.edu.co\/portal\/wp-content\/uploads\/2018\/11\/WhatsApp-Image-2018-11-15-at-4.46.49-PM-768x417.jpeg 768w, https:\/\/www.ucaldas.edu.co\/portal\/wp-content\/uploads\/2018\/11\/WhatsApp-Image-2018-11-15-at-4.46.49-PM-1024x556.jpeg 1024w\" sizes=\"auto, (max-width: 1033px) 100vw, 1033px\" \/>En ceremonia realizada el 14 de noviembre en Pensilvania (Caldas), la Facultad de Ciencias Agropecuarias de la Universidad de Caldas, certific\u00f3 a 18 alumnos en el Curso de Formaci\u00f3n Especializado en el Sector Lechero.<\/p>\n<p>&nbsp;<\/p>\n<p><!--more--><\/p>\n<p>El desarrollo de este curso se llev\u00f3 a cabo como parte de los\u00a0convenios celebrados con el Ministerio de Educaci\u00f3n Nacional y acogi\u00f3 a mayordomos, orde\u00f1adores, productores lecheros y estudiantes de programas acad\u00e9micos relacionados con el sector productivo de los municipios de Pensilvania, Manzanares, Marquetalia y Marulanda.<\/p>\n<p>&nbsp;<\/p>\n<p>El Decano Facultad de Ciencias Agropecuarias, Jorge Uriel Carmona Ram\u00edrez, coment\u00f3: \u201cesta es una forma que tiene la Universidad de devolverle al territorio bienestar por los impuestos que recibe de la sociedad y por los apoyos gubernamentales que recibe para mejorar el aumento de cobertura\u201d.<\/p>\n<p>&nbsp;<\/p>\n<p>Este proceso de formaci\u00f3n cont\u00f3 con la participaci\u00f3n del Vicerrector Acad\u00e9mico del Colegio Integrado Nacional Oriente De Caldas \u2013 CINOC, Aurelio Ram\u00edrez, quien destac\u00f3 la importancia de la educaci\u00f3n rural ya que \u201cune a las personas y forma grupos de trabajo regionales que comparten un mismo conocimiento\u201d.<\/p>\n<p>&nbsp;<\/p>\n<p>Estudiantes como Luz Jazm\u00edn Raigoza G\u00f3mez, certificada en el curso, afirm\u00f3: \u201ccomo estudiante de administraci\u00f3n de empresas agropecuarias, estoy muy contenta de haber participado de este curso que alimenta mis conocimientos y me ayuda hacer una mejor profesional en el campo\u201d.<\/p>\n<p>&nbsp;<\/p>\n<p>Posterior a este curso, se seleccionar\u00e1n los mejores estudiantes para que conformen un proceso de orde\u00f1o mec\u00e1nico dotado de alta tecnolog\u00eda, que ser\u00e1 instalado en la granja Montelindo en el municipio de Palestina (Caldas) de la Universidad de Caldas.<\/p>\n<p>&nbsp;<\/p>\n<p><strong>Informes: <\/strong>Oficina de Comunicaciones y Prensa U. de Caldas, tel\u00e9fono 878 15 00 extensi\u00f3n 12 167.<\/p>\n<p><strong>Redacci\u00f3n:<\/strong> Daniela S\u00e1nchez R\u00edos<strong><\/p>\n<p><\/strong><\/p>\n","protected":false},"excerpt":{"rendered":"<p>CONVENIO CELEBRADO ENTRE EL MINISTERIO DE EDUCACI\u00d3N NACIONAL Y LA U. DE CALDAS 18 personas en Pensilvania (Caldas) se certificaron en el Curso de Formaci\u00f3n Especializado en el Sector Lechero 15\/11\/2018 En ceremonia realizada el 14 de noviembre en Pensilvania (Caldas), la Facultad de Ciencias Agropecuarias de la Universidad de Caldas, certific\u00f3 a 18 alumnos [&hellip;]<\/p>\n","protected":false},"author":2,"featured_media":44426,"comment_status":"closed","ping_status":"open","sticky":false,"template":"","format":"standard","meta":{"footnotes":""},"categories":[48,53,624],"tags":[110,423,1927,2787,2817,2885],"class_list":["post-44425","post","type-post","status-publish","format-standard","has-post-thumbnail","hentry","category-actualidad","category-universidad-al-dia","category-ucaldas-activa","tag-curso","tag-certificacion","tag-men","tag-sector-lechero","tag-agropecuarias","tag-lecheros"],"yoast_head":"<!-- This site is optimized with the Yoast SEO plugin v27.5 - https:\/\/yoast.com\/product\/yoast-seo-wordpress\/ -->\n<title>18 personas en Pensilvania (Caldas) se certificaron en el Curso de Formaci\u00f3n Especializado en el Sector Lechero .<\/title>\n<meta name=\"robots\" content=\"index, follow, max-snippet:-1, max-image-preview:large, max-video-preview:-1\" \/>\n<link rel=\"canonical\" href=\"https:\/\/www.ucaldas.edu.co\/portal\/18-personas-en-pensilvania-caldas-se-certificaron-en-el-curso-de-formacion-especializado-en-el-sector-lechero\/\" \/>\n<script type=\"application\/ld+json\" class=\"yoast-schema-graph\">{\"@context\":\"https:\\\/\\\/schema.org\",\"@graph\":[{\"@type\":\"Article\",\"@id\":\"https:\\\/\\\/www.ucaldas.edu.co\\\/portal\\\/18-personas-en-pensilvania-caldas-se-certificaron-en-el-curso-de-formacion-especializado-en-el-sector-lechero\\\/#article\",\"isPartOf\":{\"@id\":\"https:\\\/\\\/www.ucaldas.edu.co\\\/portal\\\/18-personas-en-pensilvania-caldas-se-certificaron-en-el-curso-de-formacion-especializado-en-el-sector-lechero\\\/\"},\"author\":{\"name\":\"ofiprensa\",\"@id\":\"https:\\\/\\\/www.ucaldas.edu.co\\\/portal\\\/#\\\/schema\\\/person\\\/a1b482e23449158b4bc319926c074fdf\"},\"headline\":\"18 personas en Pensilvania (Caldas) se certificaron en el Curso de Formaci\u00f3n Especializado en el Sector Lechero\",\"datePublished\":\"2018-11-15T22:51:55+00:00\",\"mainEntityOfPage\":{\"@id\":\"https:\\\/\\\/www.ucaldas.edu.co\\\/portal\\\/18-personas-en-pensilvania-caldas-se-certificaron-en-el-curso-de-formacion-especializado-en-el-sector-lechero\\\/\"},\"wordCount\":341,\"publisher\":{\"@id\":\"https:\\\/\\\/www.ucaldas.edu.co\\\/portal\\\/#organization\"},\"image\":{\"@id\":\"https:\\\/\\\/www.ucaldas.edu.co\\\/portal\\\/18-personas-en-pensilvania-caldas-se-certificaron-en-el-curso-de-formacion-especializado-en-el-sector-lechero\\\/#primaryimage\"},\"thumbnailUrl\":\"https:\\\/\\\/www.ucaldas.edu.co\\\/portal\\\/wp-content\\\/uploads\\\/2018\\\/11\\\/WhatsApp-Image-2018-11-15-at-4.46.49-PM.jpeg\",\"keywords\":[\"curso\",\"certificaci\u00f3n\",\"MEN\",\"sector lechero\",\"Agropecuarias\",\"Lecheros\"],\"articleSection\":[\"Actualidad\",\"Universidad al D\u00eda\",\"UCaldas Activa\"],\"inLanguage\":\"es\"},{\"@type\":\"WebPage\",\"@id\":\"https:\\\/\\\/www.ucaldas.edu.co\\\/portal\\\/18-personas-en-pensilvania-caldas-se-certificaron-en-el-curso-de-formacion-especializado-en-el-sector-lechero\\\/\",\"url\":\"https:\\\/\\\/www.ucaldas.edu.co\\\/portal\\\/18-personas-en-pensilvania-caldas-se-certificaron-en-el-curso-de-formacion-especializado-en-el-sector-lechero\\\/\",\"name\":\"18 personas en Pensilvania (Caldas) se certificaron en el Curso de Formaci\u00f3n Especializado en el Sector Lechero .\",\"isPartOf\":{\"@id\":\"https:\\\/\\\/www.ucaldas.edu.co\\\/portal\\\/#website\"},\"primaryImageOfPage\":{\"@id\":\"https:\\\/\\\/www.ucaldas.edu.co\\\/portal\\\/18-personas-en-pensilvania-caldas-se-certificaron-en-el-curso-de-formacion-especializado-en-el-sector-lechero\\\/#primaryimage\"},\"image\":{\"@id\":\"https:\\\/\\\/www.ucaldas.edu.co\\\/portal\\\/18-personas-en-pensilvania-caldas-se-certificaron-en-el-curso-de-formacion-especializado-en-el-sector-lechero\\\/#primaryimage\"},\"thumbnailUrl\":\"https:\\\/\\\/www.ucaldas.edu.co\\\/portal\\\/wp-content\\\/uploads\\\/2018\\\/11\\\/WhatsApp-Image-2018-11-15-at-4.46.49-PM.jpeg\",\"datePublished\":\"2018-11-15T22:51:55+00:00\",\"breadcrumb\":{\"@id\":\"https:\\\/\\\/www.ucaldas.edu.co\\\/portal\\\/18-personas-en-pensilvania-caldas-se-certificaron-en-el-curso-de-formacion-especializado-en-el-sector-lechero\\\/#breadcrumb\"},\"inLanguage\":\"es\",\"potentialAction\":[{\"@type\":\"ReadAction\",\"target\":[\"https:\\\/\\\/www.ucaldas.edu.co\\\/portal\\\/18-personas-en-pensilvania-caldas-se-certificaron-en-el-curso-de-formacion-especializado-en-el-sector-lechero\\\/\"]}]},{\"@type\":\"ImageObject\",\"inLanguage\":\"es\",\"@id\":\"https:\\\/\\\/www.ucaldas.edu.co\\\/portal\\\/18-personas-en-pensilvania-caldas-se-certificaron-en-el-curso-de-formacion-especializado-en-el-sector-lechero\\\/#primaryimage\",\"url\":\"https:\\\/\\\/www.ucaldas.edu.co\\\/portal\\\/wp-content\\\/uploads\\\/2018\\\/11\\\/WhatsApp-Image-2018-11-15-at-4.46.49-PM.jpeg\",\"contentUrl\":\"https:\\\/\\\/www.ucaldas.edu.co\\\/portal\\\/wp-content\\\/uploads\\\/2018\\\/11\\\/WhatsApp-Image-2018-11-15-at-4.46.49-PM.jpeg\",\"width\":1033,\"height\":561},{\"@type\":\"BreadcrumbList\",\"@id\":\"https:\\\/\\\/www.ucaldas.edu.co\\\/portal\\\/18-personas-en-pensilvania-caldas-se-certificaron-en-el-curso-de-formacion-especializado-en-el-sector-lechero\\\/#breadcrumb\",\"itemListElement\":[{\"@type\":\"ListItem\",\"position\":1,\"name\":\"Portada\",\"item\":\"https:\\\/\\\/www.ucaldas.edu.co\\\/portal\\\/\"},{\"@type\":\"ListItem\",\"position\":2,\"name\":\"18 personas en Pensilvania (Caldas) se certificaron en el Curso de Formaci\u00f3n Especializado en el Sector Lechero\"}]},{\"@type\":\"WebSite\",\"@id\":\"https:\\\/\\\/www.ucaldas.edu.co\\\/portal\\\/#website\",\"url\":\"https:\\\/\\\/www.ucaldas.edu.co\\\/portal\\\/\",\"name\":\"Universidad de Caldas\",\"description\":\"\",\"publisher\":{\"@id\":\"https:\\\/\\\/www.ucaldas.edu.co\\\/portal\\\/#organization\"},\"alternateName\":\"U. de Caldas\",\"potentialAction\":[{\"@type\":\"SearchAction\",\"target\":{\"@type\":\"EntryPoint\",\"urlTemplate\":\"https:\\\/\\\/www.ucaldas.edu.co\\\/portal\\\/?s={search_term_string}\"},\"query-input\":{\"@type\":\"PropertyValueSpecification\",\"valueRequired\":true,\"valueName\":\"search_term_string\"}}],\"inLanguage\":\"es\"},{\"@type\":\"Organization\",\"@id\":\"https:\\\/\\\/www.ucaldas.edu.co\\\/portal\\\/#organization\",\"name\":\"Universidad de Caldas\",\"alternateName\":\"U. de Caldas\",\"url\":\"https:\\\/\\\/www.ucaldas.edu.co\\\/portal\\\/\",\"logo\":{\"@type\":\"ImageObject\",\"inLanguage\":\"es\",\"@id\":\"https:\\\/\\\/www.ucaldas.edu.co\\\/portal\\\/#\\\/schema\\\/logo\\\/image\\\/\",\"url\":\"https:\\\/\\\/www.ucaldas.edu.co\\\/portal\\\/wp-content\\\/uploads\\\/2023\\\/11\\\/Logo_horizontal_oscuroU-2023.png\",\"contentUrl\":\"https:\\\/\\\/www.ucaldas.edu.co\\\/portal\\\/wp-content\\\/uploads\\\/2023\\\/11\\\/Logo_horizontal_oscuroU-2023.png\",\"width\":263,\"height\":101,\"caption\":\"Universidad de Caldas\"},\"image\":{\"@id\":\"https:\\\/\\\/www.ucaldas.edu.co\\\/portal\\\/#\\\/schema\\\/logo\\\/image\\\/\"},\"sameAs\":[\"https:\\\/\\\/www.facebook.com\\\/udecaldas\",\"https:\\\/\\\/x.com\\\/udecaldas\",\"https:\\\/\\\/www.youtube.com\\\/universidadcaldas\",\"https:\\\/\\\/www.instagram.com\\\/udecaldas\\\/\"]},{\"@type\":\"Person\",\"@id\":\"https:\\\/\\\/www.ucaldas.edu.co\\\/portal\\\/#\\\/schema\\\/person\\\/a1b482e23449158b4bc319926c074fdf\",\"name\":\"ofiprensa\",\"image\":{\"@type\":\"ImageObject\",\"inLanguage\":\"es\",\"@id\":\"https:\\\/\\\/www.ucaldas.edu.co\\\/portal\\\/wp-content\\\/litespeed\\\/avatar\\\/09ea5085e600095a7a811142c6944527.jpg?ver=1777497608\",\"url\":\"https:\\\/\\\/www.ucaldas.edu.co\\\/portal\\\/wp-content\\\/litespeed\\\/avatar\\\/09ea5085e600095a7a811142c6944527.jpg?ver=1777497608\",\"contentUrl\":\"https:\\\/\\\/www.ucaldas.edu.co\\\/portal\\\/wp-content\\\/litespeed\\\/avatar\\\/09ea5085e600095a7a811142c6944527.jpg?ver=1777497608\",\"caption\":\"ofiprensa\"},\"url\":\"https:\\\/\\\/www.ucaldas.edu.co\\\/portal\\\/author\\\/ofiprensa\\\/\"}]}<\/script>\n<!-- \/ Yoast SEO plugin. -->","yoast_head_json":{"title":"18 personas en Pensilvania (Caldas) se certificaron en el Curso de Formaci\u00f3n Especializado en el Sector Lechero .","robots":{"index":"index","follow":"follow","max-snippet":"max-snippet:-1","max-image-preview":"max-image-preview:large","max-video-preview":"max-video-preview:-1"},"canonical":"https:\/\/www.ucaldas.edu.co\/portal\/18-personas-en-pensilvania-caldas-se-certificaron-en-el-curso-de-formacion-especializado-en-el-sector-lechero\/","schema":{"@context":"https:\/\/schema.org","@graph":[{"@type":"Article","@id":"https:\/\/www.ucaldas.edu.co\/portal\/18-personas-en-pensilvania-caldas-se-certificaron-en-el-curso-de-formacion-especializado-en-el-sector-lechero\/#article","isPartOf":{"@id":"https:\/\/www.ucaldas.edu.co\/portal\/18-personas-en-pensilvania-caldas-se-certificaron-en-el-curso-de-formacion-especializado-en-el-sector-lechero\/"},"author":{"name":"ofiprensa","@id":"https:\/\/www.ucaldas.edu.co\/portal\/#\/schema\/person\/a1b482e23449158b4bc319926c074fdf"},"headline":"18 personas en Pensilvania (Caldas) se certificaron en el Curso de Formaci\u00f3n Especializado en el Sector Lechero","datePublished":"2018-11-15T22:51:55+00:00","mainEntityOfPage":{"@id":"https:\/\/www.ucaldas.edu.co\/portal\/18-personas-en-pensilvania-caldas-se-certificaron-en-el-curso-de-formacion-especializado-en-el-sector-lechero\/"},"wordCount":341,"publisher":{"@id":"https:\/\/www.ucaldas.edu.co\/portal\/#organization"},"image":{"@id":"https:\/\/www.ucaldas.edu.co\/portal\/18-personas-en-pensilvania-caldas-se-certificaron-en-el-curso-de-formacion-especializado-en-el-sector-lechero\/#primaryimage"},"thumbnailUrl":"https:\/\/www.ucaldas.edu.co\/portal\/wp-content\/uploads\/2018\/11\/WhatsApp-Image-2018-11-15-at-4.46.49-PM.jpeg","keywords":["curso","certificaci\u00f3n","MEN","sector lechero","Agropecuarias","Lecheros"],"articleSection":["Actualidad","Universidad al D\u00eda","UCaldas Activa"],"inLanguage":"es"},{"@type":"WebPage","@id":"https:\/\/www.ucaldas.edu.co\/portal\/18-personas-en-pensilvania-caldas-se-certificaron-en-el-curso-de-formacion-especializado-en-el-sector-lechero\/","url":"https:\/\/www.ucaldas.edu.co\/portal\/18-personas-en-pensilvania-caldas-se-certificaron-en-el-curso-de-formacion-especializado-en-el-sector-lechero\/","name":"18 personas en Pensilvania (Caldas) se certificaron en el Curso de Formaci\u00f3n Especializado en el Sector Lechero .","isPartOf":{"@id":"https:\/\/www.ucaldas.edu.co\/portal\/#website"},"primaryImageOfPage":{"@id":"https:\/\/www.ucaldas.edu.co\/portal\/18-personas-en-pensilvania-caldas-se-certificaron-en-el-curso-de-formacion-especializado-en-el-sector-lechero\/#primaryimage"},"image":{"@id":"https:\/\/www.ucaldas.edu.co\/portal\/18-personas-en-pensilvania-caldas-se-certificaron-en-el-curso-de-formacion-especializado-en-el-sector-lechero\/#primaryimage"},"thumbnailUrl":"https:\/\/www.ucaldas.edu.co\/portal\/wp-content\/uploads\/2018\/11\/WhatsApp-Image-2018-11-15-at-4.46.49-PM.jpeg","datePublished":"2018-11-15T22:51:55+00:00","breadcrumb":{"@id":"https:\/\/www.ucaldas.edu.co\/portal\/18-personas-en-pensilvania-caldas-se-certificaron-en-el-curso-de-formacion-especializado-en-el-sector-lechero\/#breadcrumb"},"inLanguage":"es","potentialAction":[{"@type":"ReadAction","target":["https:\/\/www.ucaldas.edu.co\/portal\/18-personas-en-pensilvania-caldas-se-certificaron-en-el-curso-de-formacion-especializado-en-el-sector-lechero\/"]}]},{"@type":"ImageObject","inLanguage":"es","@id":"https:\/\/www.ucaldas.edu.co\/portal\/18-personas-en-pensilvania-caldas-se-certificaron-en-el-curso-de-formacion-especializado-en-el-sector-lechero\/#primaryimage","url":"https:\/\/www.ucaldas.edu.co\/portal\/wp-content\/uploads\/2018\/11\/WhatsApp-Image-2018-11-15-at-4.46.49-PM.jpeg","contentUrl":"https:\/\/www.ucaldas.edu.co\/portal\/wp-content\/uploads\/2018\/11\/WhatsApp-Image-2018-11-15-at-4.46.49-PM.jpeg","width":1033,"height":561},{"@type":"BreadcrumbList","@id":"https:\/\/www.ucaldas.edu.co\/portal\/18-personas-en-pensilvania-caldas-se-certificaron-en-el-curso-de-formacion-especializado-en-el-sector-lechero\/#breadcrumb","itemListElement":[{"@type":"ListItem","position":1,"name":"Portada","item":"https:\/\/www.ucaldas.edu.co\/portal\/"},{"@type":"ListItem","position":2,"name":"18 personas en Pensilvania (Caldas) se certificaron en el Curso de Formaci\u00f3n Especializado en el Sector Lechero"}]},{"@type":"WebSite","@id":"https:\/\/www.ucaldas.edu.co\/portal\/#website","url":"https:\/\/www.ucaldas.edu.co\/portal\/","name":"Universidad de Caldas","description":"","publisher":{"@id":"https:\/\/www.ucaldas.edu.co\/portal\/#organization"},"alternateName":"U. de Caldas","potentialAction":[{"@type":"SearchAction","target":{"@type":"EntryPoint","urlTemplate":"https:\/\/www.ucaldas.edu.co\/portal\/?s={search_term_string}"},"query-input":{"@type":"PropertyValueSpecification","valueRequired":true,"valueName":"search_term_string"}}],"inLanguage":"es"},{"@type":"Organization","@id":"https:\/\/www.ucaldas.edu.co\/portal\/#organization","name":"Universidad de Caldas","alternateName":"U. de Caldas","url":"https:\/\/www.ucaldas.edu.co\/portal\/","logo":{"@type":"ImageObject","inLanguage":"es","@id":"https:\/\/www.ucaldas.edu.co\/portal\/#\/schema\/logo\/image\/","url":"https:\/\/www.ucaldas.edu.co\/portal\/wp-content\/uploads\/2023\/11\/Logo_horizontal_oscuroU-2023.png","contentUrl":"https:\/\/www.ucaldas.edu.co\/portal\/wp-content\/uploads\/2023\/11\/Logo_horizontal_oscuroU-2023.png","width":263,"height":101,"caption":"Universidad de Caldas"},"image":{"@id":"https:\/\/www.ucaldas.edu.co\/portal\/#\/schema\/logo\/image\/"},"sameAs":["https:\/\/www.facebook.com\/udecaldas","https:\/\/x.com\/udecaldas","https:\/\/www.youtube.com\/universidadcaldas","https:\/\/www.instagram.com\/udecaldas\/"]},{"@type":"Person","@id":"https:\/\/www.ucaldas.edu.co\/portal\/#\/schema\/person\/a1b482e23449158b4bc319926c074fdf","name":"ofiprensa","image":{"@type":"ImageObject","inLanguage":"es","@id":"https:\/\/www.ucaldas.edu.co\/portal\/wp-content\/litespeed\/avatar\/09ea5085e600095a7a811142c6944527.jpg?ver=1777497608","url":"https:\/\/www.ucaldas.edu.co\/portal\/wp-content\/litespeed\/avatar\/09ea5085e600095a7a811142c6944527.jpg?ver=1777497608","contentUrl":"https:\/\/www.ucaldas.edu.co\/portal\/wp-content\/litespeed\/avatar\/09ea5085e600095a7a811142c6944527.jpg?ver=1777497608","caption":"ofiprensa"},"url":"https:\/\/www.ucaldas.edu.co\/portal\/author\/ofiprensa\/"}]}},"_links":{"self":[{"href":"https:\/\/www.ucaldas.edu.co\/portal\/wp-json\/wp\/v2\/posts\/44425","targetHints":{"allow":["GET"]}}],"collection":[{"href":"https:\/\/www.ucaldas.edu.co\/portal\/wp-json\/wp\/v2\/posts"}],"about":[{"href":"https:\/\/www.ucaldas.edu.co\/portal\/wp-json\/wp\/v2\/types\/post"}],"author":[{"embeddable":true,"href":"https:\/\/www.ucaldas.edu.co\/portal\/wp-json\/wp\/v2\/users\/2"}],"replies":[{"embeddable":true,"href":"https:\/\/www.ucaldas.edu.co\/portal\/wp-json\/wp\/v2\/comments?post=44425"}],"version-history":[{"count":0,"href":"https:\/\/www.ucaldas.edu.co\/portal\/wp-json\/wp\/v2\/posts\/44425\/revisions"}],"wp:featuredmedia":[{"embeddable":true,"href":"https:\/\/www.ucaldas.edu.co\/portal\/wp-json\/wp\/v2\/media\/44426"}],"wp:attachment":[{"href":"https:\/\/www.ucaldas.edu.co\/portal\/wp-json\/wp\/v2\/media?parent=44425"}],"wp:term":[{"taxonomy":"category","embeddable":true,"href":"https:\/\/www.ucaldas.edu.co\/portal\/wp-json\/wp\/v2\/categories?post=44425"},{"taxonomy":"post_tag","embeddable":true,"href":"https:\/\/www.ucaldas.edu.co\/portal\/wp-json\/wp\/v2\/tags?post=44425"}],"curies":[{"name":"wp","href":"https:\/\/api.w.org\/{rel}","templated":true}]}}