{"id":44104,"date":"2018-11-01T22:21:18","date_gmt":"2018-11-01T22:21:18","guid":{"rendered":"https:\/\/www.ucaldas.edu.co\/portal\/?p=44104"},"modified":"2018-11-01T22:21:18","modified_gmt":"2018-11-01T22:21:18","slug":"en-el-centro-cultural-universitario-rogelio-salmona-se-expone-la-muestra-resanar-para-pintar-y-pintar-para-resanar","status":"publish","type":"post","link":"https:\/\/www.ucaldas.edu.co\/portal\/en-el-centro-cultural-universitario-rogelio-salmona-se-expone-la-muestra-resanar-para-pintar-y-pintar-para-resanar\/","title":{"rendered":"En el Centro Cultural Universitario Rogelio Salmona se expone la muestra Resanar Para pintar y pintar para resanar"},"content":{"rendered":"<p style=\"text-align: center;\">DEL PROYECTO LA RUTA DEL COLOR<\/p>\n<p style=\"text-align: center;\"><strong>En el Centro Cultural Universitario Rogelio Salmona se expone la muestra <em>Resanar Para pintar y pintar para resanar<\/em><\/strong><\/p>\n<p style=\"text-align: right;\">1\/11\/2018<\/p>\n<p><strong>\u00a0<img loading=\"lazy\" decoding=\"async\" class=\"alignnone size-full wp-image-44105 aligncenter\" src=\"https:\/\/www.ucaldas.edu.co\/portal\/wp-content\/uploads\/2018\/11\/rutadelcolor-compressor.jpg\" alt=\"\" width=\"700\" height=\"400\" srcset=\"https:\/\/www.ucaldas.edu.co\/portal\/wp-content\/uploads\/2018\/11\/rutadelcolor-compressor.jpg 700w, https:\/\/www.ucaldas.edu.co\/portal\/wp-content\/uploads\/2018\/11\/rutadelcolor-compressor-300x171.jpg 300w\" sizes=\"auto, (max-width: 700px) 100vw, 700px\" \/><\/strong><\/p>\n<p><strong>Este jueves 1 de noviembre del 2018 en el Centro Cultural Universitario Rogelio Salmona de la Universidad de Caldas se llev\u00f3 a cabo socializaci\u00f3n del proyecto La Ruta del Color<\/strong>. Durante el encuentro tambi\u00e9n se llev\u00f3 a cabo la apertura de la exposici\u00f3n <em>Resanar Para pintar y pintar para resanar: La Ruta del Color barrio Villahermosa<\/em>.<\/p>\n<p><!--more--><\/p>\n<p>La <strong>Vicerrectora de Proyecci\u00f3n Universitaria de la U. de Caldas, Patricia Salazar Villegas, destac\u00f3<\/strong>: \u201cme llena de orgullo. Esta fue una herencia, porque cuando llegu\u00e9 ya estaba comenzando el proyecto. Me siento muy afortunada de estar en este espacio, porque como plantea la exposici\u00f3n: resanar para sanar. <strong>No s\u00f3lo pintamos casas, sino que trabajamos con la comunidad para generar apropiaci\u00f3n<\/strong>\u201d.<\/p>\n<p>&nbsp;<\/p>\n<p><a href=\"https:\/\/www.facebook.com\/media\/set\/?set=a.2038793366182518&amp;type=1&amp;l=ba84ce2d32\">Conozca im\u00e1genes de socializaci\u00f3n del proyecto La Ruta del Color y de la apertura de la exposici\u00f3n <em>Resanar Para pintar y pintar para resanar<\/em><\/a><\/p>\n<p>&nbsp;<\/p>\n<p><strong>Sobre el proyecto<\/strong><\/p>\n<p>Aguas de Manizales, la Alcald\u00eda de Manizales, la Universidad de Caldas entregaron en septiembre del 2018 el proyecto de intervenci\u00f3n: \u201cLa ruta del color\u201d, una nueva propuesta de color para los habitantes del barrio Villahermosa (<a href=\"https:\/\/www.ucaldas.edu.co\/portal\/comunidad-de-villahermosa-recibio-el-proyecto-de-intervencion-la-ruta-del-color\/\">ver nota<\/a>).<\/p>\n<p><strong>\u00a0<\/strong><\/p>\n<p><strong>Informes: <\/strong>Oficina de Comunicaciones y Prensa U. de Caldas, tel\u00e9fono 878 15 00 extensi\u00f3n 12 167.<\/p>\n<p><strong>Redacci\u00f3n:<\/strong> Margarita Laverde<strong><br \/>\n<\/strong><\/p>\n","protected":false},"excerpt":{"rendered":"<p>DEL PROYECTO LA RUTA DEL COLOR En el Centro Cultural Universitario Rogelio Salmona se expone la muestra Resanar Para pintar y pintar para resanar 1\/11\/2018 \u00a0 Este jueves 1 de noviembre del 2018 en el Centro Cultural Universitario Rogelio Salmona de la Universidad de Caldas se llev\u00f3 a cabo socializaci\u00f3n del proyecto La Ruta del [&hellip;]<\/p>\n","protected":false},"author":2,"featured_media":44105,"comment_status":"closed","ping_status":"open","sticky":false,"template":"","format":"standard","meta":{"footnotes":""},"categories":[53,664,48],"tags":[65,73,158,1109,63],"class_list":["post-44104","post","type-post","status-publish","format-standard","has-post-thumbnail","hentry","category-universidad-al-dia","category-ucaldas-cultural","category-actualidad","tag-festival","tag-proyeccion","tag-teatro","tag-universitario","tag-participe"],"yoast_head":"<!-- This site is optimized with the Yoast SEO plugin v27.5 - https:\/\/yoast.com\/product\/yoast-seo-wordpress\/ -->\n<title>En el Centro Cultural Universitario Rogelio Salmona se expone la muestra Resanar Para pintar y pintar para resanar .<\/title>\n<meta name=\"robots\" content=\"index, follow, max-snippet:-1, max-image-preview:large, max-video-preview:-1\" \/>\n<link rel=\"canonical\" href=\"https:\/\/www.ucaldas.edu.co\/portal\/en-el-centro-cultural-universitario-rogelio-salmona-se-expone-la-muestra-resanar-para-pintar-y-pintar-para-resanar\/\" \/>\n<script type=\"application\/ld+json\" class=\"yoast-schema-graph\">{\"@context\":\"https:\\\/\\\/schema.org\",\"@graph\":[{\"@type\":\"Article\",\"@id\":\"https:\\\/\\\/www.ucaldas.edu.co\\\/portal\\\/en-el-centro-cultural-universitario-rogelio-salmona-se-expone-la-muestra-resanar-para-pintar-y-pintar-para-resanar\\\/#article\",\"isPartOf\":{\"@id\":\"https:\\\/\\\/www.ucaldas.edu.co\\\/portal\\\/en-el-centro-cultural-universitario-rogelio-salmona-se-expone-la-muestra-resanar-para-pintar-y-pintar-para-resanar\\\/\"},\"author\":{\"name\":\"ofiprensa\",\"@id\":\"https:\\\/\\\/www.ucaldas.edu.co\\\/portal\\\/#\\\/schema\\\/person\\\/a1b482e23449158b4bc319926c074fdf\"},\"headline\":\"En el Centro Cultural Universitario Rogelio Salmona se expone la muestra Resanar Para pintar y pintar para resanar\",\"datePublished\":\"2018-11-01T22:21:18+00:00\",\"mainEntityOfPage\":{\"@id\":\"https:\\\/\\\/www.ucaldas.edu.co\\\/portal\\\/en-el-centro-cultural-universitario-rogelio-salmona-se-expone-la-muestra-resanar-para-pintar-y-pintar-para-resanar\\\/\"},\"wordCount\":250,\"publisher\":{\"@id\":\"https:\\\/\\\/www.ucaldas.edu.co\\\/portal\\\/#organization\"},\"image\":{\"@id\":\"https:\\\/\\\/www.ucaldas.edu.co\\\/portal\\\/en-el-centro-cultural-universitario-rogelio-salmona-se-expone-la-muestra-resanar-para-pintar-y-pintar-para-resanar\\\/#primaryimage\"},\"thumbnailUrl\":\"https:\\\/\\\/www.ucaldas.edu.co\\\/portal\\\/wp-content\\\/uploads\\\/2018\\\/11\\\/rutadelcolor-compressor.jpg\",\"keywords\":[\"festival\",\"Proyecci\u00f3n\",\"teatro\",\"Universitario\",\"Participe\"],\"articleSection\":[\"Universidad al D\u00eda\",\"UCaldas Cultural\",\"Actualidad\"],\"inLanguage\":\"es\"},{\"@type\":\"WebPage\",\"@id\":\"https:\\\/\\\/www.ucaldas.edu.co\\\/portal\\\/en-el-centro-cultural-universitario-rogelio-salmona-se-expone-la-muestra-resanar-para-pintar-y-pintar-para-resanar\\\/\",\"url\":\"https:\\\/\\\/www.ucaldas.edu.co\\\/portal\\\/en-el-centro-cultural-universitario-rogelio-salmona-se-expone-la-muestra-resanar-para-pintar-y-pintar-para-resanar\\\/\",\"name\":\"En el Centro Cultural Universitario Rogelio Salmona se expone la muestra Resanar Para pintar y pintar para resanar .\",\"isPartOf\":{\"@id\":\"https:\\\/\\\/www.ucaldas.edu.co\\\/portal\\\/#website\"},\"primaryImageOfPage\":{\"@id\":\"https:\\\/\\\/www.ucaldas.edu.co\\\/portal\\\/en-el-centro-cultural-universitario-rogelio-salmona-se-expone-la-muestra-resanar-para-pintar-y-pintar-para-resanar\\\/#primaryimage\"},\"image\":{\"@id\":\"https:\\\/\\\/www.ucaldas.edu.co\\\/portal\\\/en-el-centro-cultural-universitario-rogelio-salmona-se-expone-la-muestra-resanar-para-pintar-y-pintar-para-resanar\\\/#primaryimage\"},\"thumbnailUrl\":\"https:\\\/\\\/www.ucaldas.edu.co\\\/portal\\\/wp-content\\\/uploads\\\/2018\\\/11\\\/rutadelcolor-compressor.jpg\",\"datePublished\":\"2018-11-01T22:21:18+00:00\",\"breadcrumb\":{\"@id\":\"https:\\\/\\\/www.ucaldas.edu.co\\\/portal\\\/en-el-centro-cultural-universitario-rogelio-salmona-se-expone-la-muestra-resanar-para-pintar-y-pintar-para-resanar\\\/#breadcrumb\"},\"inLanguage\":\"es\",\"potentialAction\":[{\"@type\":\"ReadAction\",\"target\":[\"https:\\\/\\\/www.ucaldas.edu.co\\\/portal\\\/en-el-centro-cultural-universitario-rogelio-salmona-se-expone-la-muestra-resanar-para-pintar-y-pintar-para-resanar\\\/\"]}]},{\"@type\":\"ImageObject\",\"inLanguage\":\"es\",\"@id\":\"https:\\\/\\\/www.ucaldas.edu.co\\\/portal\\\/en-el-centro-cultural-universitario-rogelio-salmona-se-expone-la-muestra-resanar-para-pintar-y-pintar-para-resanar\\\/#primaryimage\",\"url\":\"https:\\\/\\\/www.ucaldas.edu.co\\\/portal\\\/wp-content\\\/uploads\\\/2018\\\/11\\\/rutadelcolor-compressor.jpg\",\"contentUrl\":\"https:\\\/\\\/www.ucaldas.edu.co\\\/portal\\\/wp-content\\\/uploads\\\/2018\\\/11\\\/rutadelcolor-compressor.jpg\",\"width\":700,\"height\":400},{\"@type\":\"BreadcrumbList\",\"@id\":\"https:\\\/\\\/www.ucaldas.edu.co\\\/portal\\\/en-el-centro-cultural-universitario-rogelio-salmona-se-expone-la-muestra-resanar-para-pintar-y-pintar-para-resanar\\\/#breadcrumb\",\"itemListElement\":[{\"@type\":\"ListItem\",\"position\":1,\"name\":\"Portada\",\"item\":\"https:\\\/\\\/www.ucaldas.edu.co\\\/portal\\\/\"},{\"@type\":\"ListItem\",\"position\":2,\"name\":\"En el Centro Cultural Universitario Rogelio Salmona se expone la muestra Resanar Para pintar y pintar para resanar\"}]},{\"@type\":\"WebSite\",\"@id\":\"https:\\\/\\\/www.ucaldas.edu.co\\\/portal\\\/#website\",\"url\":\"https:\\\/\\\/www.ucaldas.edu.co\\\/portal\\\/\",\"name\":\"Universidad de Caldas\",\"description\":\"\",\"publisher\":{\"@id\":\"https:\\\/\\\/www.ucaldas.edu.co\\\/portal\\\/#organization\"},\"alternateName\":\"U. de Caldas\",\"potentialAction\":[{\"@type\":\"SearchAction\",\"target\":{\"@type\":\"EntryPoint\",\"urlTemplate\":\"https:\\\/\\\/www.ucaldas.edu.co\\\/portal\\\/?s={search_term_string}\"},\"query-input\":{\"@type\":\"PropertyValueSpecification\",\"valueRequired\":true,\"valueName\":\"search_term_string\"}}],\"inLanguage\":\"es\"},{\"@type\":\"Organization\",\"@id\":\"https:\\\/\\\/www.ucaldas.edu.co\\\/portal\\\/#organization\",\"name\":\"Universidad de Caldas\",\"alternateName\":\"U. de Caldas\",\"url\":\"https:\\\/\\\/www.ucaldas.edu.co\\\/portal\\\/\",\"logo\":{\"@type\":\"ImageObject\",\"inLanguage\":\"es\",\"@id\":\"https:\\\/\\\/www.ucaldas.edu.co\\\/portal\\\/#\\\/schema\\\/logo\\\/image\\\/\",\"url\":\"https:\\\/\\\/www.ucaldas.edu.co\\\/portal\\\/wp-content\\\/uploads\\\/2023\\\/11\\\/Logo_horizontal_oscuroU-2023.png\",\"contentUrl\":\"https:\\\/\\\/www.ucaldas.edu.co\\\/portal\\\/wp-content\\\/uploads\\\/2023\\\/11\\\/Logo_horizontal_oscuroU-2023.png\",\"width\":263,\"height\":101,\"caption\":\"Universidad de Caldas\"},\"image\":{\"@id\":\"https:\\\/\\\/www.ucaldas.edu.co\\\/portal\\\/#\\\/schema\\\/logo\\\/image\\\/\"},\"sameAs\":[\"https:\\\/\\\/www.facebook.com\\\/udecaldas\",\"https:\\\/\\\/x.com\\\/udecaldas\",\"https:\\\/\\\/www.youtube.com\\\/universidadcaldas\",\"https:\\\/\\\/www.instagram.com\\\/udecaldas\\\/\"]},{\"@type\":\"Person\",\"@id\":\"https:\\\/\\\/www.ucaldas.edu.co\\\/portal\\\/#\\\/schema\\\/person\\\/a1b482e23449158b4bc319926c074fdf\",\"name\":\"ofiprensa\",\"image\":{\"@type\":\"ImageObject\",\"inLanguage\":\"es\",\"@id\":\"https:\\\/\\\/www.ucaldas.edu.co\\\/portal\\\/wp-content\\\/litespeed\\\/avatar\\\/09ea5085e600095a7a811142c6944527.jpg?ver=1777497608\",\"url\":\"https:\\\/\\\/www.ucaldas.edu.co\\\/portal\\\/wp-content\\\/litespeed\\\/avatar\\\/09ea5085e600095a7a811142c6944527.jpg?ver=1777497608\",\"contentUrl\":\"https:\\\/\\\/www.ucaldas.edu.co\\\/portal\\\/wp-content\\\/litespeed\\\/avatar\\\/09ea5085e600095a7a811142c6944527.jpg?ver=1777497608\",\"caption\":\"ofiprensa\"},\"url\":\"https:\\\/\\\/www.ucaldas.edu.co\\\/portal\\\/author\\\/ofiprensa\\\/\"}]}<\/script>\n<!-- \/ Yoast SEO plugin. -->","yoast_head_json":{"title":"En el Centro Cultural Universitario Rogelio Salmona se expone la muestra Resanar Para pintar y pintar para resanar .","robots":{"index":"index","follow":"follow","max-snippet":"max-snippet:-1","max-image-preview":"max-image-preview:large","max-video-preview":"max-video-preview:-1"},"canonical":"https:\/\/www.ucaldas.edu.co\/portal\/en-el-centro-cultural-universitario-rogelio-salmona-se-expone-la-muestra-resanar-para-pintar-y-pintar-para-resanar\/","schema":{"@context":"https:\/\/schema.org","@graph":[{"@type":"Article","@id":"https:\/\/www.ucaldas.edu.co\/portal\/en-el-centro-cultural-universitario-rogelio-salmona-se-expone-la-muestra-resanar-para-pintar-y-pintar-para-resanar\/#article","isPartOf":{"@id":"https:\/\/www.ucaldas.edu.co\/portal\/en-el-centro-cultural-universitario-rogelio-salmona-se-expone-la-muestra-resanar-para-pintar-y-pintar-para-resanar\/"},"author":{"name":"ofiprensa","@id":"https:\/\/www.ucaldas.edu.co\/portal\/#\/schema\/person\/a1b482e23449158b4bc319926c074fdf"},"headline":"En el Centro Cultural Universitario Rogelio Salmona se expone la muestra Resanar Para pintar y pintar para resanar","datePublished":"2018-11-01T22:21:18+00:00","mainEntityOfPage":{"@id":"https:\/\/www.ucaldas.edu.co\/portal\/en-el-centro-cultural-universitario-rogelio-salmona-se-expone-la-muestra-resanar-para-pintar-y-pintar-para-resanar\/"},"wordCount":250,"publisher":{"@id":"https:\/\/www.ucaldas.edu.co\/portal\/#organization"},"image":{"@id":"https:\/\/www.ucaldas.edu.co\/portal\/en-el-centro-cultural-universitario-rogelio-salmona-se-expone-la-muestra-resanar-para-pintar-y-pintar-para-resanar\/#primaryimage"},"thumbnailUrl":"https:\/\/www.ucaldas.edu.co\/portal\/wp-content\/uploads\/2018\/11\/rutadelcolor-compressor.jpg","keywords":["festival","Proyecci\u00f3n","teatro","Universitario","Participe"],"articleSection":["Universidad al D\u00eda","UCaldas Cultural","Actualidad"],"inLanguage":"es"},{"@type":"WebPage","@id":"https:\/\/www.ucaldas.edu.co\/portal\/en-el-centro-cultural-universitario-rogelio-salmona-se-expone-la-muestra-resanar-para-pintar-y-pintar-para-resanar\/","url":"https:\/\/www.ucaldas.edu.co\/portal\/en-el-centro-cultural-universitario-rogelio-salmona-se-expone-la-muestra-resanar-para-pintar-y-pintar-para-resanar\/","name":"En el Centro Cultural Universitario Rogelio Salmona se expone la muestra Resanar Para pintar y pintar para resanar .","isPartOf":{"@id":"https:\/\/www.ucaldas.edu.co\/portal\/#website"},"primaryImageOfPage":{"@id":"https:\/\/www.ucaldas.edu.co\/portal\/en-el-centro-cultural-universitario-rogelio-salmona-se-expone-la-muestra-resanar-para-pintar-y-pintar-para-resanar\/#primaryimage"},"image":{"@id":"https:\/\/www.ucaldas.edu.co\/portal\/en-el-centro-cultural-universitario-rogelio-salmona-se-expone-la-muestra-resanar-para-pintar-y-pintar-para-resanar\/#primaryimage"},"thumbnailUrl":"https:\/\/www.ucaldas.edu.co\/portal\/wp-content\/uploads\/2018\/11\/rutadelcolor-compressor.jpg","datePublished":"2018-11-01T22:21:18+00:00","breadcrumb":{"@id":"https:\/\/www.ucaldas.edu.co\/portal\/en-el-centro-cultural-universitario-rogelio-salmona-se-expone-la-muestra-resanar-para-pintar-y-pintar-para-resanar\/#breadcrumb"},"inLanguage":"es","potentialAction":[{"@type":"ReadAction","target":["https:\/\/www.ucaldas.edu.co\/portal\/en-el-centro-cultural-universitario-rogelio-salmona-se-expone-la-muestra-resanar-para-pintar-y-pintar-para-resanar\/"]}]},{"@type":"ImageObject","inLanguage":"es","@id":"https:\/\/www.ucaldas.edu.co\/portal\/en-el-centro-cultural-universitario-rogelio-salmona-se-expone-la-muestra-resanar-para-pintar-y-pintar-para-resanar\/#primaryimage","url":"https:\/\/www.ucaldas.edu.co\/portal\/wp-content\/uploads\/2018\/11\/rutadelcolor-compressor.jpg","contentUrl":"https:\/\/www.ucaldas.edu.co\/portal\/wp-content\/uploads\/2018\/11\/rutadelcolor-compressor.jpg","width":700,"height":400},{"@type":"BreadcrumbList","@id":"https:\/\/www.ucaldas.edu.co\/portal\/en-el-centro-cultural-universitario-rogelio-salmona-se-expone-la-muestra-resanar-para-pintar-y-pintar-para-resanar\/#breadcrumb","itemListElement":[{"@type":"ListItem","position":1,"name":"Portada","item":"https:\/\/www.ucaldas.edu.co\/portal\/"},{"@type":"ListItem","position":2,"name":"En el Centro Cultural Universitario Rogelio Salmona se expone la muestra Resanar Para pintar y pintar para resanar"}]},{"@type":"WebSite","@id":"https:\/\/www.ucaldas.edu.co\/portal\/#website","url":"https:\/\/www.ucaldas.edu.co\/portal\/","name":"Universidad de Caldas","description":"","publisher":{"@id":"https:\/\/www.ucaldas.edu.co\/portal\/#organization"},"alternateName":"U. de Caldas","potentialAction":[{"@type":"SearchAction","target":{"@type":"EntryPoint","urlTemplate":"https:\/\/www.ucaldas.edu.co\/portal\/?s={search_term_string}"},"query-input":{"@type":"PropertyValueSpecification","valueRequired":true,"valueName":"search_term_string"}}],"inLanguage":"es"},{"@type":"Organization","@id":"https:\/\/www.ucaldas.edu.co\/portal\/#organization","name":"Universidad de Caldas","alternateName":"U. de Caldas","url":"https:\/\/www.ucaldas.edu.co\/portal\/","logo":{"@type":"ImageObject","inLanguage":"es","@id":"https:\/\/www.ucaldas.edu.co\/portal\/#\/schema\/logo\/image\/","url":"https:\/\/www.ucaldas.edu.co\/portal\/wp-content\/uploads\/2023\/11\/Logo_horizontal_oscuroU-2023.png","contentUrl":"https:\/\/www.ucaldas.edu.co\/portal\/wp-content\/uploads\/2023\/11\/Logo_horizontal_oscuroU-2023.png","width":263,"height":101,"caption":"Universidad de Caldas"},"image":{"@id":"https:\/\/www.ucaldas.edu.co\/portal\/#\/schema\/logo\/image\/"},"sameAs":["https:\/\/www.facebook.com\/udecaldas","https:\/\/x.com\/udecaldas","https:\/\/www.youtube.com\/universidadcaldas","https:\/\/www.instagram.com\/udecaldas\/"]},{"@type":"Person","@id":"https:\/\/www.ucaldas.edu.co\/portal\/#\/schema\/person\/a1b482e23449158b4bc319926c074fdf","name":"ofiprensa","image":{"@type":"ImageObject","inLanguage":"es","@id":"https:\/\/www.ucaldas.edu.co\/portal\/wp-content\/litespeed\/avatar\/09ea5085e600095a7a811142c6944527.jpg?ver=1777497608","url":"https:\/\/www.ucaldas.edu.co\/portal\/wp-content\/litespeed\/avatar\/09ea5085e600095a7a811142c6944527.jpg?ver=1777497608","contentUrl":"https:\/\/www.ucaldas.edu.co\/portal\/wp-content\/litespeed\/avatar\/09ea5085e600095a7a811142c6944527.jpg?ver=1777497608","caption":"ofiprensa"},"url":"https:\/\/www.ucaldas.edu.co\/portal\/author\/ofiprensa\/"}]}},"_links":{"self":[{"href":"https:\/\/www.ucaldas.edu.co\/portal\/wp-json\/wp\/v2\/posts\/44104","targetHints":{"allow":["GET"]}}],"collection":[{"href":"https:\/\/www.ucaldas.edu.co\/portal\/wp-json\/wp\/v2\/posts"}],"about":[{"href":"https:\/\/www.ucaldas.edu.co\/portal\/wp-json\/wp\/v2\/types\/post"}],"author":[{"embeddable":true,"href":"https:\/\/www.ucaldas.edu.co\/portal\/wp-json\/wp\/v2\/users\/2"}],"replies":[{"embeddable":true,"href":"https:\/\/www.ucaldas.edu.co\/portal\/wp-json\/wp\/v2\/comments?post=44104"}],"version-history":[{"count":0,"href":"https:\/\/www.ucaldas.edu.co\/portal\/wp-json\/wp\/v2\/posts\/44104\/revisions"}],"wp:featuredmedia":[{"embeddable":true,"href":"https:\/\/www.ucaldas.edu.co\/portal\/wp-json\/wp\/v2\/media\/44105"}],"wp:attachment":[{"href":"https:\/\/www.ucaldas.edu.co\/portal\/wp-json\/wp\/v2\/media?parent=44104"}],"wp:term":[{"taxonomy":"category","embeddable":true,"href":"https:\/\/www.ucaldas.edu.co\/portal\/wp-json\/wp\/v2\/categories?post=44104"},{"taxonomy":"post_tag","embeddable":true,"href":"https:\/\/www.ucaldas.edu.co\/portal\/wp-json\/wp\/v2\/tags?post=44104"}],"curies":[{"name":"wp","href":"https:\/\/api.w.org\/{rel}","templated":true}]}}