{"id":44086,"date":"2018-10-31T20:12:47","date_gmt":"2018-10-31T20:12:47","guid":{"rendered":"https:\/\/www.ucaldas.edu.co\/portal\/?p=44086"},"modified":"2018-10-31T20:12:47","modified_gmt":"2018-10-31T20:12:47","slug":"programese-este-jueves-1-de-noviembre-con-el-festival-internacional-de-teatro-universitario","status":"publish","type":"post","link":"https:\/\/www.ucaldas.edu.co\/portal\/programese-este-jueves-1-de-noviembre-con-el-festival-internacional-de-teatro-universitario\/","title":{"rendered":"Progr\u00e1mese este jueves 1 de noviembre con el Festival Internacional de Teatro Universitario"},"content":{"rendered":"<p style=\"text-align: center;\">CON OBRAS DE M\u00c9XICO, ARGENTINA Y BRASIL<\/p>\n<p style=\"text-align: center;\"><strong>Progr\u00e1mese este jueves 1 de noviembre con el Festival Internacional de Teatro Universitario<\/strong><\/p>\n<p style=\"text-align: right;\">31\/10\/2018<\/p>\n<p><strong><img loading=\"lazy\" decoding=\"async\" class=\"alignnone size-full wp-image-44087\" src=\"https:\/\/www.ucaldas.edu.co\/portal\/wp-content\/uploads\/2018\/10\/teatrou-compressor-2.jpg\" alt=\"\" width=\"700\" height=\"399\" srcset=\"https:\/\/www.ucaldas.edu.co\/portal\/wp-content\/uploads\/2018\/10\/teatrou-compressor-2.jpg 700w, https:\/\/www.ucaldas.edu.co\/portal\/wp-content\/uploads\/2018\/10\/teatrou-compressor-2-300x171.jpg 300w\" sizes=\"auto, (max-width: 700px) 100vw, 700px\" \/>\u00a0<\/strong><\/p>\n<p><strong>Me\u0301xico, Colombia, Brasil, Chile y Argentina<\/strong> son los <strong>pa\u00edses invitados<\/strong> a la <strong>versi\u00f3n 13 del Festival Internacional de Teatro Universitario de la Universidad de Caldas<\/strong>, que se realizar\u00e1 hasta el 2 de noviembre del 2018en distintos espacios de la Instituci\u00f3n caldense.<\/p>\n<p><!--more--><\/p>\n<p>Se <strong>trata de un evento organizado por la Vicerrector\u00eda de Proyecci\u00f3n Universitaria, Facultad de Artes y Humanidades, Departamento de Artes Esc\u00e9nicas y \u00c1rea de Extensi\u00f3n Cultural de la U. de Caldas<\/strong>, que comenz\u00f3 en el a\u00f1o 2003 con el fin de ofrecer un espacio cultural que diera cuenta de las obras que se gestan dentro de programas de formaci\u00f3n profesional en Artes Esc\u00e9nicas.<\/p>\n<p>&nbsp;<\/p>\n<p><strong>Paralelo al festival se lleva a cabo la versi\u00f3n 9 del Delta<\/strong>, evento que hace parte de uno de los nodos de la Red Latinoamericana de Creaci\u00f3n e Investigaci\u00f3n Teatral Universitaria (CITU). Los dos proyectos se hacen con el apoyo de la Red Latinoamericana de Investigaci\u00f3n y Creaci\u00f3n Teatral Universitaria (CITU).<\/p>\n<p><strong>\u00a0<\/strong><\/p>\n<p><strong>Programaci\u00f3n para este jueves 1 de noviembre:<\/strong><\/p>\n<p>&nbsp;<\/p>\n<table>\n<tbody>\n<tr>\n<td width=\"189\"><strong>OBRA<\/strong><\/td>\n<td width=\"265\"><strong>LUGAR<\/strong><\/td>\n<td width=\"157\"><strong>HORA<\/strong><\/td>\n<\/tr>\n<tr>\n<td width=\"189\">Intervenci\u00f3n 6 Universidad de Guadalajara M\u00e9xico<\/td>\n<td width=\"265\">CCU Rogelio Salmona, sector Fuente<\/td>\n<td width=\"157\">3:00 p.m.<\/td>\n<\/tr>\n<tr>\n<td width=\"189\">Intervenci\u00f3n 1 Universidad Nacional de Cuyo Argentina<\/td>\n<td width=\"265\">CCU Rogelio Salmona, sector parqueadero<\/td>\n<td width=\"157\">5:00 p.m.<\/td>\n<\/tr>\n<tr>\n<td width=\"189\">\u201cSubsolos\u201d Universidad de Campinas Brasil<\/td>\n<td width=\"265\">Teatro El Galp\u00f3n de Bellas Artes<\/td>\n<td width=\"157\">7:00 p.m. y 9:00 p.m.<\/td>\n<\/tr>\n<\/tbody>\n<\/table>\n<p>&nbsp;<\/p>\n<p><strong>\u00a0<\/strong><\/p>\n<p><strong>Informes: <\/strong>Oficina de Comunicaciones y Prensa U. de Caldas, tel\u00e9fono 878 15 00 extensi\u00f3n 12 167.<\/p>\n<p><strong>Redacci\u00f3n:<\/strong> Margarita Laverde<strong><br \/>\n<\/strong><\/p>\n","protected":false},"excerpt":{"rendered":"<p>CON OBRAS DE M\u00c9XICO, ARGENTINA Y BRASIL Progr\u00e1mese este jueves 1 de noviembre con el Festival Internacional de Teatro Universitario 31\/10\/2018 \u00a0 Me\u0301xico, Colombia, Brasil, Chile y Argentina son los pa\u00edses invitados a la versi\u00f3n 13 del Festival Internacional de Teatro Universitario de la Universidad de Caldas, que se realizar\u00e1 hasta el 2 de noviembre [&hellip;]<\/p>\n","protected":false},"author":2,"featured_media":44087,"comment_status":"closed","ping_status":"open","sticky":false,"template":"","format":"standard","meta":{"footnotes":""},"categories":[48,53,664],"tags":[63,65,73,158,1109],"class_list":["post-44086","post","type-post","status-publish","format-standard","has-post-thumbnail","hentry","category-actualidad","category-universidad-al-dia","category-ucaldas-cultural","tag-participe","tag-festival","tag-proyeccion","tag-teatro","tag-universitario"],"yoast_head":"<!-- This site is optimized with the Yoast SEO plugin v27.5 - https:\/\/yoast.com\/product\/yoast-seo-wordpress\/ -->\n<title>Progr\u00e1mese este jueves 1 de noviembre con el Festival Internacional de Teatro Universitario .<\/title>\n<meta name=\"robots\" content=\"index, follow, max-snippet:-1, max-image-preview:large, max-video-preview:-1\" \/>\n<link rel=\"canonical\" href=\"https:\/\/www.ucaldas.edu.co\/portal\/programese-este-jueves-1-de-noviembre-con-el-festival-internacional-de-teatro-universitario\/\" \/>\n<script type=\"application\/ld+json\" class=\"yoast-schema-graph\">{\"@context\":\"https:\\\/\\\/schema.org\",\"@graph\":[{\"@type\":\"Article\",\"@id\":\"https:\\\/\\\/www.ucaldas.edu.co\\\/portal\\\/programese-este-jueves-1-de-noviembre-con-el-festival-internacional-de-teatro-universitario\\\/#article\",\"isPartOf\":{\"@id\":\"https:\\\/\\\/www.ucaldas.edu.co\\\/portal\\\/programese-este-jueves-1-de-noviembre-con-el-festival-internacional-de-teatro-universitario\\\/\"},\"author\":{\"name\":\"ofiprensa\",\"@id\":\"https:\\\/\\\/www.ucaldas.edu.co\\\/portal\\\/#\\\/schema\\\/person\\\/a1b482e23449158b4bc319926c074fdf\"},\"headline\":\"Progr\u00e1mese este jueves 1 de noviembre con el Festival Internacional de Teatro Universitario\",\"datePublished\":\"2018-10-31T20:12:47+00:00\",\"mainEntityOfPage\":{\"@id\":\"https:\\\/\\\/www.ucaldas.edu.co\\\/portal\\\/programese-este-jueves-1-de-noviembre-con-el-festival-internacional-de-teatro-universitario\\\/\"},\"wordCount\":276,\"publisher\":{\"@id\":\"https:\\\/\\\/www.ucaldas.edu.co\\\/portal\\\/#organization\"},\"image\":{\"@id\":\"https:\\\/\\\/www.ucaldas.edu.co\\\/portal\\\/programese-este-jueves-1-de-noviembre-con-el-festival-internacional-de-teatro-universitario\\\/#primaryimage\"},\"thumbnailUrl\":\"https:\\\/\\\/www.ucaldas.edu.co\\\/portal\\\/wp-content\\\/uploads\\\/2018\\\/10\\\/teatrou-compressor-2.jpg\",\"keywords\":[\"Participe\",\"festival\",\"Proyecci\u00f3n\",\"teatro\",\"Universitario\"],\"articleSection\":[\"Actualidad\",\"Universidad al D\u00eda\",\"UCaldas Cultural\"],\"inLanguage\":\"es\"},{\"@type\":\"WebPage\",\"@id\":\"https:\\\/\\\/www.ucaldas.edu.co\\\/portal\\\/programese-este-jueves-1-de-noviembre-con-el-festival-internacional-de-teatro-universitario\\\/\",\"url\":\"https:\\\/\\\/www.ucaldas.edu.co\\\/portal\\\/programese-este-jueves-1-de-noviembre-con-el-festival-internacional-de-teatro-universitario\\\/\",\"name\":\"Progr\u00e1mese este jueves 1 de noviembre con el Festival Internacional de Teatro Universitario .\",\"isPartOf\":{\"@id\":\"https:\\\/\\\/www.ucaldas.edu.co\\\/portal\\\/#website\"},\"primaryImageOfPage\":{\"@id\":\"https:\\\/\\\/www.ucaldas.edu.co\\\/portal\\\/programese-este-jueves-1-de-noviembre-con-el-festival-internacional-de-teatro-universitario\\\/#primaryimage\"},\"image\":{\"@id\":\"https:\\\/\\\/www.ucaldas.edu.co\\\/portal\\\/programese-este-jueves-1-de-noviembre-con-el-festival-internacional-de-teatro-universitario\\\/#primaryimage\"},\"thumbnailUrl\":\"https:\\\/\\\/www.ucaldas.edu.co\\\/portal\\\/wp-content\\\/uploads\\\/2018\\\/10\\\/teatrou-compressor-2.jpg\",\"datePublished\":\"2018-10-31T20:12:47+00:00\",\"breadcrumb\":{\"@id\":\"https:\\\/\\\/www.ucaldas.edu.co\\\/portal\\\/programese-este-jueves-1-de-noviembre-con-el-festival-internacional-de-teatro-universitario\\\/#breadcrumb\"},\"inLanguage\":\"es\",\"potentialAction\":[{\"@type\":\"ReadAction\",\"target\":[\"https:\\\/\\\/www.ucaldas.edu.co\\\/portal\\\/programese-este-jueves-1-de-noviembre-con-el-festival-internacional-de-teatro-universitario\\\/\"]}]},{\"@type\":\"ImageObject\",\"inLanguage\":\"es\",\"@id\":\"https:\\\/\\\/www.ucaldas.edu.co\\\/portal\\\/programese-este-jueves-1-de-noviembre-con-el-festival-internacional-de-teatro-universitario\\\/#primaryimage\",\"url\":\"https:\\\/\\\/www.ucaldas.edu.co\\\/portal\\\/wp-content\\\/uploads\\\/2018\\\/10\\\/teatrou-compressor-2.jpg\",\"contentUrl\":\"https:\\\/\\\/www.ucaldas.edu.co\\\/portal\\\/wp-content\\\/uploads\\\/2018\\\/10\\\/teatrou-compressor-2.jpg\",\"width\":700,\"height\":399},{\"@type\":\"BreadcrumbList\",\"@id\":\"https:\\\/\\\/www.ucaldas.edu.co\\\/portal\\\/programese-este-jueves-1-de-noviembre-con-el-festival-internacional-de-teatro-universitario\\\/#breadcrumb\",\"itemListElement\":[{\"@type\":\"ListItem\",\"position\":1,\"name\":\"Portada\",\"item\":\"https:\\\/\\\/www.ucaldas.edu.co\\\/portal\\\/\"},{\"@type\":\"ListItem\",\"position\":2,\"name\":\"Progr\u00e1mese este jueves 1 de noviembre con el Festival Internacional de Teatro Universitario\"}]},{\"@type\":\"WebSite\",\"@id\":\"https:\\\/\\\/www.ucaldas.edu.co\\\/portal\\\/#website\",\"url\":\"https:\\\/\\\/www.ucaldas.edu.co\\\/portal\\\/\",\"name\":\"Universidad de Caldas\",\"description\":\"\",\"publisher\":{\"@id\":\"https:\\\/\\\/www.ucaldas.edu.co\\\/portal\\\/#organization\"},\"alternateName\":\"U. de Caldas\",\"potentialAction\":[{\"@type\":\"SearchAction\",\"target\":{\"@type\":\"EntryPoint\",\"urlTemplate\":\"https:\\\/\\\/www.ucaldas.edu.co\\\/portal\\\/?s={search_term_string}\"},\"query-input\":{\"@type\":\"PropertyValueSpecification\",\"valueRequired\":true,\"valueName\":\"search_term_string\"}}],\"inLanguage\":\"es\"},{\"@type\":\"Organization\",\"@id\":\"https:\\\/\\\/www.ucaldas.edu.co\\\/portal\\\/#organization\",\"name\":\"Universidad de Caldas\",\"alternateName\":\"U. de Caldas\",\"url\":\"https:\\\/\\\/www.ucaldas.edu.co\\\/portal\\\/\",\"logo\":{\"@type\":\"ImageObject\",\"inLanguage\":\"es\",\"@id\":\"https:\\\/\\\/www.ucaldas.edu.co\\\/portal\\\/#\\\/schema\\\/logo\\\/image\\\/\",\"url\":\"https:\\\/\\\/www.ucaldas.edu.co\\\/portal\\\/wp-content\\\/uploads\\\/2023\\\/11\\\/Logo_horizontal_oscuroU-2023.png\",\"contentUrl\":\"https:\\\/\\\/www.ucaldas.edu.co\\\/portal\\\/wp-content\\\/uploads\\\/2023\\\/11\\\/Logo_horizontal_oscuroU-2023.png\",\"width\":263,\"height\":101,\"caption\":\"Universidad de Caldas\"},\"image\":{\"@id\":\"https:\\\/\\\/www.ucaldas.edu.co\\\/portal\\\/#\\\/schema\\\/logo\\\/image\\\/\"},\"sameAs\":[\"https:\\\/\\\/www.facebook.com\\\/udecaldas\",\"https:\\\/\\\/x.com\\\/udecaldas\",\"https:\\\/\\\/www.youtube.com\\\/universidadcaldas\",\"https:\\\/\\\/www.instagram.com\\\/udecaldas\\\/\"]},{\"@type\":\"Person\",\"@id\":\"https:\\\/\\\/www.ucaldas.edu.co\\\/portal\\\/#\\\/schema\\\/person\\\/a1b482e23449158b4bc319926c074fdf\",\"name\":\"ofiprensa\",\"image\":{\"@type\":\"ImageObject\",\"inLanguage\":\"es\",\"@id\":\"https:\\\/\\\/www.ucaldas.edu.co\\\/portal\\\/wp-content\\\/litespeed\\\/avatar\\\/09ea5085e600095a7a811142c6944527.jpg?ver=1777497608\",\"url\":\"https:\\\/\\\/www.ucaldas.edu.co\\\/portal\\\/wp-content\\\/litespeed\\\/avatar\\\/09ea5085e600095a7a811142c6944527.jpg?ver=1777497608\",\"contentUrl\":\"https:\\\/\\\/www.ucaldas.edu.co\\\/portal\\\/wp-content\\\/litespeed\\\/avatar\\\/09ea5085e600095a7a811142c6944527.jpg?ver=1777497608\",\"caption\":\"ofiprensa\"},\"url\":\"https:\\\/\\\/www.ucaldas.edu.co\\\/portal\\\/author\\\/ofiprensa\\\/\"}]}<\/script>\n<!-- \/ Yoast SEO plugin. -->","yoast_head_json":{"title":"Progr\u00e1mese este jueves 1 de noviembre con el Festival Internacional de Teatro Universitario .","robots":{"index":"index","follow":"follow","max-snippet":"max-snippet:-1","max-image-preview":"max-image-preview:large","max-video-preview":"max-video-preview:-1"},"canonical":"https:\/\/www.ucaldas.edu.co\/portal\/programese-este-jueves-1-de-noviembre-con-el-festival-internacional-de-teatro-universitario\/","schema":{"@context":"https:\/\/schema.org","@graph":[{"@type":"Article","@id":"https:\/\/www.ucaldas.edu.co\/portal\/programese-este-jueves-1-de-noviembre-con-el-festival-internacional-de-teatro-universitario\/#article","isPartOf":{"@id":"https:\/\/www.ucaldas.edu.co\/portal\/programese-este-jueves-1-de-noviembre-con-el-festival-internacional-de-teatro-universitario\/"},"author":{"name":"ofiprensa","@id":"https:\/\/www.ucaldas.edu.co\/portal\/#\/schema\/person\/a1b482e23449158b4bc319926c074fdf"},"headline":"Progr\u00e1mese este jueves 1 de noviembre con el Festival Internacional de Teatro Universitario","datePublished":"2018-10-31T20:12:47+00:00","mainEntityOfPage":{"@id":"https:\/\/www.ucaldas.edu.co\/portal\/programese-este-jueves-1-de-noviembre-con-el-festival-internacional-de-teatro-universitario\/"},"wordCount":276,"publisher":{"@id":"https:\/\/www.ucaldas.edu.co\/portal\/#organization"},"image":{"@id":"https:\/\/www.ucaldas.edu.co\/portal\/programese-este-jueves-1-de-noviembre-con-el-festival-internacional-de-teatro-universitario\/#primaryimage"},"thumbnailUrl":"https:\/\/www.ucaldas.edu.co\/portal\/wp-content\/uploads\/2018\/10\/teatrou-compressor-2.jpg","keywords":["Participe","festival","Proyecci\u00f3n","teatro","Universitario"],"articleSection":["Actualidad","Universidad al D\u00eda","UCaldas Cultural"],"inLanguage":"es"},{"@type":"WebPage","@id":"https:\/\/www.ucaldas.edu.co\/portal\/programese-este-jueves-1-de-noviembre-con-el-festival-internacional-de-teatro-universitario\/","url":"https:\/\/www.ucaldas.edu.co\/portal\/programese-este-jueves-1-de-noviembre-con-el-festival-internacional-de-teatro-universitario\/","name":"Progr\u00e1mese este jueves 1 de noviembre con el Festival Internacional de Teatro Universitario .","isPartOf":{"@id":"https:\/\/www.ucaldas.edu.co\/portal\/#website"},"primaryImageOfPage":{"@id":"https:\/\/www.ucaldas.edu.co\/portal\/programese-este-jueves-1-de-noviembre-con-el-festival-internacional-de-teatro-universitario\/#primaryimage"},"image":{"@id":"https:\/\/www.ucaldas.edu.co\/portal\/programese-este-jueves-1-de-noviembre-con-el-festival-internacional-de-teatro-universitario\/#primaryimage"},"thumbnailUrl":"https:\/\/www.ucaldas.edu.co\/portal\/wp-content\/uploads\/2018\/10\/teatrou-compressor-2.jpg","datePublished":"2018-10-31T20:12:47+00:00","breadcrumb":{"@id":"https:\/\/www.ucaldas.edu.co\/portal\/programese-este-jueves-1-de-noviembre-con-el-festival-internacional-de-teatro-universitario\/#breadcrumb"},"inLanguage":"es","potentialAction":[{"@type":"ReadAction","target":["https:\/\/www.ucaldas.edu.co\/portal\/programese-este-jueves-1-de-noviembre-con-el-festival-internacional-de-teatro-universitario\/"]}]},{"@type":"ImageObject","inLanguage":"es","@id":"https:\/\/www.ucaldas.edu.co\/portal\/programese-este-jueves-1-de-noviembre-con-el-festival-internacional-de-teatro-universitario\/#primaryimage","url":"https:\/\/www.ucaldas.edu.co\/portal\/wp-content\/uploads\/2018\/10\/teatrou-compressor-2.jpg","contentUrl":"https:\/\/www.ucaldas.edu.co\/portal\/wp-content\/uploads\/2018\/10\/teatrou-compressor-2.jpg","width":700,"height":399},{"@type":"BreadcrumbList","@id":"https:\/\/www.ucaldas.edu.co\/portal\/programese-este-jueves-1-de-noviembre-con-el-festival-internacional-de-teatro-universitario\/#breadcrumb","itemListElement":[{"@type":"ListItem","position":1,"name":"Portada","item":"https:\/\/www.ucaldas.edu.co\/portal\/"},{"@type":"ListItem","position":2,"name":"Progr\u00e1mese este jueves 1 de noviembre con el Festival Internacional de Teatro Universitario"}]},{"@type":"WebSite","@id":"https:\/\/www.ucaldas.edu.co\/portal\/#website","url":"https:\/\/www.ucaldas.edu.co\/portal\/","name":"Universidad de Caldas","description":"","publisher":{"@id":"https:\/\/www.ucaldas.edu.co\/portal\/#organization"},"alternateName":"U. de Caldas","potentialAction":[{"@type":"SearchAction","target":{"@type":"EntryPoint","urlTemplate":"https:\/\/www.ucaldas.edu.co\/portal\/?s={search_term_string}"},"query-input":{"@type":"PropertyValueSpecification","valueRequired":true,"valueName":"search_term_string"}}],"inLanguage":"es"},{"@type":"Organization","@id":"https:\/\/www.ucaldas.edu.co\/portal\/#organization","name":"Universidad de Caldas","alternateName":"U. de Caldas","url":"https:\/\/www.ucaldas.edu.co\/portal\/","logo":{"@type":"ImageObject","inLanguage":"es","@id":"https:\/\/www.ucaldas.edu.co\/portal\/#\/schema\/logo\/image\/","url":"https:\/\/www.ucaldas.edu.co\/portal\/wp-content\/uploads\/2023\/11\/Logo_horizontal_oscuroU-2023.png","contentUrl":"https:\/\/www.ucaldas.edu.co\/portal\/wp-content\/uploads\/2023\/11\/Logo_horizontal_oscuroU-2023.png","width":263,"height":101,"caption":"Universidad de Caldas"},"image":{"@id":"https:\/\/www.ucaldas.edu.co\/portal\/#\/schema\/logo\/image\/"},"sameAs":["https:\/\/www.facebook.com\/udecaldas","https:\/\/x.com\/udecaldas","https:\/\/www.youtube.com\/universidadcaldas","https:\/\/www.instagram.com\/udecaldas\/"]},{"@type":"Person","@id":"https:\/\/www.ucaldas.edu.co\/portal\/#\/schema\/person\/a1b482e23449158b4bc319926c074fdf","name":"ofiprensa","image":{"@type":"ImageObject","inLanguage":"es","@id":"https:\/\/www.ucaldas.edu.co\/portal\/wp-content\/litespeed\/avatar\/09ea5085e600095a7a811142c6944527.jpg?ver=1777497608","url":"https:\/\/www.ucaldas.edu.co\/portal\/wp-content\/litespeed\/avatar\/09ea5085e600095a7a811142c6944527.jpg?ver=1777497608","contentUrl":"https:\/\/www.ucaldas.edu.co\/portal\/wp-content\/litespeed\/avatar\/09ea5085e600095a7a811142c6944527.jpg?ver=1777497608","caption":"ofiprensa"},"url":"https:\/\/www.ucaldas.edu.co\/portal\/author\/ofiprensa\/"}]}},"_links":{"self":[{"href":"https:\/\/www.ucaldas.edu.co\/portal\/wp-json\/wp\/v2\/posts\/44086","targetHints":{"allow":["GET"]}}],"collection":[{"href":"https:\/\/www.ucaldas.edu.co\/portal\/wp-json\/wp\/v2\/posts"}],"about":[{"href":"https:\/\/www.ucaldas.edu.co\/portal\/wp-json\/wp\/v2\/types\/post"}],"author":[{"embeddable":true,"href":"https:\/\/www.ucaldas.edu.co\/portal\/wp-json\/wp\/v2\/users\/2"}],"replies":[{"embeddable":true,"href":"https:\/\/www.ucaldas.edu.co\/portal\/wp-json\/wp\/v2\/comments?post=44086"}],"version-history":[{"count":0,"href":"https:\/\/www.ucaldas.edu.co\/portal\/wp-json\/wp\/v2\/posts\/44086\/revisions"}],"wp:featuredmedia":[{"embeddable":true,"href":"https:\/\/www.ucaldas.edu.co\/portal\/wp-json\/wp\/v2\/media\/44087"}],"wp:attachment":[{"href":"https:\/\/www.ucaldas.edu.co\/portal\/wp-json\/wp\/v2\/media?parent=44086"}],"wp:term":[{"taxonomy":"category","embeddable":true,"href":"https:\/\/www.ucaldas.edu.co\/portal\/wp-json\/wp\/v2\/categories?post=44086"},{"taxonomy":"post_tag","embeddable":true,"href":"https:\/\/www.ucaldas.edu.co\/portal\/wp-json\/wp\/v2\/tags?post=44086"}],"curies":[{"name":"wp","href":"https:\/\/api.w.org\/{rel}","templated":true}]}}