{"id":44083,"date":"2018-10-31T20:11:51","date_gmt":"2018-10-31T20:11:51","guid":{"rendered":"https:\/\/www.ucaldas.edu.co\/portal\/?p=44083"},"modified":"2018-10-31T20:11:51","modified_gmt":"2018-10-31T20:11:51","slug":"investigadores-conocieron-estrategia-frente-a-convocatoria-para-indexacion-de-revistas-cientificas-colombianas-especializadas","status":"publish","type":"post","link":"https:\/\/www.ucaldas.edu.co\/portal\/investigadores-conocieron-estrategia-frente-a-convocatoria-para-indexacion-de-revistas-cientificas-colombianas-especializadas\/","title":{"rendered":"Investigadores conocieron estrategia frente a convocatoria para Indexaci\u00f3n de Revistas Cient\u00edficas Colombianas Especializadas"},"content":{"rendered":"<p style=\"text-align: center;\">DE VICERRECTOR\u00cdA DE INVESTIGACIONES Y POSGRADOS, Y OFICINA DE REVISTAS CIENT\u00cdFICAS<\/p>\n<p style=\"text-align: center;\"><strong>Investigadores conocieron estrategia frente a convocatoria para Indexaci\u00f3n de Revistas Cient\u00edficas Colombianas Especializadas<\/strong><\/p>\n<p style=\"text-align: right;\">31\/10\/2018<\/p>\n<p><img loading=\"lazy\" decoding=\"async\" class=\"size-full wp-image-44084 aligncenter\" src=\"https:\/\/www.ucaldas.edu.co\/portal\/wp-content\/uploads\/2018\/10\/socializacionconvocatoria-compressor.jpg\" alt=\"\" width=\"700\" height=\"400\" srcset=\"https:\/\/www.ucaldas.edu.co\/portal\/wp-content\/uploads\/2018\/10\/socializacionconvocatoria-compressor.jpg 700w, https:\/\/www.ucaldas.edu.co\/portal\/wp-content\/uploads\/2018\/10\/socializacionconvocatoria-compressor-300x171.jpg 300w\" sizes=\"auto, (max-width: 700px) 100vw, 700px\" \/>Socializar el procedimiento para el otorgamiento de aval institucional requerido para participar en la convocatoria Convocatoria para Indexaci\u00f3n de Revistas Cient\u00edficas Colombianas Especializadas \u2013 Publindex 2018, fue el objetivo del encuentro realizado recientemente con investigadores de la Universidad de Caldas.<\/p>\n<p>&nbsp;<\/p>\n<p>La <strong>Vicerrectora de Investigaciones y Posgrados de la U. de Caldas<\/strong>, Luisa Fernanda Giraldo Zuluaga, <strong>destac\u00f3<\/strong>: \u201cen la anterior convocatoria logramos el reconocimiento de 8 revistas, lo que signific\u00f3 un posicionamiento internacional con excelentes resultados. <strong>Esperamos con el plan de sostenibilidad de las revistas poder participar en esta nueva convocatoria y obtener los mejores resultados posibles<\/strong>\u201d.<\/p>\n<p>&nbsp;<\/p>\n<p>Esta fue una <strong>invitaci\u00f3n de la<\/strong> <strong>Vicerrector\u00eda de Investigaciones y Posgrados en conjunto con la Oficina de Revistas Cient\u00edficas. <\/strong>Dicha <strong>convocatoria<\/strong> <strong>busca evaluar la calidad de las revistas cient\u00edficas nacionales<\/strong>, mediante criterios relacionados con la gesti\u00f3n editorial, la visibilidad y el impacto de las publicaciones, con el prop\u00f3sito de incrementar la calidad de la producci\u00f3n cient\u00edfica nacional y su inserci\u00f3n en el \u00e1mbito internacional.<\/p>\n<p>&nbsp;<\/p>\n<p><strong>Est\u00e1 dirigida a revistas cient\u00edficas colombianas especializadas<\/strong> en la publicaci\u00f3n de art\u00edculos resultados de procesos de investigaci\u00f3n. <a href=\"http:\/\/www.colciencias.gov.co\/convocatorias\/investigacion\/convocatoria-para-indexacion-revistas-cientificas-colombianas-0\">Conozca aqu\u00ed todos los detalles de la convocatoria<\/a><\/p>\n<p>&nbsp;<\/p>\n<p><strong>Informes: <\/strong>Oficina de Comunicaciones y Prensa U. de Caldas, tel\u00e9fono 878 15 00 extensi\u00f3n 12 167.<\/p>\n<p><strong>Redacci\u00f3n:<\/strong> Margarita Laverde<strong><br \/>\n<\/strong><\/p>\n","protected":false},"excerpt":{"rendered":"<p>DE VICERRECTOR\u00cdA DE INVESTIGACIONES Y POSGRADOS, Y OFICINA DE REVISTAS CIENT\u00cdFICAS Investigadores conocieron estrategia frente a convocatoria para Indexaci\u00f3n de Revistas Cient\u00edficas Colombianas Especializadas 31\/10\/2018 Socializar el procedimiento para el otorgamiento de aval institucional requerido para participar en la convocatoria Convocatoria para Indexaci\u00f3n de Revistas Cient\u00edficas Colombianas Especializadas \u2013 Publindex 2018, fue el objetivo del [&hellip;]<\/p>\n","protected":false},"author":2,"featured_media":44084,"comment_status":"closed","ping_status":"open","sticky":false,"template":"","format":"standard","meta":{"footnotes":""},"categories":[48,53,624],"tags":[141,302,415,1195,3146],"class_list":["post-44083","post","type-post","status-publish","format-standard","has-post-thumbnail","hentry","category-actualidad","category-universidad-al-dia","category-ucaldas-activa","tag-convocatoria","tag-socializacion","tag-vicerrectoria-de-investigaciones-y-posgrados","tag-publindex","tag-indexacion-de-revistas-cientificas-colombianas-especializadas"],"yoast_head":"<!-- This site is optimized with the Yoast SEO plugin v27.5 - https:\/\/yoast.com\/product\/yoast-seo-wordpress\/ -->\n<title>Investigadores conocieron estrategia frente a convocatoria para Indexaci\u00f3n de Revistas Cient\u00edficas Colombianas Especializadas .<\/title>\n<meta name=\"robots\" content=\"index, follow, max-snippet:-1, max-image-preview:large, max-video-preview:-1\" \/>\n<link rel=\"canonical\" href=\"https:\/\/www.ucaldas.edu.co\/portal\/investigadores-conocieron-estrategia-frente-a-convocatoria-para-indexacion-de-revistas-cientificas-colombianas-especializadas\/\" \/>\n<script type=\"application\/ld+json\" class=\"yoast-schema-graph\">{\"@context\":\"https:\\\/\\\/schema.org\",\"@graph\":[{\"@type\":\"Article\",\"@id\":\"https:\\\/\\\/www.ucaldas.edu.co\\\/portal\\\/investigadores-conocieron-estrategia-frente-a-convocatoria-para-indexacion-de-revistas-cientificas-colombianas-especializadas\\\/#article\",\"isPartOf\":{\"@id\":\"https:\\\/\\\/www.ucaldas.edu.co\\\/portal\\\/investigadores-conocieron-estrategia-frente-a-convocatoria-para-indexacion-de-revistas-cientificas-colombianas-especializadas\\\/\"},\"author\":{\"name\":\"ofiprensa\",\"@id\":\"https:\\\/\\\/www.ucaldas.edu.co\\\/portal\\\/#\\\/schema\\\/person\\\/a1b482e23449158b4bc319926c074fdf\"},\"headline\":\"Investigadores conocieron estrategia frente a convocatoria para Indexaci\u00f3n de Revistas Cient\u00edficas Colombianas Especializadas\",\"datePublished\":\"2018-10-31T20:11:51+00:00\",\"mainEntityOfPage\":{\"@id\":\"https:\\\/\\\/www.ucaldas.edu.co\\\/portal\\\/investigadores-conocieron-estrategia-frente-a-convocatoria-para-indexacion-de-revistas-cientificas-colombianas-especializadas\\\/\"},\"wordCount\":261,\"publisher\":{\"@id\":\"https:\\\/\\\/www.ucaldas.edu.co\\\/portal\\\/#organization\"},\"image\":{\"@id\":\"https:\\\/\\\/www.ucaldas.edu.co\\\/portal\\\/investigadores-conocieron-estrategia-frente-a-convocatoria-para-indexacion-de-revistas-cientificas-colombianas-especializadas\\\/#primaryimage\"},\"thumbnailUrl\":\"https:\\\/\\\/www.ucaldas.edu.co\\\/portal\\\/wp-content\\\/uploads\\\/2018\\\/10\\\/socializacionconvocatoria-compressor.jpg\",\"keywords\":[\"Convocatoria\",\"socializaci\u00f3n\",\"Vicerrector\u00eda de Investigaciones y Posgrados\",\"Publindex\",\"Indexaci\u00f3n de Revistas Cient\u00edficas Colombianas Especializadas\"],\"articleSection\":[\"Actualidad\",\"Universidad al D\u00eda\",\"UCaldas Activa\"],\"inLanguage\":\"es\"},{\"@type\":\"WebPage\",\"@id\":\"https:\\\/\\\/www.ucaldas.edu.co\\\/portal\\\/investigadores-conocieron-estrategia-frente-a-convocatoria-para-indexacion-de-revistas-cientificas-colombianas-especializadas\\\/\",\"url\":\"https:\\\/\\\/www.ucaldas.edu.co\\\/portal\\\/investigadores-conocieron-estrategia-frente-a-convocatoria-para-indexacion-de-revistas-cientificas-colombianas-especializadas\\\/\",\"name\":\"Investigadores conocieron estrategia frente a convocatoria para Indexaci\u00f3n de Revistas Cient\u00edficas Colombianas Especializadas .\",\"isPartOf\":{\"@id\":\"https:\\\/\\\/www.ucaldas.edu.co\\\/portal\\\/#website\"},\"primaryImageOfPage\":{\"@id\":\"https:\\\/\\\/www.ucaldas.edu.co\\\/portal\\\/investigadores-conocieron-estrategia-frente-a-convocatoria-para-indexacion-de-revistas-cientificas-colombianas-especializadas\\\/#primaryimage\"},\"image\":{\"@id\":\"https:\\\/\\\/www.ucaldas.edu.co\\\/portal\\\/investigadores-conocieron-estrategia-frente-a-convocatoria-para-indexacion-de-revistas-cientificas-colombianas-especializadas\\\/#primaryimage\"},\"thumbnailUrl\":\"https:\\\/\\\/www.ucaldas.edu.co\\\/portal\\\/wp-content\\\/uploads\\\/2018\\\/10\\\/socializacionconvocatoria-compressor.jpg\",\"datePublished\":\"2018-10-31T20:11:51+00:00\",\"breadcrumb\":{\"@id\":\"https:\\\/\\\/www.ucaldas.edu.co\\\/portal\\\/investigadores-conocieron-estrategia-frente-a-convocatoria-para-indexacion-de-revistas-cientificas-colombianas-especializadas\\\/#breadcrumb\"},\"inLanguage\":\"es\",\"potentialAction\":[{\"@type\":\"ReadAction\",\"target\":[\"https:\\\/\\\/www.ucaldas.edu.co\\\/portal\\\/investigadores-conocieron-estrategia-frente-a-convocatoria-para-indexacion-de-revistas-cientificas-colombianas-especializadas\\\/\"]}]},{\"@type\":\"ImageObject\",\"inLanguage\":\"es\",\"@id\":\"https:\\\/\\\/www.ucaldas.edu.co\\\/portal\\\/investigadores-conocieron-estrategia-frente-a-convocatoria-para-indexacion-de-revistas-cientificas-colombianas-especializadas\\\/#primaryimage\",\"url\":\"https:\\\/\\\/www.ucaldas.edu.co\\\/portal\\\/wp-content\\\/uploads\\\/2018\\\/10\\\/socializacionconvocatoria-compressor.jpg\",\"contentUrl\":\"https:\\\/\\\/www.ucaldas.edu.co\\\/portal\\\/wp-content\\\/uploads\\\/2018\\\/10\\\/socializacionconvocatoria-compressor.jpg\",\"width\":700,\"height\":400},{\"@type\":\"BreadcrumbList\",\"@id\":\"https:\\\/\\\/www.ucaldas.edu.co\\\/portal\\\/investigadores-conocieron-estrategia-frente-a-convocatoria-para-indexacion-de-revistas-cientificas-colombianas-especializadas\\\/#breadcrumb\",\"itemListElement\":[{\"@type\":\"ListItem\",\"position\":1,\"name\":\"Portada\",\"item\":\"https:\\\/\\\/www.ucaldas.edu.co\\\/portal\\\/\"},{\"@type\":\"ListItem\",\"position\":2,\"name\":\"Investigadores conocieron estrategia frente a convocatoria para Indexaci\u00f3n de Revistas Cient\u00edficas Colombianas Especializadas\"}]},{\"@type\":\"WebSite\",\"@id\":\"https:\\\/\\\/www.ucaldas.edu.co\\\/portal\\\/#website\",\"url\":\"https:\\\/\\\/www.ucaldas.edu.co\\\/portal\\\/\",\"name\":\"Universidad de Caldas\",\"description\":\"\",\"publisher\":{\"@id\":\"https:\\\/\\\/www.ucaldas.edu.co\\\/portal\\\/#organization\"},\"alternateName\":\"U. de Caldas\",\"potentialAction\":[{\"@type\":\"SearchAction\",\"target\":{\"@type\":\"EntryPoint\",\"urlTemplate\":\"https:\\\/\\\/www.ucaldas.edu.co\\\/portal\\\/?s={search_term_string}\"},\"query-input\":{\"@type\":\"PropertyValueSpecification\",\"valueRequired\":true,\"valueName\":\"search_term_string\"}}],\"inLanguage\":\"es\"},{\"@type\":\"Organization\",\"@id\":\"https:\\\/\\\/www.ucaldas.edu.co\\\/portal\\\/#organization\",\"name\":\"Universidad de Caldas\",\"alternateName\":\"U. de Caldas\",\"url\":\"https:\\\/\\\/www.ucaldas.edu.co\\\/portal\\\/\",\"logo\":{\"@type\":\"ImageObject\",\"inLanguage\":\"es\",\"@id\":\"https:\\\/\\\/www.ucaldas.edu.co\\\/portal\\\/#\\\/schema\\\/logo\\\/image\\\/\",\"url\":\"https:\\\/\\\/www.ucaldas.edu.co\\\/portal\\\/wp-content\\\/uploads\\\/2023\\\/11\\\/Logo_horizontal_oscuroU-2023.png\",\"contentUrl\":\"https:\\\/\\\/www.ucaldas.edu.co\\\/portal\\\/wp-content\\\/uploads\\\/2023\\\/11\\\/Logo_horizontal_oscuroU-2023.png\",\"width\":263,\"height\":101,\"caption\":\"Universidad de Caldas\"},\"image\":{\"@id\":\"https:\\\/\\\/www.ucaldas.edu.co\\\/portal\\\/#\\\/schema\\\/logo\\\/image\\\/\"},\"sameAs\":[\"https:\\\/\\\/www.facebook.com\\\/udecaldas\",\"https:\\\/\\\/x.com\\\/udecaldas\",\"https:\\\/\\\/www.youtube.com\\\/universidadcaldas\",\"https:\\\/\\\/www.instagram.com\\\/udecaldas\\\/\"]},{\"@type\":\"Person\",\"@id\":\"https:\\\/\\\/www.ucaldas.edu.co\\\/portal\\\/#\\\/schema\\\/person\\\/a1b482e23449158b4bc319926c074fdf\",\"name\":\"ofiprensa\",\"image\":{\"@type\":\"ImageObject\",\"inLanguage\":\"es\",\"@id\":\"https:\\\/\\\/www.ucaldas.edu.co\\\/portal\\\/wp-content\\\/litespeed\\\/avatar\\\/09ea5085e600095a7a811142c6944527.jpg?ver=1777497608\",\"url\":\"https:\\\/\\\/www.ucaldas.edu.co\\\/portal\\\/wp-content\\\/litespeed\\\/avatar\\\/09ea5085e600095a7a811142c6944527.jpg?ver=1777497608\",\"contentUrl\":\"https:\\\/\\\/www.ucaldas.edu.co\\\/portal\\\/wp-content\\\/litespeed\\\/avatar\\\/09ea5085e600095a7a811142c6944527.jpg?ver=1777497608\",\"caption\":\"ofiprensa\"},\"url\":\"https:\\\/\\\/www.ucaldas.edu.co\\\/portal\\\/author\\\/ofiprensa\\\/\"}]}<\/script>\n<!-- \/ Yoast SEO plugin. -->","yoast_head_json":{"title":"Investigadores conocieron estrategia frente a convocatoria para Indexaci\u00f3n de Revistas Cient\u00edficas Colombianas Especializadas .","robots":{"index":"index","follow":"follow","max-snippet":"max-snippet:-1","max-image-preview":"max-image-preview:large","max-video-preview":"max-video-preview:-1"},"canonical":"https:\/\/www.ucaldas.edu.co\/portal\/investigadores-conocieron-estrategia-frente-a-convocatoria-para-indexacion-de-revistas-cientificas-colombianas-especializadas\/","schema":{"@context":"https:\/\/schema.org","@graph":[{"@type":"Article","@id":"https:\/\/www.ucaldas.edu.co\/portal\/investigadores-conocieron-estrategia-frente-a-convocatoria-para-indexacion-de-revistas-cientificas-colombianas-especializadas\/#article","isPartOf":{"@id":"https:\/\/www.ucaldas.edu.co\/portal\/investigadores-conocieron-estrategia-frente-a-convocatoria-para-indexacion-de-revistas-cientificas-colombianas-especializadas\/"},"author":{"name":"ofiprensa","@id":"https:\/\/www.ucaldas.edu.co\/portal\/#\/schema\/person\/a1b482e23449158b4bc319926c074fdf"},"headline":"Investigadores conocieron estrategia frente a convocatoria para Indexaci\u00f3n de Revistas Cient\u00edficas Colombianas Especializadas","datePublished":"2018-10-31T20:11:51+00:00","mainEntityOfPage":{"@id":"https:\/\/www.ucaldas.edu.co\/portal\/investigadores-conocieron-estrategia-frente-a-convocatoria-para-indexacion-de-revistas-cientificas-colombianas-especializadas\/"},"wordCount":261,"publisher":{"@id":"https:\/\/www.ucaldas.edu.co\/portal\/#organization"},"image":{"@id":"https:\/\/www.ucaldas.edu.co\/portal\/investigadores-conocieron-estrategia-frente-a-convocatoria-para-indexacion-de-revistas-cientificas-colombianas-especializadas\/#primaryimage"},"thumbnailUrl":"https:\/\/www.ucaldas.edu.co\/portal\/wp-content\/uploads\/2018\/10\/socializacionconvocatoria-compressor.jpg","keywords":["Convocatoria","socializaci\u00f3n","Vicerrector\u00eda de Investigaciones y Posgrados","Publindex","Indexaci\u00f3n de Revistas Cient\u00edficas Colombianas Especializadas"],"articleSection":["Actualidad","Universidad al D\u00eda","UCaldas Activa"],"inLanguage":"es"},{"@type":"WebPage","@id":"https:\/\/www.ucaldas.edu.co\/portal\/investigadores-conocieron-estrategia-frente-a-convocatoria-para-indexacion-de-revistas-cientificas-colombianas-especializadas\/","url":"https:\/\/www.ucaldas.edu.co\/portal\/investigadores-conocieron-estrategia-frente-a-convocatoria-para-indexacion-de-revistas-cientificas-colombianas-especializadas\/","name":"Investigadores conocieron estrategia frente a convocatoria para Indexaci\u00f3n de Revistas Cient\u00edficas Colombianas Especializadas .","isPartOf":{"@id":"https:\/\/www.ucaldas.edu.co\/portal\/#website"},"primaryImageOfPage":{"@id":"https:\/\/www.ucaldas.edu.co\/portal\/investigadores-conocieron-estrategia-frente-a-convocatoria-para-indexacion-de-revistas-cientificas-colombianas-especializadas\/#primaryimage"},"image":{"@id":"https:\/\/www.ucaldas.edu.co\/portal\/investigadores-conocieron-estrategia-frente-a-convocatoria-para-indexacion-de-revistas-cientificas-colombianas-especializadas\/#primaryimage"},"thumbnailUrl":"https:\/\/www.ucaldas.edu.co\/portal\/wp-content\/uploads\/2018\/10\/socializacionconvocatoria-compressor.jpg","datePublished":"2018-10-31T20:11:51+00:00","breadcrumb":{"@id":"https:\/\/www.ucaldas.edu.co\/portal\/investigadores-conocieron-estrategia-frente-a-convocatoria-para-indexacion-de-revistas-cientificas-colombianas-especializadas\/#breadcrumb"},"inLanguage":"es","potentialAction":[{"@type":"ReadAction","target":["https:\/\/www.ucaldas.edu.co\/portal\/investigadores-conocieron-estrategia-frente-a-convocatoria-para-indexacion-de-revistas-cientificas-colombianas-especializadas\/"]}]},{"@type":"ImageObject","inLanguage":"es","@id":"https:\/\/www.ucaldas.edu.co\/portal\/investigadores-conocieron-estrategia-frente-a-convocatoria-para-indexacion-de-revistas-cientificas-colombianas-especializadas\/#primaryimage","url":"https:\/\/www.ucaldas.edu.co\/portal\/wp-content\/uploads\/2018\/10\/socializacionconvocatoria-compressor.jpg","contentUrl":"https:\/\/www.ucaldas.edu.co\/portal\/wp-content\/uploads\/2018\/10\/socializacionconvocatoria-compressor.jpg","width":700,"height":400},{"@type":"BreadcrumbList","@id":"https:\/\/www.ucaldas.edu.co\/portal\/investigadores-conocieron-estrategia-frente-a-convocatoria-para-indexacion-de-revistas-cientificas-colombianas-especializadas\/#breadcrumb","itemListElement":[{"@type":"ListItem","position":1,"name":"Portada","item":"https:\/\/www.ucaldas.edu.co\/portal\/"},{"@type":"ListItem","position":2,"name":"Investigadores conocieron estrategia frente a convocatoria para Indexaci\u00f3n de Revistas Cient\u00edficas Colombianas Especializadas"}]},{"@type":"WebSite","@id":"https:\/\/www.ucaldas.edu.co\/portal\/#website","url":"https:\/\/www.ucaldas.edu.co\/portal\/","name":"Universidad de Caldas","description":"","publisher":{"@id":"https:\/\/www.ucaldas.edu.co\/portal\/#organization"},"alternateName":"U. de Caldas","potentialAction":[{"@type":"SearchAction","target":{"@type":"EntryPoint","urlTemplate":"https:\/\/www.ucaldas.edu.co\/portal\/?s={search_term_string}"},"query-input":{"@type":"PropertyValueSpecification","valueRequired":true,"valueName":"search_term_string"}}],"inLanguage":"es"},{"@type":"Organization","@id":"https:\/\/www.ucaldas.edu.co\/portal\/#organization","name":"Universidad de Caldas","alternateName":"U. de Caldas","url":"https:\/\/www.ucaldas.edu.co\/portal\/","logo":{"@type":"ImageObject","inLanguage":"es","@id":"https:\/\/www.ucaldas.edu.co\/portal\/#\/schema\/logo\/image\/","url":"https:\/\/www.ucaldas.edu.co\/portal\/wp-content\/uploads\/2023\/11\/Logo_horizontal_oscuroU-2023.png","contentUrl":"https:\/\/www.ucaldas.edu.co\/portal\/wp-content\/uploads\/2023\/11\/Logo_horizontal_oscuroU-2023.png","width":263,"height":101,"caption":"Universidad de Caldas"},"image":{"@id":"https:\/\/www.ucaldas.edu.co\/portal\/#\/schema\/logo\/image\/"},"sameAs":["https:\/\/www.facebook.com\/udecaldas","https:\/\/x.com\/udecaldas","https:\/\/www.youtube.com\/universidadcaldas","https:\/\/www.instagram.com\/udecaldas\/"]},{"@type":"Person","@id":"https:\/\/www.ucaldas.edu.co\/portal\/#\/schema\/person\/a1b482e23449158b4bc319926c074fdf","name":"ofiprensa","image":{"@type":"ImageObject","inLanguage":"es","@id":"https:\/\/www.ucaldas.edu.co\/portal\/wp-content\/litespeed\/avatar\/09ea5085e600095a7a811142c6944527.jpg?ver=1777497608","url":"https:\/\/www.ucaldas.edu.co\/portal\/wp-content\/litespeed\/avatar\/09ea5085e600095a7a811142c6944527.jpg?ver=1777497608","contentUrl":"https:\/\/www.ucaldas.edu.co\/portal\/wp-content\/litespeed\/avatar\/09ea5085e600095a7a811142c6944527.jpg?ver=1777497608","caption":"ofiprensa"},"url":"https:\/\/www.ucaldas.edu.co\/portal\/author\/ofiprensa\/"}]}},"_links":{"self":[{"href":"https:\/\/www.ucaldas.edu.co\/portal\/wp-json\/wp\/v2\/posts\/44083","targetHints":{"allow":["GET"]}}],"collection":[{"href":"https:\/\/www.ucaldas.edu.co\/portal\/wp-json\/wp\/v2\/posts"}],"about":[{"href":"https:\/\/www.ucaldas.edu.co\/portal\/wp-json\/wp\/v2\/types\/post"}],"author":[{"embeddable":true,"href":"https:\/\/www.ucaldas.edu.co\/portal\/wp-json\/wp\/v2\/users\/2"}],"replies":[{"embeddable":true,"href":"https:\/\/www.ucaldas.edu.co\/portal\/wp-json\/wp\/v2\/comments?post=44083"}],"version-history":[{"count":0,"href":"https:\/\/www.ucaldas.edu.co\/portal\/wp-json\/wp\/v2\/posts\/44083\/revisions"}],"wp:featuredmedia":[{"embeddable":true,"href":"https:\/\/www.ucaldas.edu.co\/portal\/wp-json\/wp\/v2\/media\/44084"}],"wp:attachment":[{"href":"https:\/\/www.ucaldas.edu.co\/portal\/wp-json\/wp\/v2\/media?parent=44083"}],"wp:term":[{"taxonomy":"category","embeddable":true,"href":"https:\/\/www.ucaldas.edu.co\/portal\/wp-json\/wp\/v2\/categories?post=44083"},{"taxonomy":"post_tag","embeddable":true,"href":"https:\/\/www.ucaldas.edu.co\/portal\/wp-json\/wp\/v2\/tags?post=44083"}],"curies":[{"name":"wp","href":"https:\/\/api.w.org\/{rel}","templated":true}]}}