{"id":44074,"date":"2018-10-31T20:08:18","date_gmt":"2018-10-31T20:08:18","guid":{"rendered":"https:\/\/www.ucaldas.edu.co\/portal\/?p=44074"},"modified":"2018-10-31T20:08:18","modified_gmt":"2018-10-31T20:08:18","slug":"u-de-caldas-realizara-seminario-permanente-de-desarrollo-rural-y-recursos-naturales-suelo-y-agua","status":"publish","type":"post","link":"https:\/\/www.ucaldas.edu.co\/portal\/u-de-caldas-realizara-seminario-permanente-de-desarrollo-rural-y-recursos-naturales-suelo-y-agua\/","title":{"rendered":"U. de Caldas realizar\u00e1 Seminario Permanente de Desarrollo Rural y Recursos Naturales, Suelo y Agua"},"content":{"rendered":"<p style=\"text-align: center;\">SOBRE EL PLAN DE MANEJO Y SOSTENIBILIDAD DE TIERRAS Y AGUAS<\/p>\n<p style=\"text-align: center;\"><strong>U. de Caldas realizar\u00e1 Seminario Permanente de Desarrollo Rural y Recursos Naturales, Suelo y Agua<\/strong><\/p>\n<p style=\"text-align: right;\">31\/10\/2018<\/p>\n<p><img loading=\"lazy\" decoding=\"async\" class=\"size-full wp-image-44075 aligncenter\" src=\"https:\/\/www.ucaldas.edu.co\/portal\/wp-content\/uploads\/2018\/10\/Seminario-permanente3-compressor.jpg\" alt=\"\" width=\"700\" height=\"400\" srcset=\"https:\/\/www.ucaldas.edu.co\/portal\/wp-content\/uploads\/2018\/10\/Seminario-permanente3-compressor.jpg 700w, https:\/\/www.ucaldas.edu.co\/portal\/wp-content\/uploads\/2018\/10\/Seminario-permanente3-compressor-300x171.jpg 300w\" sizes=\"auto, (max-width: 700px) 100vw, 700px\" \/>Expertos en conservaci\u00f3n del medio ambiente se dar\u00e1n cita este jueves 1 y viernes 2 de noviembre en el Auditorio del Centro Cultural Universitario Rogelio Salmona en el Seminario Permanente de Desarrollo Rural y Recursos Naturales, Suelo y Agua<\/p>\n<p><!--more--><\/p>\n<p>La programaci\u00f3n es la siguiente:<\/p>\n<table width=\"688\">\n<tbody>\n<tr>\n<td width=\"85\"><strong>D\u00cdA<\/strong><\/td>\n<td width=\"338\"><strong>TEMA<\/strong><\/td>\n<td width=\"265\"><strong>CONFERENCISTA<\/strong><\/td>\n<\/tr>\n<tr>\n<td rowspan=\"2\" width=\"85\">&nbsp;<\/p>\n<p>1 de noviembre<\/td>\n<td width=\"338\">Pastoreo de ultra-alta densidad en zona de ladera.<\/td>\n<td width=\"265\">Juan Carlos Robledo Salgado, Especialista en Reproducci\u00f3n Bovina.<\/td>\n<\/tr>\n<tr>\n<td width=\"338\">Programa de manejo y adaptaci\u00f3n de las tierras para el manejo de la cuenca alta del Rio Chinchin\u00e1.<\/td>\n<td width=\"265\">Andr\u00e9s Felipe Betancourth L\u00f3pez, Coordinador Proyecto Vivo Cueca.<\/td>\n<\/tr>\n<tr>\n<td rowspan=\"2\" width=\"85\">&nbsp;<\/p>\n<p>2 de noviembre<\/td>\n<td width=\"338\">Geoportal datos abiertos im\u00e1genes PlanetScope<\/td>\n<td width=\"265\">Carlos Andr\u00e9s Franco Prieto, Especialista del GIT Aplicaciones TIG del CIAF<\/td>\n<\/tr>\n<tr>\n<td width=\"338\">Bioingenier\u00eda de suelos y restauraci\u00f3n ecol\u00f3gica<\/td>\n<td width=\"265\">Alejandra Osorio, Lic. Biolog\u00eda y Qu\u00edmica, MSc. Ecolog\u00eda Humana.<\/td>\n<\/tr>\n<\/tbody>\n<\/table>\n<p>&nbsp;<\/p>\n<p>El seminario est\u00e1 enfocado en\u00a0 el plan de manejo y sostenibilidad de tierras y aguas, teniendo como inter\u00e9s ubicar a los asistentes en disciplinas de actualidad y acercarlos al conocimiento t\u00e9cnico de los problemas de conservaci\u00f3n de los recursos naturales.<\/p>\n<p>El evento es gratuito con inscripci\u00f3n previa y estar\u00e1 dirigido a profesionales, t\u00e9cnicos y comunidad acad\u00e9mica en general.<\/p>\n<p>Las personas interesadas en inscribirse o ampliar la informaci\u00f3n pueden comunicarse con el Departamento de Desarrollo\u00a0 Rural de la Universidad de Caldas en el tel\u00e9fono: 8781500 extensi\u00f3n: 15238<\/p>\n<p><strong>Informes: <\/strong>Oficina de Comunicaciones y Prensa U. de Caldas, tel\u00e9fono 878 15 00 extensi\u00f3n 12 167.<\/p>\n<p><strong>Redacci\u00f3n:<\/strong> Daniela S\u00e1nchez R\u00edos<strong><br \/>\n<\/strong><\/p>\n","protected":false},"excerpt":{"rendered":"<p>SOBRE EL PLAN DE MANEJO Y SOSTENIBILIDAD DE TIERRAS Y AGUAS U. de Caldas realizar\u00e1 Seminario Permanente de Desarrollo Rural y Recursos Naturales, Suelo y Agua 31\/10\/2018 Expertos en conservaci\u00f3n del medio ambiente se dar\u00e1n cita este jueves 1 y viernes 2 de noviembre en el Auditorio del Centro Cultural Universitario Rogelio Salmona en el [&hellip;]<\/p>\n","protected":false},"author":2,"featured_media":44075,"comment_status":"closed","ping_status":"open","sticky":false,"template":"","format":"standard","meta":{"footnotes":""},"categories":[48,53,600,756],"tags":[57,73,227,319,404,405,3161,3162],"class_list":["post-44074","post","type-post","status-publish","format-standard","has-post-thumbnail","hentry","category-actualidad","category-universidad-al-dia","category-ucaldas-regional","category-ucaldas-verde","tag-seminario","tag-proyeccion","tag-desarrollo-rural","tag-ccu","tag-agua","tag-medio-ambiente","tag-suelos","tag-recursos-naturales"],"yoast_head":"<!-- This site is optimized with the Yoast SEO plugin v27.5 - https:\/\/yoast.com\/product\/yoast-seo-wordpress\/ -->\n<title>U. de Caldas realizar\u00e1 Seminario Permanente de Desarrollo Rural y Recursos Naturales, Suelo y Agua .<\/title>\n<meta name=\"robots\" content=\"index, follow, max-snippet:-1, max-image-preview:large, max-video-preview:-1\" \/>\n<link rel=\"canonical\" href=\"https:\/\/www.ucaldas.edu.co\/portal\/u-de-caldas-realizara-seminario-permanente-de-desarrollo-rural-y-recursos-naturales-suelo-y-agua\/\" \/>\n<script type=\"application\/ld+json\" class=\"yoast-schema-graph\">{\"@context\":\"https:\\\/\\\/schema.org\",\"@graph\":[{\"@type\":\"Article\",\"@id\":\"https:\\\/\\\/www.ucaldas.edu.co\\\/portal\\\/u-de-caldas-realizara-seminario-permanente-de-desarrollo-rural-y-recursos-naturales-suelo-y-agua\\\/#article\",\"isPartOf\":{\"@id\":\"https:\\\/\\\/www.ucaldas.edu.co\\\/portal\\\/u-de-caldas-realizara-seminario-permanente-de-desarrollo-rural-y-recursos-naturales-suelo-y-agua\\\/\"},\"author\":{\"name\":\"ofiprensa\",\"@id\":\"https:\\\/\\\/www.ucaldas.edu.co\\\/portal\\\/#\\\/schema\\\/person\\\/a1b482e23449158b4bc319926c074fdf\"},\"headline\":\"U. de Caldas realizar\u00e1 Seminario Permanente de Desarrollo Rural y Recursos Naturales, Suelo y Agua\",\"datePublished\":\"2018-10-31T20:08:18+00:00\",\"mainEntityOfPage\":{\"@id\":\"https:\\\/\\\/www.ucaldas.edu.co\\\/portal\\\/u-de-caldas-realizara-seminario-permanente-de-desarrollo-rural-y-recursos-naturales-suelo-y-agua\\\/\"},\"wordCount\":295,\"publisher\":{\"@id\":\"https:\\\/\\\/www.ucaldas.edu.co\\\/portal\\\/#organization\"},\"image\":{\"@id\":\"https:\\\/\\\/www.ucaldas.edu.co\\\/portal\\\/u-de-caldas-realizara-seminario-permanente-de-desarrollo-rural-y-recursos-naturales-suelo-y-agua\\\/#primaryimage\"},\"thumbnailUrl\":\"https:\\\/\\\/www.ucaldas.edu.co\\\/portal\\\/wp-content\\\/uploads\\\/2018\\\/10\\\/Seminario-permanente3-compressor.jpg\",\"keywords\":[\"seminario\",\"Proyecci\u00f3n\",\"desarrollo rural\",\"CCU\",\"agua\",\"medio ambiente\",\"suelos\",\"recursos naturales\"],\"articleSection\":[\"Actualidad\",\"Universidad al D\u00eda\",\"UCaldas Regional\",\"UCaldas Verde\"],\"inLanguage\":\"es\"},{\"@type\":\"WebPage\",\"@id\":\"https:\\\/\\\/www.ucaldas.edu.co\\\/portal\\\/u-de-caldas-realizara-seminario-permanente-de-desarrollo-rural-y-recursos-naturales-suelo-y-agua\\\/\",\"url\":\"https:\\\/\\\/www.ucaldas.edu.co\\\/portal\\\/u-de-caldas-realizara-seminario-permanente-de-desarrollo-rural-y-recursos-naturales-suelo-y-agua\\\/\",\"name\":\"U. de Caldas realizar\u00e1 Seminario Permanente de Desarrollo Rural y Recursos Naturales, Suelo y Agua .\",\"isPartOf\":{\"@id\":\"https:\\\/\\\/www.ucaldas.edu.co\\\/portal\\\/#website\"},\"primaryImageOfPage\":{\"@id\":\"https:\\\/\\\/www.ucaldas.edu.co\\\/portal\\\/u-de-caldas-realizara-seminario-permanente-de-desarrollo-rural-y-recursos-naturales-suelo-y-agua\\\/#primaryimage\"},\"image\":{\"@id\":\"https:\\\/\\\/www.ucaldas.edu.co\\\/portal\\\/u-de-caldas-realizara-seminario-permanente-de-desarrollo-rural-y-recursos-naturales-suelo-y-agua\\\/#primaryimage\"},\"thumbnailUrl\":\"https:\\\/\\\/www.ucaldas.edu.co\\\/portal\\\/wp-content\\\/uploads\\\/2018\\\/10\\\/Seminario-permanente3-compressor.jpg\",\"datePublished\":\"2018-10-31T20:08:18+00:00\",\"breadcrumb\":{\"@id\":\"https:\\\/\\\/www.ucaldas.edu.co\\\/portal\\\/u-de-caldas-realizara-seminario-permanente-de-desarrollo-rural-y-recursos-naturales-suelo-y-agua\\\/#breadcrumb\"},\"inLanguage\":\"es\",\"potentialAction\":[{\"@type\":\"ReadAction\",\"target\":[\"https:\\\/\\\/www.ucaldas.edu.co\\\/portal\\\/u-de-caldas-realizara-seminario-permanente-de-desarrollo-rural-y-recursos-naturales-suelo-y-agua\\\/\"]}]},{\"@type\":\"ImageObject\",\"inLanguage\":\"es\",\"@id\":\"https:\\\/\\\/www.ucaldas.edu.co\\\/portal\\\/u-de-caldas-realizara-seminario-permanente-de-desarrollo-rural-y-recursos-naturales-suelo-y-agua\\\/#primaryimage\",\"url\":\"https:\\\/\\\/www.ucaldas.edu.co\\\/portal\\\/wp-content\\\/uploads\\\/2018\\\/10\\\/Seminario-permanente3-compressor.jpg\",\"contentUrl\":\"https:\\\/\\\/www.ucaldas.edu.co\\\/portal\\\/wp-content\\\/uploads\\\/2018\\\/10\\\/Seminario-permanente3-compressor.jpg\",\"width\":700,\"height\":400},{\"@type\":\"BreadcrumbList\",\"@id\":\"https:\\\/\\\/www.ucaldas.edu.co\\\/portal\\\/u-de-caldas-realizara-seminario-permanente-de-desarrollo-rural-y-recursos-naturales-suelo-y-agua\\\/#breadcrumb\",\"itemListElement\":[{\"@type\":\"ListItem\",\"position\":1,\"name\":\"Portada\",\"item\":\"https:\\\/\\\/www.ucaldas.edu.co\\\/portal\\\/\"},{\"@type\":\"ListItem\",\"position\":2,\"name\":\"U. de Caldas realizar\u00e1 Seminario Permanente de Desarrollo Rural y Recursos Naturales, Suelo y Agua\"}]},{\"@type\":\"WebSite\",\"@id\":\"https:\\\/\\\/www.ucaldas.edu.co\\\/portal\\\/#website\",\"url\":\"https:\\\/\\\/www.ucaldas.edu.co\\\/portal\\\/\",\"name\":\"Universidad de Caldas\",\"description\":\"\",\"publisher\":{\"@id\":\"https:\\\/\\\/www.ucaldas.edu.co\\\/portal\\\/#organization\"},\"alternateName\":\"U. de Caldas\",\"potentialAction\":[{\"@type\":\"SearchAction\",\"target\":{\"@type\":\"EntryPoint\",\"urlTemplate\":\"https:\\\/\\\/www.ucaldas.edu.co\\\/portal\\\/?s={search_term_string}\"},\"query-input\":{\"@type\":\"PropertyValueSpecification\",\"valueRequired\":true,\"valueName\":\"search_term_string\"}}],\"inLanguage\":\"es\"},{\"@type\":\"Organization\",\"@id\":\"https:\\\/\\\/www.ucaldas.edu.co\\\/portal\\\/#organization\",\"name\":\"Universidad de Caldas\",\"alternateName\":\"U. de Caldas\",\"url\":\"https:\\\/\\\/www.ucaldas.edu.co\\\/portal\\\/\",\"logo\":{\"@type\":\"ImageObject\",\"inLanguage\":\"es\",\"@id\":\"https:\\\/\\\/www.ucaldas.edu.co\\\/portal\\\/#\\\/schema\\\/logo\\\/image\\\/\",\"url\":\"https:\\\/\\\/www.ucaldas.edu.co\\\/portal\\\/wp-content\\\/uploads\\\/2023\\\/11\\\/Logo_horizontal_oscuroU-2023.png\",\"contentUrl\":\"https:\\\/\\\/www.ucaldas.edu.co\\\/portal\\\/wp-content\\\/uploads\\\/2023\\\/11\\\/Logo_horizontal_oscuroU-2023.png\",\"width\":263,\"height\":101,\"caption\":\"Universidad de Caldas\"},\"image\":{\"@id\":\"https:\\\/\\\/www.ucaldas.edu.co\\\/portal\\\/#\\\/schema\\\/logo\\\/image\\\/\"},\"sameAs\":[\"https:\\\/\\\/www.facebook.com\\\/udecaldas\",\"https:\\\/\\\/x.com\\\/udecaldas\",\"https:\\\/\\\/www.youtube.com\\\/universidadcaldas\",\"https:\\\/\\\/www.instagram.com\\\/udecaldas\\\/\"]},{\"@type\":\"Person\",\"@id\":\"https:\\\/\\\/www.ucaldas.edu.co\\\/portal\\\/#\\\/schema\\\/person\\\/a1b482e23449158b4bc319926c074fdf\",\"name\":\"ofiprensa\",\"image\":{\"@type\":\"ImageObject\",\"inLanguage\":\"es\",\"@id\":\"https:\\\/\\\/www.ucaldas.edu.co\\\/portal\\\/wp-content\\\/litespeed\\\/avatar\\\/09ea5085e600095a7a811142c6944527.jpg?ver=1777497608\",\"url\":\"https:\\\/\\\/www.ucaldas.edu.co\\\/portal\\\/wp-content\\\/litespeed\\\/avatar\\\/09ea5085e600095a7a811142c6944527.jpg?ver=1777497608\",\"contentUrl\":\"https:\\\/\\\/www.ucaldas.edu.co\\\/portal\\\/wp-content\\\/litespeed\\\/avatar\\\/09ea5085e600095a7a811142c6944527.jpg?ver=1777497608\",\"caption\":\"ofiprensa\"},\"url\":\"https:\\\/\\\/www.ucaldas.edu.co\\\/portal\\\/author\\\/ofiprensa\\\/\"}]}<\/script>\n<!-- \/ Yoast SEO plugin. -->","yoast_head_json":{"title":"U. de Caldas realizar\u00e1 Seminario Permanente de Desarrollo Rural y Recursos Naturales, Suelo y Agua .","robots":{"index":"index","follow":"follow","max-snippet":"max-snippet:-1","max-image-preview":"max-image-preview:large","max-video-preview":"max-video-preview:-1"},"canonical":"https:\/\/www.ucaldas.edu.co\/portal\/u-de-caldas-realizara-seminario-permanente-de-desarrollo-rural-y-recursos-naturales-suelo-y-agua\/","schema":{"@context":"https:\/\/schema.org","@graph":[{"@type":"Article","@id":"https:\/\/www.ucaldas.edu.co\/portal\/u-de-caldas-realizara-seminario-permanente-de-desarrollo-rural-y-recursos-naturales-suelo-y-agua\/#article","isPartOf":{"@id":"https:\/\/www.ucaldas.edu.co\/portal\/u-de-caldas-realizara-seminario-permanente-de-desarrollo-rural-y-recursos-naturales-suelo-y-agua\/"},"author":{"name":"ofiprensa","@id":"https:\/\/www.ucaldas.edu.co\/portal\/#\/schema\/person\/a1b482e23449158b4bc319926c074fdf"},"headline":"U. de Caldas realizar\u00e1 Seminario Permanente de Desarrollo Rural y Recursos Naturales, Suelo y Agua","datePublished":"2018-10-31T20:08:18+00:00","mainEntityOfPage":{"@id":"https:\/\/www.ucaldas.edu.co\/portal\/u-de-caldas-realizara-seminario-permanente-de-desarrollo-rural-y-recursos-naturales-suelo-y-agua\/"},"wordCount":295,"publisher":{"@id":"https:\/\/www.ucaldas.edu.co\/portal\/#organization"},"image":{"@id":"https:\/\/www.ucaldas.edu.co\/portal\/u-de-caldas-realizara-seminario-permanente-de-desarrollo-rural-y-recursos-naturales-suelo-y-agua\/#primaryimage"},"thumbnailUrl":"https:\/\/www.ucaldas.edu.co\/portal\/wp-content\/uploads\/2018\/10\/Seminario-permanente3-compressor.jpg","keywords":["seminario","Proyecci\u00f3n","desarrollo rural","CCU","agua","medio ambiente","suelos","recursos naturales"],"articleSection":["Actualidad","Universidad al D\u00eda","UCaldas Regional","UCaldas Verde"],"inLanguage":"es"},{"@type":"WebPage","@id":"https:\/\/www.ucaldas.edu.co\/portal\/u-de-caldas-realizara-seminario-permanente-de-desarrollo-rural-y-recursos-naturales-suelo-y-agua\/","url":"https:\/\/www.ucaldas.edu.co\/portal\/u-de-caldas-realizara-seminario-permanente-de-desarrollo-rural-y-recursos-naturales-suelo-y-agua\/","name":"U. de Caldas realizar\u00e1 Seminario Permanente de Desarrollo Rural y Recursos Naturales, Suelo y Agua .","isPartOf":{"@id":"https:\/\/www.ucaldas.edu.co\/portal\/#website"},"primaryImageOfPage":{"@id":"https:\/\/www.ucaldas.edu.co\/portal\/u-de-caldas-realizara-seminario-permanente-de-desarrollo-rural-y-recursos-naturales-suelo-y-agua\/#primaryimage"},"image":{"@id":"https:\/\/www.ucaldas.edu.co\/portal\/u-de-caldas-realizara-seminario-permanente-de-desarrollo-rural-y-recursos-naturales-suelo-y-agua\/#primaryimage"},"thumbnailUrl":"https:\/\/www.ucaldas.edu.co\/portal\/wp-content\/uploads\/2018\/10\/Seminario-permanente3-compressor.jpg","datePublished":"2018-10-31T20:08:18+00:00","breadcrumb":{"@id":"https:\/\/www.ucaldas.edu.co\/portal\/u-de-caldas-realizara-seminario-permanente-de-desarrollo-rural-y-recursos-naturales-suelo-y-agua\/#breadcrumb"},"inLanguage":"es","potentialAction":[{"@type":"ReadAction","target":["https:\/\/www.ucaldas.edu.co\/portal\/u-de-caldas-realizara-seminario-permanente-de-desarrollo-rural-y-recursos-naturales-suelo-y-agua\/"]}]},{"@type":"ImageObject","inLanguage":"es","@id":"https:\/\/www.ucaldas.edu.co\/portal\/u-de-caldas-realizara-seminario-permanente-de-desarrollo-rural-y-recursos-naturales-suelo-y-agua\/#primaryimage","url":"https:\/\/www.ucaldas.edu.co\/portal\/wp-content\/uploads\/2018\/10\/Seminario-permanente3-compressor.jpg","contentUrl":"https:\/\/www.ucaldas.edu.co\/portal\/wp-content\/uploads\/2018\/10\/Seminario-permanente3-compressor.jpg","width":700,"height":400},{"@type":"BreadcrumbList","@id":"https:\/\/www.ucaldas.edu.co\/portal\/u-de-caldas-realizara-seminario-permanente-de-desarrollo-rural-y-recursos-naturales-suelo-y-agua\/#breadcrumb","itemListElement":[{"@type":"ListItem","position":1,"name":"Portada","item":"https:\/\/www.ucaldas.edu.co\/portal\/"},{"@type":"ListItem","position":2,"name":"U. de Caldas realizar\u00e1 Seminario Permanente de Desarrollo Rural y Recursos Naturales, Suelo y Agua"}]},{"@type":"WebSite","@id":"https:\/\/www.ucaldas.edu.co\/portal\/#website","url":"https:\/\/www.ucaldas.edu.co\/portal\/","name":"Universidad de Caldas","description":"","publisher":{"@id":"https:\/\/www.ucaldas.edu.co\/portal\/#organization"},"alternateName":"U. de Caldas","potentialAction":[{"@type":"SearchAction","target":{"@type":"EntryPoint","urlTemplate":"https:\/\/www.ucaldas.edu.co\/portal\/?s={search_term_string}"},"query-input":{"@type":"PropertyValueSpecification","valueRequired":true,"valueName":"search_term_string"}}],"inLanguage":"es"},{"@type":"Organization","@id":"https:\/\/www.ucaldas.edu.co\/portal\/#organization","name":"Universidad de Caldas","alternateName":"U. de Caldas","url":"https:\/\/www.ucaldas.edu.co\/portal\/","logo":{"@type":"ImageObject","inLanguage":"es","@id":"https:\/\/www.ucaldas.edu.co\/portal\/#\/schema\/logo\/image\/","url":"https:\/\/www.ucaldas.edu.co\/portal\/wp-content\/uploads\/2023\/11\/Logo_horizontal_oscuroU-2023.png","contentUrl":"https:\/\/www.ucaldas.edu.co\/portal\/wp-content\/uploads\/2023\/11\/Logo_horizontal_oscuroU-2023.png","width":263,"height":101,"caption":"Universidad de Caldas"},"image":{"@id":"https:\/\/www.ucaldas.edu.co\/portal\/#\/schema\/logo\/image\/"},"sameAs":["https:\/\/www.facebook.com\/udecaldas","https:\/\/x.com\/udecaldas","https:\/\/www.youtube.com\/universidadcaldas","https:\/\/www.instagram.com\/udecaldas\/"]},{"@type":"Person","@id":"https:\/\/www.ucaldas.edu.co\/portal\/#\/schema\/person\/a1b482e23449158b4bc319926c074fdf","name":"ofiprensa","image":{"@type":"ImageObject","inLanguage":"es","@id":"https:\/\/www.ucaldas.edu.co\/portal\/wp-content\/litespeed\/avatar\/09ea5085e600095a7a811142c6944527.jpg?ver=1777497608","url":"https:\/\/www.ucaldas.edu.co\/portal\/wp-content\/litespeed\/avatar\/09ea5085e600095a7a811142c6944527.jpg?ver=1777497608","contentUrl":"https:\/\/www.ucaldas.edu.co\/portal\/wp-content\/litespeed\/avatar\/09ea5085e600095a7a811142c6944527.jpg?ver=1777497608","caption":"ofiprensa"},"url":"https:\/\/www.ucaldas.edu.co\/portal\/author\/ofiprensa\/"}]}},"_links":{"self":[{"href":"https:\/\/www.ucaldas.edu.co\/portal\/wp-json\/wp\/v2\/posts\/44074","targetHints":{"allow":["GET"]}}],"collection":[{"href":"https:\/\/www.ucaldas.edu.co\/portal\/wp-json\/wp\/v2\/posts"}],"about":[{"href":"https:\/\/www.ucaldas.edu.co\/portal\/wp-json\/wp\/v2\/types\/post"}],"author":[{"embeddable":true,"href":"https:\/\/www.ucaldas.edu.co\/portal\/wp-json\/wp\/v2\/users\/2"}],"replies":[{"embeddable":true,"href":"https:\/\/www.ucaldas.edu.co\/portal\/wp-json\/wp\/v2\/comments?post=44074"}],"version-history":[{"count":0,"href":"https:\/\/www.ucaldas.edu.co\/portal\/wp-json\/wp\/v2\/posts\/44074\/revisions"}],"wp:featuredmedia":[{"embeddable":true,"href":"https:\/\/www.ucaldas.edu.co\/portal\/wp-json\/wp\/v2\/media\/44075"}],"wp:attachment":[{"href":"https:\/\/www.ucaldas.edu.co\/portal\/wp-json\/wp\/v2\/media?parent=44074"}],"wp:term":[{"taxonomy":"category","embeddable":true,"href":"https:\/\/www.ucaldas.edu.co\/portal\/wp-json\/wp\/v2\/categories?post=44074"},{"taxonomy":"post_tag","embeddable":true,"href":"https:\/\/www.ucaldas.edu.co\/portal\/wp-json\/wp\/v2\/tags?post=44074"}],"curies":[{"name":"wp","href":"https:\/\/api.w.org\/{rel}","templated":true}]}}