{"id":44071,"date":"2018-10-31T20:06:50","date_gmt":"2018-10-31T20:06:50","guid":{"rendered":"https:\/\/www.ucaldas.edu.co\/portal\/?p=44071"},"modified":"2018-10-31T20:06:50","modified_gmt":"2018-10-31T20:06:50","slug":"u-de-caldas-sera-sede-del-octavo-congreso-internacional-de-sistemas-agroalimentarios-localizados-sial","status":"publish","type":"post","link":"https:\/\/www.ucaldas.edu.co\/portal\/u-de-caldas-sera-sede-del-octavo-congreso-internacional-de-sistemas-agroalimentarios-localizados-sial\/","title":{"rendered":"U. de Caldas ser\u00e1 sede del Octavo Congreso Internacional de Sistemas Agroalimentarios Localizados  &#8211; SIAL-"},"content":{"rendered":"<p style=\"text-align: center;\">CON LA PARTICIPACI\u00d3N DE INVITADOS NACIONALES E INTERNACIONALEs<\/p>\n<p style=\"text-align: center;\"><strong>U. de Caldas ser\u00e1 sede del Octavo Congreso Internacional de Sistemas Agroalimentarios Localizados &#8211;\u00a0SIAL-<\/strong><\/p>\n<p style=\"text-align: right;\">31\/10\/2018<\/p>\n<p><img loading=\"lazy\" decoding=\"async\" class=\"alignnone size-full wp-image-44072\" src=\"https:\/\/www.ucaldas.edu.co\/portal\/wp-content\/uploads\/2018\/10\/SIAL-compressor.jpg\" alt=\"\" width=\"700\" height=\"400\" srcset=\"https:\/\/www.ucaldas.edu.co\/portal\/wp-content\/uploads\/2018\/10\/SIAL-compressor.jpg 700w, https:\/\/www.ucaldas.edu.co\/portal\/wp-content\/uploads\/2018\/10\/SIAL-compressor-300x171.jpg 300w\" sizes=\"auto, (max-width: 700px) 100vw, 700px\" \/><\/p>\n<p>Entre el 13 y 15 de noviembre, la Red\u00a0SIAL \u00a0Am\u00e9rica, la Universidad de Caldas, la Universidad Nacional de Colombia, la Universidad de Pamplona y la Corporaci\u00f3n Colombiana de Investigaci\u00f3n Agropecuaria, Agrosavia, realizar\u00e1n el Octavo Congreso Internacional de Sistemas Agroalimentarios Localizados,\u00a0SIAL, en el Centro Cultural Universitario Rogelio Salmona.<\/p>\n<p><!--more--><\/p>\n<p>El encuentro contar\u00e1 con la participaci\u00f3n de invitados nacionales e internacionales quienes presentar\u00e1n\u00a0 diferentes ponencias orales y posters para abordar los siguientes cinco ejes tem\u00e1ticos planteados en el congreso:<\/p>\n<ol>\n<li>Multifuncionalidad de los Sistemas Agroalimentarios Localizados y sus roles en la dinamizaci\u00f3n de los territorios y la disminuci\u00f3n de la pobreza y desigualdad rural.<\/li>\n<li>Sistemas de innovaci\u00f3n y gesti\u00f3n social del conocimiento para la valorizaci\u00f3n de los recursos territoriales.<\/li>\n<li>Redes, alianzas y gobernanza territorial.<\/li>\n<li>Estrategias de valorizaci\u00f3n y diferenciaci\u00f3n mediante sellos de calidad de los productos agroalimentarios y servicios locales y su articulaci\u00f3n a las cadenas de valor.<\/li>\n<li>El rol de la sociedad civil, la pol\u00edtica p\u00fablica y los nuevos arreglos institucionales para la resoluci\u00f3n de conflictos multidimensionales que afectan de los territorios.<\/li>\n<\/ol>\n<p>En esta oportunidad el Congreso har\u00e1 \u00e9nfasis en establecer c\u00f3mo el enfoque de Sistemas Agroalimentarios Localizados junto a otras estrategias promueve la innovaci\u00f3n y contribuyen a disminuir las desigualdades y la pobreza para el desarrollo de los territorios rurales.<\/p>\n<p>&nbsp;<\/p>\n<p><strong>Costos de inscripci\u00f3n: <\/strong><\/p>\n<p>El pago de la inscripci\u00f3n al programa acad\u00e9mico incluye el derecho de asistencia a las presentaciones magistrales en plenaria, a las presentaciones en las mesas tem\u00e1ticas, la posibilidad de presentaci\u00f3n de ponencias y de poster de acuerdo con concepto del Comit\u00e9 Cient\u00edfico y la visita a la exposici\u00f3n de posters, fotograf\u00edas y videos, el recibo de una USB con las memorias del evento y de la certificaci\u00f3n de asistencia y participaci\u00f3n en el evento en el caso de los ponentes y expositores de poster aceptados.<\/p>\n<table width=\"713\">\n<tbody>\n<tr>\n<td width=\"118\"><strong>TIPO DE PARTICIPANTE<\/strong><\/td>\n<td width=\"154\"><strong>MONEDA<\/strong><\/td>\n<td width=\"141\"><strong>ENTRE EL 27 DE OCTUBRE AL 2 DE NOVIEMBRE<\/strong><\/td>\n<td width=\"300\"><strong>DESPU\u00c9S DEL 3 DE NOVIEMBRE HASTA EL 9 DE NOVIEMBRE (CIERRE DE INSCRIPCIONES)<\/strong><\/td>\n<\/tr>\n<tr>\n<td rowspan=\"2\" width=\"118\">Participantes extranjeros<\/td>\n<td width=\"154\">D\u00f3lares Americanos<\/td>\n<td width=\"141\">$135<\/td>\n<td width=\"300\">$150<\/td>\n<\/tr>\n<tr>\n<td width=\"154\">Euros<\/td>\n<td width=\"141\">117<\/td>\n<td width=\"300\">$130<\/td>\n<\/tr>\n<tr>\n<td width=\"118\">Participantes colombianos<\/td>\n<td rowspan=\"2\" width=\"154\">&nbsp;<\/p>\n<p>Pesos colombianos<\/td>\n<td width=\"141\">$270.000<\/td>\n<td width=\"300\">$300.000<\/td>\n<\/tr>\n<tr>\n<td width=\"118\">Estudiantes Colombianos<\/td>\n<td width=\"141\">$90.000<\/td>\n<td width=\"300\">$100.000<\/td>\n<\/tr>\n<\/tbody>\n<\/table>\n<p><strong>CONSIGNACIONES NACIONALES<\/strong><\/p>\n<table width=\"707\">\n<tbody>\n<tr>\n<td width=\"118\"><strong>TIPO DE PARTICIPANTE<\/strong><\/td>\n<td width=\"109\"><strong>MONEDA<\/strong><\/td>\n<td width=\"170\"><strong>ENTRE EL 27 DE OCTUBRE AL 2 DE NOVIEMBRE<\/strong><\/td>\n<td width=\"310\"><strong>DESPU\u00c9S DEL 3 DE NOVIEMBRE HASTA EL 9 DE NOVIEMBRE (CIERRE DE INSCRIPCIONES)<\/strong><\/td>\n<\/tr>\n<tr>\n<td width=\"118\">Participantes Colombianos<\/td>\n<td rowspan=\"2\" width=\"109\">&nbsp;<\/p>\n<p>Pesos colombianos<\/td>\n<td width=\"170\">$270.000<\/td>\n<td width=\"310\">$300.000<\/td>\n<\/tr>\n<tr>\n<td width=\"118\">Estudiantes Colombianos<\/td>\n<td width=\"170\">$90.000<\/td>\n<td width=\"310\">$100.000<\/td>\n<\/tr>\n<\/tbody>\n<\/table>\n<p><a href=\"http:\/\/redsial-colombia.com\/\">Conozca m\u00e1s detalles del congreso aqu\u00ed. <\/a><\/p>\n<p><strong>Informes: <\/strong>Oficina de Comunicaciones y Prensa U. de Caldas, tel\u00e9fono 878 15 00 extensi\u00f3n 12 167.<\/p>\n<p><strong>Redacci\u00f3n:<\/strong> Daniela S\u00e1nchez R\u00edos<strong><\/p>\n<p><\/strong><\/p>\n","protected":false},"excerpt":{"rendered":"<p>CON LA PARTICIPACI\u00d3N DE INVITADOS NACIONALES E INTERNACIONALEs U. de Caldas ser\u00e1 sede del Octavo Congreso Internacional de Sistemas Agroalimentarios Localizados &#8211;\u00a0SIAL- 31\/10\/2018 Entre el 13 y 15 de noviembre, la Red\u00a0SIAL \u00a0Am\u00e9rica, la Universidad de Caldas, la Universidad Nacional de Colombia, la Universidad de Pamplona y la Corporaci\u00f3n Colombiana de Investigaci\u00f3n Agropecuaria, Agrosavia, realizar\u00e1n [&hellip;]<\/p>\n","protected":false},"author":2,"featured_media":44072,"comment_status":"closed","ping_status":"open","sticky":false,"template":"","format":"standard","meta":{"footnotes":""},"categories":[48,53,756],"tags":[3158,3159,3160],"class_list":["post-44071","post","type-post","status-publish","format-standard","has-post-thumbnail","hentry","category-actualidad","category-universidad-al-dia","category-ucaldas-verde","tag-congreso-sial","tag-agroalimentarios-localizados","tag-territorios-rurales"],"yoast_head":"<!-- This site is optimized with the Yoast SEO plugin v27.5 - https:\/\/yoast.com\/product\/yoast-seo-wordpress\/ -->\n<title>U. de Caldas ser\u00e1 sede del Octavo Congreso Internacional de Sistemas Agroalimentarios Localizados - SIAL- .<\/title>\n<meta name=\"robots\" content=\"index, follow, max-snippet:-1, max-image-preview:large, max-video-preview:-1\" \/>\n<link rel=\"canonical\" href=\"https:\/\/www.ucaldas.edu.co\/portal\/u-de-caldas-sera-sede-del-octavo-congreso-internacional-de-sistemas-agroalimentarios-localizados-sial\/\" \/>\n<script type=\"application\/ld+json\" class=\"yoast-schema-graph\">{\"@context\":\"https:\\\/\\\/schema.org\",\"@graph\":[{\"@type\":\"Article\",\"@id\":\"https:\\\/\\\/www.ucaldas.edu.co\\\/portal\\\/u-de-caldas-sera-sede-del-octavo-congreso-internacional-de-sistemas-agroalimentarios-localizados-sial\\\/#article\",\"isPartOf\":{\"@id\":\"https:\\\/\\\/www.ucaldas.edu.co\\\/portal\\\/u-de-caldas-sera-sede-del-octavo-congreso-internacional-de-sistemas-agroalimentarios-localizados-sial\\\/\"},\"author\":{\"name\":\"ofiprensa\",\"@id\":\"https:\\\/\\\/www.ucaldas.edu.co\\\/portal\\\/#\\\/schema\\\/person\\\/a1b482e23449158b4bc319926c074fdf\"},\"headline\":\"U. de Caldas ser\u00e1 sede del Octavo Congreso Internacional de Sistemas Agroalimentarios Localizados &#8211; SIAL-\",\"datePublished\":\"2018-10-31T20:06:50+00:00\",\"mainEntityOfPage\":{\"@id\":\"https:\\\/\\\/www.ucaldas.edu.co\\\/portal\\\/u-de-caldas-sera-sede-del-octavo-congreso-internacional-de-sistemas-agroalimentarios-localizados-sial\\\/\"},\"wordCount\":461,\"publisher\":{\"@id\":\"https:\\\/\\\/www.ucaldas.edu.co\\\/portal\\\/#organization\"},\"image\":{\"@id\":\"https:\\\/\\\/www.ucaldas.edu.co\\\/portal\\\/u-de-caldas-sera-sede-del-octavo-congreso-internacional-de-sistemas-agroalimentarios-localizados-sial\\\/#primaryimage\"},\"thumbnailUrl\":\"https:\\\/\\\/www.ucaldas.edu.co\\\/portal\\\/wp-content\\\/uploads\\\/2018\\\/10\\\/SIAL-compressor.jpg\",\"keywords\":[\"Congreso SIAL\",\"agroalimentarios localizados\",\"territorios rurales\"],\"articleSection\":[\"Actualidad\",\"Universidad al D\u00eda\",\"UCaldas Verde\"],\"inLanguage\":\"es\"},{\"@type\":\"WebPage\",\"@id\":\"https:\\\/\\\/www.ucaldas.edu.co\\\/portal\\\/u-de-caldas-sera-sede-del-octavo-congreso-internacional-de-sistemas-agroalimentarios-localizados-sial\\\/\",\"url\":\"https:\\\/\\\/www.ucaldas.edu.co\\\/portal\\\/u-de-caldas-sera-sede-del-octavo-congreso-internacional-de-sistemas-agroalimentarios-localizados-sial\\\/\",\"name\":\"U. de Caldas ser\u00e1 sede del Octavo Congreso Internacional de Sistemas Agroalimentarios Localizados - SIAL- .\",\"isPartOf\":{\"@id\":\"https:\\\/\\\/www.ucaldas.edu.co\\\/portal\\\/#website\"},\"primaryImageOfPage\":{\"@id\":\"https:\\\/\\\/www.ucaldas.edu.co\\\/portal\\\/u-de-caldas-sera-sede-del-octavo-congreso-internacional-de-sistemas-agroalimentarios-localizados-sial\\\/#primaryimage\"},\"image\":{\"@id\":\"https:\\\/\\\/www.ucaldas.edu.co\\\/portal\\\/u-de-caldas-sera-sede-del-octavo-congreso-internacional-de-sistemas-agroalimentarios-localizados-sial\\\/#primaryimage\"},\"thumbnailUrl\":\"https:\\\/\\\/www.ucaldas.edu.co\\\/portal\\\/wp-content\\\/uploads\\\/2018\\\/10\\\/SIAL-compressor.jpg\",\"datePublished\":\"2018-10-31T20:06:50+00:00\",\"breadcrumb\":{\"@id\":\"https:\\\/\\\/www.ucaldas.edu.co\\\/portal\\\/u-de-caldas-sera-sede-del-octavo-congreso-internacional-de-sistemas-agroalimentarios-localizados-sial\\\/#breadcrumb\"},\"inLanguage\":\"es\",\"potentialAction\":[{\"@type\":\"ReadAction\",\"target\":[\"https:\\\/\\\/www.ucaldas.edu.co\\\/portal\\\/u-de-caldas-sera-sede-del-octavo-congreso-internacional-de-sistemas-agroalimentarios-localizados-sial\\\/\"]}]},{\"@type\":\"ImageObject\",\"inLanguage\":\"es\",\"@id\":\"https:\\\/\\\/www.ucaldas.edu.co\\\/portal\\\/u-de-caldas-sera-sede-del-octavo-congreso-internacional-de-sistemas-agroalimentarios-localizados-sial\\\/#primaryimage\",\"url\":\"https:\\\/\\\/www.ucaldas.edu.co\\\/portal\\\/wp-content\\\/uploads\\\/2018\\\/10\\\/SIAL-compressor.jpg\",\"contentUrl\":\"https:\\\/\\\/www.ucaldas.edu.co\\\/portal\\\/wp-content\\\/uploads\\\/2018\\\/10\\\/SIAL-compressor.jpg\",\"width\":700,\"height\":400},{\"@type\":\"BreadcrumbList\",\"@id\":\"https:\\\/\\\/www.ucaldas.edu.co\\\/portal\\\/u-de-caldas-sera-sede-del-octavo-congreso-internacional-de-sistemas-agroalimentarios-localizados-sial\\\/#breadcrumb\",\"itemListElement\":[{\"@type\":\"ListItem\",\"position\":1,\"name\":\"Portada\",\"item\":\"https:\\\/\\\/www.ucaldas.edu.co\\\/portal\\\/\"},{\"@type\":\"ListItem\",\"position\":2,\"name\":\"U. de Caldas ser\u00e1 sede del Octavo Congreso Internacional de Sistemas Agroalimentarios Localizados &#8211; SIAL-\"}]},{\"@type\":\"WebSite\",\"@id\":\"https:\\\/\\\/www.ucaldas.edu.co\\\/portal\\\/#website\",\"url\":\"https:\\\/\\\/www.ucaldas.edu.co\\\/portal\\\/\",\"name\":\"Universidad de Caldas\",\"description\":\"\",\"publisher\":{\"@id\":\"https:\\\/\\\/www.ucaldas.edu.co\\\/portal\\\/#organization\"},\"alternateName\":\"U. de Caldas\",\"potentialAction\":[{\"@type\":\"SearchAction\",\"target\":{\"@type\":\"EntryPoint\",\"urlTemplate\":\"https:\\\/\\\/www.ucaldas.edu.co\\\/portal\\\/?s={search_term_string}\"},\"query-input\":{\"@type\":\"PropertyValueSpecification\",\"valueRequired\":true,\"valueName\":\"search_term_string\"}}],\"inLanguage\":\"es\"},{\"@type\":\"Organization\",\"@id\":\"https:\\\/\\\/www.ucaldas.edu.co\\\/portal\\\/#organization\",\"name\":\"Universidad de Caldas\",\"alternateName\":\"U. de Caldas\",\"url\":\"https:\\\/\\\/www.ucaldas.edu.co\\\/portal\\\/\",\"logo\":{\"@type\":\"ImageObject\",\"inLanguage\":\"es\",\"@id\":\"https:\\\/\\\/www.ucaldas.edu.co\\\/portal\\\/#\\\/schema\\\/logo\\\/image\\\/\",\"url\":\"https:\\\/\\\/www.ucaldas.edu.co\\\/portal\\\/wp-content\\\/uploads\\\/2023\\\/11\\\/Logo_horizontal_oscuroU-2023.png\",\"contentUrl\":\"https:\\\/\\\/www.ucaldas.edu.co\\\/portal\\\/wp-content\\\/uploads\\\/2023\\\/11\\\/Logo_horizontal_oscuroU-2023.png\",\"width\":263,\"height\":101,\"caption\":\"Universidad de Caldas\"},\"image\":{\"@id\":\"https:\\\/\\\/www.ucaldas.edu.co\\\/portal\\\/#\\\/schema\\\/logo\\\/image\\\/\"},\"sameAs\":[\"https:\\\/\\\/www.facebook.com\\\/udecaldas\",\"https:\\\/\\\/x.com\\\/udecaldas\",\"https:\\\/\\\/www.youtube.com\\\/universidadcaldas\",\"https:\\\/\\\/www.instagram.com\\\/udecaldas\\\/\"]},{\"@type\":\"Person\",\"@id\":\"https:\\\/\\\/www.ucaldas.edu.co\\\/portal\\\/#\\\/schema\\\/person\\\/a1b482e23449158b4bc319926c074fdf\",\"name\":\"ofiprensa\",\"image\":{\"@type\":\"ImageObject\",\"inLanguage\":\"es\",\"@id\":\"https:\\\/\\\/www.ucaldas.edu.co\\\/portal\\\/wp-content\\\/litespeed\\\/avatar\\\/09ea5085e600095a7a811142c6944527.jpg?ver=1777497608\",\"url\":\"https:\\\/\\\/www.ucaldas.edu.co\\\/portal\\\/wp-content\\\/litespeed\\\/avatar\\\/09ea5085e600095a7a811142c6944527.jpg?ver=1777497608\",\"contentUrl\":\"https:\\\/\\\/www.ucaldas.edu.co\\\/portal\\\/wp-content\\\/litespeed\\\/avatar\\\/09ea5085e600095a7a811142c6944527.jpg?ver=1777497608\",\"caption\":\"ofiprensa\"},\"url\":\"https:\\\/\\\/www.ucaldas.edu.co\\\/portal\\\/author\\\/ofiprensa\\\/\"}]}<\/script>\n<!-- \/ Yoast SEO plugin. -->","yoast_head_json":{"title":"U. de Caldas ser\u00e1 sede del Octavo Congreso Internacional de Sistemas Agroalimentarios Localizados - SIAL- .","robots":{"index":"index","follow":"follow","max-snippet":"max-snippet:-1","max-image-preview":"max-image-preview:large","max-video-preview":"max-video-preview:-1"},"canonical":"https:\/\/www.ucaldas.edu.co\/portal\/u-de-caldas-sera-sede-del-octavo-congreso-internacional-de-sistemas-agroalimentarios-localizados-sial\/","schema":{"@context":"https:\/\/schema.org","@graph":[{"@type":"Article","@id":"https:\/\/www.ucaldas.edu.co\/portal\/u-de-caldas-sera-sede-del-octavo-congreso-internacional-de-sistemas-agroalimentarios-localizados-sial\/#article","isPartOf":{"@id":"https:\/\/www.ucaldas.edu.co\/portal\/u-de-caldas-sera-sede-del-octavo-congreso-internacional-de-sistemas-agroalimentarios-localizados-sial\/"},"author":{"name":"ofiprensa","@id":"https:\/\/www.ucaldas.edu.co\/portal\/#\/schema\/person\/a1b482e23449158b4bc319926c074fdf"},"headline":"U. de Caldas ser\u00e1 sede del Octavo Congreso Internacional de Sistemas Agroalimentarios Localizados &#8211; SIAL-","datePublished":"2018-10-31T20:06:50+00:00","mainEntityOfPage":{"@id":"https:\/\/www.ucaldas.edu.co\/portal\/u-de-caldas-sera-sede-del-octavo-congreso-internacional-de-sistemas-agroalimentarios-localizados-sial\/"},"wordCount":461,"publisher":{"@id":"https:\/\/www.ucaldas.edu.co\/portal\/#organization"},"image":{"@id":"https:\/\/www.ucaldas.edu.co\/portal\/u-de-caldas-sera-sede-del-octavo-congreso-internacional-de-sistemas-agroalimentarios-localizados-sial\/#primaryimage"},"thumbnailUrl":"https:\/\/www.ucaldas.edu.co\/portal\/wp-content\/uploads\/2018\/10\/SIAL-compressor.jpg","keywords":["Congreso SIAL","agroalimentarios localizados","territorios rurales"],"articleSection":["Actualidad","Universidad al D\u00eda","UCaldas Verde"],"inLanguage":"es"},{"@type":"WebPage","@id":"https:\/\/www.ucaldas.edu.co\/portal\/u-de-caldas-sera-sede-del-octavo-congreso-internacional-de-sistemas-agroalimentarios-localizados-sial\/","url":"https:\/\/www.ucaldas.edu.co\/portal\/u-de-caldas-sera-sede-del-octavo-congreso-internacional-de-sistemas-agroalimentarios-localizados-sial\/","name":"U. de Caldas ser\u00e1 sede del Octavo Congreso Internacional de Sistemas Agroalimentarios Localizados - SIAL- .","isPartOf":{"@id":"https:\/\/www.ucaldas.edu.co\/portal\/#website"},"primaryImageOfPage":{"@id":"https:\/\/www.ucaldas.edu.co\/portal\/u-de-caldas-sera-sede-del-octavo-congreso-internacional-de-sistemas-agroalimentarios-localizados-sial\/#primaryimage"},"image":{"@id":"https:\/\/www.ucaldas.edu.co\/portal\/u-de-caldas-sera-sede-del-octavo-congreso-internacional-de-sistemas-agroalimentarios-localizados-sial\/#primaryimage"},"thumbnailUrl":"https:\/\/www.ucaldas.edu.co\/portal\/wp-content\/uploads\/2018\/10\/SIAL-compressor.jpg","datePublished":"2018-10-31T20:06:50+00:00","breadcrumb":{"@id":"https:\/\/www.ucaldas.edu.co\/portal\/u-de-caldas-sera-sede-del-octavo-congreso-internacional-de-sistemas-agroalimentarios-localizados-sial\/#breadcrumb"},"inLanguage":"es","potentialAction":[{"@type":"ReadAction","target":["https:\/\/www.ucaldas.edu.co\/portal\/u-de-caldas-sera-sede-del-octavo-congreso-internacional-de-sistemas-agroalimentarios-localizados-sial\/"]}]},{"@type":"ImageObject","inLanguage":"es","@id":"https:\/\/www.ucaldas.edu.co\/portal\/u-de-caldas-sera-sede-del-octavo-congreso-internacional-de-sistemas-agroalimentarios-localizados-sial\/#primaryimage","url":"https:\/\/www.ucaldas.edu.co\/portal\/wp-content\/uploads\/2018\/10\/SIAL-compressor.jpg","contentUrl":"https:\/\/www.ucaldas.edu.co\/portal\/wp-content\/uploads\/2018\/10\/SIAL-compressor.jpg","width":700,"height":400},{"@type":"BreadcrumbList","@id":"https:\/\/www.ucaldas.edu.co\/portal\/u-de-caldas-sera-sede-del-octavo-congreso-internacional-de-sistemas-agroalimentarios-localizados-sial\/#breadcrumb","itemListElement":[{"@type":"ListItem","position":1,"name":"Portada","item":"https:\/\/www.ucaldas.edu.co\/portal\/"},{"@type":"ListItem","position":2,"name":"U. de Caldas ser\u00e1 sede del Octavo Congreso Internacional de Sistemas Agroalimentarios Localizados &#8211; SIAL-"}]},{"@type":"WebSite","@id":"https:\/\/www.ucaldas.edu.co\/portal\/#website","url":"https:\/\/www.ucaldas.edu.co\/portal\/","name":"Universidad de Caldas","description":"","publisher":{"@id":"https:\/\/www.ucaldas.edu.co\/portal\/#organization"},"alternateName":"U. de Caldas","potentialAction":[{"@type":"SearchAction","target":{"@type":"EntryPoint","urlTemplate":"https:\/\/www.ucaldas.edu.co\/portal\/?s={search_term_string}"},"query-input":{"@type":"PropertyValueSpecification","valueRequired":true,"valueName":"search_term_string"}}],"inLanguage":"es"},{"@type":"Organization","@id":"https:\/\/www.ucaldas.edu.co\/portal\/#organization","name":"Universidad de Caldas","alternateName":"U. de Caldas","url":"https:\/\/www.ucaldas.edu.co\/portal\/","logo":{"@type":"ImageObject","inLanguage":"es","@id":"https:\/\/www.ucaldas.edu.co\/portal\/#\/schema\/logo\/image\/","url":"https:\/\/www.ucaldas.edu.co\/portal\/wp-content\/uploads\/2023\/11\/Logo_horizontal_oscuroU-2023.png","contentUrl":"https:\/\/www.ucaldas.edu.co\/portal\/wp-content\/uploads\/2023\/11\/Logo_horizontal_oscuroU-2023.png","width":263,"height":101,"caption":"Universidad de Caldas"},"image":{"@id":"https:\/\/www.ucaldas.edu.co\/portal\/#\/schema\/logo\/image\/"},"sameAs":["https:\/\/www.facebook.com\/udecaldas","https:\/\/x.com\/udecaldas","https:\/\/www.youtube.com\/universidadcaldas","https:\/\/www.instagram.com\/udecaldas\/"]},{"@type":"Person","@id":"https:\/\/www.ucaldas.edu.co\/portal\/#\/schema\/person\/a1b482e23449158b4bc319926c074fdf","name":"ofiprensa","image":{"@type":"ImageObject","inLanguage":"es","@id":"https:\/\/www.ucaldas.edu.co\/portal\/wp-content\/litespeed\/avatar\/09ea5085e600095a7a811142c6944527.jpg?ver=1777497608","url":"https:\/\/www.ucaldas.edu.co\/portal\/wp-content\/litespeed\/avatar\/09ea5085e600095a7a811142c6944527.jpg?ver=1777497608","contentUrl":"https:\/\/www.ucaldas.edu.co\/portal\/wp-content\/litespeed\/avatar\/09ea5085e600095a7a811142c6944527.jpg?ver=1777497608","caption":"ofiprensa"},"url":"https:\/\/www.ucaldas.edu.co\/portal\/author\/ofiprensa\/"}]}},"_links":{"self":[{"href":"https:\/\/www.ucaldas.edu.co\/portal\/wp-json\/wp\/v2\/posts\/44071","targetHints":{"allow":["GET"]}}],"collection":[{"href":"https:\/\/www.ucaldas.edu.co\/portal\/wp-json\/wp\/v2\/posts"}],"about":[{"href":"https:\/\/www.ucaldas.edu.co\/portal\/wp-json\/wp\/v2\/types\/post"}],"author":[{"embeddable":true,"href":"https:\/\/www.ucaldas.edu.co\/portal\/wp-json\/wp\/v2\/users\/2"}],"replies":[{"embeddable":true,"href":"https:\/\/www.ucaldas.edu.co\/portal\/wp-json\/wp\/v2\/comments?post=44071"}],"version-history":[{"count":0,"href":"https:\/\/www.ucaldas.edu.co\/portal\/wp-json\/wp\/v2\/posts\/44071\/revisions"}],"wp:featuredmedia":[{"embeddable":true,"href":"https:\/\/www.ucaldas.edu.co\/portal\/wp-json\/wp\/v2\/media\/44072"}],"wp:attachment":[{"href":"https:\/\/www.ucaldas.edu.co\/portal\/wp-json\/wp\/v2\/media?parent=44071"}],"wp:term":[{"taxonomy":"category","embeddable":true,"href":"https:\/\/www.ucaldas.edu.co\/portal\/wp-json\/wp\/v2\/categories?post=44071"},{"taxonomy":"post_tag","embeddable":true,"href":"https:\/\/www.ucaldas.edu.co\/portal\/wp-json\/wp\/v2\/tags?post=44071"}],"curies":[{"name":"wp","href":"https:\/\/api.w.org\/{rel}","templated":true}]}}