{"id":4377,"date":"2009-11-30T10:48:36","date_gmt":"2009-11-30T15:48:36","guid":{"rendered":"https:\/\/www.ucaldas.edu.co\/portal\/?p=4377"},"modified":"2009-11-30T10:48:36","modified_gmt":"2009-11-30T15:48:36","slug":"jorge-vargas-gonima-recibio-la-orden-humberto-gallego-gamboa","status":"publish","type":"post","link":"https:\/\/www.ucaldas.edu.co\/portal\/jorge-vargas-gonima-recibio-la-orden-humberto-gallego-gamboa\/","title":{"rendered":"Jorge Vargas G\u00f3nima recibi\u00f3 la Orden Humberto Gallego Gamboa"},"content":{"rendered":"<p>Entregada a egresados destacados<\/p>\n<hr \/>\n<table border=\"0\">\n<tbody>\n<tr>\n<td><img loading=\"lazy\" decoding=\"async\" style=\"border: 0px\" alt=\"Orden Humberto Gallego Gamboa\" src=\"http:\/\/www.ucaldas.edu.co\/images\/orden_humberto.jpg\" width=\"160\" height=\"100\" border=\"0\" \/><\/td>\n<td>El pasado viernes 27 de noviembre la Universidad de Caldas entreg\u00f3 la Orden Humberto Gallego Gamboa al\u00a0 Docente Catedr\u00e1tico del Programa de Medicina, Jorge Vargas G\u00f3nima. Este reconocimiento se otorga a egresados que se destaquen por sus calidades acad\u00e9micas, profesionales y por sus aportes valiosos a la sociedad.<\/td>\n<\/tr>\n<\/tbody>\n<\/table>\n<p>&nbsp;<\/p>\n<p>&nbsp;<\/p>\n<p>&nbsp;<\/p>\n<p><span style=\"font-family: Calibri\">La entrega de la <i>Orden<\/i><i> <\/i>se realiz\u00f3 en el marco del <i>S\u00e9ptimo encuentro del estamento de egresados. <\/i>Seis egresados fueron nominados al reconocimiento<i>: <\/i><b>Andr\u00e9s Pardo Trujillo<\/b>, del\u00a0 Programa de Geolog\u00eda; <b>Mar\u00eda del Pilar Salazar Gallego<\/b>, del Programa de Ingenier\u00eda de Alimentos; <b>\u00c1ngela Midred Betancourt<\/b>, del Programa de Medicina Veterinaria y Zootecnia; <b>M\u00f3nica Marcela Jaramillo Ram\u00edrez<\/b>, del Programa de Filosof\u00eda y Letras<b>; Fanny Osorio Giraldo<\/b>, del Programa de Trabajo Social y <b>Jorge Vargas G\u00f3nima<\/b>, del Programa de Medicina.<\/span><\/p>\n<p><span style=\"font-family: Calibri\">\u00a0<\/span><\/p>\n<p><span style=\"font-family: Calibri\">Vargas G\u00f3mina recibi\u00f3 la Medalla al merito universitario de la Universidad de Caldas en el a\u00f1o de 1994 y el Escudo de oro al merito docente, otorgado por la Asociaci\u00f3n de profesores Universidad de Caldas, en el a\u00f1o 2000.<\/span><\/p>\n<p><span style=\"font-family: Calibri\">\u00a0<\/span><\/p>\n<p><span style=\"font-family: Calibri\">De su hoja de vida, se destaca:<\/span><\/p>\n<p>&nbsp;<\/p>\n<ul>\n<li><span style=\"font-family: Calibri\">Magistrado del Tribunal de \u00c9tica M\u00e9dica 1986-2009.<\/span><\/li>\n<li><span style=\"font-family: Calibri\">Presidente Academia\u00a0 de Medicina de Caldas, 1995.<\/span><\/li>\n<li><span style=\"font-family: Calibri\">Representante del Ministerio de Educaci\u00f3n ante el Consejo Superior\u00a0 de la Universidad de Caldas. 1976.<\/span><\/li>\n<li><span style=\"font-family: Calibri\">Director encargado del Hospital de Caldas.<\/span><\/li>\n<\/ul>\n<p><span style=\"font-family: Calibri\">\u00a0<\/span><\/p>\n<p><span style=\"font-family: Calibri\">Para mayor informaci\u00f3n comunicarse con la Oficina de Egresados de la Universidad de Caldas Tel\u00e9fono 878 15 00 Ext. 17156.<\/span><\/p>\n","protected":false},"excerpt":{"rendered":"<p>Entregada a egresados destacados El pasado viernes 27 de noviembre la Universidad de Caldas entreg\u00f3 la Orden Humberto Gallego Gamboa al\u00a0 Docente Catedr\u00e1tico del Programa de Medicina, Jorge Vargas G\u00f3nima. Este reconocimiento se otorga a egresados que se destaquen por sus calidades acad\u00e9micas, profesionales y por sus aportes valiosos a la sociedad. &nbsp; &nbsp; &nbsp; [&hellip;]<\/p>\n","protected":false},"author":2,"featured_media":0,"comment_status":"closed","ping_status":"closed","sticky":false,"template":"","format":"standard","meta":{"footnotes":""},"categories":[48,53],"tags":[],"class_list":["post-4377","post","type-post","status-publish","format-standard","hentry","category-actualidad","category-universidad-al-dia"],"yoast_head":"<!-- This site is optimized with the Yoast SEO plugin v27.5 - https:\/\/yoast.com\/product\/yoast-seo-wordpress\/ -->\n<title>Jorge Vargas G\u00f3nima recibi\u00f3 la Orden Humberto Gallego Gamboa .<\/title>\n<meta name=\"robots\" content=\"index, follow, max-snippet:-1, max-image-preview:large, max-video-preview:-1\" \/>\n<link rel=\"canonical\" href=\"https:\/\/www.ucaldas.edu.co\/portal\/jorge-vargas-gonima-recibio-la-orden-humberto-gallego-gamboa\/\" \/>\n<script type=\"application\/ld+json\" class=\"yoast-schema-graph\">{\"@context\":\"https:\\\/\\\/schema.org\",\"@graph\":[{\"@type\":\"Article\",\"@id\":\"https:\\\/\\\/www.ucaldas.edu.co\\\/portal\\\/jorge-vargas-gonima-recibio-la-orden-humberto-gallego-gamboa\\\/#article\",\"isPartOf\":{\"@id\":\"https:\\\/\\\/www.ucaldas.edu.co\\\/portal\\\/jorge-vargas-gonima-recibio-la-orden-humberto-gallego-gamboa\\\/\"},\"author\":{\"name\":\"ofiprensa\",\"@id\":\"https:\\\/\\\/www.ucaldas.edu.co\\\/portal\\\/#\\\/schema\\\/person\\\/a1b482e23449158b4bc319926c074fdf\"},\"headline\":\"Jorge Vargas G\u00f3nima recibi\u00f3 la Orden Humberto Gallego Gamboa\",\"datePublished\":\"2009-11-30T15:48:36+00:00\",\"mainEntityOfPage\":{\"@id\":\"https:\\\/\\\/www.ucaldas.edu.co\\\/portal\\\/jorge-vargas-gonima-recibio-la-orden-humberto-gallego-gamboa\\\/\"},\"wordCount\":255,\"publisher\":{\"@id\":\"https:\\\/\\\/www.ucaldas.edu.co\\\/portal\\\/#organization\"},\"image\":{\"@id\":\"https:\\\/\\\/www.ucaldas.edu.co\\\/portal\\\/jorge-vargas-gonima-recibio-la-orden-humberto-gallego-gamboa\\\/#primaryimage\"},\"thumbnailUrl\":\"http:\\\/\\\/www.ucaldas.edu.co\\\/images\\\/orden_humberto.jpg\",\"articleSection\":[\"Actualidad\",\"Universidad al D\u00eda\"],\"inLanguage\":\"es\"},{\"@type\":\"WebPage\",\"@id\":\"https:\\\/\\\/www.ucaldas.edu.co\\\/portal\\\/jorge-vargas-gonima-recibio-la-orden-humberto-gallego-gamboa\\\/\",\"url\":\"https:\\\/\\\/www.ucaldas.edu.co\\\/portal\\\/jorge-vargas-gonima-recibio-la-orden-humberto-gallego-gamboa\\\/\",\"name\":\"Jorge Vargas G\u00f3nima recibi\u00f3 la Orden Humberto Gallego Gamboa .\",\"isPartOf\":{\"@id\":\"https:\\\/\\\/www.ucaldas.edu.co\\\/portal\\\/#website\"},\"primaryImageOfPage\":{\"@id\":\"https:\\\/\\\/www.ucaldas.edu.co\\\/portal\\\/jorge-vargas-gonima-recibio-la-orden-humberto-gallego-gamboa\\\/#primaryimage\"},\"image\":{\"@id\":\"https:\\\/\\\/www.ucaldas.edu.co\\\/portal\\\/jorge-vargas-gonima-recibio-la-orden-humberto-gallego-gamboa\\\/#primaryimage\"},\"thumbnailUrl\":\"http:\\\/\\\/www.ucaldas.edu.co\\\/images\\\/orden_humberto.jpg\",\"datePublished\":\"2009-11-30T15:48:36+00:00\",\"breadcrumb\":{\"@id\":\"https:\\\/\\\/www.ucaldas.edu.co\\\/portal\\\/jorge-vargas-gonima-recibio-la-orden-humberto-gallego-gamboa\\\/#breadcrumb\"},\"inLanguage\":\"es\",\"potentialAction\":[{\"@type\":\"ReadAction\",\"target\":[\"https:\\\/\\\/www.ucaldas.edu.co\\\/portal\\\/jorge-vargas-gonima-recibio-la-orden-humberto-gallego-gamboa\\\/\"]}]},{\"@type\":\"ImageObject\",\"inLanguage\":\"es\",\"@id\":\"https:\\\/\\\/www.ucaldas.edu.co\\\/portal\\\/jorge-vargas-gonima-recibio-la-orden-humberto-gallego-gamboa\\\/#primaryimage\",\"url\":\"http:\\\/\\\/www.ucaldas.edu.co\\\/images\\\/orden_humberto.jpg\",\"contentUrl\":\"http:\\\/\\\/www.ucaldas.edu.co\\\/images\\\/orden_humberto.jpg\"},{\"@type\":\"BreadcrumbList\",\"@id\":\"https:\\\/\\\/www.ucaldas.edu.co\\\/portal\\\/jorge-vargas-gonima-recibio-la-orden-humberto-gallego-gamboa\\\/#breadcrumb\",\"itemListElement\":[{\"@type\":\"ListItem\",\"position\":1,\"name\":\"Portada\",\"item\":\"https:\\\/\\\/www.ucaldas.edu.co\\\/portal\\\/\"},{\"@type\":\"ListItem\",\"position\":2,\"name\":\"Jorge Vargas G\u00f3nima recibi\u00f3 la Orden Humberto Gallego Gamboa\"}]},{\"@type\":\"WebSite\",\"@id\":\"https:\\\/\\\/www.ucaldas.edu.co\\\/portal\\\/#website\",\"url\":\"https:\\\/\\\/www.ucaldas.edu.co\\\/portal\\\/\",\"name\":\"Universidad de Caldas\",\"description\":\"\",\"publisher\":{\"@id\":\"https:\\\/\\\/www.ucaldas.edu.co\\\/portal\\\/#organization\"},\"alternateName\":\"U. de Caldas\",\"potentialAction\":[{\"@type\":\"SearchAction\",\"target\":{\"@type\":\"EntryPoint\",\"urlTemplate\":\"https:\\\/\\\/www.ucaldas.edu.co\\\/portal\\\/?s={search_term_string}\"},\"query-input\":{\"@type\":\"PropertyValueSpecification\",\"valueRequired\":true,\"valueName\":\"search_term_string\"}}],\"inLanguage\":\"es\"},{\"@type\":\"Organization\",\"@id\":\"https:\\\/\\\/www.ucaldas.edu.co\\\/portal\\\/#organization\",\"name\":\"Universidad de Caldas\",\"alternateName\":\"U. de Caldas\",\"url\":\"https:\\\/\\\/www.ucaldas.edu.co\\\/portal\\\/\",\"logo\":{\"@type\":\"ImageObject\",\"inLanguage\":\"es\",\"@id\":\"https:\\\/\\\/www.ucaldas.edu.co\\\/portal\\\/#\\\/schema\\\/logo\\\/image\\\/\",\"url\":\"https:\\\/\\\/www.ucaldas.edu.co\\\/portal\\\/wp-content\\\/uploads\\\/2023\\\/11\\\/Logo_horizontal_oscuroU-2023.png\",\"contentUrl\":\"https:\\\/\\\/www.ucaldas.edu.co\\\/portal\\\/wp-content\\\/uploads\\\/2023\\\/11\\\/Logo_horizontal_oscuroU-2023.png\",\"width\":263,\"height\":101,\"caption\":\"Universidad de Caldas\"},\"image\":{\"@id\":\"https:\\\/\\\/www.ucaldas.edu.co\\\/portal\\\/#\\\/schema\\\/logo\\\/image\\\/\"},\"sameAs\":[\"https:\\\/\\\/www.facebook.com\\\/udecaldas\",\"https:\\\/\\\/x.com\\\/udecaldas\",\"https:\\\/\\\/www.youtube.com\\\/universidadcaldas\",\"https:\\\/\\\/www.instagram.com\\\/udecaldas\\\/\"]},{\"@type\":\"Person\",\"@id\":\"https:\\\/\\\/www.ucaldas.edu.co\\\/portal\\\/#\\\/schema\\\/person\\\/a1b482e23449158b4bc319926c074fdf\",\"name\":\"ofiprensa\",\"image\":{\"@type\":\"ImageObject\",\"inLanguage\":\"es\",\"@id\":\"https:\\\/\\\/www.ucaldas.edu.co\\\/portal\\\/wp-content\\\/litespeed\\\/avatar\\\/09ea5085e600095a7a811142c6944527.jpg?ver=1777497608\",\"url\":\"https:\\\/\\\/www.ucaldas.edu.co\\\/portal\\\/wp-content\\\/litespeed\\\/avatar\\\/09ea5085e600095a7a811142c6944527.jpg?ver=1777497608\",\"contentUrl\":\"https:\\\/\\\/www.ucaldas.edu.co\\\/portal\\\/wp-content\\\/litespeed\\\/avatar\\\/09ea5085e600095a7a811142c6944527.jpg?ver=1777497608\",\"caption\":\"ofiprensa\"},\"url\":\"https:\\\/\\\/www.ucaldas.edu.co\\\/portal\\\/author\\\/ofiprensa\\\/\"}]}<\/script>\n<!-- \/ Yoast SEO plugin. -->","yoast_head_json":{"title":"Jorge Vargas G\u00f3nima recibi\u00f3 la Orden Humberto Gallego Gamboa .","robots":{"index":"index","follow":"follow","max-snippet":"max-snippet:-1","max-image-preview":"max-image-preview:large","max-video-preview":"max-video-preview:-1"},"canonical":"https:\/\/www.ucaldas.edu.co\/portal\/jorge-vargas-gonima-recibio-la-orden-humberto-gallego-gamboa\/","schema":{"@context":"https:\/\/schema.org","@graph":[{"@type":"Article","@id":"https:\/\/www.ucaldas.edu.co\/portal\/jorge-vargas-gonima-recibio-la-orden-humberto-gallego-gamboa\/#article","isPartOf":{"@id":"https:\/\/www.ucaldas.edu.co\/portal\/jorge-vargas-gonima-recibio-la-orden-humberto-gallego-gamboa\/"},"author":{"name":"ofiprensa","@id":"https:\/\/www.ucaldas.edu.co\/portal\/#\/schema\/person\/a1b482e23449158b4bc319926c074fdf"},"headline":"Jorge Vargas G\u00f3nima recibi\u00f3 la Orden Humberto Gallego Gamboa","datePublished":"2009-11-30T15:48:36+00:00","mainEntityOfPage":{"@id":"https:\/\/www.ucaldas.edu.co\/portal\/jorge-vargas-gonima-recibio-la-orden-humberto-gallego-gamboa\/"},"wordCount":255,"publisher":{"@id":"https:\/\/www.ucaldas.edu.co\/portal\/#organization"},"image":{"@id":"https:\/\/www.ucaldas.edu.co\/portal\/jorge-vargas-gonima-recibio-la-orden-humberto-gallego-gamboa\/#primaryimage"},"thumbnailUrl":"http:\/\/www.ucaldas.edu.co\/images\/orden_humberto.jpg","articleSection":["Actualidad","Universidad al D\u00eda"],"inLanguage":"es"},{"@type":"WebPage","@id":"https:\/\/www.ucaldas.edu.co\/portal\/jorge-vargas-gonima-recibio-la-orden-humberto-gallego-gamboa\/","url":"https:\/\/www.ucaldas.edu.co\/portal\/jorge-vargas-gonima-recibio-la-orden-humberto-gallego-gamboa\/","name":"Jorge Vargas G\u00f3nima recibi\u00f3 la Orden Humberto Gallego Gamboa .","isPartOf":{"@id":"https:\/\/www.ucaldas.edu.co\/portal\/#website"},"primaryImageOfPage":{"@id":"https:\/\/www.ucaldas.edu.co\/portal\/jorge-vargas-gonima-recibio-la-orden-humberto-gallego-gamboa\/#primaryimage"},"image":{"@id":"https:\/\/www.ucaldas.edu.co\/portal\/jorge-vargas-gonima-recibio-la-orden-humberto-gallego-gamboa\/#primaryimage"},"thumbnailUrl":"http:\/\/www.ucaldas.edu.co\/images\/orden_humberto.jpg","datePublished":"2009-11-30T15:48:36+00:00","breadcrumb":{"@id":"https:\/\/www.ucaldas.edu.co\/portal\/jorge-vargas-gonima-recibio-la-orden-humberto-gallego-gamboa\/#breadcrumb"},"inLanguage":"es","potentialAction":[{"@type":"ReadAction","target":["https:\/\/www.ucaldas.edu.co\/portal\/jorge-vargas-gonima-recibio-la-orden-humberto-gallego-gamboa\/"]}]},{"@type":"ImageObject","inLanguage":"es","@id":"https:\/\/www.ucaldas.edu.co\/portal\/jorge-vargas-gonima-recibio-la-orden-humberto-gallego-gamboa\/#primaryimage","url":"http:\/\/www.ucaldas.edu.co\/images\/orden_humberto.jpg","contentUrl":"http:\/\/www.ucaldas.edu.co\/images\/orden_humberto.jpg"},{"@type":"BreadcrumbList","@id":"https:\/\/www.ucaldas.edu.co\/portal\/jorge-vargas-gonima-recibio-la-orden-humberto-gallego-gamboa\/#breadcrumb","itemListElement":[{"@type":"ListItem","position":1,"name":"Portada","item":"https:\/\/www.ucaldas.edu.co\/portal\/"},{"@type":"ListItem","position":2,"name":"Jorge Vargas G\u00f3nima recibi\u00f3 la Orden Humberto Gallego Gamboa"}]},{"@type":"WebSite","@id":"https:\/\/www.ucaldas.edu.co\/portal\/#website","url":"https:\/\/www.ucaldas.edu.co\/portal\/","name":"Universidad de Caldas","description":"","publisher":{"@id":"https:\/\/www.ucaldas.edu.co\/portal\/#organization"},"alternateName":"U. de Caldas","potentialAction":[{"@type":"SearchAction","target":{"@type":"EntryPoint","urlTemplate":"https:\/\/www.ucaldas.edu.co\/portal\/?s={search_term_string}"},"query-input":{"@type":"PropertyValueSpecification","valueRequired":true,"valueName":"search_term_string"}}],"inLanguage":"es"},{"@type":"Organization","@id":"https:\/\/www.ucaldas.edu.co\/portal\/#organization","name":"Universidad de Caldas","alternateName":"U. de Caldas","url":"https:\/\/www.ucaldas.edu.co\/portal\/","logo":{"@type":"ImageObject","inLanguage":"es","@id":"https:\/\/www.ucaldas.edu.co\/portal\/#\/schema\/logo\/image\/","url":"https:\/\/www.ucaldas.edu.co\/portal\/wp-content\/uploads\/2023\/11\/Logo_horizontal_oscuroU-2023.png","contentUrl":"https:\/\/www.ucaldas.edu.co\/portal\/wp-content\/uploads\/2023\/11\/Logo_horizontal_oscuroU-2023.png","width":263,"height":101,"caption":"Universidad de Caldas"},"image":{"@id":"https:\/\/www.ucaldas.edu.co\/portal\/#\/schema\/logo\/image\/"},"sameAs":["https:\/\/www.facebook.com\/udecaldas","https:\/\/x.com\/udecaldas","https:\/\/www.youtube.com\/universidadcaldas","https:\/\/www.instagram.com\/udecaldas\/"]},{"@type":"Person","@id":"https:\/\/www.ucaldas.edu.co\/portal\/#\/schema\/person\/a1b482e23449158b4bc319926c074fdf","name":"ofiprensa","image":{"@type":"ImageObject","inLanguage":"es","@id":"https:\/\/www.ucaldas.edu.co\/portal\/wp-content\/litespeed\/avatar\/09ea5085e600095a7a811142c6944527.jpg?ver=1777497608","url":"https:\/\/www.ucaldas.edu.co\/portal\/wp-content\/litespeed\/avatar\/09ea5085e600095a7a811142c6944527.jpg?ver=1777497608","contentUrl":"https:\/\/www.ucaldas.edu.co\/portal\/wp-content\/litespeed\/avatar\/09ea5085e600095a7a811142c6944527.jpg?ver=1777497608","caption":"ofiprensa"},"url":"https:\/\/www.ucaldas.edu.co\/portal\/author\/ofiprensa\/"}]}},"_links":{"self":[{"href":"https:\/\/www.ucaldas.edu.co\/portal\/wp-json\/wp\/v2\/posts\/4377","targetHints":{"allow":["GET"]}}],"collection":[{"href":"https:\/\/www.ucaldas.edu.co\/portal\/wp-json\/wp\/v2\/posts"}],"about":[{"href":"https:\/\/www.ucaldas.edu.co\/portal\/wp-json\/wp\/v2\/types\/post"}],"author":[{"embeddable":true,"href":"https:\/\/www.ucaldas.edu.co\/portal\/wp-json\/wp\/v2\/users\/2"}],"replies":[{"embeddable":true,"href":"https:\/\/www.ucaldas.edu.co\/portal\/wp-json\/wp\/v2\/comments?post=4377"}],"version-history":[{"count":0,"href":"https:\/\/www.ucaldas.edu.co\/portal\/wp-json\/wp\/v2\/posts\/4377\/revisions"}],"wp:attachment":[{"href":"https:\/\/www.ucaldas.edu.co\/portal\/wp-json\/wp\/v2\/media?parent=4377"}],"wp:term":[{"taxonomy":"category","embeddable":true,"href":"https:\/\/www.ucaldas.edu.co\/portal\/wp-json\/wp\/v2\/categories?post=4377"},{"taxonomy":"post_tag","embeddable":true,"href":"https:\/\/www.ucaldas.edu.co\/portal\/wp-json\/wp\/v2\/tags?post=4377"}],"curies":[{"name":"wp","href":"https:\/\/api.w.org\/{rel}","templated":true}]}}