{"id":4360,"date":"2009-11-26T10:42:34","date_gmt":"2009-11-26T15:42:34","guid":{"rendered":"https:\/\/www.ucaldas.edu.co\/portal\/?p=4360"},"modified":"2009-11-26T10:42:34","modified_gmt":"2009-11-26T15:42:34","slug":"ampliado-plazo-de-inscripcion-para-la-maestria-en-ciencias-sociales","status":"publish","type":"post","link":"https:\/\/www.ucaldas.edu.co\/portal\/ampliado-plazo-de-inscripcion-para-la-maestria-en-ciencias-sociales\/","title":{"rendered":"Ampliado plazo de inscripci\u00f3n para la Maestr\u00eda en Ciencias Sociales"},"content":{"rendered":"<p>Hasta el 27 de Noviembre<\/p>\n<hr \/>\n<p align=\"center\">\n<p>&nbsp;<\/p>\n<p>Desde el pasado 19 de octubre y hasta el 31 de enero de 2010 est\u00e1n abiertas las inscripciones para la Maestr\u00eda\u00a0en Ciencias\u00a0Sociales\u00a0II\u00a0Cohorte, que es un programa de formaci\u00f3n\u00a0en\u00a0investigaci\u00f3n social, orientado a fundamentar epist\u00e9mico, te\u00f3rico y metodol\u00f3gicamente los procesos de identificaci\u00f3n, formulaci\u00f3n, ejecuci\u00f3n y evaluaci\u00f3n la producci\u00f3n de conocimiento de lo social.<\/p>\n<p>&nbsp;<\/p>\n<p>La modalidad de esta maestr\u00eda es presencial\u00a0en\u00a0sesiones los viernes cada 15 d\u00edas, s\u00e1bados y algunos domingos.<\/p>\n<p>&nbsp;<\/p>\n<p>Los requisitos son:<\/p>\n<p>&nbsp;<\/p>\n<ul>\n<li>Acreditar t\u00edtulo de pregrado de Universidad (nacional o extranjera)\u00a0en\u00a0programas debidamente reconocidos por el Estado Colombiano y relacionados con el \u00e1rea o programa ofrecido.<\/li>\n<li>Demostrar suficiencia lectora\u00a0en\u00a0lengua extranjera o prueba de conocimiento\u00a0en\u00a0ingl\u00e9s.<\/li>\n<li>Propuesta de investigaci\u00f3n de tres p\u00e1ginas m\u00e1ximo que contenga: t\u00edtulo, autor, descripci\u00f3n del problema\u00a0en t\u00e9rminos\u00a0sociales\u00a0y te\u00f3ricos, formulaci\u00f3n de una pregunta, un objetivo general y una v\u00eda metodol\u00f3gica. Adicionar bibliograf\u00eda citada.<\/li>\n<li>Entrevista.<\/li>\n<li>Comprobante de pago de inscripci\u00f3n.<\/li>\n<\/ul>\n<p>La inscripci\u00f3n tiene un costo del 30% de un salario m\u00ednimo legal vigente\u00a0\u00a0($150.000).<\/p>\n<p>Se debe consignar\u00a0en\u00a0el Cuenta de Ahorros 255533119 Bancaf\u00e9. C\u00f3digo G6EB001.<\/p>\n<p>&nbsp;<\/p>\n<p>La matr\u00edcula semestral tiene un costo de 5 salarios m\u00ednimos mensuales vigentes.<\/p>\n<p>&nbsp;<\/p>\n<p>Para mayor informaci\u00f3n comunicarse con la Facultad de\u00a0Ciencias\u00a0Jur\u00eddicas y\u00a0Sociales\u00a0de la Universidad de Caldas. Tel\u00e9fono 886 27 20. Ext. 22108.<\/p>\n","protected":false},"excerpt":{"rendered":"<p>Hasta el 27 de Noviembre &nbsp; Desde el pasado 19 de octubre y hasta el 31 de enero de 2010 est\u00e1n abiertas las inscripciones para la Maestr\u00eda\u00a0en Ciencias\u00a0Sociales\u00a0II\u00a0Cohorte, que es un programa de formaci\u00f3n\u00a0en\u00a0investigaci\u00f3n social, orientado a fundamentar epist\u00e9mico, te\u00f3rico y metodol\u00f3gicamente los procesos de identificaci\u00f3n, formulaci\u00f3n, ejecuci\u00f3n y evaluaci\u00f3n la producci\u00f3n de conocimiento de [&hellip;]<\/p>\n","protected":false},"author":2,"featured_media":0,"comment_status":"closed","ping_status":"closed","sticky":false,"template":"","format":"standard","meta":{"footnotes":""},"categories":[48,53],"tags":[],"class_list":["post-4360","post","type-post","status-publish","format-standard","hentry","category-actualidad","category-universidad-al-dia"],"yoast_head":"<!-- This site is optimized with the Yoast SEO plugin v27.5 - https:\/\/yoast.com\/product\/yoast-seo-wordpress\/ -->\n<title>Ampliado plazo de inscripci\u00f3n para la Maestr\u00eda en Ciencias Sociales .<\/title>\n<meta name=\"robots\" content=\"index, follow, max-snippet:-1, max-image-preview:large, max-video-preview:-1\" \/>\n<link rel=\"canonical\" href=\"https:\/\/www.ucaldas.edu.co\/portal\/ampliado-plazo-de-inscripcion-para-la-maestria-en-ciencias-sociales\/\" \/>\n<script type=\"application\/ld+json\" class=\"yoast-schema-graph\">{\"@context\":\"https:\\\/\\\/schema.org\",\"@graph\":[{\"@type\":\"Article\",\"@id\":\"https:\\\/\\\/www.ucaldas.edu.co\\\/portal\\\/ampliado-plazo-de-inscripcion-para-la-maestria-en-ciencias-sociales\\\/#article\",\"isPartOf\":{\"@id\":\"https:\\\/\\\/www.ucaldas.edu.co\\\/portal\\\/ampliado-plazo-de-inscripcion-para-la-maestria-en-ciencias-sociales\\\/\"},\"author\":{\"name\":\"ofiprensa\",\"@id\":\"https:\\\/\\\/www.ucaldas.edu.co\\\/portal\\\/#\\\/schema\\\/person\\\/a1b482e23449158b4bc319926c074fdf\"},\"headline\":\"Ampliado plazo de inscripci\u00f3n para la Maestr\u00eda en Ciencias Sociales\",\"datePublished\":\"2009-11-26T15:42:34+00:00\",\"mainEntityOfPage\":{\"@id\":\"https:\\\/\\\/www.ucaldas.edu.co\\\/portal\\\/ampliado-plazo-de-inscripcion-para-la-maestria-en-ciencias-sociales\\\/\"},\"wordCount\":263,\"publisher\":{\"@id\":\"https:\\\/\\\/www.ucaldas.edu.co\\\/portal\\\/#organization\"},\"articleSection\":[\"Actualidad\",\"Universidad al D\u00eda\"],\"inLanguage\":\"es\"},{\"@type\":\"WebPage\",\"@id\":\"https:\\\/\\\/www.ucaldas.edu.co\\\/portal\\\/ampliado-plazo-de-inscripcion-para-la-maestria-en-ciencias-sociales\\\/\",\"url\":\"https:\\\/\\\/www.ucaldas.edu.co\\\/portal\\\/ampliado-plazo-de-inscripcion-para-la-maestria-en-ciencias-sociales\\\/\",\"name\":\"Ampliado plazo de inscripci\u00f3n para la Maestr\u00eda en Ciencias Sociales .\",\"isPartOf\":{\"@id\":\"https:\\\/\\\/www.ucaldas.edu.co\\\/portal\\\/#website\"},\"datePublished\":\"2009-11-26T15:42:34+00:00\",\"breadcrumb\":{\"@id\":\"https:\\\/\\\/www.ucaldas.edu.co\\\/portal\\\/ampliado-plazo-de-inscripcion-para-la-maestria-en-ciencias-sociales\\\/#breadcrumb\"},\"inLanguage\":\"es\",\"potentialAction\":[{\"@type\":\"ReadAction\",\"target\":[\"https:\\\/\\\/www.ucaldas.edu.co\\\/portal\\\/ampliado-plazo-de-inscripcion-para-la-maestria-en-ciencias-sociales\\\/\"]}]},{\"@type\":\"BreadcrumbList\",\"@id\":\"https:\\\/\\\/www.ucaldas.edu.co\\\/portal\\\/ampliado-plazo-de-inscripcion-para-la-maestria-en-ciencias-sociales\\\/#breadcrumb\",\"itemListElement\":[{\"@type\":\"ListItem\",\"position\":1,\"name\":\"Portada\",\"item\":\"https:\\\/\\\/www.ucaldas.edu.co\\\/portal\\\/\"},{\"@type\":\"ListItem\",\"position\":2,\"name\":\"Ampliado plazo de inscripci\u00f3n para la Maestr\u00eda en Ciencias Sociales\"}]},{\"@type\":\"WebSite\",\"@id\":\"https:\\\/\\\/www.ucaldas.edu.co\\\/portal\\\/#website\",\"url\":\"https:\\\/\\\/www.ucaldas.edu.co\\\/portal\\\/\",\"name\":\"Universidad de Caldas\",\"description\":\"\",\"publisher\":{\"@id\":\"https:\\\/\\\/www.ucaldas.edu.co\\\/portal\\\/#organization\"},\"alternateName\":\"U. de Caldas\",\"potentialAction\":[{\"@type\":\"SearchAction\",\"target\":{\"@type\":\"EntryPoint\",\"urlTemplate\":\"https:\\\/\\\/www.ucaldas.edu.co\\\/portal\\\/?s={search_term_string}\"},\"query-input\":{\"@type\":\"PropertyValueSpecification\",\"valueRequired\":true,\"valueName\":\"search_term_string\"}}],\"inLanguage\":\"es\"},{\"@type\":\"Organization\",\"@id\":\"https:\\\/\\\/www.ucaldas.edu.co\\\/portal\\\/#organization\",\"name\":\"Universidad de Caldas\",\"alternateName\":\"U. de Caldas\",\"url\":\"https:\\\/\\\/www.ucaldas.edu.co\\\/portal\\\/\",\"logo\":{\"@type\":\"ImageObject\",\"inLanguage\":\"es\",\"@id\":\"https:\\\/\\\/www.ucaldas.edu.co\\\/portal\\\/#\\\/schema\\\/logo\\\/image\\\/\",\"url\":\"https:\\\/\\\/www.ucaldas.edu.co\\\/portal\\\/wp-content\\\/uploads\\\/2023\\\/11\\\/Logo_horizontal_oscuroU-2023.png\",\"contentUrl\":\"https:\\\/\\\/www.ucaldas.edu.co\\\/portal\\\/wp-content\\\/uploads\\\/2023\\\/11\\\/Logo_horizontal_oscuroU-2023.png\",\"width\":263,\"height\":101,\"caption\":\"Universidad de Caldas\"},\"image\":{\"@id\":\"https:\\\/\\\/www.ucaldas.edu.co\\\/portal\\\/#\\\/schema\\\/logo\\\/image\\\/\"},\"sameAs\":[\"https:\\\/\\\/www.facebook.com\\\/udecaldas\",\"https:\\\/\\\/x.com\\\/udecaldas\",\"https:\\\/\\\/www.youtube.com\\\/universidadcaldas\",\"https:\\\/\\\/www.instagram.com\\\/udecaldas\\\/\"]},{\"@type\":\"Person\",\"@id\":\"https:\\\/\\\/www.ucaldas.edu.co\\\/portal\\\/#\\\/schema\\\/person\\\/a1b482e23449158b4bc319926c074fdf\",\"name\":\"ofiprensa\",\"image\":{\"@type\":\"ImageObject\",\"inLanguage\":\"es\",\"@id\":\"https:\\\/\\\/www.ucaldas.edu.co\\\/portal\\\/wp-content\\\/litespeed\\\/avatar\\\/09ea5085e600095a7a811142c6944527.jpg?ver=1777497608\",\"url\":\"https:\\\/\\\/www.ucaldas.edu.co\\\/portal\\\/wp-content\\\/litespeed\\\/avatar\\\/09ea5085e600095a7a811142c6944527.jpg?ver=1777497608\",\"contentUrl\":\"https:\\\/\\\/www.ucaldas.edu.co\\\/portal\\\/wp-content\\\/litespeed\\\/avatar\\\/09ea5085e600095a7a811142c6944527.jpg?ver=1777497608\",\"caption\":\"ofiprensa\"},\"url\":\"https:\\\/\\\/www.ucaldas.edu.co\\\/portal\\\/author\\\/ofiprensa\\\/\"}]}<\/script>\n<!-- \/ Yoast SEO plugin. -->","yoast_head_json":{"title":"Ampliado plazo de inscripci\u00f3n para la Maestr\u00eda en Ciencias Sociales .","robots":{"index":"index","follow":"follow","max-snippet":"max-snippet:-1","max-image-preview":"max-image-preview:large","max-video-preview":"max-video-preview:-1"},"canonical":"https:\/\/www.ucaldas.edu.co\/portal\/ampliado-plazo-de-inscripcion-para-la-maestria-en-ciencias-sociales\/","schema":{"@context":"https:\/\/schema.org","@graph":[{"@type":"Article","@id":"https:\/\/www.ucaldas.edu.co\/portal\/ampliado-plazo-de-inscripcion-para-la-maestria-en-ciencias-sociales\/#article","isPartOf":{"@id":"https:\/\/www.ucaldas.edu.co\/portal\/ampliado-plazo-de-inscripcion-para-la-maestria-en-ciencias-sociales\/"},"author":{"name":"ofiprensa","@id":"https:\/\/www.ucaldas.edu.co\/portal\/#\/schema\/person\/a1b482e23449158b4bc319926c074fdf"},"headline":"Ampliado plazo de inscripci\u00f3n para la Maestr\u00eda en Ciencias Sociales","datePublished":"2009-11-26T15:42:34+00:00","mainEntityOfPage":{"@id":"https:\/\/www.ucaldas.edu.co\/portal\/ampliado-plazo-de-inscripcion-para-la-maestria-en-ciencias-sociales\/"},"wordCount":263,"publisher":{"@id":"https:\/\/www.ucaldas.edu.co\/portal\/#organization"},"articleSection":["Actualidad","Universidad al D\u00eda"],"inLanguage":"es"},{"@type":"WebPage","@id":"https:\/\/www.ucaldas.edu.co\/portal\/ampliado-plazo-de-inscripcion-para-la-maestria-en-ciencias-sociales\/","url":"https:\/\/www.ucaldas.edu.co\/portal\/ampliado-plazo-de-inscripcion-para-la-maestria-en-ciencias-sociales\/","name":"Ampliado plazo de inscripci\u00f3n para la Maestr\u00eda en Ciencias Sociales .","isPartOf":{"@id":"https:\/\/www.ucaldas.edu.co\/portal\/#website"},"datePublished":"2009-11-26T15:42:34+00:00","breadcrumb":{"@id":"https:\/\/www.ucaldas.edu.co\/portal\/ampliado-plazo-de-inscripcion-para-la-maestria-en-ciencias-sociales\/#breadcrumb"},"inLanguage":"es","potentialAction":[{"@type":"ReadAction","target":["https:\/\/www.ucaldas.edu.co\/portal\/ampliado-plazo-de-inscripcion-para-la-maestria-en-ciencias-sociales\/"]}]},{"@type":"BreadcrumbList","@id":"https:\/\/www.ucaldas.edu.co\/portal\/ampliado-plazo-de-inscripcion-para-la-maestria-en-ciencias-sociales\/#breadcrumb","itemListElement":[{"@type":"ListItem","position":1,"name":"Portada","item":"https:\/\/www.ucaldas.edu.co\/portal\/"},{"@type":"ListItem","position":2,"name":"Ampliado plazo de inscripci\u00f3n para la Maestr\u00eda en Ciencias Sociales"}]},{"@type":"WebSite","@id":"https:\/\/www.ucaldas.edu.co\/portal\/#website","url":"https:\/\/www.ucaldas.edu.co\/portal\/","name":"Universidad de Caldas","description":"","publisher":{"@id":"https:\/\/www.ucaldas.edu.co\/portal\/#organization"},"alternateName":"U. de Caldas","potentialAction":[{"@type":"SearchAction","target":{"@type":"EntryPoint","urlTemplate":"https:\/\/www.ucaldas.edu.co\/portal\/?s={search_term_string}"},"query-input":{"@type":"PropertyValueSpecification","valueRequired":true,"valueName":"search_term_string"}}],"inLanguage":"es"},{"@type":"Organization","@id":"https:\/\/www.ucaldas.edu.co\/portal\/#organization","name":"Universidad de Caldas","alternateName":"U. de Caldas","url":"https:\/\/www.ucaldas.edu.co\/portal\/","logo":{"@type":"ImageObject","inLanguage":"es","@id":"https:\/\/www.ucaldas.edu.co\/portal\/#\/schema\/logo\/image\/","url":"https:\/\/www.ucaldas.edu.co\/portal\/wp-content\/uploads\/2023\/11\/Logo_horizontal_oscuroU-2023.png","contentUrl":"https:\/\/www.ucaldas.edu.co\/portal\/wp-content\/uploads\/2023\/11\/Logo_horizontal_oscuroU-2023.png","width":263,"height":101,"caption":"Universidad de Caldas"},"image":{"@id":"https:\/\/www.ucaldas.edu.co\/portal\/#\/schema\/logo\/image\/"},"sameAs":["https:\/\/www.facebook.com\/udecaldas","https:\/\/x.com\/udecaldas","https:\/\/www.youtube.com\/universidadcaldas","https:\/\/www.instagram.com\/udecaldas\/"]},{"@type":"Person","@id":"https:\/\/www.ucaldas.edu.co\/portal\/#\/schema\/person\/a1b482e23449158b4bc319926c074fdf","name":"ofiprensa","image":{"@type":"ImageObject","inLanguage":"es","@id":"https:\/\/www.ucaldas.edu.co\/portal\/wp-content\/litespeed\/avatar\/09ea5085e600095a7a811142c6944527.jpg?ver=1777497608","url":"https:\/\/www.ucaldas.edu.co\/portal\/wp-content\/litespeed\/avatar\/09ea5085e600095a7a811142c6944527.jpg?ver=1777497608","contentUrl":"https:\/\/www.ucaldas.edu.co\/portal\/wp-content\/litespeed\/avatar\/09ea5085e600095a7a811142c6944527.jpg?ver=1777497608","caption":"ofiprensa"},"url":"https:\/\/www.ucaldas.edu.co\/portal\/author\/ofiprensa\/"}]}},"_links":{"self":[{"href":"https:\/\/www.ucaldas.edu.co\/portal\/wp-json\/wp\/v2\/posts\/4360","targetHints":{"allow":["GET"]}}],"collection":[{"href":"https:\/\/www.ucaldas.edu.co\/portal\/wp-json\/wp\/v2\/posts"}],"about":[{"href":"https:\/\/www.ucaldas.edu.co\/portal\/wp-json\/wp\/v2\/types\/post"}],"author":[{"embeddable":true,"href":"https:\/\/www.ucaldas.edu.co\/portal\/wp-json\/wp\/v2\/users\/2"}],"replies":[{"embeddable":true,"href":"https:\/\/www.ucaldas.edu.co\/portal\/wp-json\/wp\/v2\/comments?post=4360"}],"version-history":[{"count":0,"href":"https:\/\/www.ucaldas.edu.co\/portal\/wp-json\/wp\/v2\/posts\/4360\/revisions"}],"wp:attachment":[{"href":"https:\/\/www.ucaldas.edu.co\/portal\/wp-json\/wp\/v2\/media?parent=4360"}],"wp:term":[{"taxonomy":"category","embeddable":true,"href":"https:\/\/www.ucaldas.edu.co\/portal\/wp-json\/wp\/v2\/categories?post=4360"},{"taxonomy":"post_tag","embeddable":true,"href":"https:\/\/www.ucaldas.edu.co\/portal\/wp-json\/wp\/v2\/tags?post=4360"}],"curies":[{"name":"wp","href":"https:\/\/api.w.org\/{rel}","templated":true}]}}