{"id":43478,"date":"2018-10-08T22:29:12","date_gmt":"2018-10-08T22:29:12","guid":{"rendered":"https:\/\/www.ucaldas.edu.co\/portal\/?p=43478"},"modified":"2018-10-08T23:42:46","modified_gmt":"2018-10-08T23:42:46","slug":"programese-este-martes-con-el-festival-internacional-de-teatro-de-manizales-en-la-u-de-caldas","status":"publish","type":"post","link":"https:\/\/www.ucaldas.edu.co\/portal\/programese-este-martes-con-el-festival-internacional-de-teatro-de-manizales-en-la-u-de-caldas\/","title":{"rendered":"Progr\u00e1mese este martes con el Festival Internacional de Teatro de Manizales en la U. de Caldas"},"content":{"rendered":"<p style=\"text-align: center;\">CONOZCA LA AGENDA DE SALA, CALLE Y EVENTOS ESPECIALES<br \/>\n<strong>Progr\u00e1mese este martes con el Festival Internacional de Teatro de Manizales en la U. de Caldas <\/strong><\/p>\n<p style=\"text-align: right;\"><strong><br \/>\n<\/strong>8\/10\/2018<\/p>\n<p><strong><img loading=\"lazy\" decoding=\"async\" class=\"size-full wp-image-43482 aligncenter\" src=\"https:\/\/www.ucaldas.edu.co\/portal\/wp-content\/uploads\/2018\/10\/teatro.jpg\" alt=\"\" width=\"700\" height=\"466\" srcset=\"https:\/\/www.ucaldas.edu.co\/portal\/wp-content\/uploads\/2018\/10\/teatro.jpg 700w, https:\/\/www.ucaldas.edu.co\/portal\/wp-content\/uploads\/2018\/10\/teatro-300x200.jpg 300w\" sizes=\"auto, (max-width: 700px) 100vw, 700px\" \/>Conozca la agenda de obras de sala, de calle y eventos especiales del Festival Internacional de Teatro de Manizales<\/strong> para este martes 9 de octubre del 2018 <strong>en los distintos espacios de la Universidad de Caldas.<\/strong><\/p>\n<p><!--more--><\/p>\n<p><strong>Galp\u00f3n de Bellas Artes<\/strong><\/p>\n<p>Pa\u00eds: Argentina<\/p>\n<p>Obra: Jacinta en el umbral<\/p>\n<p>Duraci\u00f3n: 65 minutos<\/p>\n<p>Funciones: 7:00 p.m. y 11:00 p.m.<\/p>\n<p>&nbsp;<\/p>\n<p><strong>Facultad de Ciencias Agropecuarias <\/strong><\/p>\n<p>Pa\u00eds: Francia<\/p>\n<p>Obra: Sopa Loca<\/p>\n<p>Hora: 11:00 a.m.<\/p>\n<p>&nbsp;<\/p>\n<p><strong>Teatro 8 de Junio<\/strong><\/p>\n<p>Seminario Central<\/p>\n<p>\u00abEl festival de Manizales y el teatro iberoamericano: una historia para ser contada\u00bb<\/p>\n<p>Hora: de 9:00 a. m. a \u00a01:00 p. m.<\/p>\n<p>&nbsp;<\/p>\n<p><strong>Sal\u00f3n de Dise\u00f1o\u00a0 U101\u00a0 Edificio Bicentenario <\/strong><\/p>\n<p>Taller de vestuario con Mariela Gotuzzo<\/p>\n<p>Hora: de 9:00 a. m. a\u00a0 1:00 p. m.<\/p>\n<p>&nbsp;<\/p>\n<p>El Festival Internacional de Teatro de Manizales trae en su programaci\u00f3n una amplia gama de eventos que buscan complacer a todo tipo de p\u00fablico. Obras, formaci\u00f3n en temas culturales y hasta espacios acad\u00e9micos tendr\u00e1n lugar en esta versi\u00f3n que celebra medio siglo de vida.<\/p>\n<p>&nbsp;<\/p>\n<p>Se presentar\u00e1n obras de teatro en el Galp\u00f3n de la Sede de Bellas Artes, en espacios\u00a0 no convencionales de la Sede central y en todas las sedes se llevar\u00e1n a cabo eventos acad\u00e9micos<\/p>\n<p>&nbsp;<\/p>\n<p><a href=\"https:\/\/www.ucaldas.edu.co\/portal\/wp-content\/uploads\/2018\/10\/Prog_SALAS_Fit2018_L-DEFINITIVA-25.09.pdf\">Conozca la programaci\u00f3n de sala del Festival Internacional de Teatro de Manizales<\/a><\/p>\n<p>&nbsp;<\/p>\n<p><a href=\"https:\/\/www.ucaldas.edu.co\/portal\/wp-content\/uploads\/2018\/10\/Prog_CALLE_Fit2018-24-sep..pdf\">Conozca la programaci\u00f3n de calle del Festival Internacional de Teatro de Manizales<\/a><\/p>\n<p>&nbsp;<\/p>\n<p><a href=\"https:\/\/www.ucaldas.edu.co\/portal\/wp-content\/uploads\/2018\/10\/Prog_Eventos_Fit2018.pdf\">Conozca la programaci\u00f3n de eventos especiales del Festival Internacional de Teatro de Manizales<\/a><\/p>\n<p>&nbsp;<\/p>\n<p><strong>Informes: <\/strong>Oficina de Comunicaciones y Prensa Universidad de Caldas. Tel\u00e9fono: 8781500 extensi\u00f3n: 12167<\/p>\n<p><strong>Edici\u00f3n: <\/strong>Margarita Laverde<\/p>\n<p>&nbsp;<\/p>\n","protected":false},"excerpt":{"rendered":"<p>CONOZCA LA AGENDA DE SALA, CALLE Y EVENTOS ESPECIALES Progr\u00e1mese este martes con el Festival Internacional de Teatro de Manizales en la U. de Caldas 8\/10\/2018 Conozca la agenda de obras de sala, de calle y eventos especiales del Festival Internacional de Teatro de Manizales para este martes 9 de octubre del 2018 en los [&hellip;]<\/p>\n","protected":false},"author":2,"featured_media":43482,"comment_status":"closed","ping_status":"open","sticky":false,"template":"","format":"standard","meta":{"footnotes":""},"categories":[48,53,664],"tags":[63,99,1128,2274],"class_list":["post-43478","post","type-post","status-publish","format-standard","has-post-thumbnail","hentry","category-actualidad","category-universidad-al-dia","category-ucaldas-cultural","tag-participe","tag-cultural","tag-programacion","tag-festival-internacional-de-teatro-de-manizales"],"yoast_head":"<!-- This site is optimized with the Yoast SEO plugin v27.5 - https:\/\/yoast.com\/product\/yoast-seo-wordpress\/ -->\n<title>Progr\u00e1mese este martes con el Festival Internacional de Teatro de Manizales en la U. de Caldas .<\/title>\n<meta name=\"robots\" content=\"index, follow, max-snippet:-1, max-image-preview:large, max-video-preview:-1\" \/>\n<link rel=\"canonical\" href=\"https:\/\/www.ucaldas.edu.co\/portal\/programese-este-martes-con-el-festival-internacional-de-teatro-de-manizales-en-la-u-de-caldas\/\" \/>\n<script type=\"application\/ld+json\" class=\"yoast-schema-graph\">{\"@context\":\"https:\\\/\\\/schema.org\",\"@graph\":[{\"@type\":\"Article\",\"@id\":\"https:\\\/\\\/www.ucaldas.edu.co\\\/portal\\\/programese-este-martes-con-el-festival-internacional-de-teatro-de-manizales-en-la-u-de-caldas\\\/#article\",\"isPartOf\":{\"@id\":\"https:\\\/\\\/www.ucaldas.edu.co\\\/portal\\\/programese-este-martes-con-el-festival-internacional-de-teatro-de-manizales-en-la-u-de-caldas\\\/\"},\"author\":{\"name\":\"ofiprensa\",\"@id\":\"https:\\\/\\\/www.ucaldas.edu.co\\\/portal\\\/#\\\/schema\\\/person\\\/a1b482e23449158b4bc319926c074fdf\"},\"headline\":\"Progr\u00e1mese este martes con el Festival Internacional de Teatro de Manizales en la U. de Caldas\",\"datePublished\":\"2018-10-08T22:29:12+00:00\",\"dateModified\":\"2018-10-08T23:42:46+00:00\",\"mainEntityOfPage\":{\"@id\":\"https:\\\/\\\/www.ucaldas.edu.co\\\/portal\\\/programese-este-martes-con-el-festival-internacional-de-teatro-de-manizales-en-la-u-de-caldas\\\/\"},\"wordCount\":312,\"publisher\":{\"@id\":\"https:\\\/\\\/www.ucaldas.edu.co\\\/portal\\\/#organization\"},\"image\":{\"@id\":\"https:\\\/\\\/www.ucaldas.edu.co\\\/portal\\\/programese-este-martes-con-el-festival-internacional-de-teatro-de-manizales-en-la-u-de-caldas\\\/#primaryimage\"},\"thumbnailUrl\":\"https:\\\/\\\/www.ucaldas.edu.co\\\/portal\\\/wp-content\\\/uploads\\\/2018\\\/10\\\/teatro.jpg\",\"keywords\":[\"Participe\",\"Cultural\",\"programaci\u00f3n\",\"Festival Internacional de Teatro de Manizales\"],\"articleSection\":[\"Actualidad\",\"Universidad al D\u00eda\",\"UCaldas Cultural\"],\"inLanguage\":\"es\"},{\"@type\":\"WebPage\",\"@id\":\"https:\\\/\\\/www.ucaldas.edu.co\\\/portal\\\/programese-este-martes-con-el-festival-internacional-de-teatro-de-manizales-en-la-u-de-caldas\\\/\",\"url\":\"https:\\\/\\\/www.ucaldas.edu.co\\\/portal\\\/programese-este-martes-con-el-festival-internacional-de-teatro-de-manizales-en-la-u-de-caldas\\\/\",\"name\":\"Progr\u00e1mese este martes con el Festival Internacional de Teatro de Manizales en la U. de Caldas .\",\"isPartOf\":{\"@id\":\"https:\\\/\\\/www.ucaldas.edu.co\\\/portal\\\/#website\"},\"primaryImageOfPage\":{\"@id\":\"https:\\\/\\\/www.ucaldas.edu.co\\\/portal\\\/programese-este-martes-con-el-festival-internacional-de-teatro-de-manizales-en-la-u-de-caldas\\\/#primaryimage\"},\"image\":{\"@id\":\"https:\\\/\\\/www.ucaldas.edu.co\\\/portal\\\/programese-este-martes-con-el-festival-internacional-de-teatro-de-manizales-en-la-u-de-caldas\\\/#primaryimage\"},\"thumbnailUrl\":\"https:\\\/\\\/www.ucaldas.edu.co\\\/portal\\\/wp-content\\\/uploads\\\/2018\\\/10\\\/teatro.jpg\",\"datePublished\":\"2018-10-08T22:29:12+00:00\",\"dateModified\":\"2018-10-08T23:42:46+00:00\",\"breadcrumb\":{\"@id\":\"https:\\\/\\\/www.ucaldas.edu.co\\\/portal\\\/programese-este-martes-con-el-festival-internacional-de-teatro-de-manizales-en-la-u-de-caldas\\\/#breadcrumb\"},\"inLanguage\":\"es\",\"potentialAction\":[{\"@type\":\"ReadAction\",\"target\":[\"https:\\\/\\\/www.ucaldas.edu.co\\\/portal\\\/programese-este-martes-con-el-festival-internacional-de-teatro-de-manizales-en-la-u-de-caldas\\\/\"]}]},{\"@type\":\"ImageObject\",\"inLanguage\":\"es\",\"@id\":\"https:\\\/\\\/www.ucaldas.edu.co\\\/portal\\\/programese-este-martes-con-el-festival-internacional-de-teatro-de-manizales-en-la-u-de-caldas\\\/#primaryimage\",\"url\":\"https:\\\/\\\/www.ucaldas.edu.co\\\/portal\\\/wp-content\\\/uploads\\\/2018\\\/10\\\/teatro.jpg\",\"contentUrl\":\"https:\\\/\\\/www.ucaldas.edu.co\\\/portal\\\/wp-content\\\/uploads\\\/2018\\\/10\\\/teatro.jpg\",\"width\":700,\"height\":466},{\"@type\":\"BreadcrumbList\",\"@id\":\"https:\\\/\\\/www.ucaldas.edu.co\\\/portal\\\/programese-este-martes-con-el-festival-internacional-de-teatro-de-manizales-en-la-u-de-caldas\\\/#breadcrumb\",\"itemListElement\":[{\"@type\":\"ListItem\",\"position\":1,\"name\":\"Portada\",\"item\":\"https:\\\/\\\/www.ucaldas.edu.co\\\/portal\\\/\"},{\"@type\":\"ListItem\",\"position\":2,\"name\":\"Progr\u00e1mese este martes con el Festival Internacional de Teatro de Manizales en la U. de Caldas\"}]},{\"@type\":\"WebSite\",\"@id\":\"https:\\\/\\\/www.ucaldas.edu.co\\\/portal\\\/#website\",\"url\":\"https:\\\/\\\/www.ucaldas.edu.co\\\/portal\\\/\",\"name\":\"Universidad de Caldas\",\"description\":\"\",\"publisher\":{\"@id\":\"https:\\\/\\\/www.ucaldas.edu.co\\\/portal\\\/#organization\"},\"alternateName\":\"U. de Caldas\",\"potentialAction\":[{\"@type\":\"SearchAction\",\"target\":{\"@type\":\"EntryPoint\",\"urlTemplate\":\"https:\\\/\\\/www.ucaldas.edu.co\\\/portal\\\/?s={search_term_string}\"},\"query-input\":{\"@type\":\"PropertyValueSpecification\",\"valueRequired\":true,\"valueName\":\"search_term_string\"}}],\"inLanguage\":\"es\"},{\"@type\":\"Organization\",\"@id\":\"https:\\\/\\\/www.ucaldas.edu.co\\\/portal\\\/#organization\",\"name\":\"Universidad de Caldas\",\"alternateName\":\"U. de Caldas\",\"url\":\"https:\\\/\\\/www.ucaldas.edu.co\\\/portal\\\/\",\"logo\":{\"@type\":\"ImageObject\",\"inLanguage\":\"es\",\"@id\":\"https:\\\/\\\/www.ucaldas.edu.co\\\/portal\\\/#\\\/schema\\\/logo\\\/image\\\/\",\"url\":\"https:\\\/\\\/www.ucaldas.edu.co\\\/portal\\\/wp-content\\\/uploads\\\/2023\\\/11\\\/Logo_horizontal_oscuroU-2023.png\",\"contentUrl\":\"https:\\\/\\\/www.ucaldas.edu.co\\\/portal\\\/wp-content\\\/uploads\\\/2023\\\/11\\\/Logo_horizontal_oscuroU-2023.png\",\"width\":263,\"height\":101,\"caption\":\"Universidad de Caldas\"},\"image\":{\"@id\":\"https:\\\/\\\/www.ucaldas.edu.co\\\/portal\\\/#\\\/schema\\\/logo\\\/image\\\/\"},\"sameAs\":[\"https:\\\/\\\/www.facebook.com\\\/udecaldas\",\"https:\\\/\\\/x.com\\\/udecaldas\",\"https:\\\/\\\/www.youtube.com\\\/universidadcaldas\",\"https:\\\/\\\/www.instagram.com\\\/udecaldas\\\/\"]},{\"@type\":\"Person\",\"@id\":\"https:\\\/\\\/www.ucaldas.edu.co\\\/portal\\\/#\\\/schema\\\/person\\\/a1b482e23449158b4bc319926c074fdf\",\"name\":\"ofiprensa\",\"image\":{\"@type\":\"ImageObject\",\"inLanguage\":\"es\",\"@id\":\"https:\\\/\\\/www.ucaldas.edu.co\\\/portal\\\/wp-content\\\/litespeed\\\/avatar\\\/09ea5085e600095a7a811142c6944527.jpg?ver=1777497608\",\"url\":\"https:\\\/\\\/www.ucaldas.edu.co\\\/portal\\\/wp-content\\\/litespeed\\\/avatar\\\/09ea5085e600095a7a811142c6944527.jpg?ver=1777497608\",\"contentUrl\":\"https:\\\/\\\/www.ucaldas.edu.co\\\/portal\\\/wp-content\\\/litespeed\\\/avatar\\\/09ea5085e600095a7a811142c6944527.jpg?ver=1777497608\",\"caption\":\"ofiprensa\"},\"url\":\"https:\\\/\\\/www.ucaldas.edu.co\\\/portal\\\/author\\\/ofiprensa\\\/\"}]}<\/script>\n<!-- \/ Yoast SEO plugin. -->","yoast_head_json":{"title":"Progr\u00e1mese este martes con el Festival Internacional de Teatro de Manizales en la U. de Caldas .","robots":{"index":"index","follow":"follow","max-snippet":"max-snippet:-1","max-image-preview":"max-image-preview:large","max-video-preview":"max-video-preview:-1"},"canonical":"https:\/\/www.ucaldas.edu.co\/portal\/programese-este-martes-con-el-festival-internacional-de-teatro-de-manizales-en-la-u-de-caldas\/","schema":{"@context":"https:\/\/schema.org","@graph":[{"@type":"Article","@id":"https:\/\/www.ucaldas.edu.co\/portal\/programese-este-martes-con-el-festival-internacional-de-teatro-de-manizales-en-la-u-de-caldas\/#article","isPartOf":{"@id":"https:\/\/www.ucaldas.edu.co\/portal\/programese-este-martes-con-el-festival-internacional-de-teatro-de-manizales-en-la-u-de-caldas\/"},"author":{"name":"ofiprensa","@id":"https:\/\/www.ucaldas.edu.co\/portal\/#\/schema\/person\/a1b482e23449158b4bc319926c074fdf"},"headline":"Progr\u00e1mese este martes con el Festival Internacional de Teatro de Manizales en la U. de Caldas","datePublished":"2018-10-08T22:29:12+00:00","dateModified":"2018-10-08T23:42:46+00:00","mainEntityOfPage":{"@id":"https:\/\/www.ucaldas.edu.co\/portal\/programese-este-martes-con-el-festival-internacional-de-teatro-de-manizales-en-la-u-de-caldas\/"},"wordCount":312,"publisher":{"@id":"https:\/\/www.ucaldas.edu.co\/portal\/#organization"},"image":{"@id":"https:\/\/www.ucaldas.edu.co\/portal\/programese-este-martes-con-el-festival-internacional-de-teatro-de-manizales-en-la-u-de-caldas\/#primaryimage"},"thumbnailUrl":"https:\/\/www.ucaldas.edu.co\/portal\/wp-content\/uploads\/2018\/10\/teatro.jpg","keywords":["Participe","Cultural","programaci\u00f3n","Festival Internacional de Teatro de Manizales"],"articleSection":["Actualidad","Universidad al D\u00eda","UCaldas Cultural"],"inLanguage":"es"},{"@type":"WebPage","@id":"https:\/\/www.ucaldas.edu.co\/portal\/programese-este-martes-con-el-festival-internacional-de-teatro-de-manizales-en-la-u-de-caldas\/","url":"https:\/\/www.ucaldas.edu.co\/portal\/programese-este-martes-con-el-festival-internacional-de-teatro-de-manizales-en-la-u-de-caldas\/","name":"Progr\u00e1mese este martes con el Festival Internacional de Teatro de Manizales en la U. de Caldas .","isPartOf":{"@id":"https:\/\/www.ucaldas.edu.co\/portal\/#website"},"primaryImageOfPage":{"@id":"https:\/\/www.ucaldas.edu.co\/portal\/programese-este-martes-con-el-festival-internacional-de-teatro-de-manizales-en-la-u-de-caldas\/#primaryimage"},"image":{"@id":"https:\/\/www.ucaldas.edu.co\/portal\/programese-este-martes-con-el-festival-internacional-de-teatro-de-manizales-en-la-u-de-caldas\/#primaryimage"},"thumbnailUrl":"https:\/\/www.ucaldas.edu.co\/portal\/wp-content\/uploads\/2018\/10\/teatro.jpg","datePublished":"2018-10-08T22:29:12+00:00","dateModified":"2018-10-08T23:42:46+00:00","breadcrumb":{"@id":"https:\/\/www.ucaldas.edu.co\/portal\/programese-este-martes-con-el-festival-internacional-de-teatro-de-manizales-en-la-u-de-caldas\/#breadcrumb"},"inLanguage":"es","potentialAction":[{"@type":"ReadAction","target":["https:\/\/www.ucaldas.edu.co\/portal\/programese-este-martes-con-el-festival-internacional-de-teatro-de-manizales-en-la-u-de-caldas\/"]}]},{"@type":"ImageObject","inLanguage":"es","@id":"https:\/\/www.ucaldas.edu.co\/portal\/programese-este-martes-con-el-festival-internacional-de-teatro-de-manizales-en-la-u-de-caldas\/#primaryimage","url":"https:\/\/www.ucaldas.edu.co\/portal\/wp-content\/uploads\/2018\/10\/teatro.jpg","contentUrl":"https:\/\/www.ucaldas.edu.co\/portal\/wp-content\/uploads\/2018\/10\/teatro.jpg","width":700,"height":466},{"@type":"BreadcrumbList","@id":"https:\/\/www.ucaldas.edu.co\/portal\/programese-este-martes-con-el-festival-internacional-de-teatro-de-manizales-en-la-u-de-caldas\/#breadcrumb","itemListElement":[{"@type":"ListItem","position":1,"name":"Portada","item":"https:\/\/www.ucaldas.edu.co\/portal\/"},{"@type":"ListItem","position":2,"name":"Progr\u00e1mese este martes con el Festival Internacional de Teatro de Manizales en la U. de Caldas"}]},{"@type":"WebSite","@id":"https:\/\/www.ucaldas.edu.co\/portal\/#website","url":"https:\/\/www.ucaldas.edu.co\/portal\/","name":"Universidad de Caldas","description":"","publisher":{"@id":"https:\/\/www.ucaldas.edu.co\/portal\/#organization"},"alternateName":"U. de Caldas","potentialAction":[{"@type":"SearchAction","target":{"@type":"EntryPoint","urlTemplate":"https:\/\/www.ucaldas.edu.co\/portal\/?s={search_term_string}"},"query-input":{"@type":"PropertyValueSpecification","valueRequired":true,"valueName":"search_term_string"}}],"inLanguage":"es"},{"@type":"Organization","@id":"https:\/\/www.ucaldas.edu.co\/portal\/#organization","name":"Universidad de Caldas","alternateName":"U. de Caldas","url":"https:\/\/www.ucaldas.edu.co\/portal\/","logo":{"@type":"ImageObject","inLanguage":"es","@id":"https:\/\/www.ucaldas.edu.co\/portal\/#\/schema\/logo\/image\/","url":"https:\/\/www.ucaldas.edu.co\/portal\/wp-content\/uploads\/2023\/11\/Logo_horizontal_oscuroU-2023.png","contentUrl":"https:\/\/www.ucaldas.edu.co\/portal\/wp-content\/uploads\/2023\/11\/Logo_horizontal_oscuroU-2023.png","width":263,"height":101,"caption":"Universidad de Caldas"},"image":{"@id":"https:\/\/www.ucaldas.edu.co\/portal\/#\/schema\/logo\/image\/"},"sameAs":["https:\/\/www.facebook.com\/udecaldas","https:\/\/x.com\/udecaldas","https:\/\/www.youtube.com\/universidadcaldas","https:\/\/www.instagram.com\/udecaldas\/"]},{"@type":"Person","@id":"https:\/\/www.ucaldas.edu.co\/portal\/#\/schema\/person\/a1b482e23449158b4bc319926c074fdf","name":"ofiprensa","image":{"@type":"ImageObject","inLanguage":"es","@id":"https:\/\/www.ucaldas.edu.co\/portal\/wp-content\/litespeed\/avatar\/09ea5085e600095a7a811142c6944527.jpg?ver=1777497608","url":"https:\/\/www.ucaldas.edu.co\/portal\/wp-content\/litespeed\/avatar\/09ea5085e600095a7a811142c6944527.jpg?ver=1777497608","contentUrl":"https:\/\/www.ucaldas.edu.co\/portal\/wp-content\/litespeed\/avatar\/09ea5085e600095a7a811142c6944527.jpg?ver=1777497608","caption":"ofiprensa"},"url":"https:\/\/www.ucaldas.edu.co\/portal\/author\/ofiprensa\/"}]}},"_links":{"self":[{"href":"https:\/\/www.ucaldas.edu.co\/portal\/wp-json\/wp\/v2\/posts\/43478","targetHints":{"allow":["GET"]}}],"collection":[{"href":"https:\/\/www.ucaldas.edu.co\/portal\/wp-json\/wp\/v2\/posts"}],"about":[{"href":"https:\/\/www.ucaldas.edu.co\/portal\/wp-json\/wp\/v2\/types\/post"}],"author":[{"embeddable":true,"href":"https:\/\/www.ucaldas.edu.co\/portal\/wp-json\/wp\/v2\/users\/2"}],"replies":[{"embeddable":true,"href":"https:\/\/www.ucaldas.edu.co\/portal\/wp-json\/wp\/v2\/comments?post=43478"}],"version-history":[{"count":0,"href":"https:\/\/www.ucaldas.edu.co\/portal\/wp-json\/wp\/v2\/posts\/43478\/revisions"}],"wp:featuredmedia":[{"embeddable":true,"href":"https:\/\/www.ucaldas.edu.co\/portal\/wp-json\/wp\/v2\/media\/43482"}],"wp:attachment":[{"href":"https:\/\/www.ucaldas.edu.co\/portal\/wp-json\/wp\/v2\/media?parent=43478"}],"wp:term":[{"taxonomy":"category","embeddable":true,"href":"https:\/\/www.ucaldas.edu.co\/portal\/wp-json\/wp\/v2\/categories?post=43478"},{"taxonomy":"post_tag","embeddable":true,"href":"https:\/\/www.ucaldas.edu.co\/portal\/wp-json\/wp\/v2\/tags?post=43478"}],"curies":[{"name":"wp","href":"https:\/\/api.w.org\/{rel}","templated":true}]}}