{"id":43469,"date":"2018-10-08T22:26:25","date_gmt":"2018-10-08T22:26:25","guid":{"rendered":"https:\/\/www.ucaldas.edu.co\/portal\/?p=43469"},"modified":"2018-10-08T22:26:25","modified_gmt":"2018-10-08T22:26:25","slug":"profesores-u-de-caldas-obtuvieron-primer-puesto-en-xx-congreso-de-anatomia-del-cono-sur","status":"publish","type":"post","link":"https:\/\/www.ucaldas.edu.co\/portal\/profesores-u-de-caldas-obtuvieron-primer-puesto-en-xx-congreso-de-anatomia-del-cono-sur\/","title":{"rendered":"Profesores U. de Caldas obtuvieron primer puesto en XX Congreso de Anatom\u00eda del Cono Sur"},"content":{"rendered":"<p style=\"text-align: center;\">SE TRATA DE JORGE EDUARDO DUQUE PARRA Y JOHN BARCO R\u00cdOS<br \/>\n<strong>Profesores U. de Caldas obtuvieron primer puesto en XX Congreso de Anatom\u00eda del Cono Sur<\/strong><\/p>\n<p style=\"text-align: right;\"><strong><br \/>\n<\/strong>8\/10\/2018<\/p>\n<p><img loading=\"lazy\" decoding=\"async\" class=\"alignnone size-full wp-image-43470 aligncenter\" src=\"https:\/\/www.ucaldas.edu.co\/portal\/wp-content\/uploads\/2018\/10\/congresoanatomia-compressor.jpg\" alt=\"\" width=\"700\" height=\"401\" srcset=\"https:\/\/www.ucaldas.edu.co\/portal\/wp-content\/uploads\/2018\/10\/congresoanatomia-compressor.jpg 700w, https:\/\/www.ucaldas.edu.co\/portal\/wp-content\/uploads\/2018\/10\/congresoanatomia-compressor-300x172.jpg 300w\" sizes=\"auto, (max-width: 700px) 100vw, 700px\" \/>Jorge Eduardo Duque Parra<strong>, profesor del Departamento de Ciencias B\u00e1sicas de la Universidad de Caldas, obtuvo el primer puesto en el XX Congreso de Anatom\u00eda del Cono Sur celebrado en la ciudad de Puc\u00f3n en Chile<\/strong>, con la presentaci\u00f3n de un trabajo de <em>Anatom\u00eda Humana sobre el foramen venoso, elemento de la constituci\u00f3n corporal de gran importancia en el campo cl\u00ednico.<\/em><\/p>\n<p><!--more--><\/p>\n<p>De este logro tambi\u00e9n participan el exalumno del programa de Medicina de la Universidad de Caldas, Roby Esneyder Franco G\u00f3mez; el profesor del Departamento de Ciencias B\u00e1sicas, John Barco R\u00edos, y la profesora de la Universidad de Boyac\u00e1, Marta In\u00e9s Bernal.<\/p>\n<p>&nbsp;<\/p>\n<p><a href=\"https:\/\/www.ucaldas.edu.co\/portal\/profesor-u-de-caldas-fue-nombrado-miembro-correspondiente-por-la-sociedad-brasilera-de-anatomia-2018\/\">Recientemente Duque Parra\u00a0\u00a0 fue nombrado miembro correspondiente por la Sociedad Brasilera de Anatom\u00eda 2018 (ver nota).<\/a><\/p>\n<p>&nbsp;<\/p>\n<p><strong>Informes: <\/strong>Oficina de Comunicaciones y Prensa Universidad de Caldas. Tel\u00e9fono: 8781500 extensi\u00f3n: 12167<\/p>\n<p><strong>Redacci\u00f3n: <\/strong>Margarita Laverde<\/p>\n<p>&nbsp;<\/p>\n","protected":false},"excerpt":{"rendered":"<p>SE TRATA DE JORGE EDUARDO DUQUE PARRA Y JOHN BARCO R\u00cdOS Profesores U. de Caldas obtuvieron primer puesto en XX Congreso de Anatom\u00eda del Cono Sur 8\/10\/2018 Jorge Eduardo Duque Parra, profesor del Departamento de Ciencias B\u00e1sicas de la Universidad de Caldas, obtuvo el primer puesto en el XX Congreso de Anatom\u00eda del Cono Sur [&hellip;]<\/p>\n","protected":false},"author":2,"featured_media":43470,"comment_status":"closed","ping_status":"open","sticky":false,"template":"","format":"standard","meta":{"footnotes":""},"categories":[48,53,614],"tags":[55,81,129,171],"class_list":["post-43469","post","type-post","status-publish","format-standard","has-post-thumbnail","hentry","category-actualidad","category-universidad-al-dia","category-ucaldas-internacional","tag-academia","tag-premio","tag-reconocimiento","tag-congreso"],"yoast_head":"<!-- This site is optimized with the Yoast SEO plugin v27.5 - https:\/\/yoast.com\/product\/yoast-seo-wordpress\/ -->\n<title>Profesores U. de Caldas obtuvieron primer puesto en XX Congreso de Anatom\u00eda del Cono Sur .<\/title>\n<meta name=\"robots\" content=\"index, follow, max-snippet:-1, max-image-preview:large, max-video-preview:-1\" \/>\n<link rel=\"canonical\" href=\"https:\/\/www.ucaldas.edu.co\/portal\/profesores-u-de-caldas-obtuvieron-primer-puesto-en-xx-congreso-de-anatomia-del-cono-sur\/\" \/>\n<script type=\"application\/ld+json\" class=\"yoast-schema-graph\">{\"@context\":\"https:\\\/\\\/schema.org\",\"@graph\":[{\"@type\":\"Article\",\"@id\":\"https:\\\/\\\/www.ucaldas.edu.co\\\/portal\\\/profesores-u-de-caldas-obtuvieron-primer-puesto-en-xx-congreso-de-anatomia-del-cono-sur\\\/#article\",\"isPartOf\":{\"@id\":\"https:\\\/\\\/www.ucaldas.edu.co\\\/portal\\\/profesores-u-de-caldas-obtuvieron-primer-puesto-en-xx-congreso-de-anatomia-del-cono-sur\\\/\"},\"author\":{\"name\":\"ofiprensa\",\"@id\":\"https:\\\/\\\/www.ucaldas.edu.co\\\/portal\\\/#\\\/schema\\\/person\\\/a1b482e23449158b4bc319926c074fdf\"},\"headline\":\"Profesores U. de Caldas obtuvieron primer puesto en XX Congreso de Anatom\u00eda del Cono Sur\",\"datePublished\":\"2018-10-08T22:26:25+00:00\",\"mainEntityOfPage\":{\"@id\":\"https:\\\/\\\/www.ucaldas.edu.co\\\/portal\\\/profesores-u-de-caldas-obtuvieron-primer-puesto-en-xx-congreso-de-anatomia-del-cono-sur\\\/\"},\"wordCount\":194,\"publisher\":{\"@id\":\"https:\\\/\\\/www.ucaldas.edu.co\\\/portal\\\/#organization\"},\"image\":{\"@id\":\"https:\\\/\\\/www.ucaldas.edu.co\\\/portal\\\/profesores-u-de-caldas-obtuvieron-primer-puesto-en-xx-congreso-de-anatomia-del-cono-sur\\\/#primaryimage\"},\"thumbnailUrl\":\"https:\\\/\\\/www.ucaldas.edu.co\\\/portal\\\/wp-content\\\/uploads\\\/2018\\\/10\\\/congresoanatomia-compressor.jpg\",\"keywords\":[\"academia\",\"premio\",\"Reconocimiento\",\"congreso\"],\"articleSection\":[\"Actualidad\",\"Universidad al D\u00eda\",\"Ucaldas Internacional\"],\"inLanguage\":\"es\"},{\"@type\":\"WebPage\",\"@id\":\"https:\\\/\\\/www.ucaldas.edu.co\\\/portal\\\/profesores-u-de-caldas-obtuvieron-primer-puesto-en-xx-congreso-de-anatomia-del-cono-sur\\\/\",\"url\":\"https:\\\/\\\/www.ucaldas.edu.co\\\/portal\\\/profesores-u-de-caldas-obtuvieron-primer-puesto-en-xx-congreso-de-anatomia-del-cono-sur\\\/\",\"name\":\"Profesores U. de Caldas obtuvieron primer puesto en XX Congreso de Anatom\u00eda del Cono Sur .\",\"isPartOf\":{\"@id\":\"https:\\\/\\\/www.ucaldas.edu.co\\\/portal\\\/#website\"},\"primaryImageOfPage\":{\"@id\":\"https:\\\/\\\/www.ucaldas.edu.co\\\/portal\\\/profesores-u-de-caldas-obtuvieron-primer-puesto-en-xx-congreso-de-anatomia-del-cono-sur\\\/#primaryimage\"},\"image\":{\"@id\":\"https:\\\/\\\/www.ucaldas.edu.co\\\/portal\\\/profesores-u-de-caldas-obtuvieron-primer-puesto-en-xx-congreso-de-anatomia-del-cono-sur\\\/#primaryimage\"},\"thumbnailUrl\":\"https:\\\/\\\/www.ucaldas.edu.co\\\/portal\\\/wp-content\\\/uploads\\\/2018\\\/10\\\/congresoanatomia-compressor.jpg\",\"datePublished\":\"2018-10-08T22:26:25+00:00\",\"breadcrumb\":{\"@id\":\"https:\\\/\\\/www.ucaldas.edu.co\\\/portal\\\/profesores-u-de-caldas-obtuvieron-primer-puesto-en-xx-congreso-de-anatomia-del-cono-sur\\\/#breadcrumb\"},\"inLanguage\":\"es\",\"potentialAction\":[{\"@type\":\"ReadAction\",\"target\":[\"https:\\\/\\\/www.ucaldas.edu.co\\\/portal\\\/profesores-u-de-caldas-obtuvieron-primer-puesto-en-xx-congreso-de-anatomia-del-cono-sur\\\/\"]}]},{\"@type\":\"ImageObject\",\"inLanguage\":\"es\",\"@id\":\"https:\\\/\\\/www.ucaldas.edu.co\\\/portal\\\/profesores-u-de-caldas-obtuvieron-primer-puesto-en-xx-congreso-de-anatomia-del-cono-sur\\\/#primaryimage\",\"url\":\"https:\\\/\\\/www.ucaldas.edu.co\\\/portal\\\/wp-content\\\/uploads\\\/2018\\\/10\\\/congresoanatomia-compressor.jpg\",\"contentUrl\":\"https:\\\/\\\/www.ucaldas.edu.co\\\/portal\\\/wp-content\\\/uploads\\\/2018\\\/10\\\/congresoanatomia-compressor.jpg\",\"width\":700,\"height\":401},{\"@type\":\"BreadcrumbList\",\"@id\":\"https:\\\/\\\/www.ucaldas.edu.co\\\/portal\\\/profesores-u-de-caldas-obtuvieron-primer-puesto-en-xx-congreso-de-anatomia-del-cono-sur\\\/#breadcrumb\",\"itemListElement\":[{\"@type\":\"ListItem\",\"position\":1,\"name\":\"Portada\",\"item\":\"https:\\\/\\\/www.ucaldas.edu.co\\\/portal\\\/\"},{\"@type\":\"ListItem\",\"position\":2,\"name\":\"Profesores U. de Caldas obtuvieron primer puesto en XX Congreso de Anatom\u00eda del Cono Sur\"}]},{\"@type\":\"WebSite\",\"@id\":\"https:\\\/\\\/www.ucaldas.edu.co\\\/portal\\\/#website\",\"url\":\"https:\\\/\\\/www.ucaldas.edu.co\\\/portal\\\/\",\"name\":\"Universidad de Caldas\",\"description\":\"\",\"publisher\":{\"@id\":\"https:\\\/\\\/www.ucaldas.edu.co\\\/portal\\\/#organization\"},\"alternateName\":\"U. de Caldas\",\"potentialAction\":[{\"@type\":\"SearchAction\",\"target\":{\"@type\":\"EntryPoint\",\"urlTemplate\":\"https:\\\/\\\/www.ucaldas.edu.co\\\/portal\\\/?s={search_term_string}\"},\"query-input\":{\"@type\":\"PropertyValueSpecification\",\"valueRequired\":true,\"valueName\":\"search_term_string\"}}],\"inLanguage\":\"es\"},{\"@type\":\"Organization\",\"@id\":\"https:\\\/\\\/www.ucaldas.edu.co\\\/portal\\\/#organization\",\"name\":\"Universidad de Caldas\",\"alternateName\":\"U. de Caldas\",\"url\":\"https:\\\/\\\/www.ucaldas.edu.co\\\/portal\\\/\",\"logo\":{\"@type\":\"ImageObject\",\"inLanguage\":\"es\",\"@id\":\"https:\\\/\\\/www.ucaldas.edu.co\\\/portal\\\/#\\\/schema\\\/logo\\\/image\\\/\",\"url\":\"https:\\\/\\\/www.ucaldas.edu.co\\\/portal\\\/wp-content\\\/uploads\\\/2023\\\/11\\\/Logo_horizontal_oscuroU-2023.png\",\"contentUrl\":\"https:\\\/\\\/www.ucaldas.edu.co\\\/portal\\\/wp-content\\\/uploads\\\/2023\\\/11\\\/Logo_horizontal_oscuroU-2023.png\",\"width\":263,\"height\":101,\"caption\":\"Universidad de Caldas\"},\"image\":{\"@id\":\"https:\\\/\\\/www.ucaldas.edu.co\\\/portal\\\/#\\\/schema\\\/logo\\\/image\\\/\"},\"sameAs\":[\"https:\\\/\\\/www.facebook.com\\\/udecaldas\",\"https:\\\/\\\/x.com\\\/udecaldas\",\"https:\\\/\\\/www.youtube.com\\\/universidadcaldas\",\"https:\\\/\\\/www.instagram.com\\\/udecaldas\\\/\"]},{\"@type\":\"Person\",\"@id\":\"https:\\\/\\\/www.ucaldas.edu.co\\\/portal\\\/#\\\/schema\\\/person\\\/a1b482e23449158b4bc319926c074fdf\",\"name\":\"ofiprensa\",\"image\":{\"@type\":\"ImageObject\",\"inLanguage\":\"es\",\"@id\":\"https:\\\/\\\/www.ucaldas.edu.co\\\/portal\\\/wp-content\\\/litespeed\\\/avatar\\\/09ea5085e600095a7a811142c6944527.jpg?ver=1777497608\",\"url\":\"https:\\\/\\\/www.ucaldas.edu.co\\\/portal\\\/wp-content\\\/litespeed\\\/avatar\\\/09ea5085e600095a7a811142c6944527.jpg?ver=1777497608\",\"contentUrl\":\"https:\\\/\\\/www.ucaldas.edu.co\\\/portal\\\/wp-content\\\/litespeed\\\/avatar\\\/09ea5085e600095a7a811142c6944527.jpg?ver=1777497608\",\"caption\":\"ofiprensa\"},\"url\":\"https:\\\/\\\/www.ucaldas.edu.co\\\/portal\\\/author\\\/ofiprensa\\\/\"}]}<\/script>\n<!-- \/ Yoast SEO plugin. -->","yoast_head_json":{"title":"Profesores U. de Caldas obtuvieron primer puesto en XX Congreso de Anatom\u00eda del Cono Sur .","robots":{"index":"index","follow":"follow","max-snippet":"max-snippet:-1","max-image-preview":"max-image-preview:large","max-video-preview":"max-video-preview:-1"},"canonical":"https:\/\/www.ucaldas.edu.co\/portal\/profesores-u-de-caldas-obtuvieron-primer-puesto-en-xx-congreso-de-anatomia-del-cono-sur\/","schema":{"@context":"https:\/\/schema.org","@graph":[{"@type":"Article","@id":"https:\/\/www.ucaldas.edu.co\/portal\/profesores-u-de-caldas-obtuvieron-primer-puesto-en-xx-congreso-de-anatomia-del-cono-sur\/#article","isPartOf":{"@id":"https:\/\/www.ucaldas.edu.co\/portal\/profesores-u-de-caldas-obtuvieron-primer-puesto-en-xx-congreso-de-anatomia-del-cono-sur\/"},"author":{"name":"ofiprensa","@id":"https:\/\/www.ucaldas.edu.co\/portal\/#\/schema\/person\/a1b482e23449158b4bc319926c074fdf"},"headline":"Profesores U. de Caldas obtuvieron primer puesto en XX Congreso de Anatom\u00eda del Cono Sur","datePublished":"2018-10-08T22:26:25+00:00","mainEntityOfPage":{"@id":"https:\/\/www.ucaldas.edu.co\/portal\/profesores-u-de-caldas-obtuvieron-primer-puesto-en-xx-congreso-de-anatomia-del-cono-sur\/"},"wordCount":194,"publisher":{"@id":"https:\/\/www.ucaldas.edu.co\/portal\/#organization"},"image":{"@id":"https:\/\/www.ucaldas.edu.co\/portal\/profesores-u-de-caldas-obtuvieron-primer-puesto-en-xx-congreso-de-anatomia-del-cono-sur\/#primaryimage"},"thumbnailUrl":"https:\/\/www.ucaldas.edu.co\/portal\/wp-content\/uploads\/2018\/10\/congresoanatomia-compressor.jpg","keywords":["academia","premio","Reconocimiento","congreso"],"articleSection":["Actualidad","Universidad al D\u00eda","Ucaldas Internacional"],"inLanguage":"es"},{"@type":"WebPage","@id":"https:\/\/www.ucaldas.edu.co\/portal\/profesores-u-de-caldas-obtuvieron-primer-puesto-en-xx-congreso-de-anatomia-del-cono-sur\/","url":"https:\/\/www.ucaldas.edu.co\/portal\/profesores-u-de-caldas-obtuvieron-primer-puesto-en-xx-congreso-de-anatomia-del-cono-sur\/","name":"Profesores U. de Caldas obtuvieron primer puesto en XX Congreso de Anatom\u00eda del Cono Sur .","isPartOf":{"@id":"https:\/\/www.ucaldas.edu.co\/portal\/#website"},"primaryImageOfPage":{"@id":"https:\/\/www.ucaldas.edu.co\/portal\/profesores-u-de-caldas-obtuvieron-primer-puesto-en-xx-congreso-de-anatomia-del-cono-sur\/#primaryimage"},"image":{"@id":"https:\/\/www.ucaldas.edu.co\/portal\/profesores-u-de-caldas-obtuvieron-primer-puesto-en-xx-congreso-de-anatomia-del-cono-sur\/#primaryimage"},"thumbnailUrl":"https:\/\/www.ucaldas.edu.co\/portal\/wp-content\/uploads\/2018\/10\/congresoanatomia-compressor.jpg","datePublished":"2018-10-08T22:26:25+00:00","breadcrumb":{"@id":"https:\/\/www.ucaldas.edu.co\/portal\/profesores-u-de-caldas-obtuvieron-primer-puesto-en-xx-congreso-de-anatomia-del-cono-sur\/#breadcrumb"},"inLanguage":"es","potentialAction":[{"@type":"ReadAction","target":["https:\/\/www.ucaldas.edu.co\/portal\/profesores-u-de-caldas-obtuvieron-primer-puesto-en-xx-congreso-de-anatomia-del-cono-sur\/"]}]},{"@type":"ImageObject","inLanguage":"es","@id":"https:\/\/www.ucaldas.edu.co\/portal\/profesores-u-de-caldas-obtuvieron-primer-puesto-en-xx-congreso-de-anatomia-del-cono-sur\/#primaryimage","url":"https:\/\/www.ucaldas.edu.co\/portal\/wp-content\/uploads\/2018\/10\/congresoanatomia-compressor.jpg","contentUrl":"https:\/\/www.ucaldas.edu.co\/portal\/wp-content\/uploads\/2018\/10\/congresoanatomia-compressor.jpg","width":700,"height":401},{"@type":"BreadcrumbList","@id":"https:\/\/www.ucaldas.edu.co\/portal\/profesores-u-de-caldas-obtuvieron-primer-puesto-en-xx-congreso-de-anatomia-del-cono-sur\/#breadcrumb","itemListElement":[{"@type":"ListItem","position":1,"name":"Portada","item":"https:\/\/www.ucaldas.edu.co\/portal\/"},{"@type":"ListItem","position":2,"name":"Profesores U. de Caldas obtuvieron primer puesto en XX Congreso de Anatom\u00eda del Cono Sur"}]},{"@type":"WebSite","@id":"https:\/\/www.ucaldas.edu.co\/portal\/#website","url":"https:\/\/www.ucaldas.edu.co\/portal\/","name":"Universidad de Caldas","description":"","publisher":{"@id":"https:\/\/www.ucaldas.edu.co\/portal\/#organization"},"alternateName":"U. de Caldas","potentialAction":[{"@type":"SearchAction","target":{"@type":"EntryPoint","urlTemplate":"https:\/\/www.ucaldas.edu.co\/portal\/?s={search_term_string}"},"query-input":{"@type":"PropertyValueSpecification","valueRequired":true,"valueName":"search_term_string"}}],"inLanguage":"es"},{"@type":"Organization","@id":"https:\/\/www.ucaldas.edu.co\/portal\/#organization","name":"Universidad de Caldas","alternateName":"U. de Caldas","url":"https:\/\/www.ucaldas.edu.co\/portal\/","logo":{"@type":"ImageObject","inLanguage":"es","@id":"https:\/\/www.ucaldas.edu.co\/portal\/#\/schema\/logo\/image\/","url":"https:\/\/www.ucaldas.edu.co\/portal\/wp-content\/uploads\/2023\/11\/Logo_horizontal_oscuroU-2023.png","contentUrl":"https:\/\/www.ucaldas.edu.co\/portal\/wp-content\/uploads\/2023\/11\/Logo_horizontal_oscuroU-2023.png","width":263,"height":101,"caption":"Universidad de Caldas"},"image":{"@id":"https:\/\/www.ucaldas.edu.co\/portal\/#\/schema\/logo\/image\/"},"sameAs":["https:\/\/www.facebook.com\/udecaldas","https:\/\/x.com\/udecaldas","https:\/\/www.youtube.com\/universidadcaldas","https:\/\/www.instagram.com\/udecaldas\/"]},{"@type":"Person","@id":"https:\/\/www.ucaldas.edu.co\/portal\/#\/schema\/person\/a1b482e23449158b4bc319926c074fdf","name":"ofiprensa","image":{"@type":"ImageObject","inLanguage":"es","@id":"https:\/\/www.ucaldas.edu.co\/portal\/wp-content\/litespeed\/avatar\/09ea5085e600095a7a811142c6944527.jpg?ver=1777497608","url":"https:\/\/www.ucaldas.edu.co\/portal\/wp-content\/litespeed\/avatar\/09ea5085e600095a7a811142c6944527.jpg?ver=1777497608","contentUrl":"https:\/\/www.ucaldas.edu.co\/portal\/wp-content\/litespeed\/avatar\/09ea5085e600095a7a811142c6944527.jpg?ver=1777497608","caption":"ofiprensa"},"url":"https:\/\/www.ucaldas.edu.co\/portal\/author\/ofiprensa\/"}]}},"_links":{"self":[{"href":"https:\/\/www.ucaldas.edu.co\/portal\/wp-json\/wp\/v2\/posts\/43469","targetHints":{"allow":["GET"]}}],"collection":[{"href":"https:\/\/www.ucaldas.edu.co\/portal\/wp-json\/wp\/v2\/posts"}],"about":[{"href":"https:\/\/www.ucaldas.edu.co\/portal\/wp-json\/wp\/v2\/types\/post"}],"author":[{"embeddable":true,"href":"https:\/\/www.ucaldas.edu.co\/portal\/wp-json\/wp\/v2\/users\/2"}],"replies":[{"embeddable":true,"href":"https:\/\/www.ucaldas.edu.co\/portal\/wp-json\/wp\/v2\/comments?post=43469"}],"version-history":[{"count":0,"href":"https:\/\/www.ucaldas.edu.co\/portal\/wp-json\/wp\/v2\/posts\/43469\/revisions"}],"wp:featuredmedia":[{"embeddable":true,"href":"https:\/\/www.ucaldas.edu.co\/portal\/wp-json\/wp\/v2\/media\/43470"}],"wp:attachment":[{"href":"https:\/\/www.ucaldas.edu.co\/portal\/wp-json\/wp\/v2\/media?parent=43469"}],"wp:term":[{"taxonomy":"category","embeddable":true,"href":"https:\/\/www.ucaldas.edu.co\/portal\/wp-json\/wp\/v2\/categories?post=43469"},{"taxonomy":"post_tag","embeddable":true,"href":"https:\/\/www.ucaldas.edu.co\/portal\/wp-json\/wp\/v2\/tags?post=43469"}],"curies":[{"name":"wp","href":"https:\/\/api.w.org\/{rel}","templated":true}]}}