{"id":43198,"date":"2018-09-26T21:26:11","date_gmt":"2018-09-26T21:26:11","guid":{"rendered":"https:\/\/www.ucaldas.edu.co\/portal\/?p=43198"},"modified":"2018-09-26T21:26:11","modified_gmt":"2018-09-26T21:26:11","slug":"jovenes-emprendedores-de-la-u-de-caldas-se-destacan-en-el-programa-innovate","status":"publish","type":"post","link":"https:\/\/www.ucaldas.edu.co\/portal\/jovenes-emprendedores-de-la-u-de-caldas-se-destacan-en-el-programa-innovate\/","title":{"rendered":"J\u00f3venes emprendedores de la U. de Caldas se destacan en el programa: \u201cInn\u00f3vate\u201d"},"content":{"rendered":"<p style=\"text-align: center;\">L\u00cdNEA DE PARTICIPACI\u00d3N: SOLUCIONES INTEGRALES RURALES<\/p>\n<p style=\"text-align: center;\"><strong>J\u00f3venes emprendedores de la U. de Caldas se destacan en el programa: \u201cInn\u00f3vate\u201d<\/strong><\/p>\n<p style=\"text-align: right;\">26\/9\/2018<\/p>\n<p><strong>\u00a0<img loading=\"lazy\" decoding=\"async\" class=\"size-full wp-image-43199 aligncenter\" src=\"https:\/\/www.ucaldas.edu.co\/portal\/wp-content\/uploads\/2018\/09\/rurales.jpg\" alt=\"\" width=\"700\" height=\"400\" srcset=\"https:\/\/www.ucaldas.edu.co\/portal\/wp-content\/uploads\/2018\/09\/rurales.jpg 700w, https:\/\/www.ucaldas.edu.co\/portal\/wp-content\/uploads\/2018\/09\/rurales-300x171.jpg 300w\" sizes=\"auto, (max-width: 700px) 100vw, 700px\" \/><\/strong><\/p>\n<p>Un proyecto de Yogurt con sabor a caf\u00e9 creado por dos j\u00f3venes de Manzanares\u00a0 que hacen parte de la Alianza P\u00fablico \u2013 Privada<strong>\u00a0 \u201cEducaci\u00f3n para la Competitividad\u201d a trav\u00e9s del programa\u00a0\u00a0 Universidad en el Campo<\/strong> es uno de los \u00a0\u00a0finalistas del programa liderado por <strong>CHEC Grupo EPM \u201cInn\u00f3vate\u201d<\/strong>, que busca identificar, acompa\u00f1ar y promover las ideas y proyectos de j\u00f3venes estudiantes de Educaci\u00f3n Superior y Educaci\u00f3n de Posgrado de instituciones educativas ubicadas en el departamento de Caldas.<\/p>\n<p><!--more--><\/p>\n<p>Los estudiantes Mar\u00eda Luc\u00eda S\u00e1nchez Arias y Carlos Usma Aristiz\u00e1bal, participan en la l\u00ednea de soluciones integrales rurales, con el acompa\u00f1amiento y <strong>asesor\u00eda de docentes de la Universidad de Caldas.<\/strong><\/p>\n<p><strong><em>\u00a0<\/em><\/strong><\/p>\n<p>\u201cLa ganader\u00eda en ese municipio tambi\u00e9n es muy importante y el 10% se dedica a la lecher\u00eda, sin embargo no hay una adecuada distribuci\u00f3n de la leche; en manzanares se producen aproximadamente 4 mil 400 litros diarios y de esos solo se comercializa 3 mil inmediatamente y el resto no se logra comercializar, por eso la idea de nosotros es ayudar a los campesinos a comercializar ese l\u00e1cteo incluy\u00e9ndolo en nuestro yogurt\u201d. Agreg\u00f3 Usma Aristiz\u00e1bal.<\/p>\n<p>Por su parte el Director de la Unidad Tecnol\u00f3gica de alimentos y docente del departamento de Ingeniera de la Universidad de Caldas Henry Hern\u00e1n Casta\u00f1o Garc\u00eda, coment\u00f3: \u201cles estamos haciendo un acompa\u00f1amiento que consiste en mejorar las condiciones del proceso productivo, lo que se pretende es\u00a0 estandarizar los procesos, obtener productos de una mejor calidad y que obviamente les permita optimizar lo que son las materias primas y cada uno de los recursos utilizados durante el proceso para que siempre obtengan un producto de la mejor calidad y con los est\u00e1ndares requeridos por la industria y por el consumidor\u201d.<\/p>\n<p><strong>\u201cInn\u00f3vate\u201d<\/strong> capacita a los participantes con propuestas de impacto social y ambiental. Tienen cinco l\u00edneas de participaci\u00f3n que son gesti\u00f3n de residuos s\u00f3lidos, movilidad sostenible, agua y vida, energ\u00edas alternativas y soluciones integrales rurales.<\/p>\n<p>&nbsp;<\/p>\n<p>Durante la segunda semana de noviembre se realizar\u00e1 la evaluaci\u00f3n y selecci\u00f3n del proyecto ganador\u00a0 y entregar\u00e1 en total 16 millones en premios. Un premio por valor de ocho millones de pesos para las l\u00edneas de: agua y vida, movilidad sostenible, gesti\u00f3n de residuos s\u00f3lidos y acceso a servicios p\u00fablicos con \u00e9nfasis en energ\u00edas renovables y un premio por el mismo valor para la l\u00ednea de soluciones integrales rurales.<\/p>\n<p>Informes: Oficina de Comunicaciones y Prensa Universidad de Caldas. Tel\u00e9fono: 8781500 Extensi\u00f3n: 12167<\/p>\n<p>Redacci\u00f3n: Daniela S\u00e1nchez R\u00edos<\/p>\n<p><strong>Etiquetas:<\/strong> emprendedores rurales, yogurt, caf\u00e9, Inn\u00f3vate, alimentos, proyectos.<\/p>\n","protected":false},"excerpt":{"rendered":"<p>L\u00cdNEA DE PARTICIPACI\u00d3N: SOLUCIONES INTEGRALES RURALES J\u00f3venes emprendedores de la U. de Caldas se destacan en el programa: \u201cInn\u00f3vate\u201d 26\/9\/2018 \u00a0 Un proyecto de Yogurt con sabor a caf\u00e9 creado por dos j\u00f3venes de Manzanares\u00a0 que hacen parte de la Alianza P\u00fablico \u2013 Privada\u00a0 \u201cEducaci\u00f3n para la Competitividad\u201d a trav\u00e9s del programa\u00a0\u00a0 Universidad en el [&hellip;]<\/p>\n","protected":false},"author":2,"featured_media":43199,"comment_status":"closed","ping_status":"open","sticky":false,"template":"","format":"standard","meta":{"footnotes":""},"categories":[48,53,617,624],"tags":[],"class_list":["post-43198","post","type-post","status-publish","format-standard","has-post-thumbnail","hentry","category-actualidad","category-universidad-al-dia","category-ucaldas-colaborativa","category-ucaldas-activa"],"yoast_head":"<!-- This site is optimized with the Yoast SEO plugin v27.5 - https:\/\/yoast.com\/product\/yoast-seo-wordpress\/ -->\n<title>J\u00f3venes emprendedores de la U. de Caldas se destacan en el programa: \u201cInn\u00f3vate\u201d .<\/title>\n<meta name=\"robots\" content=\"index, follow, max-snippet:-1, max-image-preview:large, max-video-preview:-1\" \/>\n<link rel=\"canonical\" href=\"https:\/\/www.ucaldas.edu.co\/portal\/jovenes-emprendedores-de-la-u-de-caldas-se-destacan-en-el-programa-innovate\/\" \/>\n<script type=\"application\/ld+json\" class=\"yoast-schema-graph\">{\"@context\":\"https:\\\/\\\/schema.org\",\"@graph\":[{\"@type\":\"Article\",\"@id\":\"https:\\\/\\\/www.ucaldas.edu.co\\\/portal\\\/jovenes-emprendedores-de-la-u-de-caldas-se-destacan-en-el-programa-innovate\\\/#article\",\"isPartOf\":{\"@id\":\"https:\\\/\\\/www.ucaldas.edu.co\\\/portal\\\/jovenes-emprendedores-de-la-u-de-caldas-se-destacan-en-el-programa-innovate\\\/\"},\"author\":{\"name\":\"ofiprensa\",\"@id\":\"https:\\\/\\\/www.ucaldas.edu.co\\\/portal\\\/#\\\/schema\\\/person\\\/a1b482e23449158b4bc319926c074fdf\"},\"headline\":\"J\u00f3venes emprendedores de la U. de Caldas se destacan en el programa: \u201cInn\u00f3vate\u201d\",\"datePublished\":\"2018-09-26T21:26:11+00:00\",\"mainEntityOfPage\":{\"@id\":\"https:\\\/\\\/www.ucaldas.edu.co\\\/portal\\\/jovenes-emprendedores-de-la-u-de-caldas-se-destacan-en-el-programa-innovate\\\/\"},\"wordCount\":489,\"publisher\":{\"@id\":\"https:\\\/\\\/www.ucaldas.edu.co\\\/portal\\\/#organization\"},\"image\":{\"@id\":\"https:\\\/\\\/www.ucaldas.edu.co\\\/portal\\\/jovenes-emprendedores-de-la-u-de-caldas-se-destacan-en-el-programa-innovate\\\/#primaryimage\"},\"thumbnailUrl\":\"https:\\\/\\\/www.ucaldas.edu.co\\\/portal\\\/wp-content\\\/uploads\\\/2018\\\/09\\\/rurales.jpg\",\"articleSection\":[\"Actualidad\",\"Universidad al D\u00eda\",\"UCaldas Colaborativa\",\"UCaldas Activa\"],\"inLanguage\":\"es\"},{\"@type\":\"WebPage\",\"@id\":\"https:\\\/\\\/www.ucaldas.edu.co\\\/portal\\\/jovenes-emprendedores-de-la-u-de-caldas-se-destacan-en-el-programa-innovate\\\/\",\"url\":\"https:\\\/\\\/www.ucaldas.edu.co\\\/portal\\\/jovenes-emprendedores-de-la-u-de-caldas-se-destacan-en-el-programa-innovate\\\/\",\"name\":\"J\u00f3venes emprendedores de la U. de Caldas se destacan en el programa: \u201cInn\u00f3vate\u201d .\",\"isPartOf\":{\"@id\":\"https:\\\/\\\/www.ucaldas.edu.co\\\/portal\\\/#website\"},\"primaryImageOfPage\":{\"@id\":\"https:\\\/\\\/www.ucaldas.edu.co\\\/portal\\\/jovenes-emprendedores-de-la-u-de-caldas-se-destacan-en-el-programa-innovate\\\/#primaryimage\"},\"image\":{\"@id\":\"https:\\\/\\\/www.ucaldas.edu.co\\\/portal\\\/jovenes-emprendedores-de-la-u-de-caldas-se-destacan-en-el-programa-innovate\\\/#primaryimage\"},\"thumbnailUrl\":\"https:\\\/\\\/www.ucaldas.edu.co\\\/portal\\\/wp-content\\\/uploads\\\/2018\\\/09\\\/rurales.jpg\",\"datePublished\":\"2018-09-26T21:26:11+00:00\",\"breadcrumb\":{\"@id\":\"https:\\\/\\\/www.ucaldas.edu.co\\\/portal\\\/jovenes-emprendedores-de-la-u-de-caldas-se-destacan-en-el-programa-innovate\\\/#breadcrumb\"},\"inLanguage\":\"es\",\"potentialAction\":[{\"@type\":\"ReadAction\",\"target\":[\"https:\\\/\\\/www.ucaldas.edu.co\\\/portal\\\/jovenes-emprendedores-de-la-u-de-caldas-se-destacan-en-el-programa-innovate\\\/\"]}]},{\"@type\":\"ImageObject\",\"inLanguage\":\"es\",\"@id\":\"https:\\\/\\\/www.ucaldas.edu.co\\\/portal\\\/jovenes-emprendedores-de-la-u-de-caldas-se-destacan-en-el-programa-innovate\\\/#primaryimage\",\"url\":\"https:\\\/\\\/www.ucaldas.edu.co\\\/portal\\\/wp-content\\\/uploads\\\/2018\\\/09\\\/rurales.jpg\",\"contentUrl\":\"https:\\\/\\\/www.ucaldas.edu.co\\\/portal\\\/wp-content\\\/uploads\\\/2018\\\/09\\\/rurales.jpg\",\"width\":700,\"height\":400},{\"@type\":\"BreadcrumbList\",\"@id\":\"https:\\\/\\\/www.ucaldas.edu.co\\\/portal\\\/jovenes-emprendedores-de-la-u-de-caldas-se-destacan-en-el-programa-innovate\\\/#breadcrumb\",\"itemListElement\":[{\"@type\":\"ListItem\",\"position\":1,\"name\":\"Portada\",\"item\":\"https:\\\/\\\/www.ucaldas.edu.co\\\/portal\\\/\"},{\"@type\":\"ListItem\",\"position\":2,\"name\":\"J\u00f3venes emprendedores de la U. de Caldas se destacan en el programa: \u201cInn\u00f3vate\u201d\"}]},{\"@type\":\"WebSite\",\"@id\":\"https:\\\/\\\/www.ucaldas.edu.co\\\/portal\\\/#website\",\"url\":\"https:\\\/\\\/www.ucaldas.edu.co\\\/portal\\\/\",\"name\":\"Universidad de Caldas\",\"description\":\"\",\"publisher\":{\"@id\":\"https:\\\/\\\/www.ucaldas.edu.co\\\/portal\\\/#organization\"},\"alternateName\":\"U. de Caldas\",\"potentialAction\":[{\"@type\":\"SearchAction\",\"target\":{\"@type\":\"EntryPoint\",\"urlTemplate\":\"https:\\\/\\\/www.ucaldas.edu.co\\\/portal\\\/?s={search_term_string}\"},\"query-input\":{\"@type\":\"PropertyValueSpecification\",\"valueRequired\":true,\"valueName\":\"search_term_string\"}}],\"inLanguage\":\"es\"},{\"@type\":\"Organization\",\"@id\":\"https:\\\/\\\/www.ucaldas.edu.co\\\/portal\\\/#organization\",\"name\":\"Universidad de Caldas\",\"alternateName\":\"U. de Caldas\",\"url\":\"https:\\\/\\\/www.ucaldas.edu.co\\\/portal\\\/\",\"logo\":{\"@type\":\"ImageObject\",\"inLanguage\":\"es\",\"@id\":\"https:\\\/\\\/www.ucaldas.edu.co\\\/portal\\\/#\\\/schema\\\/logo\\\/image\\\/\",\"url\":\"https:\\\/\\\/www.ucaldas.edu.co\\\/portal\\\/wp-content\\\/uploads\\\/2023\\\/11\\\/Logo_horizontal_oscuroU-2023.png\",\"contentUrl\":\"https:\\\/\\\/www.ucaldas.edu.co\\\/portal\\\/wp-content\\\/uploads\\\/2023\\\/11\\\/Logo_horizontal_oscuroU-2023.png\",\"width\":263,\"height\":101,\"caption\":\"Universidad de Caldas\"},\"image\":{\"@id\":\"https:\\\/\\\/www.ucaldas.edu.co\\\/portal\\\/#\\\/schema\\\/logo\\\/image\\\/\"},\"sameAs\":[\"https:\\\/\\\/www.facebook.com\\\/udecaldas\",\"https:\\\/\\\/x.com\\\/udecaldas\",\"https:\\\/\\\/www.youtube.com\\\/universidadcaldas\",\"https:\\\/\\\/www.instagram.com\\\/udecaldas\\\/\"]},{\"@type\":\"Person\",\"@id\":\"https:\\\/\\\/www.ucaldas.edu.co\\\/portal\\\/#\\\/schema\\\/person\\\/a1b482e23449158b4bc319926c074fdf\",\"name\":\"ofiprensa\",\"image\":{\"@type\":\"ImageObject\",\"inLanguage\":\"es\",\"@id\":\"https:\\\/\\\/www.ucaldas.edu.co\\\/portal\\\/wp-content\\\/litespeed\\\/avatar\\\/09ea5085e600095a7a811142c6944527.jpg?ver=1777497608\",\"url\":\"https:\\\/\\\/www.ucaldas.edu.co\\\/portal\\\/wp-content\\\/litespeed\\\/avatar\\\/09ea5085e600095a7a811142c6944527.jpg?ver=1777497608\",\"contentUrl\":\"https:\\\/\\\/www.ucaldas.edu.co\\\/portal\\\/wp-content\\\/litespeed\\\/avatar\\\/09ea5085e600095a7a811142c6944527.jpg?ver=1777497608\",\"caption\":\"ofiprensa\"},\"url\":\"https:\\\/\\\/www.ucaldas.edu.co\\\/portal\\\/author\\\/ofiprensa\\\/\"}]}<\/script>\n<!-- \/ Yoast SEO plugin. -->","yoast_head_json":{"title":"J\u00f3venes emprendedores de la U. de Caldas se destacan en el programa: \u201cInn\u00f3vate\u201d .","robots":{"index":"index","follow":"follow","max-snippet":"max-snippet:-1","max-image-preview":"max-image-preview:large","max-video-preview":"max-video-preview:-1"},"canonical":"https:\/\/www.ucaldas.edu.co\/portal\/jovenes-emprendedores-de-la-u-de-caldas-se-destacan-en-el-programa-innovate\/","schema":{"@context":"https:\/\/schema.org","@graph":[{"@type":"Article","@id":"https:\/\/www.ucaldas.edu.co\/portal\/jovenes-emprendedores-de-la-u-de-caldas-se-destacan-en-el-programa-innovate\/#article","isPartOf":{"@id":"https:\/\/www.ucaldas.edu.co\/portal\/jovenes-emprendedores-de-la-u-de-caldas-se-destacan-en-el-programa-innovate\/"},"author":{"name":"ofiprensa","@id":"https:\/\/www.ucaldas.edu.co\/portal\/#\/schema\/person\/a1b482e23449158b4bc319926c074fdf"},"headline":"J\u00f3venes emprendedores de la U. de Caldas se destacan en el programa: \u201cInn\u00f3vate\u201d","datePublished":"2018-09-26T21:26:11+00:00","mainEntityOfPage":{"@id":"https:\/\/www.ucaldas.edu.co\/portal\/jovenes-emprendedores-de-la-u-de-caldas-se-destacan-en-el-programa-innovate\/"},"wordCount":489,"publisher":{"@id":"https:\/\/www.ucaldas.edu.co\/portal\/#organization"},"image":{"@id":"https:\/\/www.ucaldas.edu.co\/portal\/jovenes-emprendedores-de-la-u-de-caldas-se-destacan-en-el-programa-innovate\/#primaryimage"},"thumbnailUrl":"https:\/\/www.ucaldas.edu.co\/portal\/wp-content\/uploads\/2018\/09\/rurales.jpg","articleSection":["Actualidad","Universidad al D\u00eda","UCaldas Colaborativa","UCaldas Activa"],"inLanguage":"es"},{"@type":"WebPage","@id":"https:\/\/www.ucaldas.edu.co\/portal\/jovenes-emprendedores-de-la-u-de-caldas-se-destacan-en-el-programa-innovate\/","url":"https:\/\/www.ucaldas.edu.co\/portal\/jovenes-emprendedores-de-la-u-de-caldas-se-destacan-en-el-programa-innovate\/","name":"J\u00f3venes emprendedores de la U. de Caldas se destacan en el programa: \u201cInn\u00f3vate\u201d .","isPartOf":{"@id":"https:\/\/www.ucaldas.edu.co\/portal\/#website"},"primaryImageOfPage":{"@id":"https:\/\/www.ucaldas.edu.co\/portal\/jovenes-emprendedores-de-la-u-de-caldas-se-destacan-en-el-programa-innovate\/#primaryimage"},"image":{"@id":"https:\/\/www.ucaldas.edu.co\/portal\/jovenes-emprendedores-de-la-u-de-caldas-se-destacan-en-el-programa-innovate\/#primaryimage"},"thumbnailUrl":"https:\/\/www.ucaldas.edu.co\/portal\/wp-content\/uploads\/2018\/09\/rurales.jpg","datePublished":"2018-09-26T21:26:11+00:00","breadcrumb":{"@id":"https:\/\/www.ucaldas.edu.co\/portal\/jovenes-emprendedores-de-la-u-de-caldas-se-destacan-en-el-programa-innovate\/#breadcrumb"},"inLanguage":"es","potentialAction":[{"@type":"ReadAction","target":["https:\/\/www.ucaldas.edu.co\/portal\/jovenes-emprendedores-de-la-u-de-caldas-se-destacan-en-el-programa-innovate\/"]}]},{"@type":"ImageObject","inLanguage":"es","@id":"https:\/\/www.ucaldas.edu.co\/portal\/jovenes-emprendedores-de-la-u-de-caldas-se-destacan-en-el-programa-innovate\/#primaryimage","url":"https:\/\/www.ucaldas.edu.co\/portal\/wp-content\/uploads\/2018\/09\/rurales.jpg","contentUrl":"https:\/\/www.ucaldas.edu.co\/portal\/wp-content\/uploads\/2018\/09\/rurales.jpg","width":700,"height":400},{"@type":"BreadcrumbList","@id":"https:\/\/www.ucaldas.edu.co\/portal\/jovenes-emprendedores-de-la-u-de-caldas-se-destacan-en-el-programa-innovate\/#breadcrumb","itemListElement":[{"@type":"ListItem","position":1,"name":"Portada","item":"https:\/\/www.ucaldas.edu.co\/portal\/"},{"@type":"ListItem","position":2,"name":"J\u00f3venes emprendedores de la U. de Caldas se destacan en el programa: \u201cInn\u00f3vate\u201d"}]},{"@type":"WebSite","@id":"https:\/\/www.ucaldas.edu.co\/portal\/#website","url":"https:\/\/www.ucaldas.edu.co\/portal\/","name":"Universidad de Caldas","description":"","publisher":{"@id":"https:\/\/www.ucaldas.edu.co\/portal\/#organization"},"alternateName":"U. de Caldas","potentialAction":[{"@type":"SearchAction","target":{"@type":"EntryPoint","urlTemplate":"https:\/\/www.ucaldas.edu.co\/portal\/?s={search_term_string}"},"query-input":{"@type":"PropertyValueSpecification","valueRequired":true,"valueName":"search_term_string"}}],"inLanguage":"es"},{"@type":"Organization","@id":"https:\/\/www.ucaldas.edu.co\/portal\/#organization","name":"Universidad de Caldas","alternateName":"U. de Caldas","url":"https:\/\/www.ucaldas.edu.co\/portal\/","logo":{"@type":"ImageObject","inLanguage":"es","@id":"https:\/\/www.ucaldas.edu.co\/portal\/#\/schema\/logo\/image\/","url":"https:\/\/www.ucaldas.edu.co\/portal\/wp-content\/uploads\/2023\/11\/Logo_horizontal_oscuroU-2023.png","contentUrl":"https:\/\/www.ucaldas.edu.co\/portal\/wp-content\/uploads\/2023\/11\/Logo_horizontal_oscuroU-2023.png","width":263,"height":101,"caption":"Universidad de Caldas"},"image":{"@id":"https:\/\/www.ucaldas.edu.co\/portal\/#\/schema\/logo\/image\/"},"sameAs":["https:\/\/www.facebook.com\/udecaldas","https:\/\/x.com\/udecaldas","https:\/\/www.youtube.com\/universidadcaldas","https:\/\/www.instagram.com\/udecaldas\/"]},{"@type":"Person","@id":"https:\/\/www.ucaldas.edu.co\/portal\/#\/schema\/person\/a1b482e23449158b4bc319926c074fdf","name":"ofiprensa","image":{"@type":"ImageObject","inLanguage":"es","@id":"https:\/\/www.ucaldas.edu.co\/portal\/wp-content\/litespeed\/avatar\/09ea5085e600095a7a811142c6944527.jpg?ver=1777497608","url":"https:\/\/www.ucaldas.edu.co\/portal\/wp-content\/litespeed\/avatar\/09ea5085e600095a7a811142c6944527.jpg?ver=1777497608","contentUrl":"https:\/\/www.ucaldas.edu.co\/portal\/wp-content\/litespeed\/avatar\/09ea5085e600095a7a811142c6944527.jpg?ver=1777497608","caption":"ofiprensa"},"url":"https:\/\/www.ucaldas.edu.co\/portal\/author\/ofiprensa\/"}]}},"_links":{"self":[{"href":"https:\/\/www.ucaldas.edu.co\/portal\/wp-json\/wp\/v2\/posts\/43198","targetHints":{"allow":["GET"]}}],"collection":[{"href":"https:\/\/www.ucaldas.edu.co\/portal\/wp-json\/wp\/v2\/posts"}],"about":[{"href":"https:\/\/www.ucaldas.edu.co\/portal\/wp-json\/wp\/v2\/types\/post"}],"author":[{"embeddable":true,"href":"https:\/\/www.ucaldas.edu.co\/portal\/wp-json\/wp\/v2\/users\/2"}],"replies":[{"embeddable":true,"href":"https:\/\/www.ucaldas.edu.co\/portal\/wp-json\/wp\/v2\/comments?post=43198"}],"version-history":[{"count":0,"href":"https:\/\/www.ucaldas.edu.co\/portal\/wp-json\/wp\/v2\/posts\/43198\/revisions"}],"wp:featuredmedia":[{"embeddable":true,"href":"https:\/\/www.ucaldas.edu.co\/portal\/wp-json\/wp\/v2\/media\/43199"}],"wp:attachment":[{"href":"https:\/\/www.ucaldas.edu.co\/portal\/wp-json\/wp\/v2\/media?parent=43198"}],"wp:term":[{"taxonomy":"category","embeddable":true,"href":"https:\/\/www.ucaldas.edu.co\/portal\/wp-json\/wp\/v2\/categories?post=43198"},{"taxonomy":"post_tag","embeddable":true,"href":"https:\/\/www.ucaldas.edu.co\/portal\/wp-json\/wp\/v2\/tags?post=43198"}],"curies":[{"name":"wp","href":"https:\/\/api.w.org\/{rel}","templated":true}]}}