{"id":43195,"date":"2018-09-26T21:24:53","date_gmt":"2018-09-26T21:24:53","guid":{"rendered":"https:\/\/www.ucaldas.edu.co\/portal\/?p=43195"},"modified":"2018-09-26T21:24:53","modified_gmt":"2018-09-26T21:24:53","slug":"septimo-encuentro-nacional-de-estudiantes-de-antropologia-y-arqueologia-tuvo-participacion-u-de-caldas","status":"publish","type":"post","link":"https:\/\/www.ucaldas.edu.co\/portal\/septimo-encuentro-nacional-de-estudiantes-de-antropologia-y-arqueologia-tuvo-participacion-u-de-caldas\/","title":{"rendered":"S\u00e9ptimo Encuentro Nacional de Estudiantes de Antropolog\u00eda y Arqueolog\u00eda tuvo participaci\u00f3n U. de Caldas"},"content":{"rendered":"<p style=\"text-align: center;\">CON 50 ESTUDIANTES<br \/>\n<strong>S\u00e9ptimo Encuentro Nacional de Estudiantes de Antropolog\u00eda y Arqueolog\u00eda tuvo participaci\u00f3n U. de Caldas<\/strong><\/p>\n<p style=\"text-align: right;\"><strong><br \/>\n<\/strong>26\/9\/2018<\/p>\n<p><img loading=\"lazy\" decoding=\"async\" class=\"size-full wp-image-43196 aligncenter\" src=\"https:\/\/www.ucaldas.edu.co\/portal\/wp-content\/uploads\/2018\/09\/congresoantropologia-compressor.jpeg\" alt=\"\" width=\"700\" height=\"399\" srcset=\"https:\/\/www.ucaldas.edu.co\/portal\/wp-content\/uploads\/2018\/09\/congresoantropologia-compressor.jpeg 700w, https:\/\/www.ucaldas.edu.co\/portal\/wp-content\/uploads\/2018\/09\/congresoantropologia-compressor-300x171.jpeg 300w\" sizes=\"auto, (max-width: 700px) 100vw, 700px\" \/>La <strong>Universidad de Caldas estuvo presente en el S\u00e9ptimo Encuentro Nacional de Estudiantes de Antropolog\u00eda y Arqueolog\u00eda<\/strong>, que se desarroll\u00f3 en la Universidad del Magdalena del 18 al 21 de septiembre del 2018. Este evento se realiza de forma anual y la U. de Caldas fue sede del mismo en su quinta versi\u00f3n en el 2016.<\/p>\n<p><!--more--><\/p>\n<p>Jairo Tabares, <strong>estudiante de Antropolog\u00eda de la U. de Caldas, destac\u00f3: \u201chemos hecho parte de la organizaci\u00f3n del evento, as\u00ed como hemos participado de forma activa<\/strong>. Este encuentro se piensa para que cuente con delegados de cada universidad. Para este a\u00f1o la U. de Caldas particip\u00f3 con aproximadamente 50 estudiantes, teniendo en cuenta que el evento se piensa en una modalidad de participaci\u00f3n diferente de los congresos, pues en este caso se realizan talleres y tertulias\u201d.<\/p>\n<p>&nbsp;<\/p>\n<p>De este modo, la Instituci\u00f3n caldense particip\u00f3 con 10 tertulias y 5 talleres. \u201cSe evidencia la importante participaci\u00f3n y estamos muy satisfechos por dicha participaci\u00f3n. Por otra parte<strong>, fui nombrado representante nacional de los estudiantes ante el congreso para el 2019<\/strong>\u201d, explic\u00f3 el estudiante.<\/p>\n<p>&nbsp;<\/p>\n<p><strong>Informes: <\/strong>Oficina de Comunicaciones y Prensa Universidad de Caldas. Tel\u00e9fono: 8781500 Extensi\u00f3n: 12167<\/p>\n<p><strong>Redacci\u00f3n: <\/strong>Margarita Laverde<\/p>\n","protected":false},"excerpt":{"rendered":"<p>CON 50 ESTUDIANTES S\u00e9ptimo Encuentro Nacional de Estudiantes de Antropolog\u00eda y Arqueolog\u00eda tuvo participaci\u00f3n U. de Caldas 26\/9\/2018 La Universidad de Caldas estuvo presente en el S\u00e9ptimo Encuentro Nacional de Estudiantes de Antropolog\u00eda y Arqueolog\u00eda, que se desarroll\u00f3 en la Universidad del Magdalena del 18 al 21 de septiembre del 2018. Este evento se realiza [&hellip;]<\/p>\n","protected":false},"author":2,"featured_media":43196,"comment_status":"closed","ping_status":"open","sticky":false,"template":"","format":"standard","meta":{"footnotes":""},"categories":[48,53,624],"tags":[55,296,2987],"class_list":["post-43195","post","type-post","status-publish","format-standard","has-post-thumbnail","hentry","category-actualidad","category-universidad-al-dia","category-ucaldas-activa","tag-academia","tag-participacion","tag-septimo-encuentro-nacional-de-estudiantes-de-antropologia-y-arqueologia"],"yoast_head":"<!-- This site is optimized with the Yoast SEO plugin v27.5 - https:\/\/yoast.com\/product\/yoast-seo-wordpress\/ -->\n<title>S\u00e9ptimo Encuentro Nacional de Estudiantes de Antropolog\u00eda y Arqueolog\u00eda tuvo participaci\u00f3n U. de Caldas .<\/title>\n<meta name=\"robots\" content=\"index, follow, max-snippet:-1, max-image-preview:large, max-video-preview:-1\" \/>\n<link rel=\"canonical\" href=\"https:\/\/www.ucaldas.edu.co\/portal\/septimo-encuentro-nacional-de-estudiantes-de-antropologia-y-arqueologia-tuvo-participacion-u-de-caldas\/\" \/>\n<script type=\"application\/ld+json\" class=\"yoast-schema-graph\">{\"@context\":\"https:\\\/\\\/schema.org\",\"@graph\":[{\"@type\":\"Article\",\"@id\":\"https:\\\/\\\/www.ucaldas.edu.co\\\/portal\\\/septimo-encuentro-nacional-de-estudiantes-de-antropologia-y-arqueologia-tuvo-participacion-u-de-caldas\\\/#article\",\"isPartOf\":{\"@id\":\"https:\\\/\\\/www.ucaldas.edu.co\\\/portal\\\/septimo-encuentro-nacional-de-estudiantes-de-antropologia-y-arqueologia-tuvo-participacion-u-de-caldas\\\/\"},\"author\":{\"name\":\"ofiprensa\",\"@id\":\"https:\\\/\\\/www.ucaldas.edu.co\\\/portal\\\/#\\\/schema\\\/person\\\/a1b482e23449158b4bc319926c074fdf\"},\"headline\":\"S\u00e9ptimo Encuentro Nacional de Estudiantes de Antropolog\u00eda y Arqueolog\u00eda tuvo participaci\u00f3n U. de Caldas\",\"datePublished\":\"2018-09-26T21:24:53+00:00\",\"mainEntityOfPage\":{\"@id\":\"https:\\\/\\\/www.ucaldas.edu.co\\\/portal\\\/septimo-encuentro-nacional-de-estudiantes-de-antropologia-y-arqueologia-tuvo-participacion-u-de-caldas\\\/\"},\"wordCount\":236,\"publisher\":{\"@id\":\"https:\\\/\\\/www.ucaldas.edu.co\\\/portal\\\/#organization\"},\"image\":{\"@id\":\"https:\\\/\\\/www.ucaldas.edu.co\\\/portal\\\/septimo-encuentro-nacional-de-estudiantes-de-antropologia-y-arqueologia-tuvo-participacion-u-de-caldas\\\/#primaryimage\"},\"thumbnailUrl\":\"https:\\\/\\\/www.ucaldas.edu.co\\\/portal\\\/wp-content\\\/uploads\\\/2018\\\/09\\\/congresoantropologia-compressor.jpeg\",\"keywords\":[\"academia\",\"participaci\u00f3n\",\"S\u00e9ptimo Encuentro Nacional de Estudiantes de Antropolog\u00eda y Arqueolog\u00eda\"],\"articleSection\":[\"Actualidad\",\"Universidad al D\u00eda\",\"UCaldas Activa\"],\"inLanguage\":\"es\"},{\"@type\":\"WebPage\",\"@id\":\"https:\\\/\\\/www.ucaldas.edu.co\\\/portal\\\/septimo-encuentro-nacional-de-estudiantes-de-antropologia-y-arqueologia-tuvo-participacion-u-de-caldas\\\/\",\"url\":\"https:\\\/\\\/www.ucaldas.edu.co\\\/portal\\\/septimo-encuentro-nacional-de-estudiantes-de-antropologia-y-arqueologia-tuvo-participacion-u-de-caldas\\\/\",\"name\":\"S\u00e9ptimo Encuentro Nacional de Estudiantes de Antropolog\u00eda y Arqueolog\u00eda tuvo participaci\u00f3n U. de Caldas .\",\"isPartOf\":{\"@id\":\"https:\\\/\\\/www.ucaldas.edu.co\\\/portal\\\/#website\"},\"primaryImageOfPage\":{\"@id\":\"https:\\\/\\\/www.ucaldas.edu.co\\\/portal\\\/septimo-encuentro-nacional-de-estudiantes-de-antropologia-y-arqueologia-tuvo-participacion-u-de-caldas\\\/#primaryimage\"},\"image\":{\"@id\":\"https:\\\/\\\/www.ucaldas.edu.co\\\/portal\\\/septimo-encuentro-nacional-de-estudiantes-de-antropologia-y-arqueologia-tuvo-participacion-u-de-caldas\\\/#primaryimage\"},\"thumbnailUrl\":\"https:\\\/\\\/www.ucaldas.edu.co\\\/portal\\\/wp-content\\\/uploads\\\/2018\\\/09\\\/congresoantropologia-compressor.jpeg\",\"datePublished\":\"2018-09-26T21:24:53+00:00\",\"breadcrumb\":{\"@id\":\"https:\\\/\\\/www.ucaldas.edu.co\\\/portal\\\/septimo-encuentro-nacional-de-estudiantes-de-antropologia-y-arqueologia-tuvo-participacion-u-de-caldas\\\/#breadcrumb\"},\"inLanguage\":\"es\",\"potentialAction\":[{\"@type\":\"ReadAction\",\"target\":[\"https:\\\/\\\/www.ucaldas.edu.co\\\/portal\\\/septimo-encuentro-nacional-de-estudiantes-de-antropologia-y-arqueologia-tuvo-participacion-u-de-caldas\\\/\"]}]},{\"@type\":\"ImageObject\",\"inLanguage\":\"es\",\"@id\":\"https:\\\/\\\/www.ucaldas.edu.co\\\/portal\\\/septimo-encuentro-nacional-de-estudiantes-de-antropologia-y-arqueologia-tuvo-participacion-u-de-caldas\\\/#primaryimage\",\"url\":\"https:\\\/\\\/www.ucaldas.edu.co\\\/portal\\\/wp-content\\\/uploads\\\/2018\\\/09\\\/congresoantropologia-compressor.jpeg\",\"contentUrl\":\"https:\\\/\\\/www.ucaldas.edu.co\\\/portal\\\/wp-content\\\/uploads\\\/2018\\\/09\\\/congresoantropologia-compressor.jpeg\",\"width\":700,\"height\":399},{\"@type\":\"BreadcrumbList\",\"@id\":\"https:\\\/\\\/www.ucaldas.edu.co\\\/portal\\\/septimo-encuentro-nacional-de-estudiantes-de-antropologia-y-arqueologia-tuvo-participacion-u-de-caldas\\\/#breadcrumb\",\"itemListElement\":[{\"@type\":\"ListItem\",\"position\":1,\"name\":\"Portada\",\"item\":\"https:\\\/\\\/www.ucaldas.edu.co\\\/portal\\\/\"},{\"@type\":\"ListItem\",\"position\":2,\"name\":\"S\u00e9ptimo Encuentro Nacional de Estudiantes de Antropolog\u00eda y Arqueolog\u00eda tuvo participaci\u00f3n U. de Caldas\"}]},{\"@type\":\"WebSite\",\"@id\":\"https:\\\/\\\/www.ucaldas.edu.co\\\/portal\\\/#website\",\"url\":\"https:\\\/\\\/www.ucaldas.edu.co\\\/portal\\\/\",\"name\":\"Universidad de Caldas\",\"description\":\"\",\"publisher\":{\"@id\":\"https:\\\/\\\/www.ucaldas.edu.co\\\/portal\\\/#organization\"},\"alternateName\":\"U. de Caldas\",\"potentialAction\":[{\"@type\":\"SearchAction\",\"target\":{\"@type\":\"EntryPoint\",\"urlTemplate\":\"https:\\\/\\\/www.ucaldas.edu.co\\\/portal\\\/?s={search_term_string}\"},\"query-input\":{\"@type\":\"PropertyValueSpecification\",\"valueRequired\":true,\"valueName\":\"search_term_string\"}}],\"inLanguage\":\"es\"},{\"@type\":\"Organization\",\"@id\":\"https:\\\/\\\/www.ucaldas.edu.co\\\/portal\\\/#organization\",\"name\":\"Universidad de Caldas\",\"alternateName\":\"U. de Caldas\",\"url\":\"https:\\\/\\\/www.ucaldas.edu.co\\\/portal\\\/\",\"logo\":{\"@type\":\"ImageObject\",\"inLanguage\":\"es\",\"@id\":\"https:\\\/\\\/www.ucaldas.edu.co\\\/portal\\\/#\\\/schema\\\/logo\\\/image\\\/\",\"url\":\"https:\\\/\\\/www.ucaldas.edu.co\\\/portal\\\/wp-content\\\/uploads\\\/2023\\\/11\\\/Logo_horizontal_oscuroU-2023.png\",\"contentUrl\":\"https:\\\/\\\/www.ucaldas.edu.co\\\/portal\\\/wp-content\\\/uploads\\\/2023\\\/11\\\/Logo_horizontal_oscuroU-2023.png\",\"width\":263,\"height\":101,\"caption\":\"Universidad de Caldas\"},\"image\":{\"@id\":\"https:\\\/\\\/www.ucaldas.edu.co\\\/portal\\\/#\\\/schema\\\/logo\\\/image\\\/\"},\"sameAs\":[\"https:\\\/\\\/www.facebook.com\\\/udecaldas\",\"https:\\\/\\\/x.com\\\/udecaldas\",\"https:\\\/\\\/www.youtube.com\\\/universidadcaldas\",\"https:\\\/\\\/www.instagram.com\\\/udecaldas\\\/\"]},{\"@type\":\"Person\",\"@id\":\"https:\\\/\\\/www.ucaldas.edu.co\\\/portal\\\/#\\\/schema\\\/person\\\/a1b482e23449158b4bc319926c074fdf\",\"name\":\"ofiprensa\",\"image\":{\"@type\":\"ImageObject\",\"inLanguage\":\"es\",\"@id\":\"https:\\\/\\\/www.ucaldas.edu.co\\\/portal\\\/wp-content\\\/litespeed\\\/avatar\\\/09ea5085e600095a7a811142c6944527.jpg?ver=1777497608\",\"url\":\"https:\\\/\\\/www.ucaldas.edu.co\\\/portal\\\/wp-content\\\/litespeed\\\/avatar\\\/09ea5085e600095a7a811142c6944527.jpg?ver=1777497608\",\"contentUrl\":\"https:\\\/\\\/www.ucaldas.edu.co\\\/portal\\\/wp-content\\\/litespeed\\\/avatar\\\/09ea5085e600095a7a811142c6944527.jpg?ver=1777497608\",\"caption\":\"ofiprensa\"},\"url\":\"https:\\\/\\\/www.ucaldas.edu.co\\\/portal\\\/author\\\/ofiprensa\\\/\"}]}<\/script>\n<!-- \/ Yoast SEO plugin. -->","yoast_head_json":{"title":"S\u00e9ptimo Encuentro Nacional de Estudiantes de Antropolog\u00eda y Arqueolog\u00eda tuvo participaci\u00f3n U. de Caldas .","robots":{"index":"index","follow":"follow","max-snippet":"max-snippet:-1","max-image-preview":"max-image-preview:large","max-video-preview":"max-video-preview:-1"},"canonical":"https:\/\/www.ucaldas.edu.co\/portal\/septimo-encuentro-nacional-de-estudiantes-de-antropologia-y-arqueologia-tuvo-participacion-u-de-caldas\/","schema":{"@context":"https:\/\/schema.org","@graph":[{"@type":"Article","@id":"https:\/\/www.ucaldas.edu.co\/portal\/septimo-encuentro-nacional-de-estudiantes-de-antropologia-y-arqueologia-tuvo-participacion-u-de-caldas\/#article","isPartOf":{"@id":"https:\/\/www.ucaldas.edu.co\/portal\/septimo-encuentro-nacional-de-estudiantes-de-antropologia-y-arqueologia-tuvo-participacion-u-de-caldas\/"},"author":{"name":"ofiprensa","@id":"https:\/\/www.ucaldas.edu.co\/portal\/#\/schema\/person\/a1b482e23449158b4bc319926c074fdf"},"headline":"S\u00e9ptimo Encuentro Nacional de Estudiantes de Antropolog\u00eda y Arqueolog\u00eda tuvo participaci\u00f3n U. de Caldas","datePublished":"2018-09-26T21:24:53+00:00","mainEntityOfPage":{"@id":"https:\/\/www.ucaldas.edu.co\/portal\/septimo-encuentro-nacional-de-estudiantes-de-antropologia-y-arqueologia-tuvo-participacion-u-de-caldas\/"},"wordCount":236,"publisher":{"@id":"https:\/\/www.ucaldas.edu.co\/portal\/#organization"},"image":{"@id":"https:\/\/www.ucaldas.edu.co\/portal\/septimo-encuentro-nacional-de-estudiantes-de-antropologia-y-arqueologia-tuvo-participacion-u-de-caldas\/#primaryimage"},"thumbnailUrl":"https:\/\/www.ucaldas.edu.co\/portal\/wp-content\/uploads\/2018\/09\/congresoantropologia-compressor.jpeg","keywords":["academia","participaci\u00f3n","S\u00e9ptimo Encuentro Nacional de Estudiantes de Antropolog\u00eda y Arqueolog\u00eda"],"articleSection":["Actualidad","Universidad al D\u00eda","UCaldas Activa"],"inLanguage":"es"},{"@type":"WebPage","@id":"https:\/\/www.ucaldas.edu.co\/portal\/septimo-encuentro-nacional-de-estudiantes-de-antropologia-y-arqueologia-tuvo-participacion-u-de-caldas\/","url":"https:\/\/www.ucaldas.edu.co\/portal\/septimo-encuentro-nacional-de-estudiantes-de-antropologia-y-arqueologia-tuvo-participacion-u-de-caldas\/","name":"S\u00e9ptimo Encuentro Nacional de Estudiantes de Antropolog\u00eda y Arqueolog\u00eda tuvo participaci\u00f3n U. de Caldas .","isPartOf":{"@id":"https:\/\/www.ucaldas.edu.co\/portal\/#website"},"primaryImageOfPage":{"@id":"https:\/\/www.ucaldas.edu.co\/portal\/septimo-encuentro-nacional-de-estudiantes-de-antropologia-y-arqueologia-tuvo-participacion-u-de-caldas\/#primaryimage"},"image":{"@id":"https:\/\/www.ucaldas.edu.co\/portal\/septimo-encuentro-nacional-de-estudiantes-de-antropologia-y-arqueologia-tuvo-participacion-u-de-caldas\/#primaryimage"},"thumbnailUrl":"https:\/\/www.ucaldas.edu.co\/portal\/wp-content\/uploads\/2018\/09\/congresoantropologia-compressor.jpeg","datePublished":"2018-09-26T21:24:53+00:00","breadcrumb":{"@id":"https:\/\/www.ucaldas.edu.co\/portal\/septimo-encuentro-nacional-de-estudiantes-de-antropologia-y-arqueologia-tuvo-participacion-u-de-caldas\/#breadcrumb"},"inLanguage":"es","potentialAction":[{"@type":"ReadAction","target":["https:\/\/www.ucaldas.edu.co\/portal\/septimo-encuentro-nacional-de-estudiantes-de-antropologia-y-arqueologia-tuvo-participacion-u-de-caldas\/"]}]},{"@type":"ImageObject","inLanguage":"es","@id":"https:\/\/www.ucaldas.edu.co\/portal\/septimo-encuentro-nacional-de-estudiantes-de-antropologia-y-arqueologia-tuvo-participacion-u-de-caldas\/#primaryimage","url":"https:\/\/www.ucaldas.edu.co\/portal\/wp-content\/uploads\/2018\/09\/congresoantropologia-compressor.jpeg","contentUrl":"https:\/\/www.ucaldas.edu.co\/portal\/wp-content\/uploads\/2018\/09\/congresoantropologia-compressor.jpeg","width":700,"height":399},{"@type":"BreadcrumbList","@id":"https:\/\/www.ucaldas.edu.co\/portal\/septimo-encuentro-nacional-de-estudiantes-de-antropologia-y-arqueologia-tuvo-participacion-u-de-caldas\/#breadcrumb","itemListElement":[{"@type":"ListItem","position":1,"name":"Portada","item":"https:\/\/www.ucaldas.edu.co\/portal\/"},{"@type":"ListItem","position":2,"name":"S\u00e9ptimo Encuentro Nacional de Estudiantes de Antropolog\u00eda y Arqueolog\u00eda tuvo participaci\u00f3n U. de Caldas"}]},{"@type":"WebSite","@id":"https:\/\/www.ucaldas.edu.co\/portal\/#website","url":"https:\/\/www.ucaldas.edu.co\/portal\/","name":"Universidad de Caldas","description":"","publisher":{"@id":"https:\/\/www.ucaldas.edu.co\/portal\/#organization"},"alternateName":"U. de Caldas","potentialAction":[{"@type":"SearchAction","target":{"@type":"EntryPoint","urlTemplate":"https:\/\/www.ucaldas.edu.co\/portal\/?s={search_term_string}"},"query-input":{"@type":"PropertyValueSpecification","valueRequired":true,"valueName":"search_term_string"}}],"inLanguage":"es"},{"@type":"Organization","@id":"https:\/\/www.ucaldas.edu.co\/portal\/#organization","name":"Universidad de Caldas","alternateName":"U. de Caldas","url":"https:\/\/www.ucaldas.edu.co\/portal\/","logo":{"@type":"ImageObject","inLanguage":"es","@id":"https:\/\/www.ucaldas.edu.co\/portal\/#\/schema\/logo\/image\/","url":"https:\/\/www.ucaldas.edu.co\/portal\/wp-content\/uploads\/2023\/11\/Logo_horizontal_oscuroU-2023.png","contentUrl":"https:\/\/www.ucaldas.edu.co\/portal\/wp-content\/uploads\/2023\/11\/Logo_horizontal_oscuroU-2023.png","width":263,"height":101,"caption":"Universidad de Caldas"},"image":{"@id":"https:\/\/www.ucaldas.edu.co\/portal\/#\/schema\/logo\/image\/"},"sameAs":["https:\/\/www.facebook.com\/udecaldas","https:\/\/x.com\/udecaldas","https:\/\/www.youtube.com\/universidadcaldas","https:\/\/www.instagram.com\/udecaldas\/"]},{"@type":"Person","@id":"https:\/\/www.ucaldas.edu.co\/portal\/#\/schema\/person\/a1b482e23449158b4bc319926c074fdf","name":"ofiprensa","image":{"@type":"ImageObject","inLanguage":"es","@id":"https:\/\/www.ucaldas.edu.co\/portal\/wp-content\/litespeed\/avatar\/09ea5085e600095a7a811142c6944527.jpg?ver=1777497608","url":"https:\/\/www.ucaldas.edu.co\/portal\/wp-content\/litespeed\/avatar\/09ea5085e600095a7a811142c6944527.jpg?ver=1777497608","contentUrl":"https:\/\/www.ucaldas.edu.co\/portal\/wp-content\/litespeed\/avatar\/09ea5085e600095a7a811142c6944527.jpg?ver=1777497608","caption":"ofiprensa"},"url":"https:\/\/www.ucaldas.edu.co\/portal\/author\/ofiprensa\/"}]}},"_links":{"self":[{"href":"https:\/\/www.ucaldas.edu.co\/portal\/wp-json\/wp\/v2\/posts\/43195","targetHints":{"allow":["GET"]}}],"collection":[{"href":"https:\/\/www.ucaldas.edu.co\/portal\/wp-json\/wp\/v2\/posts"}],"about":[{"href":"https:\/\/www.ucaldas.edu.co\/portal\/wp-json\/wp\/v2\/types\/post"}],"author":[{"embeddable":true,"href":"https:\/\/www.ucaldas.edu.co\/portal\/wp-json\/wp\/v2\/users\/2"}],"replies":[{"embeddable":true,"href":"https:\/\/www.ucaldas.edu.co\/portal\/wp-json\/wp\/v2\/comments?post=43195"}],"version-history":[{"count":0,"href":"https:\/\/www.ucaldas.edu.co\/portal\/wp-json\/wp\/v2\/posts\/43195\/revisions"}],"wp:featuredmedia":[{"embeddable":true,"href":"https:\/\/www.ucaldas.edu.co\/portal\/wp-json\/wp\/v2\/media\/43196"}],"wp:attachment":[{"href":"https:\/\/www.ucaldas.edu.co\/portal\/wp-json\/wp\/v2\/media?parent=43195"}],"wp:term":[{"taxonomy":"category","embeddable":true,"href":"https:\/\/www.ucaldas.edu.co\/portal\/wp-json\/wp\/v2\/categories?post=43195"},{"taxonomy":"post_tag","embeddable":true,"href":"https:\/\/www.ucaldas.edu.co\/portal\/wp-json\/wp\/v2\/tags?post=43195"}],"curies":[{"name":"wp","href":"https:\/\/api.w.org\/{rel}","templated":true}]}}