{"id":43114,"date":"2018-09-24T21:23:37","date_gmt":"2018-09-24T21:23:37","guid":{"rendered":"https:\/\/www.ucaldas.edu.co\/portal\/?p=43114"},"modified":"2018-09-24T21:23:37","modified_gmt":"2018-09-24T21:23:37","slug":"cuarto-seminario-internacional-de-percusion-y-piano-cubano","status":"publish","type":"post","link":"https:\/\/www.ucaldas.edu.co\/portal\/cuarto-seminario-internacional-de-percusion-y-piano-cubano\/","title":{"rendered":"Cuarto Seminario Internacional de Percusi\u00f3n y Piano Cubano"},"content":{"rendered":"<p style=\"text-align: center;\">CERTIFICADO AVALADO POR LA UNIVERSIDAD DE CALDAS Y LA UNIVERSIDAD DE LAS ARTES ISA DE CUBA.<\/p>\n<p style=\"text-align: center;\"><strong>Cuarto Seminario Internacional de Percusi\u00f3n y Piano Cubano<\/strong><\/p>\n<p style=\"text-align: right;\">24\/9\/2018<\/p>\n<p><img loading=\"lazy\" decoding=\"async\" class=\"alignnone size-full wp-image-43115 aligncenter\" src=\"https:\/\/www.ucaldas.edu.co\/portal\/wp-content\/uploads\/2018\/09\/seminariopiano-compressor-1.jpg\" alt=\"\" width=\"700\" height=\"400\" srcset=\"https:\/\/www.ucaldas.edu.co\/portal\/wp-content\/uploads\/2018\/09\/seminariopiano-compressor-1.jpg 700w, https:\/\/www.ucaldas.edu.co\/portal\/wp-content\/uploads\/2018\/09\/seminariopiano-compressor-1-300x171.jpg 300w\" sizes=\"auto, (max-width: 700px) 100vw, 700px\" \/>Entre el 25 y el 27 de septiembre la Universidad de Caldas ser\u00e1 sede del <strong>Cuarto Seminario Internacional de Percusi\u00f3n y Piano Cubano <\/strong>organizado por la<strong> Facultad de Artes y Humanidades a trav\u00e9s del Departamento de M\u00fasica c<\/strong>on el apoyo de la <strong>Universidad de las Artes ISA de Cuba.<\/strong><\/p>\n<p><strong>\u00a0<\/strong><!--more--><\/p>\n<p>La actividad est\u00e1 dirigida\u00a0a\u00a0 instrumentistas, acad\u00e9micos, compositores, arreglistas, y p\u00fablico en general, con el fin de conocer o profundizar sus conocimientos en la m\u00fasica Afro Latina. Los asistentes al Cuarto Seminario de Percusi\u00f3n y Piano Cubano obtendr\u00e1n certificado avalado por la Universidad de Caldas y la Universidad de las Artes ISA de Cuba.<\/p>\n<p>La agenda acad\u00e9mica contar\u00e1 \u00a0con artistas e investigadores de primera l\u00ednea en el mundo de la m\u00fasica, para llevar a cabo conferencias como: dos tradiciones de la Santer\u00eda Yoruba en Cuba, dos tradiciones paleras de los Congos en Cuba, de la Religi\u00f3n Abaku\u00e1 a la cultura Carabal\u00ed en Afroam\u00e9rica, de la Religi\u00f3n Abaku\u00e1 a la cultura Carabal\u00ed en Afroam\u00e9rica, entre otros.<\/p>\n<p><strong>Concierto de cierre<\/strong><\/p>\n<p>Con la actuaci\u00f3n de Walking Jazz Big Band y los m\u00fasicos invitados: Emilio Morales Ruiz (Piano), Juan Carlos Rojas Castro \u201cEl Peje\u201d (Bater\u00eda), Tom\u00e1s Ramos Ortiz \u201cPanga\u201d (Tumbadoras), se cerrar\u00e1 el \u00a0IV Seminario Internacional de Percusi\u00f3n y Piano Cubano el pr\u00f3ximo 29 de septiembre en el Teatro 8 de Junio Universidad de Caldas.<\/p>\n<p>La direcci\u00f3n general estar\u00e1 a cargo de Luis Guillermo Morales, director del proyecto Walking desde 1989. \u00a0El ingreso al concierto tiene un valor $13 mil.<\/p>\n<p><a href=\"https:\/\/www.ucaldas.edu.co\/portal\/wp-content\/uploads\/2018\/09\/Seminario-2.pdf\">Conozca aqu\u00ed la agenda y detalles del IV Seminario Internacional de Percusi\u00f3n y Piano Cubano<\/a><\/p>\n<p><strong>Informes:\u00a0<\/strong>Oficina de Comunicaciones y Prensa U. de Caldas, tel\u00e9fono 878 15 00 extensi\u00f3n 12 167.<\/p>\n<p><strong>Redacci\u00f3n:\u00a0<\/strong>Daniela S\u00e1nchez R\u00edos<\/p>\n<p>&nbsp;<\/p>\n","protected":false},"excerpt":{"rendered":"<p>CERTIFICADO AVALADO POR LA UNIVERSIDAD DE CALDAS Y LA UNIVERSIDAD DE LAS ARTES ISA DE CUBA. Cuarto Seminario Internacional de Percusi\u00f3n y Piano Cubano 24\/9\/2018 Entre el 25 y el 27 de septiembre la Universidad de Caldas ser\u00e1 sede del Cuarto Seminario Internacional de Percusi\u00f3n y Piano Cubano organizado por la Facultad de Artes y [&hellip;]<\/p>\n","protected":false},"author":2,"featured_media":43115,"comment_status":"closed","ping_status":"open","sticky":false,"template":"","format":"standard","meta":{"footnotes":""},"categories":[48,53,664],"tags":[57,63,68,99,2376],"class_list":["post-43114","post","type-post","status-publish","format-standard","has-post-thumbnail","hentry","category-actualidad","category-universidad-al-dia","category-ucaldas-cultural","tag-seminario","tag-participe","tag-invitado","tag-cultural","tag-piano"],"yoast_head":"<!-- This site is optimized with the Yoast SEO plugin v27.5 - https:\/\/yoast.com\/product\/yoast-seo-wordpress\/ -->\n<title>Cuarto Seminario Internacional de Percusi\u00f3n y Piano Cubano .<\/title>\n<meta name=\"robots\" content=\"index, follow, max-snippet:-1, max-image-preview:large, max-video-preview:-1\" \/>\n<link rel=\"canonical\" href=\"https:\/\/www.ucaldas.edu.co\/portal\/cuarto-seminario-internacional-de-percusion-y-piano-cubano\/\" \/>\n<script type=\"application\/ld+json\" class=\"yoast-schema-graph\">{\"@context\":\"https:\\\/\\\/schema.org\",\"@graph\":[{\"@type\":\"Article\",\"@id\":\"https:\\\/\\\/www.ucaldas.edu.co\\\/portal\\\/cuarto-seminario-internacional-de-percusion-y-piano-cubano\\\/#article\",\"isPartOf\":{\"@id\":\"https:\\\/\\\/www.ucaldas.edu.co\\\/portal\\\/cuarto-seminario-internacional-de-percusion-y-piano-cubano\\\/\"},\"author\":{\"name\":\"ofiprensa\",\"@id\":\"https:\\\/\\\/www.ucaldas.edu.co\\\/portal\\\/#\\\/schema\\\/person\\\/a1b482e23449158b4bc319926c074fdf\"},\"headline\":\"Cuarto Seminario Internacional de Percusi\u00f3n y Piano Cubano\",\"datePublished\":\"2018-09-24T21:23:37+00:00\",\"mainEntityOfPage\":{\"@id\":\"https:\\\/\\\/www.ucaldas.edu.co\\\/portal\\\/cuarto-seminario-internacional-de-percusion-y-piano-cubano\\\/\"},\"wordCount\":333,\"publisher\":{\"@id\":\"https:\\\/\\\/www.ucaldas.edu.co\\\/portal\\\/#organization\"},\"image\":{\"@id\":\"https:\\\/\\\/www.ucaldas.edu.co\\\/portal\\\/cuarto-seminario-internacional-de-percusion-y-piano-cubano\\\/#primaryimage\"},\"thumbnailUrl\":\"https:\\\/\\\/www.ucaldas.edu.co\\\/portal\\\/wp-content\\\/uploads\\\/2018\\\/09\\\/seminariopiano-compressor-1.jpg\",\"keywords\":[\"seminario\",\"Participe\",\"invitado\",\"Cultural\",\"piano\"],\"articleSection\":[\"Actualidad\",\"Universidad al D\u00eda\",\"UCaldas Cultural\"],\"inLanguage\":\"es\"},{\"@type\":\"WebPage\",\"@id\":\"https:\\\/\\\/www.ucaldas.edu.co\\\/portal\\\/cuarto-seminario-internacional-de-percusion-y-piano-cubano\\\/\",\"url\":\"https:\\\/\\\/www.ucaldas.edu.co\\\/portal\\\/cuarto-seminario-internacional-de-percusion-y-piano-cubano\\\/\",\"name\":\"Cuarto Seminario Internacional de Percusi\u00f3n y Piano Cubano .\",\"isPartOf\":{\"@id\":\"https:\\\/\\\/www.ucaldas.edu.co\\\/portal\\\/#website\"},\"primaryImageOfPage\":{\"@id\":\"https:\\\/\\\/www.ucaldas.edu.co\\\/portal\\\/cuarto-seminario-internacional-de-percusion-y-piano-cubano\\\/#primaryimage\"},\"image\":{\"@id\":\"https:\\\/\\\/www.ucaldas.edu.co\\\/portal\\\/cuarto-seminario-internacional-de-percusion-y-piano-cubano\\\/#primaryimage\"},\"thumbnailUrl\":\"https:\\\/\\\/www.ucaldas.edu.co\\\/portal\\\/wp-content\\\/uploads\\\/2018\\\/09\\\/seminariopiano-compressor-1.jpg\",\"datePublished\":\"2018-09-24T21:23:37+00:00\",\"breadcrumb\":{\"@id\":\"https:\\\/\\\/www.ucaldas.edu.co\\\/portal\\\/cuarto-seminario-internacional-de-percusion-y-piano-cubano\\\/#breadcrumb\"},\"inLanguage\":\"es\",\"potentialAction\":[{\"@type\":\"ReadAction\",\"target\":[\"https:\\\/\\\/www.ucaldas.edu.co\\\/portal\\\/cuarto-seminario-internacional-de-percusion-y-piano-cubano\\\/\"]}]},{\"@type\":\"ImageObject\",\"inLanguage\":\"es\",\"@id\":\"https:\\\/\\\/www.ucaldas.edu.co\\\/portal\\\/cuarto-seminario-internacional-de-percusion-y-piano-cubano\\\/#primaryimage\",\"url\":\"https:\\\/\\\/www.ucaldas.edu.co\\\/portal\\\/wp-content\\\/uploads\\\/2018\\\/09\\\/seminariopiano-compressor-1.jpg\",\"contentUrl\":\"https:\\\/\\\/www.ucaldas.edu.co\\\/portal\\\/wp-content\\\/uploads\\\/2018\\\/09\\\/seminariopiano-compressor-1.jpg\",\"width\":700,\"height\":400},{\"@type\":\"BreadcrumbList\",\"@id\":\"https:\\\/\\\/www.ucaldas.edu.co\\\/portal\\\/cuarto-seminario-internacional-de-percusion-y-piano-cubano\\\/#breadcrumb\",\"itemListElement\":[{\"@type\":\"ListItem\",\"position\":1,\"name\":\"Portada\",\"item\":\"https:\\\/\\\/www.ucaldas.edu.co\\\/portal\\\/\"},{\"@type\":\"ListItem\",\"position\":2,\"name\":\"Cuarto Seminario Internacional de Percusi\u00f3n y Piano Cubano\"}]},{\"@type\":\"WebSite\",\"@id\":\"https:\\\/\\\/www.ucaldas.edu.co\\\/portal\\\/#website\",\"url\":\"https:\\\/\\\/www.ucaldas.edu.co\\\/portal\\\/\",\"name\":\"Universidad de Caldas\",\"description\":\"\",\"publisher\":{\"@id\":\"https:\\\/\\\/www.ucaldas.edu.co\\\/portal\\\/#organization\"},\"alternateName\":\"U. de Caldas\",\"potentialAction\":[{\"@type\":\"SearchAction\",\"target\":{\"@type\":\"EntryPoint\",\"urlTemplate\":\"https:\\\/\\\/www.ucaldas.edu.co\\\/portal\\\/?s={search_term_string}\"},\"query-input\":{\"@type\":\"PropertyValueSpecification\",\"valueRequired\":true,\"valueName\":\"search_term_string\"}}],\"inLanguage\":\"es\"},{\"@type\":\"Organization\",\"@id\":\"https:\\\/\\\/www.ucaldas.edu.co\\\/portal\\\/#organization\",\"name\":\"Universidad de Caldas\",\"alternateName\":\"U. de Caldas\",\"url\":\"https:\\\/\\\/www.ucaldas.edu.co\\\/portal\\\/\",\"logo\":{\"@type\":\"ImageObject\",\"inLanguage\":\"es\",\"@id\":\"https:\\\/\\\/www.ucaldas.edu.co\\\/portal\\\/#\\\/schema\\\/logo\\\/image\\\/\",\"url\":\"https:\\\/\\\/www.ucaldas.edu.co\\\/portal\\\/wp-content\\\/uploads\\\/2023\\\/11\\\/Logo_horizontal_oscuroU-2023.png\",\"contentUrl\":\"https:\\\/\\\/www.ucaldas.edu.co\\\/portal\\\/wp-content\\\/uploads\\\/2023\\\/11\\\/Logo_horizontal_oscuroU-2023.png\",\"width\":263,\"height\":101,\"caption\":\"Universidad de Caldas\"},\"image\":{\"@id\":\"https:\\\/\\\/www.ucaldas.edu.co\\\/portal\\\/#\\\/schema\\\/logo\\\/image\\\/\"},\"sameAs\":[\"https:\\\/\\\/www.facebook.com\\\/udecaldas\",\"https:\\\/\\\/x.com\\\/udecaldas\",\"https:\\\/\\\/www.youtube.com\\\/universidadcaldas\",\"https:\\\/\\\/www.instagram.com\\\/udecaldas\\\/\"]},{\"@type\":\"Person\",\"@id\":\"https:\\\/\\\/www.ucaldas.edu.co\\\/portal\\\/#\\\/schema\\\/person\\\/a1b482e23449158b4bc319926c074fdf\",\"name\":\"ofiprensa\",\"image\":{\"@type\":\"ImageObject\",\"inLanguage\":\"es\",\"@id\":\"https:\\\/\\\/www.ucaldas.edu.co\\\/portal\\\/wp-content\\\/litespeed\\\/avatar\\\/09ea5085e600095a7a811142c6944527.jpg?ver=1777497608\",\"url\":\"https:\\\/\\\/www.ucaldas.edu.co\\\/portal\\\/wp-content\\\/litespeed\\\/avatar\\\/09ea5085e600095a7a811142c6944527.jpg?ver=1777497608\",\"contentUrl\":\"https:\\\/\\\/www.ucaldas.edu.co\\\/portal\\\/wp-content\\\/litespeed\\\/avatar\\\/09ea5085e600095a7a811142c6944527.jpg?ver=1777497608\",\"caption\":\"ofiprensa\"},\"url\":\"https:\\\/\\\/www.ucaldas.edu.co\\\/portal\\\/author\\\/ofiprensa\\\/\"}]}<\/script>\n<!-- \/ Yoast SEO plugin. -->","yoast_head_json":{"title":"Cuarto Seminario Internacional de Percusi\u00f3n y Piano Cubano .","robots":{"index":"index","follow":"follow","max-snippet":"max-snippet:-1","max-image-preview":"max-image-preview:large","max-video-preview":"max-video-preview:-1"},"canonical":"https:\/\/www.ucaldas.edu.co\/portal\/cuarto-seminario-internacional-de-percusion-y-piano-cubano\/","schema":{"@context":"https:\/\/schema.org","@graph":[{"@type":"Article","@id":"https:\/\/www.ucaldas.edu.co\/portal\/cuarto-seminario-internacional-de-percusion-y-piano-cubano\/#article","isPartOf":{"@id":"https:\/\/www.ucaldas.edu.co\/portal\/cuarto-seminario-internacional-de-percusion-y-piano-cubano\/"},"author":{"name":"ofiprensa","@id":"https:\/\/www.ucaldas.edu.co\/portal\/#\/schema\/person\/a1b482e23449158b4bc319926c074fdf"},"headline":"Cuarto Seminario Internacional de Percusi\u00f3n y Piano Cubano","datePublished":"2018-09-24T21:23:37+00:00","mainEntityOfPage":{"@id":"https:\/\/www.ucaldas.edu.co\/portal\/cuarto-seminario-internacional-de-percusion-y-piano-cubano\/"},"wordCount":333,"publisher":{"@id":"https:\/\/www.ucaldas.edu.co\/portal\/#organization"},"image":{"@id":"https:\/\/www.ucaldas.edu.co\/portal\/cuarto-seminario-internacional-de-percusion-y-piano-cubano\/#primaryimage"},"thumbnailUrl":"https:\/\/www.ucaldas.edu.co\/portal\/wp-content\/uploads\/2018\/09\/seminariopiano-compressor-1.jpg","keywords":["seminario","Participe","invitado","Cultural","piano"],"articleSection":["Actualidad","Universidad al D\u00eda","UCaldas Cultural"],"inLanguage":"es"},{"@type":"WebPage","@id":"https:\/\/www.ucaldas.edu.co\/portal\/cuarto-seminario-internacional-de-percusion-y-piano-cubano\/","url":"https:\/\/www.ucaldas.edu.co\/portal\/cuarto-seminario-internacional-de-percusion-y-piano-cubano\/","name":"Cuarto Seminario Internacional de Percusi\u00f3n y Piano Cubano .","isPartOf":{"@id":"https:\/\/www.ucaldas.edu.co\/portal\/#website"},"primaryImageOfPage":{"@id":"https:\/\/www.ucaldas.edu.co\/portal\/cuarto-seminario-internacional-de-percusion-y-piano-cubano\/#primaryimage"},"image":{"@id":"https:\/\/www.ucaldas.edu.co\/portal\/cuarto-seminario-internacional-de-percusion-y-piano-cubano\/#primaryimage"},"thumbnailUrl":"https:\/\/www.ucaldas.edu.co\/portal\/wp-content\/uploads\/2018\/09\/seminariopiano-compressor-1.jpg","datePublished":"2018-09-24T21:23:37+00:00","breadcrumb":{"@id":"https:\/\/www.ucaldas.edu.co\/portal\/cuarto-seminario-internacional-de-percusion-y-piano-cubano\/#breadcrumb"},"inLanguage":"es","potentialAction":[{"@type":"ReadAction","target":["https:\/\/www.ucaldas.edu.co\/portal\/cuarto-seminario-internacional-de-percusion-y-piano-cubano\/"]}]},{"@type":"ImageObject","inLanguage":"es","@id":"https:\/\/www.ucaldas.edu.co\/portal\/cuarto-seminario-internacional-de-percusion-y-piano-cubano\/#primaryimage","url":"https:\/\/www.ucaldas.edu.co\/portal\/wp-content\/uploads\/2018\/09\/seminariopiano-compressor-1.jpg","contentUrl":"https:\/\/www.ucaldas.edu.co\/portal\/wp-content\/uploads\/2018\/09\/seminariopiano-compressor-1.jpg","width":700,"height":400},{"@type":"BreadcrumbList","@id":"https:\/\/www.ucaldas.edu.co\/portal\/cuarto-seminario-internacional-de-percusion-y-piano-cubano\/#breadcrumb","itemListElement":[{"@type":"ListItem","position":1,"name":"Portada","item":"https:\/\/www.ucaldas.edu.co\/portal\/"},{"@type":"ListItem","position":2,"name":"Cuarto Seminario Internacional de Percusi\u00f3n y Piano Cubano"}]},{"@type":"WebSite","@id":"https:\/\/www.ucaldas.edu.co\/portal\/#website","url":"https:\/\/www.ucaldas.edu.co\/portal\/","name":"Universidad de Caldas","description":"","publisher":{"@id":"https:\/\/www.ucaldas.edu.co\/portal\/#organization"},"alternateName":"U. de Caldas","potentialAction":[{"@type":"SearchAction","target":{"@type":"EntryPoint","urlTemplate":"https:\/\/www.ucaldas.edu.co\/portal\/?s={search_term_string}"},"query-input":{"@type":"PropertyValueSpecification","valueRequired":true,"valueName":"search_term_string"}}],"inLanguage":"es"},{"@type":"Organization","@id":"https:\/\/www.ucaldas.edu.co\/portal\/#organization","name":"Universidad de Caldas","alternateName":"U. de Caldas","url":"https:\/\/www.ucaldas.edu.co\/portal\/","logo":{"@type":"ImageObject","inLanguage":"es","@id":"https:\/\/www.ucaldas.edu.co\/portal\/#\/schema\/logo\/image\/","url":"https:\/\/www.ucaldas.edu.co\/portal\/wp-content\/uploads\/2023\/11\/Logo_horizontal_oscuroU-2023.png","contentUrl":"https:\/\/www.ucaldas.edu.co\/portal\/wp-content\/uploads\/2023\/11\/Logo_horizontal_oscuroU-2023.png","width":263,"height":101,"caption":"Universidad de Caldas"},"image":{"@id":"https:\/\/www.ucaldas.edu.co\/portal\/#\/schema\/logo\/image\/"},"sameAs":["https:\/\/www.facebook.com\/udecaldas","https:\/\/x.com\/udecaldas","https:\/\/www.youtube.com\/universidadcaldas","https:\/\/www.instagram.com\/udecaldas\/"]},{"@type":"Person","@id":"https:\/\/www.ucaldas.edu.co\/portal\/#\/schema\/person\/a1b482e23449158b4bc319926c074fdf","name":"ofiprensa","image":{"@type":"ImageObject","inLanguage":"es","@id":"https:\/\/www.ucaldas.edu.co\/portal\/wp-content\/litespeed\/avatar\/09ea5085e600095a7a811142c6944527.jpg?ver=1777497608","url":"https:\/\/www.ucaldas.edu.co\/portal\/wp-content\/litespeed\/avatar\/09ea5085e600095a7a811142c6944527.jpg?ver=1777497608","contentUrl":"https:\/\/www.ucaldas.edu.co\/portal\/wp-content\/litespeed\/avatar\/09ea5085e600095a7a811142c6944527.jpg?ver=1777497608","caption":"ofiprensa"},"url":"https:\/\/www.ucaldas.edu.co\/portal\/author\/ofiprensa\/"}]}},"_links":{"self":[{"href":"https:\/\/www.ucaldas.edu.co\/portal\/wp-json\/wp\/v2\/posts\/43114","targetHints":{"allow":["GET"]}}],"collection":[{"href":"https:\/\/www.ucaldas.edu.co\/portal\/wp-json\/wp\/v2\/posts"}],"about":[{"href":"https:\/\/www.ucaldas.edu.co\/portal\/wp-json\/wp\/v2\/types\/post"}],"author":[{"embeddable":true,"href":"https:\/\/www.ucaldas.edu.co\/portal\/wp-json\/wp\/v2\/users\/2"}],"replies":[{"embeddable":true,"href":"https:\/\/www.ucaldas.edu.co\/portal\/wp-json\/wp\/v2\/comments?post=43114"}],"version-history":[{"count":0,"href":"https:\/\/www.ucaldas.edu.co\/portal\/wp-json\/wp\/v2\/posts\/43114\/revisions"}],"wp:featuredmedia":[{"embeddable":true,"href":"https:\/\/www.ucaldas.edu.co\/portal\/wp-json\/wp\/v2\/media\/43115"}],"wp:attachment":[{"href":"https:\/\/www.ucaldas.edu.co\/portal\/wp-json\/wp\/v2\/media?parent=43114"}],"wp:term":[{"taxonomy":"category","embeddable":true,"href":"https:\/\/www.ucaldas.edu.co\/portal\/wp-json\/wp\/v2\/categories?post=43114"},{"taxonomy":"post_tag","embeddable":true,"href":"https:\/\/www.ucaldas.edu.co\/portal\/wp-json\/wp\/v2\/tags?post=43114"}],"curies":[{"name":"wp","href":"https:\/\/api.w.org\/{rel}","templated":true}]}}