{"id":43030,"date":"2018-09-19T20:40:51","date_gmt":"2018-09-19T20:40:51","guid":{"rendered":"https:\/\/www.ucaldas.edu.co\/portal\/?p=43030"},"modified":"2018-09-19T20:40:51","modified_gmt":"2018-09-19T20:40:51","slug":"u-de-caldas-presenta-obra-en-el-museo-de-antropologia-y-arte-contemporaneo-de-guayaquil-ecuador","status":"publish","type":"post","link":"https:\/\/www.ucaldas.edu.co\/portal\/u-de-caldas-presenta-obra-en-el-museo-de-antropologia-y-arte-contemporaneo-de-guayaquil-ecuador\/","title":{"rendered":"U. de Caldas presenta obra en el \u00a0Museo de Antropolog\u00eda y Arte Contempor\u00e1neo de Guayaquil (Ecuador)"},"content":{"rendered":"<p style=\"text-align: center;\">SE TRATA DEL MONTAJE TITULADO \u201cREFLEJOS\u201d<br \/>\n<strong>U. de Caldas presenta obra en el \u00a0Museo de Antropolog\u00eda y Arte Contempor\u00e1neo de Guayaquil (Ecuador)<\/strong><\/p>\n<p style=\"text-align: right;\"><strong><br \/>\n<\/strong>19\/9\/2018<\/p>\n<p><img loading=\"lazy\" decoding=\"async\" class=\"aligncenter wp-image-43031 size-large\" src=\"https:\/\/www.ucaldas.edu.co\/portal\/wp-content\/uploads\/2018\/09\/WhatsApp-Image-2018-09-19-at-12.49.02-PM-1024x576.jpeg\" alt=\"\" width=\"1024\" height=\"576\" srcset=\"https:\/\/www.ucaldas.edu.co\/portal\/wp-content\/uploads\/2018\/09\/WhatsApp-Image-2018-09-19-at-12.49.02-PM-1024x576.jpeg 1024w, https:\/\/www.ucaldas.edu.co\/portal\/wp-content\/uploads\/2018\/09\/WhatsApp-Image-2018-09-19-at-12.49.02-PM-300x169.jpeg 300w, https:\/\/www.ucaldas.edu.co\/portal\/wp-content\/uploads\/2018\/09\/WhatsApp-Image-2018-09-19-at-12.49.02-PM-768x432.jpeg 768w, https:\/\/www.ucaldas.edu.co\/portal\/wp-content\/uploads\/2018\/09\/WhatsApp-Image-2018-09-19-at-12.49.02-PM.jpeg 1280w\" sizes=\"auto, (max-width: 1024px) 100vw, 1024px\" \/>El <strong>profesor asociado al Departamento de Artes Esc\u00e9nicas de la Universidad de Caldas<\/strong>, Daniel Enrique Ariza G\u00f3mez, <strong>realiza la obra \u201cReflejos\u201d,<\/strong> en la comisi\u00f3n de servicios que realiza actualmente en Guayaquil (Ecuador).<\/p>\n<p><!--more--><\/p>\n<p>Este se inserta dentro de los procesos que viene desarrollando, desde el a\u00f1o 2017, la Corporaci\u00f3n Tragaluz (Quito, Ecuador) en el sector de Monte Sina\u00ed (Guayaquil, Ecuador).\u00a0 <strong>A este proceso se vincul\u00f3 desde este a\u00f1o la l\u00ednea de \u201cEst\u00e9ticas Esc\u00e9nicas Expandidas\u201d y el Colectivo Art\u00edstico Transdisciplinar \u201cAndr\u00f3meda 3.0\u201d del grupo de Investigaci\u00f3n Teatro, Cultura y Sociedad de la U. de Caldas. <\/strong><\/p>\n<p>&nbsp;<\/p>\n<p><strong>Esta alianza hizo posible la investigaci\u00f3n-creaci\u00f3n<\/strong> \u201cEl teatro y el performance, como herramienta para indagar posibilidades de expresi\u00f3n con j\u00f3venes en situaciones de riesgo\u201d, que dio como resultado la creaci\u00f3n del performance \u201cReflejos\u201d que ser\u00e1 presentado en el Museo de Antropolog\u00eda y Arte Contempor\u00e1neo de Guayaquil (MAAC).<\/p>\n<p>&nbsp;<\/p>\n<p><strong>Sobre la obra<\/strong><\/p>\n<p>Es una acci\u00f3n perform\u00e1tica que hace posible que 12 j\u00f3venes pertenecientes al Colegio R\u00e9plica 28 de Mayo (ubicado en el sector de Monte Sina\u00ed, ciudad de Guayaquil), expresen, a trav\u00e9s de sus cuerpos, diferentes pensamientos, sensaciones y palabras.<\/p>\n<p>&nbsp;<\/p>\n<p>La creaci\u00f3n estuvo inspirada en un trabajo autobiogr\u00e1fico de los j\u00f3venes y la construcci\u00f3n de partituras de movimiento de las cuales se desprendieron movimientos y coreograf\u00edas. \u201cReflejos\u201d ser\u00e1 presentada justo en el centro de la ciudad, frente al MAAC que est\u00e1 ubicado en el Malec\u00f3n 2.000. \u00a0La raz\u00f3n de ello es llegar con la obra desde la periferia al centro.<\/p>\n<p>&nbsp;<\/p>\n<p><strong>Informes: <\/strong>Oficina de Comunicaciones y Prensa U. de Caldas, tel\u00e9fono 878 15 00 extensi\u00f3n 12 167.<br \/>\n<strong>Redacci\u00f3n:<\/strong> Margarita Laverde<strong><\/p>\n<p><\/strong><\/p>\n","protected":false},"excerpt":{"rendered":"<p>SE TRATA DEL MONTAJE TITULADO \u201cREFLEJOS\u201d U. de Caldas presenta obra en el \u00a0Museo de Antropolog\u00eda y Arte Contempor\u00e1neo de Guayaquil (Ecuador) 19\/9\/2018 El profesor asociado al Departamento de Artes Esc\u00e9nicas de la Universidad de Caldas, Daniel Enrique Ariza G\u00f3mez, realiza la obra \u201cReflejos\u201d, en la comisi\u00f3n de servicios que realiza actualmente en Guayaquil (Ecuador).<\/p>\n","protected":false},"author":2,"featured_media":43031,"comment_status":"closed","ping_status":"open","sticky":false,"template":"","format":"standard","meta":{"footnotes":""},"categories":[48,53,664],"tags":[55,99,157,158,1870],"class_list":["post-43030","post","type-post","status-publish","format-standard","has-post-thumbnail","hentry","category-actualidad","category-universidad-al-dia","category-ucaldas-cultural","tag-academia","tag-cultural","tag-obra","tag-teatro","tag-ecuador"],"yoast_head":"<!-- This site is optimized with the Yoast SEO plugin v27.5 - https:\/\/yoast.com\/product\/yoast-seo-wordpress\/ -->\n<title>U. de Caldas presenta obra en el \u00a0Museo de Antropolog\u00eda y Arte Contempor\u00e1neo de Guayaquil (Ecuador) .<\/title>\n<meta name=\"robots\" content=\"index, follow, max-snippet:-1, max-image-preview:large, max-video-preview:-1\" \/>\n<link rel=\"canonical\" href=\"https:\/\/www.ucaldas.edu.co\/portal\/u-de-caldas-presenta-obra-en-el-museo-de-antropologia-y-arte-contemporaneo-de-guayaquil-ecuador\/\" \/>\n<script type=\"application\/ld+json\" class=\"yoast-schema-graph\">{\"@context\":\"https:\\\/\\\/schema.org\",\"@graph\":[{\"@type\":\"Article\",\"@id\":\"https:\\\/\\\/www.ucaldas.edu.co\\\/portal\\\/u-de-caldas-presenta-obra-en-el-museo-de-antropologia-y-arte-contemporaneo-de-guayaquil-ecuador\\\/#article\",\"isPartOf\":{\"@id\":\"https:\\\/\\\/www.ucaldas.edu.co\\\/portal\\\/u-de-caldas-presenta-obra-en-el-museo-de-antropologia-y-arte-contemporaneo-de-guayaquil-ecuador\\\/\"},\"author\":{\"name\":\"ofiprensa\",\"@id\":\"https:\\\/\\\/www.ucaldas.edu.co\\\/portal\\\/#\\\/schema\\\/person\\\/a1b482e23449158b4bc319926c074fdf\"},\"headline\":\"U. de Caldas presenta obra en el \u00a0Museo de Antropolog\u00eda y Arte Contempor\u00e1neo de Guayaquil (Ecuador)\",\"datePublished\":\"2018-09-19T20:40:51+00:00\",\"mainEntityOfPage\":{\"@id\":\"https:\\\/\\\/www.ucaldas.edu.co\\\/portal\\\/u-de-caldas-presenta-obra-en-el-museo-de-antropologia-y-arte-contemporaneo-de-guayaquil-ecuador\\\/\"},\"wordCount\":330,\"publisher\":{\"@id\":\"https:\\\/\\\/www.ucaldas.edu.co\\\/portal\\\/#organization\"},\"image\":{\"@id\":\"https:\\\/\\\/www.ucaldas.edu.co\\\/portal\\\/u-de-caldas-presenta-obra-en-el-museo-de-antropologia-y-arte-contemporaneo-de-guayaquil-ecuador\\\/#primaryimage\"},\"thumbnailUrl\":\"https:\\\/\\\/www.ucaldas.edu.co\\\/portal\\\/wp-content\\\/uploads\\\/2018\\\/09\\\/WhatsApp-Image-2018-09-19-at-12.49.02-PM.jpeg\",\"keywords\":[\"academia\",\"Cultural\",\"obra\",\"teatro\",\"Ecuador\"],\"articleSection\":[\"Actualidad\",\"Universidad al D\u00eda\",\"UCaldas Cultural\"],\"inLanguage\":\"es\"},{\"@type\":\"WebPage\",\"@id\":\"https:\\\/\\\/www.ucaldas.edu.co\\\/portal\\\/u-de-caldas-presenta-obra-en-el-museo-de-antropologia-y-arte-contemporaneo-de-guayaquil-ecuador\\\/\",\"url\":\"https:\\\/\\\/www.ucaldas.edu.co\\\/portal\\\/u-de-caldas-presenta-obra-en-el-museo-de-antropologia-y-arte-contemporaneo-de-guayaquil-ecuador\\\/\",\"name\":\"U. de Caldas presenta obra en el \u00a0Museo de Antropolog\u00eda y Arte Contempor\u00e1neo de Guayaquil (Ecuador) .\",\"isPartOf\":{\"@id\":\"https:\\\/\\\/www.ucaldas.edu.co\\\/portal\\\/#website\"},\"primaryImageOfPage\":{\"@id\":\"https:\\\/\\\/www.ucaldas.edu.co\\\/portal\\\/u-de-caldas-presenta-obra-en-el-museo-de-antropologia-y-arte-contemporaneo-de-guayaquil-ecuador\\\/#primaryimage\"},\"image\":{\"@id\":\"https:\\\/\\\/www.ucaldas.edu.co\\\/portal\\\/u-de-caldas-presenta-obra-en-el-museo-de-antropologia-y-arte-contemporaneo-de-guayaquil-ecuador\\\/#primaryimage\"},\"thumbnailUrl\":\"https:\\\/\\\/www.ucaldas.edu.co\\\/portal\\\/wp-content\\\/uploads\\\/2018\\\/09\\\/WhatsApp-Image-2018-09-19-at-12.49.02-PM.jpeg\",\"datePublished\":\"2018-09-19T20:40:51+00:00\",\"breadcrumb\":{\"@id\":\"https:\\\/\\\/www.ucaldas.edu.co\\\/portal\\\/u-de-caldas-presenta-obra-en-el-museo-de-antropologia-y-arte-contemporaneo-de-guayaquil-ecuador\\\/#breadcrumb\"},\"inLanguage\":\"es\",\"potentialAction\":[{\"@type\":\"ReadAction\",\"target\":[\"https:\\\/\\\/www.ucaldas.edu.co\\\/portal\\\/u-de-caldas-presenta-obra-en-el-museo-de-antropologia-y-arte-contemporaneo-de-guayaquil-ecuador\\\/\"]}]},{\"@type\":\"ImageObject\",\"inLanguage\":\"es\",\"@id\":\"https:\\\/\\\/www.ucaldas.edu.co\\\/portal\\\/u-de-caldas-presenta-obra-en-el-museo-de-antropologia-y-arte-contemporaneo-de-guayaquil-ecuador\\\/#primaryimage\",\"url\":\"https:\\\/\\\/www.ucaldas.edu.co\\\/portal\\\/wp-content\\\/uploads\\\/2018\\\/09\\\/WhatsApp-Image-2018-09-19-at-12.49.02-PM.jpeg\",\"contentUrl\":\"https:\\\/\\\/www.ucaldas.edu.co\\\/portal\\\/wp-content\\\/uploads\\\/2018\\\/09\\\/WhatsApp-Image-2018-09-19-at-12.49.02-PM.jpeg\",\"width\":1280,\"height\":720},{\"@type\":\"BreadcrumbList\",\"@id\":\"https:\\\/\\\/www.ucaldas.edu.co\\\/portal\\\/u-de-caldas-presenta-obra-en-el-museo-de-antropologia-y-arte-contemporaneo-de-guayaquil-ecuador\\\/#breadcrumb\",\"itemListElement\":[{\"@type\":\"ListItem\",\"position\":1,\"name\":\"Portada\",\"item\":\"https:\\\/\\\/www.ucaldas.edu.co\\\/portal\\\/\"},{\"@type\":\"ListItem\",\"position\":2,\"name\":\"U. de Caldas presenta obra en el \u00a0Museo de Antropolog\u00eda y Arte Contempor\u00e1neo de Guayaquil (Ecuador)\"}]},{\"@type\":\"WebSite\",\"@id\":\"https:\\\/\\\/www.ucaldas.edu.co\\\/portal\\\/#website\",\"url\":\"https:\\\/\\\/www.ucaldas.edu.co\\\/portal\\\/\",\"name\":\"Universidad de Caldas\",\"description\":\"\",\"publisher\":{\"@id\":\"https:\\\/\\\/www.ucaldas.edu.co\\\/portal\\\/#organization\"},\"alternateName\":\"U. de Caldas\",\"potentialAction\":[{\"@type\":\"SearchAction\",\"target\":{\"@type\":\"EntryPoint\",\"urlTemplate\":\"https:\\\/\\\/www.ucaldas.edu.co\\\/portal\\\/?s={search_term_string}\"},\"query-input\":{\"@type\":\"PropertyValueSpecification\",\"valueRequired\":true,\"valueName\":\"search_term_string\"}}],\"inLanguage\":\"es\"},{\"@type\":\"Organization\",\"@id\":\"https:\\\/\\\/www.ucaldas.edu.co\\\/portal\\\/#organization\",\"name\":\"Universidad de Caldas\",\"alternateName\":\"U. de Caldas\",\"url\":\"https:\\\/\\\/www.ucaldas.edu.co\\\/portal\\\/\",\"logo\":{\"@type\":\"ImageObject\",\"inLanguage\":\"es\",\"@id\":\"https:\\\/\\\/www.ucaldas.edu.co\\\/portal\\\/#\\\/schema\\\/logo\\\/image\\\/\",\"url\":\"https:\\\/\\\/www.ucaldas.edu.co\\\/portal\\\/wp-content\\\/uploads\\\/2023\\\/11\\\/Logo_horizontal_oscuroU-2023.png\",\"contentUrl\":\"https:\\\/\\\/www.ucaldas.edu.co\\\/portal\\\/wp-content\\\/uploads\\\/2023\\\/11\\\/Logo_horizontal_oscuroU-2023.png\",\"width\":263,\"height\":101,\"caption\":\"Universidad de Caldas\"},\"image\":{\"@id\":\"https:\\\/\\\/www.ucaldas.edu.co\\\/portal\\\/#\\\/schema\\\/logo\\\/image\\\/\"},\"sameAs\":[\"https:\\\/\\\/www.facebook.com\\\/udecaldas\",\"https:\\\/\\\/x.com\\\/udecaldas\",\"https:\\\/\\\/www.youtube.com\\\/universidadcaldas\",\"https:\\\/\\\/www.instagram.com\\\/udecaldas\\\/\"]},{\"@type\":\"Person\",\"@id\":\"https:\\\/\\\/www.ucaldas.edu.co\\\/portal\\\/#\\\/schema\\\/person\\\/a1b482e23449158b4bc319926c074fdf\",\"name\":\"ofiprensa\",\"image\":{\"@type\":\"ImageObject\",\"inLanguage\":\"es\",\"@id\":\"https:\\\/\\\/www.ucaldas.edu.co\\\/portal\\\/wp-content\\\/litespeed\\\/avatar\\\/09ea5085e600095a7a811142c6944527.jpg?ver=1777497608\",\"url\":\"https:\\\/\\\/www.ucaldas.edu.co\\\/portal\\\/wp-content\\\/litespeed\\\/avatar\\\/09ea5085e600095a7a811142c6944527.jpg?ver=1777497608\",\"contentUrl\":\"https:\\\/\\\/www.ucaldas.edu.co\\\/portal\\\/wp-content\\\/litespeed\\\/avatar\\\/09ea5085e600095a7a811142c6944527.jpg?ver=1777497608\",\"caption\":\"ofiprensa\"},\"url\":\"https:\\\/\\\/www.ucaldas.edu.co\\\/portal\\\/author\\\/ofiprensa\\\/\"}]}<\/script>\n<!-- \/ Yoast SEO plugin. -->","yoast_head_json":{"title":"U. de Caldas presenta obra en el \u00a0Museo de Antropolog\u00eda y Arte Contempor\u00e1neo de Guayaquil (Ecuador) .","robots":{"index":"index","follow":"follow","max-snippet":"max-snippet:-1","max-image-preview":"max-image-preview:large","max-video-preview":"max-video-preview:-1"},"canonical":"https:\/\/www.ucaldas.edu.co\/portal\/u-de-caldas-presenta-obra-en-el-museo-de-antropologia-y-arte-contemporaneo-de-guayaquil-ecuador\/","schema":{"@context":"https:\/\/schema.org","@graph":[{"@type":"Article","@id":"https:\/\/www.ucaldas.edu.co\/portal\/u-de-caldas-presenta-obra-en-el-museo-de-antropologia-y-arte-contemporaneo-de-guayaquil-ecuador\/#article","isPartOf":{"@id":"https:\/\/www.ucaldas.edu.co\/portal\/u-de-caldas-presenta-obra-en-el-museo-de-antropologia-y-arte-contemporaneo-de-guayaquil-ecuador\/"},"author":{"name":"ofiprensa","@id":"https:\/\/www.ucaldas.edu.co\/portal\/#\/schema\/person\/a1b482e23449158b4bc319926c074fdf"},"headline":"U. de Caldas presenta obra en el \u00a0Museo de Antropolog\u00eda y Arte Contempor\u00e1neo de Guayaquil (Ecuador)","datePublished":"2018-09-19T20:40:51+00:00","mainEntityOfPage":{"@id":"https:\/\/www.ucaldas.edu.co\/portal\/u-de-caldas-presenta-obra-en-el-museo-de-antropologia-y-arte-contemporaneo-de-guayaquil-ecuador\/"},"wordCount":330,"publisher":{"@id":"https:\/\/www.ucaldas.edu.co\/portal\/#organization"},"image":{"@id":"https:\/\/www.ucaldas.edu.co\/portal\/u-de-caldas-presenta-obra-en-el-museo-de-antropologia-y-arte-contemporaneo-de-guayaquil-ecuador\/#primaryimage"},"thumbnailUrl":"https:\/\/www.ucaldas.edu.co\/portal\/wp-content\/uploads\/2018\/09\/WhatsApp-Image-2018-09-19-at-12.49.02-PM.jpeg","keywords":["academia","Cultural","obra","teatro","Ecuador"],"articleSection":["Actualidad","Universidad al D\u00eda","UCaldas Cultural"],"inLanguage":"es"},{"@type":"WebPage","@id":"https:\/\/www.ucaldas.edu.co\/portal\/u-de-caldas-presenta-obra-en-el-museo-de-antropologia-y-arte-contemporaneo-de-guayaquil-ecuador\/","url":"https:\/\/www.ucaldas.edu.co\/portal\/u-de-caldas-presenta-obra-en-el-museo-de-antropologia-y-arte-contemporaneo-de-guayaquil-ecuador\/","name":"U. de Caldas presenta obra en el \u00a0Museo de Antropolog\u00eda y Arte Contempor\u00e1neo de Guayaquil (Ecuador) .","isPartOf":{"@id":"https:\/\/www.ucaldas.edu.co\/portal\/#website"},"primaryImageOfPage":{"@id":"https:\/\/www.ucaldas.edu.co\/portal\/u-de-caldas-presenta-obra-en-el-museo-de-antropologia-y-arte-contemporaneo-de-guayaquil-ecuador\/#primaryimage"},"image":{"@id":"https:\/\/www.ucaldas.edu.co\/portal\/u-de-caldas-presenta-obra-en-el-museo-de-antropologia-y-arte-contemporaneo-de-guayaquil-ecuador\/#primaryimage"},"thumbnailUrl":"https:\/\/www.ucaldas.edu.co\/portal\/wp-content\/uploads\/2018\/09\/WhatsApp-Image-2018-09-19-at-12.49.02-PM.jpeg","datePublished":"2018-09-19T20:40:51+00:00","breadcrumb":{"@id":"https:\/\/www.ucaldas.edu.co\/portal\/u-de-caldas-presenta-obra-en-el-museo-de-antropologia-y-arte-contemporaneo-de-guayaquil-ecuador\/#breadcrumb"},"inLanguage":"es","potentialAction":[{"@type":"ReadAction","target":["https:\/\/www.ucaldas.edu.co\/portal\/u-de-caldas-presenta-obra-en-el-museo-de-antropologia-y-arte-contemporaneo-de-guayaquil-ecuador\/"]}]},{"@type":"ImageObject","inLanguage":"es","@id":"https:\/\/www.ucaldas.edu.co\/portal\/u-de-caldas-presenta-obra-en-el-museo-de-antropologia-y-arte-contemporaneo-de-guayaquil-ecuador\/#primaryimage","url":"https:\/\/www.ucaldas.edu.co\/portal\/wp-content\/uploads\/2018\/09\/WhatsApp-Image-2018-09-19-at-12.49.02-PM.jpeg","contentUrl":"https:\/\/www.ucaldas.edu.co\/portal\/wp-content\/uploads\/2018\/09\/WhatsApp-Image-2018-09-19-at-12.49.02-PM.jpeg","width":1280,"height":720},{"@type":"BreadcrumbList","@id":"https:\/\/www.ucaldas.edu.co\/portal\/u-de-caldas-presenta-obra-en-el-museo-de-antropologia-y-arte-contemporaneo-de-guayaquil-ecuador\/#breadcrumb","itemListElement":[{"@type":"ListItem","position":1,"name":"Portada","item":"https:\/\/www.ucaldas.edu.co\/portal\/"},{"@type":"ListItem","position":2,"name":"U. de Caldas presenta obra en el \u00a0Museo de Antropolog\u00eda y Arte Contempor\u00e1neo de Guayaquil (Ecuador)"}]},{"@type":"WebSite","@id":"https:\/\/www.ucaldas.edu.co\/portal\/#website","url":"https:\/\/www.ucaldas.edu.co\/portal\/","name":"Universidad de Caldas","description":"","publisher":{"@id":"https:\/\/www.ucaldas.edu.co\/portal\/#organization"},"alternateName":"U. de Caldas","potentialAction":[{"@type":"SearchAction","target":{"@type":"EntryPoint","urlTemplate":"https:\/\/www.ucaldas.edu.co\/portal\/?s={search_term_string}"},"query-input":{"@type":"PropertyValueSpecification","valueRequired":true,"valueName":"search_term_string"}}],"inLanguage":"es"},{"@type":"Organization","@id":"https:\/\/www.ucaldas.edu.co\/portal\/#organization","name":"Universidad de Caldas","alternateName":"U. de Caldas","url":"https:\/\/www.ucaldas.edu.co\/portal\/","logo":{"@type":"ImageObject","inLanguage":"es","@id":"https:\/\/www.ucaldas.edu.co\/portal\/#\/schema\/logo\/image\/","url":"https:\/\/www.ucaldas.edu.co\/portal\/wp-content\/uploads\/2023\/11\/Logo_horizontal_oscuroU-2023.png","contentUrl":"https:\/\/www.ucaldas.edu.co\/portal\/wp-content\/uploads\/2023\/11\/Logo_horizontal_oscuroU-2023.png","width":263,"height":101,"caption":"Universidad de Caldas"},"image":{"@id":"https:\/\/www.ucaldas.edu.co\/portal\/#\/schema\/logo\/image\/"},"sameAs":["https:\/\/www.facebook.com\/udecaldas","https:\/\/x.com\/udecaldas","https:\/\/www.youtube.com\/universidadcaldas","https:\/\/www.instagram.com\/udecaldas\/"]},{"@type":"Person","@id":"https:\/\/www.ucaldas.edu.co\/portal\/#\/schema\/person\/a1b482e23449158b4bc319926c074fdf","name":"ofiprensa","image":{"@type":"ImageObject","inLanguage":"es","@id":"https:\/\/www.ucaldas.edu.co\/portal\/wp-content\/litespeed\/avatar\/09ea5085e600095a7a811142c6944527.jpg?ver=1777497608","url":"https:\/\/www.ucaldas.edu.co\/portal\/wp-content\/litespeed\/avatar\/09ea5085e600095a7a811142c6944527.jpg?ver=1777497608","contentUrl":"https:\/\/www.ucaldas.edu.co\/portal\/wp-content\/litespeed\/avatar\/09ea5085e600095a7a811142c6944527.jpg?ver=1777497608","caption":"ofiprensa"},"url":"https:\/\/www.ucaldas.edu.co\/portal\/author\/ofiprensa\/"}]}},"_links":{"self":[{"href":"https:\/\/www.ucaldas.edu.co\/portal\/wp-json\/wp\/v2\/posts\/43030","targetHints":{"allow":["GET"]}}],"collection":[{"href":"https:\/\/www.ucaldas.edu.co\/portal\/wp-json\/wp\/v2\/posts"}],"about":[{"href":"https:\/\/www.ucaldas.edu.co\/portal\/wp-json\/wp\/v2\/types\/post"}],"author":[{"embeddable":true,"href":"https:\/\/www.ucaldas.edu.co\/portal\/wp-json\/wp\/v2\/users\/2"}],"replies":[{"embeddable":true,"href":"https:\/\/www.ucaldas.edu.co\/portal\/wp-json\/wp\/v2\/comments?post=43030"}],"version-history":[{"count":0,"href":"https:\/\/www.ucaldas.edu.co\/portal\/wp-json\/wp\/v2\/posts\/43030\/revisions"}],"wp:featuredmedia":[{"embeddable":true,"href":"https:\/\/www.ucaldas.edu.co\/portal\/wp-json\/wp\/v2\/media\/43031"}],"wp:attachment":[{"href":"https:\/\/www.ucaldas.edu.co\/portal\/wp-json\/wp\/v2\/media?parent=43030"}],"wp:term":[{"taxonomy":"category","embeddable":true,"href":"https:\/\/www.ucaldas.edu.co\/portal\/wp-json\/wp\/v2\/categories?post=43030"},{"taxonomy":"post_tag","embeddable":true,"href":"https:\/\/www.ucaldas.edu.co\/portal\/wp-json\/wp\/v2\/tags?post=43030"}],"curies":[{"name":"wp","href":"https:\/\/api.w.org\/{rel}","templated":true}]}}