{"id":42786,"date":"2018-09-10T22:10:32","date_gmt":"2018-09-10T22:10:32","guid":{"rendered":"https:\/\/www.ucaldas.edu.co\/portal\/?p=42786"},"modified":"2018-09-10T22:10:32","modified_gmt":"2018-09-10T22:10:32","slug":"conozca-convocatoria-para-aspirantes-a-maestrias-y-especializacion-en-epidemiologia-para-el-2019","status":"publish","type":"post","link":"https:\/\/www.ucaldas.edu.co\/portal\/conozca-convocatoria-para-aspirantes-a-maestrias-y-especializacion-en-epidemiologia-para-el-2019\/","title":{"rendered":"Conozca convocatoria para aspirantes a Maestr\u00edas y Especializaci\u00f3n en epidemiologia  para el 2019"},"content":{"rendered":"<p style=\"text-align: center;\">VENTA DE PINES SER\u00c1 HASTA EL 9 DE NOVIEMBRE DEL 2018<\/p>\n<p style=\"text-align: center;\"><strong>Conozca convocatoria para aspirantes a Maestr\u00edas y Especializaci\u00f3n en epidemiolog\u00eda\u00a0 para el 2019<\/strong><\/p>\n<p style=\"text-align: right;\">10\/9\/2018<\/p>\n<p><img loading=\"lazy\" decoding=\"async\" class=\"size-full wp-image-42787 aligncenter\" src=\"https:\/\/www.ucaldas.edu.co\/portal\/wp-content\/uploads\/2018\/09\/convocatoriamedicina-compressor.jpg\" alt=\"\" width=\"700\" height=\"400\" srcset=\"https:\/\/www.ucaldas.edu.co\/portal\/wp-content\/uploads\/2018\/09\/convocatoriamedicina-compressor.jpg 700w, https:\/\/www.ucaldas.edu.co\/portal\/wp-content\/uploads\/2018\/09\/convocatoriamedicina-compressor-300x171.jpg 300w\" sizes=\"auto, (max-width: 700px) 100vw, 700px\" \/><\/p>\n<p>La <strong>Facultad de Ciencias para la Salud de la Universidad de Caldas presenta la convocatoria para aspirantes a maestr\u00edas y especializaci\u00f3n en epidemiologia\u00a0 para el 2019<\/strong>. Estos son los programas, duraci\u00f3n y cupos ofrecidos:<\/p>\n<p><strong>\u00a0<\/strong><!--more--><\/p>\n<table width=\"473\">\n<tbody>\n<tr>\n<td width=\"305\"><strong>Maestr\u00edas<\/strong><\/td>\n<td width=\"84\"><strong>Duraci\u00f3n en a\u00f1os<\/strong><\/td>\n<td width=\"84\"><strong>No. de Cupos<\/strong><\/td>\n<\/tr>\n<tr>\n<td width=\"305\">Gerontolog\u00eda, Envejecimiento y Vejez<\/td>\n<td width=\"84\">2<\/td>\n<td width=\"84\">10<\/td>\n<\/tr>\n<tr>\n<td width=\"305\">Salud p\u00fablica<\/td>\n<td width=\"84\">2<\/td>\n<td width=\"84\">25<\/td>\n<\/tr>\n<tr>\n<td width=\"305\"><strong>Total cupos<\/strong><\/td>\n<td width=\"84\"><strong>\u00a0<\/strong><\/td>\n<td width=\"84\"><strong>35<\/strong><\/td>\n<\/tr>\n<\/tbody>\n<\/table>\n<p><strong>\u00a0<\/strong><\/p>\n<table width=\"473\">\n<tbody>\n<tr>\n<td width=\"305\"><strong>\u00a0<\/strong><\/p>\n<p><strong>Especializaci\u00f3n<\/strong><\/td>\n<td width=\"84\"><strong>Duraci\u00f3n en a\u00f1os<\/strong><\/td>\n<td width=\"84\"><strong>No. de Cupos<\/strong><\/td>\n<\/tr>\n<tr>\n<td width=\"305\">*Epidemiologia<\/td>\n<td width=\"84\">1<\/td>\n<td width=\"84\">24<\/td>\n<\/tr>\n<tr>\n<td width=\"305\"><strong>Total cupos<\/strong><\/td>\n<td width=\"84\"><strong>\u00a0<\/strong><\/td>\n<td width=\"84\"><strong>24<\/strong><\/td>\n<\/tr>\n<\/tbody>\n<\/table>\n<p>&nbsp;<\/p>\n<p>La <strong>venta de pines ser\u00e1 hasta el 9 de noviembre del 2018<\/strong>. El costo de las inscripci\u00f3n es de<strong> \u00a0<\/strong>$273 mil 435\u00a0 (35% de un Salario m\u00ednimo Legal Vigente).<\/p>\n<p>&nbsp;<\/p>\n<p><strong>Costo de la matr\u00edcula:<\/strong><\/p>\n<p><strong>\u00a0<\/strong><\/p>\n<p><strong>Maestr\u00eda en Gerontolog\u00eda, Envejecimiento y Vejez<\/strong>: $6.249.936 (Seis millones doscientos cuarenta y nueve mil novecientos treinta seis\u00a0 pesos) por semestre, equivalente a 8 (ocho) SMMLVS<\/p>\n<p><strong>\u00a0<\/strong><\/p>\n<p><strong>Maestr\u00eda en Salud P\u00fablica<\/strong>: $5.859.315 (cinco millones ochocientos cincuenta y nueve mil trescientos quince pesos) por semestre, equivalente a 7,5 (siete punto cinco) SMMLVS<\/p>\n<p><strong>\u00a0<\/strong><\/p>\n<p><strong>Especializaci\u00f3n en Epidemiolog\u00eda: <\/strong>$5.078.073 (cinco millones setenta y ocho mil setenta y tres pesos m\/cte) por semestre, equivale a 6.5 (seis punto cinco) SMMLVS.<\/p>\n<p>&nbsp;<\/p>\n<p><a href=\"https:\/\/www.ucaldas.edu.co\/portal\/wp-content\/uploads\/2018\/09\/Convocatoria-Maestrias-y-Especializacion-en-Epidemiologia-An%CC%83o-2019-1.pdf\">Conozca aqu\u00ed la convocatoria para aspirantes a maestr\u00edas y especializaci\u00f3n en epidemiologia\u00a0 para el 2019<\/a><\/p>\n<p>&nbsp;<\/p>\n<p><strong>Informes: <\/strong>Oficina de Comunicaciones y Prensa U. de Caldas, tel\u00e9fono 878 15 00 extensi\u00f3n 12 167.<\/p>\n<p><strong>Redacci\u00f3n:<\/strong> Margarita Laverde<\/p>\n","protected":false},"excerpt":{"rendered":"<p>VENTA DE PINES SER\u00c1 HASTA EL 9 DE NOVIEMBRE DEL 2018 Conozca convocatoria para aspirantes a Maestr\u00edas y Especializaci\u00f3n en epidemiolog\u00eda\u00a0 para el 2019 10\/9\/2018 La Facultad de Ciencias para la Salud de la Universidad de Caldas presenta la convocatoria para aspirantes a maestr\u00edas y especializaci\u00f3n en epidemiologia\u00a0 para el 2019. Estos son los programas, [&hellip;]<\/p>\n","protected":false},"author":2,"featured_media":42787,"comment_status":"closed","ping_status":"open","sticky":false,"template":"","format":"standard","meta":{"footnotes":""},"categories":[48,53,624],"tags":[55,63,141,763,2919,2920],"class_list":["post-42786","post","type-post","status-publish","format-standard","has-post-thumbnail","hentry","category-actualidad","category-universidad-al-dia","category-ucaldas-activa","tag-academia","tag-participe","tag-convocatoria","tag-maestria","tag-especializacion","tag-epidemiologia"],"yoast_head":"<!-- This site is optimized with the Yoast SEO plugin v27.5 - https:\/\/yoast.com\/product\/yoast-seo-wordpress\/ -->\n<title>Conozca convocatoria para aspirantes a Maestr\u00edas y Especializaci\u00f3n en epidemiologia para el 2019 .<\/title>\n<meta name=\"robots\" content=\"index, follow, max-snippet:-1, max-image-preview:large, max-video-preview:-1\" \/>\n<link rel=\"canonical\" href=\"https:\/\/www.ucaldas.edu.co\/portal\/conozca-convocatoria-para-aspirantes-a-maestrias-y-especializacion-en-epidemiologia-para-el-2019\/\" \/>\n<script type=\"application\/ld+json\" class=\"yoast-schema-graph\">{\"@context\":\"https:\\\/\\\/schema.org\",\"@graph\":[{\"@type\":\"Article\",\"@id\":\"https:\\\/\\\/www.ucaldas.edu.co\\\/portal\\\/conozca-convocatoria-para-aspirantes-a-maestrias-y-especializacion-en-epidemiologia-para-el-2019\\\/#article\",\"isPartOf\":{\"@id\":\"https:\\\/\\\/www.ucaldas.edu.co\\\/portal\\\/conozca-convocatoria-para-aspirantes-a-maestrias-y-especializacion-en-epidemiologia-para-el-2019\\\/\"},\"author\":{\"name\":\"ofiprensa\",\"@id\":\"https:\\\/\\\/www.ucaldas.edu.co\\\/portal\\\/#\\\/schema\\\/person\\\/a1b482e23449158b4bc319926c074fdf\"},\"headline\":\"Conozca convocatoria para aspirantes a Maestr\u00edas y Especializaci\u00f3n en epidemiologia para el 2019\",\"datePublished\":\"2018-09-10T22:10:32+00:00\",\"mainEntityOfPage\":{\"@id\":\"https:\\\/\\\/www.ucaldas.edu.co\\\/portal\\\/conozca-convocatoria-para-aspirantes-a-maestrias-y-especializacion-en-epidemiologia-para-el-2019\\\/\"},\"wordCount\":249,\"publisher\":{\"@id\":\"https:\\\/\\\/www.ucaldas.edu.co\\\/portal\\\/#organization\"},\"image\":{\"@id\":\"https:\\\/\\\/www.ucaldas.edu.co\\\/portal\\\/conozca-convocatoria-para-aspirantes-a-maestrias-y-especializacion-en-epidemiologia-para-el-2019\\\/#primaryimage\"},\"thumbnailUrl\":\"https:\\\/\\\/www.ucaldas.edu.co\\\/portal\\\/wp-content\\\/uploads\\\/2018\\\/09\\\/convocatoriamedicina-compressor.jpg\",\"keywords\":[\"academia\",\"Participe\",\"Convocatoria\",\"maestr\u00eda\",\"especializaci\u00f3n\",\"epidemiolog\u00eda\"],\"articleSection\":[\"Actualidad\",\"Universidad al D\u00eda\",\"UCaldas Activa\"],\"inLanguage\":\"es\"},{\"@type\":\"WebPage\",\"@id\":\"https:\\\/\\\/www.ucaldas.edu.co\\\/portal\\\/conozca-convocatoria-para-aspirantes-a-maestrias-y-especializacion-en-epidemiologia-para-el-2019\\\/\",\"url\":\"https:\\\/\\\/www.ucaldas.edu.co\\\/portal\\\/conozca-convocatoria-para-aspirantes-a-maestrias-y-especializacion-en-epidemiologia-para-el-2019\\\/\",\"name\":\"Conozca convocatoria para aspirantes a Maestr\u00edas y Especializaci\u00f3n en epidemiologia para el 2019 .\",\"isPartOf\":{\"@id\":\"https:\\\/\\\/www.ucaldas.edu.co\\\/portal\\\/#website\"},\"primaryImageOfPage\":{\"@id\":\"https:\\\/\\\/www.ucaldas.edu.co\\\/portal\\\/conozca-convocatoria-para-aspirantes-a-maestrias-y-especializacion-en-epidemiologia-para-el-2019\\\/#primaryimage\"},\"image\":{\"@id\":\"https:\\\/\\\/www.ucaldas.edu.co\\\/portal\\\/conozca-convocatoria-para-aspirantes-a-maestrias-y-especializacion-en-epidemiologia-para-el-2019\\\/#primaryimage\"},\"thumbnailUrl\":\"https:\\\/\\\/www.ucaldas.edu.co\\\/portal\\\/wp-content\\\/uploads\\\/2018\\\/09\\\/convocatoriamedicina-compressor.jpg\",\"datePublished\":\"2018-09-10T22:10:32+00:00\",\"breadcrumb\":{\"@id\":\"https:\\\/\\\/www.ucaldas.edu.co\\\/portal\\\/conozca-convocatoria-para-aspirantes-a-maestrias-y-especializacion-en-epidemiologia-para-el-2019\\\/#breadcrumb\"},\"inLanguage\":\"es\",\"potentialAction\":[{\"@type\":\"ReadAction\",\"target\":[\"https:\\\/\\\/www.ucaldas.edu.co\\\/portal\\\/conozca-convocatoria-para-aspirantes-a-maestrias-y-especializacion-en-epidemiologia-para-el-2019\\\/\"]}]},{\"@type\":\"ImageObject\",\"inLanguage\":\"es\",\"@id\":\"https:\\\/\\\/www.ucaldas.edu.co\\\/portal\\\/conozca-convocatoria-para-aspirantes-a-maestrias-y-especializacion-en-epidemiologia-para-el-2019\\\/#primaryimage\",\"url\":\"https:\\\/\\\/www.ucaldas.edu.co\\\/portal\\\/wp-content\\\/uploads\\\/2018\\\/09\\\/convocatoriamedicina-compressor.jpg\",\"contentUrl\":\"https:\\\/\\\/www.ucaldas.edu.co\\\/portal\\\/wp-content\\\/uploads\\\/2018\\\/09\\\/convocatoriamedicina-compressor.jpg\",\"width\":700,\"height\":400},{\"@type\":\"BreadcrumbList\",\"@id\":\"https:\\\/\\\/www.ucaldas.edu.co\\\/portal\\\/conozca-convocatoria-para-aspirantes-a-maestrias-y-especializacion-en-epidemiologia-para-el-2019\\\/#breadcrumb\",\"itemListElement\":[{\"@type\":\"ListItem\",\"position\":1,\"name\":\"Portada\",\"item\":\"https:\\\/\\\/www.ucaldas.edu.co\\\/portal\\\/\"},{\"@type\":\"ListItem\",\"position\":2,\"name\":\"Conozca convocatoria para aspirantes a Maestr\u00edas y Especializaci\u00f3n en epidemiologia para el 2019\"}]},{\"@type\":\"WebSite\",\"@id\":\"https:\\\/\\\/www.ucaldas.edu.co\\\/portal\\\/#website\",\"url\":\"https:\\\/\\\/www.ucaldas.edu.co\\\/portal\\\/\",\"name\":\"Universidad de Caldas\",\"description\":\"\",\"publisher\":{\"@id\":\"https:\\\/\\\/www.ucaldas.edu.co\\\/portal\\\/#organization\"},\"alternateName\":\"U. de Caldas\",\"potentialAction\":[{\"@type\":\"SearchAction\",\"target\":{\"@type\":\"EntryPoint\",\"urlTemplate\":\"https:\\\/\\\/www.ucaldas.edu.co\\\/portal\\\/?s={search_term_string}\"},\"query-input\":{\"@type\":\"PropertyValueSpecification\",\"valueRequired\":true,\"valueName\":\"search_term_string\"}}],\"inLanguage\":\"es\"},{\"@type\":\"Organization\",\"@id\":\"https:\\\/\\\/www.ucaldas.edu.co\\\/portal\\\/#organization\",\"name\":\"Universidad de Caldas\",\"alternateName\":\"U. de Caldas\",\"url\":\"https:\\\/\\\/www.ucaldas.edu.co\\\/portal\\\/\",\"logo\":{\"@type\":\"ImageObject\",\"inLanguage\":\"es\",\"@id\":\"https:\\\/\\\/www.ucaldas.edu.co\\\/portal\\\/#\\\/schema\\\/logo\\\/image\\\/\",\"url\":\"https:\\\/\\\/www.ucaldas.edu.co\\\/portal\\\/wp-content\\\/uploads\\\/2023\\\/11\\\/Logo_horizontal_oscuroU-2023.png\",\"contentUrl\":\"https:\\\/\\\/www.ucaldas.edu.co\\\/portal\\\/wp-content\\\/uploads\\\/2023\\\/11\\\/Logo_horizontal_oscuroU-2023.png\",\"width\":263,\"height\":101,\"caption\":\"Universidad de Caldas\"},\"image\":{\"@id\":\"https:\\\/\\\/www.ucaldas.edu.co\\\/portal\\\/#\\\/schema\\\/logo\\\/image\\\/\"},\"sameAs\":[\"https:\\\/\\\/www.facebook.com\\\/udecaldas\",\"https:\\\/\\\/x.com\\\/udecaldas\",\"https:\\\/\\\/www.youtube.com\\\/universidadcaldas\",\"https:\\\/\\\/www.instagram.com\\\/udecaldas\\\/\"]},{\"@type\":\"Person\",\"@id\":\"https:\\\/\\\/www.ucaldas.edu.co\\\/portal\\\/#\\\/schema\\\/person\\\/a1b482e23449158b4bc319926c074fdf\",\"name\":\"ofiprensa\",\"image\":{\"@type\":\"ImageObject\",\"inLanguage\":\"es\",\"@id\":\"https:\\\/\\\/www.ucaldas.edu.co\\\/portal\\\/wp-content\\\/litespeed\\\/avatar\\\/09ea5085e600095a7a811142c6944527.jpg?ver=1777497608\",\"url\":\"https:\\\/\\\/www.ucaldas.edu.co\\\/portal\\\/wp-content\\\/litespeed\\\/avatar\\\/09ea5085e600095a7a811142c6944527.jpg?ver=1777497608\",\"contentUrl\":\"https:\\\/\\\/www.ucaldas.edu.co\\\/portal\\\/wp-content\\\/litespeed\\\/avatar\\\/09ea5085e600095a7a811142c6944527.jpg?ver=1777497608\",\"caption\":\"ofiprensa\"},\"url\":\"https:\\\/\\\/www.ucaldas.edu.co\\\/portal\\\/author\\\/ofiprensa\\\/\"}]}<\/script>\n<!-- \/ Yoast SEO plugin. -->","yoast_head_json":{"title":"Conozca convocatoria para aspirantes a Maestr\u00edas y Especializaci\u00f3n en epidemiologia para el 2019 .","robots":{"index":"index","follow":"follow","max-snippet":"max-snippet:-1","max-image-preview":"max-image-preview:large","max-video-preview":"max-video-preview:-1"},"canonical":"https:\/\/www.ucaldas.edu.co\/portal\/conozca-convocatoria-para-aspirantes-a-maestrias-y-especializacion-en-epidemiologia-para-el-2019\/","schema":{"@context":"https:\/\/schema.org","@graph":[{"@type":"Article","@id":"https:\/\/www.ucaldas.edu.co\/portal\/conozca-convocatoria-para-aspirantes-a-maestrias-y-especializacion-en-epidemiologia-para-el-2019\/#article","isPartOf":{"@id":"https:\/\/www.ucaldas.edu.co\/portal\/conozca-convocatoria-para-aspirantes-a-maestrias-y-especializacion-en-epidemiologia-para-el-2019\/"},"author":{"name":"ofiprensa","@id":"https:\/\/www.ucaldas.edu.co\/portal\/#\/schema\/person\/a1b482e23449158b4bc319926c074fdf"},"headline":"Conozca convocatoria para aspirantes a Maestr\u00edas y Especializaci\u00f3n en epidemiologia para el 2019","datePublished":"2018-09-10T22:10:32+00:00","mainEntityOfPage":{"@id":"https:\/\/www.ucaldas.edu.co\/portal\/conozca-convocatoria-para-aspirantes-a-maestrias-y-especializacion-en-epidemiologia-para-el-2019\/"},"wordCount":249,"publisher":{"@id":"https:\/\/www.ucaldas.edu.co\/portal\/#organization"},"image":{"@id":"https:\/\/www.ucaldas.edu.co\/portal\/conozca-convocatoria-para-aspirantes-a-maestrias-y-especializacion-en-epidemiologia-para-el-2019\/#primaryimage"},"thumbnailUrl":"https:\/\/www.ucaldas.edu.co\/portal\/wp-content\/uploads\/2018\/09\/convocatoriamedicina-compressor.jpg","keywords":["academia","Participe","Convocatoria","maestr\u00eda","especializaci\u00f3n","epidemiolog\u00eda"],"articleSection":["Actualidad","Universidad al D\u00eda","UCaldas Activa"],"inLanguage":"es"},{"@type":"WebPage","@id":"https:\/\/www.ucaldas.edu.co\/portal\/conozca-convocatoria-para-aspirantes-a-maestrias-y-especializacion-en-epidemiologia-para-el-2019\/","url":"https:\/\/www.ucaldas.edu.co\/portal\/conozca-convocatoria-para-aspirantes-a-maestrias-y-especializacion-en-epidemiologia-para-el-2019\/","name":"Conozca convocatoria para aspirantes a Maestr\u00edas y Especializaci\u00f3n en epidemiologia para el 2019 .","isPartOf":{"@id":"https:\/\/www.ucaldas.edu.co\/portal\/#website"},"primaryImageOfPage":{"@id":"https:\/\/www.ucaldas.edu.co\/portal\/conozca-convocatoria-para-aspirantes-a-maestrias-y-especializacion-en-epidemiologia-para-el-2019\/#primaryimage"},"image":{"@id":"https:\/\/www.ucaldas.edu.co\/portal\/conozca-convocatoria-para-aspirantes-a-maestrias-y-especializacion-en-epidemiologia-para-el-2019\/#primaryimage"},"thumbnailUrl":"https:\/\/www.ucaldas.edu.co\/portal\/wp-content\/uploads\/2018\/09\/convocatoriamedicina-compressor.jpg","datePublished":"2018-09-10T22:10:32+00:00","breadcrumb":{"@id":"https:\/\/www.ucaldas.edu.co\/portal\/conozca-convocatoria-para-aspirantes-a-maestrias-y-especializacion-en-epidemiologia-para-el-2019\/#breadcrumb"},"inLanguage":"es","potentialAction":[{"@type":"ReadAction","target":["https:\/\/www.ucaldas.edu.co\/portal\/conozca-convocatoria-para-aspirantes-a-maestrias-y-especializacion-en-epidemiologia-para-el-2019\/"]}]},{"@type":"ImageObject","inLanguage":"es","@id":"https:\/\/www.ucaldas.edu.co\/portal\/conozca-convocatoria-para-aspirantes-a-maestrias-y-especializacion-en-epidemiologia-para-el-2019\/#primaryimage","url":"https:\/\/www.ucaldas.edu.co\/portal\/wp-content\/uploads\/2018\/09\/convocatoriamedicina-compressor.jpg","contentUrl":"https:\/\/www.ucaldas.edu.co\/portal\/wp-content\/uploads\/2018\/09\/convocatoriamedicina-compressor.jpg","width":700,"height":400},{"@type":"BreadcrumbList","@id":"https:\/\/www.ucaldas.edu.co\/portal\/conozca-convocatoria-para-aspirantes-a-maestrias-y-especializacion-en-epidemiologia-para-el-2019\/#breadcrumb","itemListElement":[{"@type":"ListItem","position":1,"name":"Portada","item":"https:\/\/www.ucaldas.edu.co\/portal\/"},{"@type":"ListItem","position":2,"name":"Conozca convocatoria para aspirantes a Maestr\u00edas y Especializaci\u00f3n en epidemiologia para el 2019"}]},{"@type":"WebSite","@id":"https:\/\/www.ucaldas.edu.co\/portal\/#website","url":"https:\/\/www.ucaldas.edu.co\/portal\/","name":"Universidad de Caldas","description":"","publisher":{"@id":"https:\/\/www.ucaldas.edu.co\/portal\/#organization"},"alternateName":"U. de Caldas","potentialAction":[{"@type":"SearchAction","target":{"@type":"EntryPoint","urlTemplate":"https:\/\/www.ucaldas.edu.co\/portal\/?s={search_term_string}"},"query-input":{"@type":"PropertyValueSpecification","valueRequired":true,"valueName":"search_term_string"}}],"inLanguage":"es"},{"@type":"Organization","@id":"https:\/\/www.ucaldas.edu.co\/portal\/#organization","name":"Universidad de Caldas","alternateName":"U. de Caldas","url":"https:\/\/www.ucaldas.edu.co\/portal\/","logo":{"@type":"ImageObject","inLanguage":"es","@id":"https:\/\/www.ucaldas.edu.co\/portal\/#\/schema\/logo\/image\/","url":"https:\/\/www.ucaldas.edu.co\/portal\/wp-content\/uploads\/2023\/11\/Logo_horizontal_oscuroU-2023.png","contentUrl":"https:\/\/www.ucaldas.edu.co\/portal\/wp-content\/uploads\/2023\/11\/Logo_horizontal_oscuroU-2023.png","width":263,"height":101,"caption":"Universidad de Caldas"},"image":{"@id":"https:\/\/www.ucaldas.edu.co\/portal\/#\/schema\/logo\/image\/"},"sameAs":["https:\/\/www.facebook.com\/udecaldas","https:\/\/x.com\/udecaldas","https:\/\/www.youtube.com\/universidadcaldas","https:\/\/www.instagram.com\/udecaldas\/"]},{"@type":"Person","@id":"https:\/\/www.ucaldas.edu.co\/portal\/#\/schema\/person\/a1b482e23449158b4bc319926c074fdf","name":"ofiprensa","image":{"@type":"ImageObject","inLanguage":"es","@id":"https:\/\/www.ucaldas.edu.co\/portal\/wp-content\/litespeed\/avatar\/09ea5085e600095a7a811142c6944527.jpg?ver=1777497608","url":"https:\/\/www.ucaldas.edu.co\/portal\/wp-content\/litespeed\/avatar\/09ea5085e600095a7a811142c6944527.jpg?ver=1777497608","contentUrl":"https:\/\/www.ucaldas.edu.co\/portal\/wp-content\/litespeed\/avatar\/09ea5085e600095a7a811142c6944527.jpg?ver=1777497608","caption":"ofiprensa"},"url":"https:\/\/www.ucaldas.edu.co\/portal\/author\/ofiprensa\/"}]}},"_links":{"self":[{"href":"https:\/\/www.ucaldas.edu.co\/portal\/wp-json\/wp\/v2\/posts\/42786","targetHints":{"allow":["GET"]}}],"collection":[{"href":"https:\/\/www.ucaldas.edu.co\/portal\/wp-json\/wp\/v2\/posts"}],"about":[{"href":"https:\/\/www.ucaldas.edu.co\/portal\/wp-json\/wp\/v2\/types\/post"}],"author":[{"embeddable":true,"href":"https:\/\/www.ucaldas.edu.co\/portal\/wp-json\/wp\/v2\/users\/2"}],"replies":[{"embeddable":true,"href":"https:\/\/www.ucaldas.edu.co\/portal\/wp-json\/wp\/v2\/comments?post=42786"}],"version-history":[{"count":0,"href":"https:\/\/www.ucaldas.edu.co\/portal\/wp-json\/wp\/v2\/posts\/42786\/revisions"}],"wp:featuredmedia":[{"embeddable":true,"href":"https:\/\/www.ucaldas.edu.co\/portal\/wp-json\/wp\/v2\/media\/42787"}],"wp:attachment":[{"href":"https:\/\/www.ucaldas.edu.co\/portal\/wp-json\/wp\/v2\/media?parent=42786"}],"wp:term":[{"taxonomy":"category","embeddable":true,"href":"https:\/\/www.ucaldas.edu.co\/portal\/wp-json\/wp\/v2\/categories?post=42786"},{"taxonomy":"post_tag","embeddable":true,"href":"https:\/\/www.ucaldas.edu.co\/portal\/wp-json\/wp\/v2\/tags?post=42786"}],"curies":[{"name":"wp","href":"https:\/\/api.w.org\/{rel}","templated":true}]}}