{"id":42569,"date":"2018-08-30T22:58:05","date_gmt":"2018-08-30T22:58:05","guid":{"rendered":"https:\/\/www.ucaldas.edu.co\/portal\/?p=42569"},"modified":"2018-08-30T22:58:05","modified_gmt":"2018-08-30T22:58:05","slug":"primer-congreso-internacional-de-sexologia-clinica-y-quinto-simposio-internacional-de-sexologia","status":"publish","type":"post","link":"https:\/\/www.ucaldas.edu.co\/portal\/primer-congreso-internacional-de-sexologia-clinica-y-quinto-simposio-internacional-de-sexologia\/","title":{"rendered":"Primer Congreso Internacional de Sexolog\u00eda Cl\u00ednica y Quinto Simposio Internacional de Sexolog\u00eda"},"content":{"rendered":"<p style=\"text-align: center;\">EN LA UNIVERSIDAD\u00a0 DE\u00a0 CALDAS\u00a0 EL\u00a0 EVENTO SER\u00c1 7 Y 8 DE SEPTIEMBRE<\/p>\n<p style=\"text-align: center;\"><strong>Primer Congreso Internacional de Sexolog\u00eda Cl\u00ednica y Quinto Simposio Internacional de Sexolog\u00eda <\/strong><\/p>\n<p style=\"text-align: right;\">30\/8\/2018<\/p>\n<p><img loading=\"lazy\" decoding=\"async\" class=\"wp-image-42571 aligncenter\" src=\"https:\/\/www.ucaldas.edu.co\/portal\/wp-content\/uploads\/2018\/08\/21762666_1552729748122218_7325895626040036971_o-compressor-1.jpg\" alt=\"\" width=\"705\" height=\"404\" srcset=\"https:\/\/www.ucaldas.edu.co\/portal\/wp-content\/uploads\/2018\/08\/21762666_1552729748122218_7325895626040036971_o-compressor-1.jpg 947w, https:\/\/www.ucaldas.edu.co\/portal\/wp-content\/uploads\/2018\/08\/21762666_1552729748122218_7325895626040036971_o-compressor-1-300x172.jpg 300w, https:\/\/www.ucaldas.edu.co\/portal\/wp-content\/uploads\/2018\/08\/21762666_1552729748122218_7325895626040036971_o-compressor-1-768x440.jpg 768w\" sizes=\"auto, (max-width: 705px) 100vw, 705px\" \/><br \/>\nComo un homenaje a los 50 a\u00f1os de apertura de la C\u00e1tedra\u00a0 de Sexolog\u00eda Cl\u00ednica y\u00a0 al\u00a0 Profesor Asociado de Sexualidad Humana de\u00a0 la\u00a0 Universidad de Caldas Hel\u00ed \u00c1lzate,\u00a0 se realizar\u00e1 los pr\u00f3ximos 7 y 8 de septiembre en el Teatro Ernesto Guti\u00e9rrez Arango de la Facultad de Ciencias para la Salud,\u00a0 el primer\u00a0 Congreso Internacional\u00a0 de Sexolog\u00eda Cl\u00ednica y el quinto\u00a0 Simposio Internacional de Sexolog\u00eda.<\/p>\n<p><!--more--><\/p>\n<p>La jornada acad\u00e9mica est\u00e1 dirigida a \u00a0m\u00e9dicos, psic\u00f3logos, enfermeros y p\u00fablico en general y tendr\u00e1 un costo de $40.000 para estudiantes y $100.000 para profesionales.<\/p>\n<p>&nbsp;<\/p>\n<p>Para el \u00a0jueves 6 de septiembre se desarrollar\u00e1 un pre congreso con cuatro talleres dictados por obstetras-ginec\u00f3logos y especialistas en Psicolog\u00eda Cl\u00ednica con temas como: \u00abPros y contras de la Terapia de Reemplazo Hormonal\u00bb, \u201cTerapia en Sexolog\u00eda Cl\u00ednica: Estrategias, T\u00e1cticas y T\u00e9cnicas\u201d, \u201cManejo de disfunciones sexuales para m\u00e9dico general\u201d y \u201cJugando con los sentidos\u201d, este \u00faltimo con un costo de $25.000 por persona.<\/p>\n<p>&nbsp;<\/p>\n<p><strong>Conozca la\u00a0 Agenda del Evento:<\/strong><\/p>\n<p>Link: <a href=\"https:\/\/www.ucaldas.edu.co\/portal\/wp-content\/uploads\/2018\/08\/Conferencias-y-talleres-precongreso-Sexolog\u00eda.pdf\">https:\/\/www.ucaldas.edu.co\/portal\/wp-content\/uploads\/2018\/08\/Conferencias-y-talleres-precongreso-Sexolog\u00eda.pdf<\/a><\/p>\n<p>&nbsp;<\/p>\n<table>\n<tbody>\n<tr>\n<td width=\"674\">\n<p style=\"text-align: center;\">Inscripciones:<\/p>\n<p style=\"text-align: center;\">*Enviar soporte de consignaci\u00f3n al correo: sish.udecaldas@gmail.com<\/p>\n<p style=\"text-align: center;\">Banco: Davivienda<\/p>\n<p style=\"text-align: center;\">N\u00famero de la cuenta: 084500007517<\/p>\n<p style=\"text-align: center;\">Nombre: Universidad de Caldas<\/p>\n<p style=\"text-align: center;\">C\u00f3digo: G9C001<\/p>\n<\/td>\n<\/tr>\n<\/tbody>\n<\/table>\n<p>&nbsp;<\/p>\n<p><strong>Informes: <\/strong>Oficina de Comunicaciones y Prensa U. de Caldas, tel\u00e9fono 878 15 00 extensi\u00f3n 12 167.<br \/>\n<strong>Redacci\u00f3n:<\/strong> Daniela S\u00e1nchez R\u00edos<strong><br \/>\n<\/strong><\/p>\n","protected":false},"excerpt":{"rendered":"<p>EN LA UNIVERSIDAD\u00a0 DE\u00a0 CALDAS\u00a0 EL\u00a0 EVENTO SER\u00c1 7 Y 8 DE SEPTIEMBRE Primer Congreso Internacional de Sexolog\u00eda Cl\u00ednica y Quinto Simposio Internacional de Sexolog\u00eda 30\/8\/2018 Como un homenaje a los 50 a\u00f1os de apertura de la C\u00e1tedra\u00a0 de Sexolog\u00eda Cl\u00ednica y\u00a0 al\u00a0 Profesor Asociado de Sexualidad Humana de\u00a0 la\u00a0 Universidad de Caldas Hel\u00ed \u00c1lzate,\u00a0 [&hellip;]<\/p>\n","protected":false},"author":2,"featured_media":42571,"comment_status":"closed","ping_status":"open","sticky":false,"template":"","format":"standard","meta":{"footnotes":"","_members_access_role":[],"_members_access_error":""},"categories":[48,53,617],"tags":[55,211,420,1956],"class_list":["post-42569","post","type-post","status-publish","format-standard","has-post-thumbnail","hentry","category-actualidad","category-universidad-al-dia","category-ucaldas-colaborativa","tag-academia","tag-salud","tag-catedra-2","tag-sexologia"],"yoast_head":"<!-- This site is optimized with the Yoast SEO plugin v28.4 - https:\/\/yoast.com\/product\/yoast-seo-wordpress\/ -->\n<title>Primer Congreso Internacional de Sexolog\u00eda Cl\u00ednica y Quinto Simposio Internacional de Sexolog\u00eda .<\/title>\n<meta name=\"robots\" content=\"index, follow, max-snippet:-1, max-image-preview:large, max-video-preview:-1\" \/>\n<link rel=\"canonical\" href=\"https:\/\/www.ucaldas.edu.co\/portal\/primer-congreso-internacional-de-sexologia-clinica-y-quinto-simposio-internacional-de-sexologia\/\" \/>\n<script type=\"application\/ld+json\" class=\"yoast-schema-graph\">{\"@context\":\"https:\\\/\\\/schema.org\",\"@graph\":[{\"@type\":\"Article\",\"@id\":\"https:\\\/\\\/www.ucaldas.edu.co\\\/portal\\\/primer-congreso-internacional-de-sexologia-clinica-y-quinto-simposio-internacional-de-sexologia\\\/#article\",\"isPartOf\":{\"@id\":\"https:\\\/\\\/www.ucaldas.edu.co\\\/portal\\\/primer-congreso-internacional-de-sexologia-clinica-y-quinto-simposio-internacional-de-sexologia\\\/\"},\"author\":{\"name\":\"ofiprensa\",\"@id\":\"https:\\\/\\\/www.ucaldas.edu.co\\\/portal\\\/#\\\/schema\\\/person\\\/a1b482e23449158b4bc319926c074fdf\"},\"headline\":\"Primer Congreso Internacional de Sexolog\u00eda Cl\u00ednica y Quinto Simposio Internacional de Sexolog\u00eda\",\"datePublished\":\"2018-08-30T22:58:05+00:00\",\"mainEntityOfPage\":{\"@id\":\"https:\\\/\\\/www.ucaldas.edu.co\\\/portal\\\/primer-congreso-internacional-de-sexologia-clinica-y-quinto-simposio-internacional-de-sexologia\\\/\"},\"wordCount\":277,\"publisher\":{\"@id\":\"https:\\\/\\\/www.ucaldas.edu.co\\\/portal\\\/#organization\"},\"image\":{\"@id\":\"https:\\\/\\\/www.ucaldas.edu.co\\\/portal\\\/primer-congreso-internacional-de-sexologia-clinica-y-quinto-simposio-internacional-de-sexologia\\\/#primaryimage\"},\"thumbnailUrl\":\"https:\\\/\\\/www.ucaldas.edu.co\\\/portal\\\/wp-content\\\/uploads\\\/2018\\\/08\\\/21762666_1552729748122218_7325895626040036971_o-compressor-1.jpg\",\"keywords\":[\"academia\",\"salud\",\"catedra\",\"sexolog\u00eda\"],\"articleSection\":[\"Actualidad\",\"Universidad al D\u00eda\",\"UCaldas Colaborativa\"],\"inLanguage\":\"es\"},{\"@type\":\"WebPage\",\"@id\":\"https:\\\/\\\/www.ucaldas.edu.co\\\/portal\\\/primer-congreso-internacional-de-sexologia-clinica-y-quinto-simposio-internacional-de-sexologia\\\/\",\"url\":\"https:\\\/\\\/www.ucaldas.edu.co\\\/portal\\\/primer-congreso-internacional-de-sexologia-clinica-y-quinto-simposio-internacional-de-sexologia\\\/\",\"name\":\"Primer Congreso Internacional de Sexolog\u00eda Cl\u00ednica y Quinto Simposio Internacional de Sexolog\u00eda .\",\"isPartOf\":{\"@id\":\"https:\\\/\\\/www.ucaldas.edu.co\\\/portal\\\/#website\"},\"primaryImageOfPage\":{\"@id\":\"https:\\\/\\\/www.ucaldas.edu.co\\\/portal\\\/primer-congreso-internacional-de-sexologia-clinica-y-quinto-simposio-internacional-de-sexologia\\\/#primaryimage\"},\"image\":{\"@id\":\"https:\\\/\\\/www.ucaldas.edu.co\\\/portal\\\/primer-congreso-internacional-de-sexologia-clinica-y-quinto-simposio-internacional-de-sexologia\\\/#primaryimage\"},\"thumbnailUrl\":\"https:\\\/\\\/www.ucaldas.edu.co\\\/portal\\\/wp-content\\\/uploads\\\/2018\\\/08\\\/21762666_1552729748122218_7325895626040036971_o-compressor-1.jpg\",\"datePublished\":\"2018-08-30T22:58:05+00:00\",\"breadcrumb\":{\"@id\":\"https:\\\/\\\/www.ucaldas.edu.co\\\/portal\\\/primer-congreso-internacional-de-sexologia-clinica-y-quinto-simposio-internacional-de-sexologia\\\/#breadcrumb\"},\"inLanguage\":\"es\",\"potentialAction\":[{\"@type\":\"ReadAction\",\"target\":[\"https:\\\/\\\/www.ucaldas.edu.co\\\/portal\\\/primer-congreso-internacional-de-sexologia-clinica-y-quinto-simposio-internacional-de-sexologia\\\/\"]}]},{\"@type\":\"ImageObject\",\"inLanguage\":\"es\",\"@id\":\"https:\\\/\\\/www.ucaldas.edu.co\\\/portal\\\/primer-congreso-internacional-de-sexologia-clinica-y-quinto-simposio-internacional-de-sexologia\\\/#primaryimage\",\"url\":\"https:\\\/\\\/www.ucaldas.edu.co\\\/portal\\\/wp-content\\\/uploads\\\/2018\\\/08\\\/21762666_1552729748122218_7325895626040036971_o-compressor-1.jpg\",\"contentUrl\":\"https:\\\/\\\/www.ucaldas.edu.co\\\/portal\\\/wp-content\\\/uploads\\\/2018\\\/08\\\/21762666_1552729748122218_7325895626040036971_o-compressor-1.jpg\",\"width\":947,\"height\":542},{\"@type\":\"BreadcrumbList\",\"@id\":\"https:\\\/\\\/www.ucaldas.edu.co\\\/portal\\\/primer-congreso-internacional-de-sexologia-clinica-y-quinto-simposio-internacional-de-sexologia\\\/#breadcrumb\",\"itemListElement\":[{\"@type\":\"ListItem\",\"position\":1,\"name\":\"Portada\",\"item\":\"https:\\\/\\\/www.ucaldas.edu.co\\\/portal\\\/\"},{\"@type\":\"ListItem\",\"position\":2,\"name\":\"Primer Congreso Internacional de Sexolog\u00eda Cl\u00ednica y Quinto Simposio Internacional de Sexolog\u00eda\"}]},{\"@type\":\"WebSite\",\"@id\":\"https:\\\/\\\/www.ucaldas.edu.co\\\/portal\\\/#website\",\"url\":\"https:\\\/\\\/www.ucaldas.edu.co\\\/portal\\\/\",\"name\":\"Universidad de Caldas\",\"description\":\"\",\"publisher\":{\"@id\":\"https:\\\/\\\/www.ucaldas.edu.co\\\/portal\\\/#organization\"},\"alternateName\":\"U. de Caldas\",\"potentialAction\":[{\"@type\":\"SearchAction\",\"target\":{\"@type\":\"EntryPoint\",\"urlTemplate\":\"https:\\\/\\\/www.ucaldas.edu.co\\\/portal\\\/?s={search_term_string}\"},\"query-input\":{\"@type\":\"PropertyValueSpecification\",\"valueRequired\":true,\"valueName\":\"search_term_string\"}}],\"inLanguage\":\"es\"},{\"@type\":\"Organization\",\"@id\":\"https:\\\/\\\/www.ucaldas.edu.co\\\/portal\\\/#organization\",\"name\":\"Universidad de Caldas\",\"alternateName\":\"U. de Caldas\",\"url\":\"https:\\\/\\\/www.ucaldas.edu.co\\\/portal\\\/\",\"logo\":{\"@type\":\"ImageObject\",\"inLanguage\":\"es\",\"@id\":\"https:\\\/\\\/www.ucaldas.edu.co\\\/portal\\\/#\\\/schema\\\/logo\\\/image\\\/\",\"url\":\"https:\\\/\\\/www.ucaldas.edu.co\\\/portal\\\/wp-content\\\/uploads\\\/2023\\\/11\\\/Logo_horizontal_oscuroU-2023.png\",\"contentUrl\":\"https:\\\/\\\/www.ucaldas.edu.co\\\/portal\\\/wp-content\\\/uploads\\\/2023\\\/11\\\/Logo_horizontal_oscuroU-2023.png\",\"width\":263,\"height\":101,\"caption\":\"Universidad de Caldas\"},\"image\":{\"@id\":\"https:\\\/\\\/www.ucaldas.edu.co\\\/portal\\\/#\\\/schema\\\/logo\\\/image\\\/\"},\"sameAs\":[\"https:\\\/\\\/www.facebook.com\\\/udecaldas\",\"https:\\\/\\\/x.com\\\/udecaldas\",\"https:\\\/\\\/www.youtube.com\\\/universidadcaldas\",\"https:\\\/\\\/www.instagram.com\\\/udecaldas\\\/\"]},{\"@type\":\"Person\",\"@id\":\"https:\\\/\\\/www.ucaldas.edu.co\\\/portal\\\/#\\\/schema\\\/person\\\/a1b482e23449158b4bc319926c074fdf\",\"name\":\"ofiprensa\",\"image\":{\"@type\":\"ImageObject\",\"inLanguage\":\"es\",\"@id\":\"https:\\\/\\\/www.ucaldas.edu.co\\\/portal\\\/wp-content\\\/litespeed\\\/avatar\\\/09ea5085e600095a7a811142c6944527.jpg?ver=1788384175\",\"url\":\"https:\\\/\\\/www.ucaldas.edu.co\\\/portal\\\/wp-content\\\/litespeed\\\/avatar\\\/09ea5085e600095a7a811142c6944527.jpg?ver=1788384175\",\"contentUrl\":\"https:\\\/\\\/www.ucaldas.edu.co\\\/portal\\\/wp-content\\\/litespeed\\\/avatar\\\/09ea5085e600095a7a811142c6944527.jpg?ver=1788384175\",\"caption\":\"ofiprensa\"},\"url\":\"https:\\\/\\\/www.ucaldas.edu.co\\\/portal\\\/author\\\/ofiprensa\\\/\"}]}<\/script>\n<!-- \/ Yoast SEO plugin. -->","yoast_head_json":{"title":"Primer Congreso Internacional de Sexolog\u00eda Cl\u00ednica y Quinto Simposio Internacional de Sexolog\u00eda .","robots":{"index":"index","follow":"follow","max-snippet":"max-snippet:-1","max-image-preview":"max-image-preview:large","max-video-preview":"max-video-preview:-1"},"canonical":"https:\/\/www.ucaldas.edu.co\/portal\/primer-congreso-internacional-de-sexologia-clinica-y-quinto-simposio-internacional-de-sexologia\/","schema":{"@context":"https:\/\/schema.org","@graph":[{"@type":"Article","@id":"https:\/\/www.ucaldas.edu.co\/portal\/primer-congreso-internacional-de-sexologia-clinica-y-quinto-simposio-internacional-de-sexologia\/#article","isPartOf":{"@id":"https:\/\/www.ucaldas.edu.co\/portal\/primer-congreso-internacional-de-sexologia-clinica-y-quinto-simposio-internacional-de-sexologia\/"},"author":{"name":"ofiprensa","@id":"https:\/\/www.ucaldas.edu.co\/portal\/#\/schema\/person\/a1b482e23449158b4bc319926c074fdf"},"headline":"Primer Congreso Internacional de Sexolog\u00eda Cl\u00ednica y Quinto Simposio Internacional de Sexolog\u00eda","datePublished":"2018-08-30T22:58:05+00:00","mainEntityOfPage":{"@id":"https:\/\/www.ucaldas.edu.co\/portal\/primer-congreso-internacional-de-sexologia-clinica-y-quinto-simposio-internacional-de-sexologia\/"},"wordCount":277,"publisher":{"@id":"https:\/\/www.ucaldas.edu.co\/portal\/#organization"},"image":{"@id":"https:\/\/www.ucaldas.edu.co\/portal\/primer-congreso-internacional-de-sexologia-clinica-y-quinto-simposio-internacional-de-sexologia\/#primaryimage"},"thumbnailUrl":"https:\/\/www.ucaldas.edu.co\/portal\/wp-content\/uploads\/2018\/08\/21762666_1552729748122218_7325895626040036971_o-compressor-1.jpg","keywords":["academia","salud","catedra","sexolog\u00eda"],"articleSection":["Actualidad","Universidad al D\u00eda","UCaldas Colaborativa"],"inLanguage":"es"},{"@type":"WebPage","@id":"https:\/\/www.ucaldas.edu.co\/portal\/primer-congreso-internacional-de-sexologia-clinica-y-quinto-simposio-internacional-de-sexologia\/","url":"https:\/\/www.ucaldas.edu.co\/portal\/primer-congreso-internacional-de-sexologia-clinica-y-quinto-simposio-internacional-de-sexologia\/","name":"Primer Congreso Internacional de Sexolog\u00eda Cl\u00ednica y Quinto Simposio Internacional de Sexolog\u00eda .","isPartOf":{"@id":"https:\/\/www.ucaldas.edu.co\/portal\/#website"},"primaryImageOfPage":{"@id":"https:\/\/www.ucaldas.edu.co\/portal\/primer-congreso-internacional-de-sexologia-clinica-y-quinto-simposio-internacional-de-sexologia\/#primaryimage"},"image":{"@id":"https:\/\/www.ucaldas.edu.co\/portal\/primer-congreso-internacional-de-sexologia-clinica-y-quinto-simposio-internacional-de-sexologia\/#primaryimage"},"thumbnailUrl":"https:\/\/www.ucaldas.edu.co\/portal\/wp-content\/uploads\/2018\/08\/21762666_1552729748122218_7325895626040036971_o-compressor-1.jpg","datePublished":"2018-08-30T22:58:05+00:00","breadcrumb":{"@id":"https:\/\/www.ucaldas.edu.co\/portal\/primer-congreso-internacional-de-sexologia-clinica-y-quinto-simposio-internacional-de-sexologia\/#breadcrumb"},"inLanguage":"es","potentialAction":[{"@type":"ReadAction","target":["https:\/\/www.ucaldas.edu.co\/portal\/primer-congreso-internacional-de-sexologia-clinica-y-quinto-simposio-internacional-de-sexologia\/"]}]},{"@type":"ImageObject","inLanguage":"es","@id":"https:\/\/www.ucaldas.edu.co\/portal\/primer-congreso-internacional-de-sexologia-clinica-y-quinto-simposio-internacional-de-sexologia\/#primaryimage","url":"https:\/\/www.ucaldas.edu.co\/portal\/wp-content\/uploads\/2018\/08\/21762666_1552729748122218_7325895626040036971_o-compressor-1.jpg","contentUrl":"https:\/\/www.ucaldas.edu.co\/portal\/wp-content\/uploads\/2018\/08\/21762666_1552729748122218_7325895626040036971_o-compressor-1.jpg","width":947,"height":542},{"@type":"BreadcrumbList","@id":"https:\/\/www.ucaldas.edu.co\/portal\/primer-congreso-internacional-de-sexologia-clinica-y-quinto-simposio-internacional-de-sexologia\/#breadcrumb","itemListElement":[{"@type":"ListItem","position":1,"name":"Portada","item":"https:\/\/www.ucaldas.edu.co\/portal\/"},{"@type":"ListItem","position":2,"name":"Primer Congreso Internacional de Sexolog\u00eda Cl\u00ednica y Quinto Simposio Internacional de Sexolog\u00eda"}]},{"@type":"WebSite","@id":"https:\/\/www.ucaldas.edu.co\/portal\/#website","url":"https:\/\/www.ucaldas.edu.co\/portal\/","name":"Universidad de Caldas","description":"","publisher":{"@id":"https:\/\/www.ucaldas.edu.co\/portal\/#organization"},"alternateName":"U. de Caldas","potentialAction":[{"@type":"SearchAction","target":{"@type":"EntryPoint","urlTemplate":"https:\/\/www.ucaldas.edu.co\/portal\/?s={search_term_string}"},"query-input":{"@type":"PropertyValueSpecification","valueRequired":true,"valueName":"search_term_string"}}],"inLanguage":"es"},{"@type":"Organization","@id":"https:\/\/www.ucaldas.edu.co\/portal\/#organization","name":"Universidad de Caldas","alternateName":"U. de Caldas","url":"https:\/\/www.ucaldas.edu.co\/portal\/","logo":{"@type":"ImageObject","inLanguage":"es","@id":"https:\/\/www.ucaldas.edu.co\/portal\/#\/schema\/logo\/image\/","url":"https:\/\/www.ucaldas.edu.co\/portal\/wp-content\/uploads\/2023\/11\/Logo_horizontal_oscuroU-2023.png","contentUrl":"https:\/\/www.ucaldas.edu.co\/portal\/wp-content\/uploads\/2023\/11\/Logo_horizontal_oscuroU-2023.png","width":263,"height":101,"caption":"Universidad de Caldas"},"image":{"@id":"https:\/\/www.ucaldas.edu.co\/portal\/#\/schema\/logo\/image\/"},"sameAs":["https:\/\/www.facebook.com\/udecaldas","https:\/\/x.com\/udecaldas","https:\/\/www.youtube.com\/universidadcaldas","https:\/\/www.instagram.com\/udecaldas\/"]},{"@type":"Person","@id":"https:\/\/www.ucaldas.edu.co\/portal\/#\/schema\/person\/a1b482e23449158b4bc319926c074fdf","name":"ofiprensa","image":{"@type":"ImageObject","inLanguage":"es","@id":"https:\/\/www.ucaldas.edu.co\/portal\/wp-content\/litespeed\/avatar\/09ea5085e600095a7a811142c6944527.jpg?ver=1788384175","url":"https:\/\/www.ucaldas.edu.co\/portal\/wp-content\/litespeed\/avatar\/09ea5085e600095a7a811142c6944527.jpg?ver=1788384175","contentUrl":"https:\/\/www.ucaldas.edu.co\/portal\/wp-content\/litespeed\/avatar\/09ea5085e600095a7a811142c6944527.jpg?ver=1788384175","caption":"ofiprensa"},"url":"https:\/\/www.ucaldas.edu.co\/portal\/author\/ofiprensa\/"}]}},"_links":{"self":[{"href":"https:\/\/www.ucaldas.edu.co\/portal\/wp-json\/wp\/v2\/posts\/42569","targetHints":{"allow":["GET"]}}],"collection":[{"href":"https:\/\/www.ucaldas.edu.co\/portal\/wp-json\/wp\/v2\/posts"}],"about":[{"href":"https:\/\/www.ucaldas.edu.co\/portal\/wp-json\/wp\/v2\/types\/post"}],"author":[{"embeddable":true,"href":"https:\/\/www.ucaldas.edu.co\/portal\/wp-json\/wp\/v2\/users\/2"}],"replies":[{"embeddable":true,"href":"https:\/\/www.ucaldas.edu.co\/portal\/wp-json\/wp\/v2\/comments?post=42569"}],"version-history":[{"count":0,"href":"https:\/\/www.ucaldas.edu.co\/portal\/wp-json\/wp\/v2\/posts\/42569\/revisions"}],"wp:featuredmedia":[{"embeddable":true,"href":"https:\/\/www.ucaldas.edu.co\/portal\/wp-json\/wp\/v2\/media\/42571"}],"wp:attachment":[{"href":"https:\/\/www.ucaldas.edu.co\/portal\/wp-json\/wp\/v2\/media?parent=42569"}],"wp:term":[{"taxonomy":"category","embeddable":true,"href":"https:\/\/www.ucaldas.edu.co\/portal\/wp-json\/wp\/v2\/categories?post=42569"},{"taxonomy":"post_tag","embeddable":true,"href":"https:\/\/www.ucaldas.edu.co\/portal\/wp-json\/wp\/v2\/tags?post=42569"}],"curies":[{"name":"wp","href":"https:\/\/api.w.org\/{rel}","templated":true}]}}