{"id":42237,"date":"2018-08-15T21:59:35","date_gmt":"2018-08-15T21:59:35","guid":{"rendered":"https:\/\/www.ucaldas.edu.co\/portal\/?p=42237"},"modified":"2018-08-15T21:59:35","modified_gmt":"2018-08-15T21:59:35","slug":"avanza-el-tercer-seminario-internacional-y-encuentro-nacional-de-extension-rural","status":"publish","type":"post","link":"https:\/\/www.ucaldas.edu.co\/portal\/avanza-el-tercer-seminario-internacional-y-encuentro-nacional-de-extension-rural\/","title":{"rendered":"Avanza el tercer Seminario Internacional y Encuentro Nacional de Extensi\u00f3n Rural"},"content":{"rendered":"<p style=\"text-align: center;\">CONFERENCIAS, DI\u00c1LOGOS Y GIRAS DE CAMPO HAR\u00c1N PARTE DEL EVENTO<\/p>\n<p style=\"text-align: center;\"><strong>Avanza el tercer Seminario Internacional y Encuentro Nacional de Extensi\u00f3n Rural<\/strong><\/p>\n<p style=\"text-align: right;\">15\/8\/2018<\/p>\n<p><img loading=\"lazy\" decoding=\"async\" class=\"alignnone size-full wp-image-42238 aligncenter\" src=\"https:\/\/www.ucaldas.edu.co\/portal\/wp-content\/uploads\/2018\/08\/semextenion-compressor.jpg\" alt=\"\" width=\"700\" height=\"399\" srcset=\"https:\/\/www.ucaldas.edu.co\/portal\/wp-content\/uploads\/2018\/08\/semextenion-compressor.jpg 700w, https:\/\/www.ucaldas.edu.co\/portal\/wp-content\/uploads\/2018\/08\/semextenion-compressor-300x171.jpg 300w\" sizes=\"auto, (max-width: 700px) 100vw, 700px\" \/>La <strong>Universidad de Caldas ser\u00e1 sede hasta el pr\u00f3ximo viernes 17 de agosto del \u201cTercer seminario Internacional y Encuentro Nacional de extensi\u00f3n rural &#8211; ENER 2018<\/strong>\u00bb en el que participan extensionistas, estudiantes universitarios, representantes de organizaciones rurales, campesinos, y productores agropecuarios.<\/p>\n<p><!--more--><\/p>\n<p>Este es un evento organizado por La Red Nacional de Extensi\u00f3n Rural (RENER), la Facultad de Ciencias Agropecuarias de la Universidad de Caldas, el Doctorado en Desarrollo Sostenible de la Universidad de Manizales, las Facultades de Ciencias Agr\u00edcolas y Ciencias Administrativas y Desarrollo rural de la Corporaci\u00f3n Universitaria Santa Rosa de Cabal y la Universidad Distrital Francisco Jos\u00e9 de Caldas.<\/p>\n<p>&nbsp;<\/p>\n<p>El prop\u00f3sito de esta actividad es consolidar un espacio de integraci\u00f3n de la comunidad a trav\u00e9s de la generaci\u00f3n de ideas para el desarrollo agr\u00edcola y rural de esta regi\u00f3n del pa\u00eds.<\/p>\n<p>&nbsp;<\/p>\n<p>Seg\u00fan el docente de la Universidad de Caldas Marlon Javier M\u00e9ndez Sastoque,\u00a0\u00a0\u00abEl primer beneficio es el encuentro ya que podemos empezar a reconocernos entre universidades, instituciones e investigadores que trabajamos alrededor del desarrollo rural, la idea nuestra en este tipo de encuentros es construir alrededor de la extensi\u00f3n rural procesos que permitan avanzar en el desarrollo de las comunidades rurales\u00bb.<\/p>\n<p>&nbsp;<\/p>\n<p>Para esta oportunidad los asistentes trabajan en mesas de trabajo en temas como:<\/p>\n<p>&nbsp;<\/p>\n<ul>\n<li>Institucionalidad asociada a la extensi\u00f3n rural.<\/li>\n<li>Universidad y extensi\u00f3n rural: extensi\u00f3n rural universitaria, fundamentos y experiencias.<\/li>\n<li>Extensi\u00f3n rural, g\u00e9nero, generaci\u00f3n y desarrollo: extensi\u00f3n rural y perspectiva de g\u00e9nero.<\/li>\n<li>Modelos alternativos de extensi\u00f3n rural: enfoques alternativos de extensi\u00f3n rural.<\/li>\n<li>Extensi\u00f3n rural e interculturalidad: procesos de extensi\u00f3n rural con comunidades \u00e9tnicas.<\/li>\n<\/ul>\n<p>&nbsp;<\/p>\n<p>La actividad se realiza en la Sala Carlos N\u00e1der N\u00e1der ubicado en el Bloque Orlando Sierra de la Universidad de Caldas y en ella participan expertos extensionistas de la Corporaci\u00f3n AGROSAVIA, Agencia de Desarrollo Rural (ADR), Centro de Investigaciones Econ\u00f3micas Sociales y Tecnol\u00f3gicas de la Agroindustria y la Agricultura Mundial (CIESTAAM), Universidad de Caldas y Universidad tecnol\u00f3gica de Quer\u00e9taro- M\u00e9xico.<\/p>\n<p>&nbsp;<\/p>\n<p><a href=\"https:\/\/www.facebook.com\/media\/set\/?set=a.1932443613484161.1073746222.107054166023124&amp;type=1&amp;l=f27f71ffb1\">Conozca im\u00e1genes del Tercer seminario Internacional y Encuentro Nacional de extensi\u00f3n rural &#8211; ENER 2018<\/a><\/p>\n<p>&nbsp;<\/p>\n<p><strong>Informes: <\/strong>Oficina de Comunicaciones y Prensa U. de Caldas, tel\u00e9fono 878 15 00 extensi\u00f3n 12 167.<br \/>\n<strong>Redacci\u00f3n:<\/strong> Daniela S\u00e1nchez<strong><\/p>\n<p><\/strong><\/p>\n","protected":false},"excerpt":{"rendered":"<p>CONFERENCIAS, DI\u00c1LOGOS Y GIRAS DE CAMPO HAR\u00c1N PARTE DEL EVENTO Avanza el tercer Seminario Internacional y Encuentro Nacional de Extensi\u00f3n Rural 15\/8\/2018 La Universidad de Caldas ser\u00e1 sede hasta el pr\u00f3ximo viernes 17 de agosto del \u201cTercer seminario Internacional y Encuentro Nacional de extensi\u00f3n rural &#8211; ENER 2018\u00bb en el que participan extensionistas, estudiantes universitarios, [&hellip;]<\/p>\n","protected":false},"author":2,"featured_media":42238,"comment_status":"closed","ping_status":"open","sticky":false,"template":"","format":"standard","meta":{"footnotes":""},"categories":[48,53,624],"tags":[55,57,68,2688],"class_list":["post-42237","post","type-post","status-publish","format-standard","has-post-thumbnail","hentry","category-actualidad","category-universidad-al-dia","category-ucaldas-activa","tag-academia","tag-seminario","tag-invitado","tag-extension-rural"],"yoast_head":"<!-- This site is optimized with the Yoast SEO plugin v27.5 - https:\/\/yoast.com\/product\/yoast-seo-wordpress\/ -->\n<title>Avanza el tercer Seminario Internacional y Encuentro Nacional de Extensi\u00f3n Rural .<\/title>\n<meta name=\"robots\" content=\"index, follow, max-snippet:-1, max-image-preview:large, max-video-preview:-1\" \/>\n<link rel=\"canonical\" href=\"https:\/\/www.ucaldas.edu.co\/portal\/avanza-el-tercer-seminario-internacional-y-encuentro-nacional-de-extension-rural\/\" \/>\n<script type=\"application\/ld+json\" class=\"yoast-schema-graph\">{\"@context\":\"https:\\\/\\\/schema.org\",\"@graph\":[{\"@type\":\"Article\",\"@id\":\"https:\\\/\\\/www.ucaldas.edu.co\\\/portal\\\/avanza-el-tercer-seminario-internacional-y-encuentro-nacional-de-extension-rural\\\/#article\",\"isPartOf\":{\"@id\":\"https:\\\/\\\/www.ucaldas.edu.co\\\/portal\\\/avanza-el-tercer-seminario-internacional-y-encuentro-nacional-de-extension-rural\\\/\"},\"author\":{\"name\":\"ofiprensa\",\"@id\":\"https:\\\/\\\/www.ucaldas.edu.co\\\/portal\\\/#\\\/schema\\\/person\\\/a1b482e23449158b4bc319926c074fdf\"},\"headline\":\"Avanza el tercer Seminario Internacional y Encuentro Nacional de Extensi\u00f3n Rural\",\"datePublished\":\"2018-08-15T21:59:35+00:00\",\"mainEntityOfPage\":{\"@id\":\"https:\\\/\\\/www.ucaldas.edu.co\\\/portal\\\/avanza-el-tercer-seminario-internacional-y-encuentro-nacional-de-extension-rural\\\/\"},\"wordCount\":426,\"publisher\":{\"@id\":\"https:\\\/\\\/www.ucaldas.edu.co\\\/portal\\\/#organization\"},\"image\":{\"@id\":\"https:\\\/\\\/www.ucaldas.edu.co\\\/portal\\\/avanza-el-tercer-seminario-internacional-y-encuentro-nacional-de-extension-rural\\\/#primaryimage\"},\"thumbnailUrl\":\"https:\\\/\\\/www.ucaldas.edu.co\\\/portal\\\/wp-content\\\/uploads\\\/2018\\\/08\\\/semextenion-compressor.jpg\",\"keywords\":[\"academia\",\"seminario\",\"invitado\",\"extensi\u00f3n rural\"],\"articleSection\":[\"Actualidad\",\"Universidad al D\u00eda\",\"UCaldas Activa\"],\"inLanguage\":\"es\"},{\"@type\":\"WebPage\",\"@id\":\"https:\\\/\\\/www.ucaldas.edu.co\\\/portal\\\/avanza-el-tercer-seminario-internacional-y-encuentro-nacional-de-extension-rural\\\/\",\"url\":\"https:\\\/\\\/www.ucaldas.edu.co\\\/portal\\\/avanza-el-tercer-seminario-internacional-y-encuentro-nacional-de-extension-rural\\\/\",\"name\":\"Avanza el tercer Seminario Internacional y Encuentro Nacional de Extensi\u00f3n Rural .\",\"isPartOf\":{\"@id\":\"https:\\\/\\\/www.ucaldas.edu.co\\\/portal\\\/#website\"},\"primaryImageOfPage\":{\"@id\":\"https:\\\/\\\/www.ucaldas.edu.co\\\/portal\\\/avanza-el-tercer-seminario-internacional-y-encuentro-nacional-de-extension-rural\\\/#primaryimage\"},\"image\":{\"@id\":\"https:\\\/\\\/www.ucaldas.edu.co\\\/portal\\\/avanza-el-tercer-seminario-internacional-y-encuentro-nacional-de-extension-rural\\\/#primaryimage\"},\"thumbnailUrl\":\"https:\\\/\\\/www.ucaldas.edu.co\\\/portal\\\/wp-content\\\/uploads\\\/2018\\\/08\\\/semextenion-compressor.jpg\",\"datePublished\":\"2018-08-15T21:59:35+00:00\",\"breadcrumb\":{\"@id\":\"https:\\\/\\\/www.ucaldas.edu.co\\\/portal\\\/avanza-el-tercer-seminario-internacional-y-encuentro-nacional-de-extension-rural\\\/#breadcrumb\"},\"inLanguage\":\"es\",\"potentialAction\":[{\"@type\":\"ReadAction\",\"target\":[\"https:\\\/\\\/www.ucaldas.edu.co\\\/portal\\\/avanza-el-tercer-seminario-internacional-y-encuentro-nacional-de-extension-rural\\\/\"]}]},{\"@type\":\"ImageObject\",\"inLanguage\":\"es\",\"@id\":\"https:\\\/\\\/www.ucaldas.edu.co\\\/portal\\\/avanza-el-tercer-seminario-internacional-y-encuentro-nacional-de-extension-rural\\\/#primaryimage\",\"url\":\"https:\\\/\\\/www.ucaldas.edu.co\\\/portal\\\/wp-content\\\/uploads\\\/2018\\\/08\\\/semextenion-compressor.jpg\",\"contentUrl\":\"https:\\\/\\\/www.ucaldas.edu.co\\\/portal\\\/wp-content\\\/uploads\\\/2018\\\/08\\\/semextenion-compressor.jpg\",\"width\":700,\"height\":399},{\"@type\":\"BreadcrumbList\",\"@id\":\"https:\\\/\\\/www.ucaldas.edu.co\\\/portal\\\/avanza-el-tercer-seminario-internacional-y-encuentro-nacional-de-extension-rural\\\/#breadcrumb\",\"itemListElement\":[{\"@type\":\"ListItem\",\"position\":1,\"name\":\"Portada\",\"item\":\"https:\\\/\\\/www.ucaldas.edu.co\\\/portal\\\/\"},{\"@type\":\"ListItem\",\"position\":2,\"name\":\"Avanza el tercer Seminario Internacional y Encuentro Nacional de Extensi\u00f3n Rural\"}]},{\"@type\":\"WebSite\",\"@id\":\"https:\\\/\\\/www.ucaldas.edu.co\\\/portal\\\/#website\",\"url\":\"https:\\\/\\\/www.ucaldas.edu.co\\\/portal\\\/\",\"name\":\"Universidad de Caldas\",\"description\":\"\",\"publisher\":{\"@id\":\"https:\\\/\\\/www.ucaldas.edu.co\\\/portal\\\/#organization\"},\"alternateName\":\"U. de Caldas\",\"potentialAction\":[{\"@type\":\"SearchAction\",\"target\":{\"@type\":\"EntryPoint\",\"urlTemplate\":\"https:\\\/\\\/www.ucaldas.edu.co\\\/portal\\\/?s={search_term_string}\"},\"query-input\":{\"@type\":\"PropertyValueSpecification\",\"valueRequired\":true,\"valueName\":\"search_term_string\"}}],\"inLanguage\":\"es\"},{\"@type\":\"Organization\",\"@id\":\"https:\\\/\\\/www.ucaldas.edu.co\\\/portal\\\/#organization\",\"name\":\"Universidad de Caldas\",\"alternateName\":\"U. de Caldas\",\"url\":\"https:\\\/\\\/www.ucaldas.edu.co\\\/portal\\\/\",\"logo\":{\"@type\":\"ImageObject\",\"inLanguage\":\"es\",\"@id\":\"https:\\\/\\\/www.ucaldas.edu.co\\\/portal\\\/#\\\/schema\\\/logo\\\/image\\\/\",\"url\":\"https:\\\/\\\/www.ucaldas.edu.co\\\/portal\\\/wp-content\\\/uploads\\\/2023\\\/11\\\/Logo_horizontal_oscuroU-2023.png\",\"contentUrl\":\"https:\\\/\\\/www.ucaldas.edu.co\\\/portal\\\/wp-content\\\/uploads\\\/2023\\\/11\\\/Logo_horizontal_oscuroU-2023.png\",\"width\":263,\"height\":101,\"caption\":\"Universidad de Caldas\"},\"image\":{\"@id\":\"https:\\\/\\\/www.ucaldas.edu.co\\\/portal\\\/#\\\/schema\\\/logo\\\/image\\\/\"},\"sameAs\":[\"https:\\\/\\\/www.facebook.com\\\/udecaldas\",\"https:\\\/\\\/x.com\\\/udecaldas\",\"https:\\\/\\\/www.youtube.com\\\/universidadcaldas\",\"https:\\\/\\\/www.instagram.com\\\/udecaldas\\\/\"]},{\"@type\":\"Person\",\"@id\":\"https:\\\/\\\/www.ucaldas.edu.co\\\/portal\\\/#\\\/schema\\\/person\\\/a1b482e23449158b4bc319926c074fdf\",\"name\":\"ofiprensa\",\"image\":{\"@type\":\"ImageObject\",\"inLanguage\":\"es\",\"@id\":\"https:\\\/\\\/www.ucaldas.edu.co\\\/portal\\\/wp-content\\\/litespeed\\\/avatar\\\/09ea5085e600095a7a811142c6944527.jpg?ver=1777497608\",\"url\":\"https:\\\/\\\/www.ucaldas.edu.co\\\/portal\\\/wp-content\\\/litespeed\\\/avatar\\\/09ea5085e600095a7a811142c6944527.jpg?ver=1777497608\",\"contentUrl\":\"https:\\\/\\\/www.ucaldas.edu.co\\\/portal\\\/wp-content\\\/litespeed\\\/avatar\\\/09ea5085e600095a7a811142c6944527.jpg?ver=1777497608\",\"caption\":\"ofiprensa\"},\"url\":\"https:\\\/\\\/www.ucaldas.edu.co\\\/portal\\\/author\\\/ofiprensa\\\/\"}]}<\/script>\n<!-- \/ Yoast SEO plugin. -->","yoast_head_json":{"title":"Avanza el tercer Seminario Internacional y Encuentro Nacional de Extensi\u00f3n Rural .","robots":{"index":"index","follow":"follow","max-snippet":"max-snippet:-1","max-image-preview":"max-image-preview:large","max-video-preview":"max-video-preview:-1"},"canonical":"https:\/\/www.ucaldas.edu.co\/portal\/avanza-el-tercer-seminario-internacional-y-encuentro-nacional-de-extension-rural\/","schema":{"@context":"https:\/\/schema.org","@graph":[{"@type":"Article","@id":"https:\/\/www.ucaldas.edu.co\/portal\/avanza-el-tercer-seminario-internacional-y-encuentro-nacional-de-extension-rural\/#article","isPartOf":{"@id":"https:\/\/www.ucaldas.edu.co\/portal\/avanza-el-tercer-seminario-internacional-y-encuentro-nacional-de-extension-rural\/"},"author":{"name":"ofiprensa","@id":"https:\/\/www.ucaldas.edu.co\/portal\/#\/schema\/person\/a1b482e23449158b4bc319926c074fdf"},"headline":"Avanza el tercer Seminario Internacional y Encuentro Nacional de Extensi\u00f3n Rural","datePublished":"2018-08-15T21:59:35+00:00","mainEntityOfPage":{"@id":"https:\/\/www.ucaldas.edu.co\/portal\/avanza-el-tercer-seminario-internacional-y-encuentro-nacional-de-extension-rural\/"},"wordCount":426,"publisher":{"@id":"https:\/\/www.ucaldas.edu.co\/portal\/#organization"},"image":{"@id":"https:\/\/www.ucaldas.edu.co\/portal\/avanza-el-tercer-seminario-internacional-y-encuentro-nacional-de-extension-rural\/#primaryimage"},"thumbnailUrl":"https:\/\/www.ucaldas.edu.co\/portal\/wp-content\/uploads\/2018\/08\/semextenion-compressor.jpg","keywords":["academia","seminario","invitado","extensi\u00f3n rural"],"articleSection":["Actualidad","Universidad al D\u00eda","UCaldas Activa"],"inLanguage":"es"},{"@type":"WebPage","@id":"https:\/\/www.ucaldas.edu.co\/portal\/avanza-el-tercer-seminario-internacional-y-encuentro-nacional-de-extension-rural\/","url":"https:\/\/www.ucaldas.edu.co\/portal\/avanza-el-tercer-seminario-internacional-y-encuentro-nacional-de-extension-rural\/","name":"Avanza el tercer Seminario Internacional y Encuentro Nacional de Extensi\u00f3n Rural .","isPartOf":{"@id":"https:\/\/www.ucaldas.edu.co\/portal\/#website"},"primaryImageOfPage":{"@id":"https:\/\/www.ucaldas.edu.co\/portal\/avanza-el-tercer-seminario-internacional-y-encuentro-nacional-de-extension-rural\/#primaryimage"},"image":{"@id":"https:\/\/www.ucaldas.edu.co\/portal\/avanza-el-tercer-seminario-internacional-y-encuentro-nacional-de-extension-rural\/#primaryimage"},"thumbnailUrl":"https:\/\/www.ucaldas.edu.co\/portal\/wp-content\/uploads\/2018\/08\/semextenion-compressor.jpg","datePublished":"2018-08-15T21:59:35+00:00","breadcrumb":{"@id":"https:\/\/www.ucaldas.edu.co\/portal\/avanza-el-tercer-seminario-internacional-y-encuentro-nacional-de-extension-rural\/#breadcrumb"},"inLanguage":"es","potentialAction":[{"@type":"ReadAction","target":["https:\/\/www.ucaldas.edu.co\/portal\/avanza-el-tercer-seminario-internacional-y-encuentro-nacional-de-extension-rural\/"]}]},{"@type":"ImageObject","inLanguage":"es","@id":"https:\/\/www.ucaldas.edu.co\/portal\/avanza-el-tercer-seminario-internacional-y-encuentro-nacional-de-extension-rural\/#primaryimage","url":"https:\/\/www.ucaldas.edu.co\/portal\/wp-content\/uploads\/2018\/08\/semextenion-compressor.jpg","contentUrl":"https:\/\/www.ucaldas.edu.co\/portal\/wp-content\/uploads\/2018\/08\/semextenion-compressor.jpg","width":700,"height":399},{"@type":"BreadcrumbList","@id":"https:\/\/www.ucaldas.edu.co\/portal\/avanza-el-tercer-seminario-internacional-y-encuentro-nacional-de-extension-rural\/#breadcrumb","itemListElement":[{"@type":"ListItem","position":1,"name":"Portada","item":"https:\/\/www.ucaldas.edu.co\/portal\/"},{"@type":"ListItem","position":2,"name":"Avanza el tercer Seminario Internacional y Encuentro Nacional de Extensi\u00f3n Rural"}]},{"@type":"WebSite","@id":"https:\/\/www.ucaldas.edu.co\/portal\/#website","url":"https:\/\/www.ucaldas.edu.co\/portal\/","name":"Universidad de Caldas","description":"","publisher":{"@id":"https:\/\/www.ucaldas.edu.co\/portal\/#organization"},"alternateName":"U. de Caldas","potentialAction":[{"@type":"SearchAction","target":{"@type":"EntryPoint","urlTemplate":"https:\/\/www.ucaldas.edu.co\/portal\/?s={search_term_string}"},"query-input":{"@type":"PropertyValueSpecification","valueRequired":true,"valueName":"search_term_string"}}],"inLanguage":"es"},{"@type":"Organization","@id":"https:\/\/www.ucaldas.edu.co\/portal\/#organization","name":"Universidad de Caldas","alternateName":"U. de Caldas","url":"https:\/\/www.ucaldas.edu.co\/portal\/","logo":{"@type":"ImageObject","inLanguage":"es","@id":"https:\/\/www.ucaldas.edu.co\/portal\/#\/schema\/logo\/image\/","url":"https:\/\/www.ucaldas.edu.co\/portal\/wp-content\/uploads\/2023\/11\/Logo_horizontal_oscuroU-2023.png","contentUrl":"https:\/\/www.ucaldas.edu.co\/portal\/wp-content\/uploads\/2023\/11\/Logo_horizontal_oscuroU-2023.png","width":263,"height":101,"caption":"Universidad de Caldas"},"image":{"@id":"https:\/\/www.ucaldas.edu.co\/portal\/#\/schema\/logo\/image\/"},"sameAs":["https:\/\/www.facebook.com\/udecaldas","https:\/\/x.com\/udecaldas","https:\/\/www.youtube.com\/universidadcaldas","https:\/\/www.instagram.com\/udecaldas\/"]},{"@type":"Person","@id":"https:\/\/www.ucaldas.edu.co\/portal\/#\/schema\/person\/a1b482e23449158b4bc319926c074fdf","name":"ofiprensa","image":{"@type":"ImageObject","inLanguage":"es","@id":"https:\/\/www.ucaldas.edu.co\/portal\/wp-content\/litespeed\/avatar\/09ea5085e600095a7a811142c6944527.jpg?ver=1777497608","url":"https:\/\/www.ucaldas.edu.co\/portal\/wp-content\/litespeed\/avatar\/09ea5085e600095a7a811142c6944527.jpg?ver=1777497608","contentUrl":"https:\/\/www.ucaldas.edu.co\/portal\/wp-content\/litespeed\/avatar\/09ea5085e600095a7a811142c6944527.jpg?ver=1777497608","caption":"ofiprensa"},"url":"https:\/\/www.ucaldas.edu.co\/portal\/author\/ofiprensa\/"}]}},"_links":{"self":[{"href":"https:\/\/www.ucaldas.edu.co\/portal\/wp-json\/wp\/v2\/posts\/42237","targetHints":{"allow":["GET"]}}],"collection":[{"href":"https:\/\/www.ucaldas.edu.co\/portal\/wp-json\/wp\/v2\/posts"}],"about":[{"href":"https:\/\/www.ucaldas.edu.co\/portal\/wp-json\/wp\/v2\/types\/post"}],"author":[{"embeddable":true,"href":"https:\/\/www.ucaldas.edu.co\/portal\/wp-json\/wp\/v2\/users\/2"}],"replies":[{"embeddable":true,"href":"https:\/\/www.ucaldas.edu.co\/portal\/wp-json\/wp\/v2\/comments?post=42237"}],"version-history":[{"count":0,"href":"https:\/\/www.ucaldas.edu.co\/portal\/wp-json\/wp\/v2\/posts\/42237\/revisions"}],"wp:featuredmedia":[{"embeddable":true,"href":"https:\/\/www.ucaldas.edu.co\/portal\/wp-json\/wp\/v2\/media\/42238"}],"wp:attachment":[{"href":"https:\/\/www.ucaldas.edu.co\/portal\/wp-json\/wp\/v2\/media?parent=42237"}],"wp:term":[{"taxonomy":"category","embeddable":true,"href":"https:\/\/www.ucaldas.edu.co\/portal\/wp-json\/wp\/v2\/categories?post=42237"},{"taxonomy":"post_tag","embeddable":true,"href":"https:\/\/www.ucaldas.edu.co\/portal\/wp-json\/wp\/v2\/tags?post=42237"}],"curies":[{"name":"wp","href":"https:\/\/api.w.org\/{rel}","templated":true}]}}