{"id":42110,"date":"2018-08-08T22:56:24","date_gmt":"2018-08-08T22:56:24","guid":{"rendered":"https:\/\/www.ucaldas.edu.co\/portal\/?p=42110"},"modified":"2018-08-08T22:56:24","modified_gmt":"2018-08-08T22:56:24","slug":"comienzan-encuentros-subregionales-para-el-fortalecimiento-de-alianzas-por-la-educacion","status":"publish","type":"post","link":"https:\/\/www.ucaldas.edu.co\/portal\/comienzan-encuentros-subregionales-para-el-fortalecimiento-de-alianzas-por-la-educacion\/","title":{"rendered":"Comienzan encuentros subregionales para el fortalecimiento de alianzas por la educaci\u00f3n"},"content":{"rendered":"<p style=\"text-align: center;\">\u00a0UNIVERSIDAD HACE \u00a0PRESENCIA EN LAS REGIONES<\/p>\n<p style=\"text-align: center;\"><strong>Comienzan encuentros subregionales para el fortalecimiento de alianzas por la educaci\u00f3n<\/strong><\/p>\n<p><img loading=\"lazy\" decoding=\"async\" class=\"alignnone size-full wp-image-42111 aligncenter\" src=\"https:\/\/www.ucaldas.edu.co\/portal\/wp-content\/uploads\/2018\/08\/FOTOS-CONCIERTO-DE-BIENVENIDA-PRIMIPAROS-21-ENE-2015-2-compressor.jpg\" alt=\"\" width=\"700\" height=\"400\" srcset=\"https:\/\/www.ucaldas.edu.co\/portal\/wp-content\/uploads\/2018\/08\/FOTOS-CONCIERTO-DE-BIENVENIDA-PRIMIPAROS-21-ENE-2015-2-compressor.jpg 700w, https:\/\/www.ucaldas.edu.co\/portal\/wp-content\/uploads\/2018\/08\/FOTOS-CONCIERTO-DE-BIENVENIDA-PRIMIPAROS-21-ENE-2015-2-compressor-300x171.jpg 300w\" sizes=\"auto, (max-width: 700px) 100vw, 700px\" \/>A\u00a0 trav\u00e9s del proyecto\u00a0 entre el Ministerio de Educaci\u00f3n Nacional y la Universidad de Caldas <strong>\u201cAlianzas para el desarrollo territorial a partir de la innovaci\u00f3n y la valorizaci\u00f3n del patrimonio biocultural\u201d<\/strong>, durante el segundo semestre de 2018 se realizar\u00e1n en diferentes municipios del departamento,\u00a0 una serie de actividades con el fin de establecer \u00a0alianzas multinivel para favorecer el encadenamiento de los procesos productivos, sociales y pol\u00edticos de los j\u00f3venes rurales, con especial \u00e9nfasis en las mujeres.<\/p>\n<p>&nbsp;<\/p>\n<p>El primer encuentro se tiene previsto para el 28 de agosto en el municipio de Anserma, el 29 en Riosucio y el 31 en La Dorada y finalizan el 1 de septiembre en Pensilvania.<\/p>\n<p>&nbsp;<\/p>\n<p>El proyecto busca beneficiar a la poblaci\u00f3n de la oferta institucional a trav\u00e9s de formaci\u00f3n complementaria con talleres, foros, encuentros y procesos de construcci\u00f3n colectiva de acuerdo con las necesidades de cada municipio.<\/p>\n<p>&nbsp;<\/p>\n<p><strong>Informes<\/strong>: Oficina de Comunicaciones y Prensa U. de Caldas, tel\u00e9fono 878 15 00 extensi\u00f3n 12 167.<\/p>\n<p><strong>Redacci\u00f3n<\/strong>: Daniela S\u00e1nchez R\u00edos<\/p>\n<p>&nbsp;<\/p>\n","protected":false},"excerpt":{"rendered":"<p>\u00a0UNIVERSIDAD HACE \u00a0PRESENCIA EN LAS REGIONES Comienzan encuentros subregionales para el fortalecimiento de alianzas por la educaci\u00f3n A\u00a0 trav\u00e9s del proyecto\u00a0 entre el Ministerio de Educaci\u00f3n Nacional y la Universidad de Caldas \u201cAlianzas para el desarrollo territorial a partir de la innovaci\u00f3n y la valorizaci\u00f3n del patrimonio biocultural\u201d, durante el segundo semestre de 2018 se [&hellip;]<\/p>\n","protected":false},"author":2,"featured_media":42111,"comment_status":"closed","ping_status":"open","sticky":false,"template":"","format":"standard","meta":{"footnotes":""},"categories":[48,53,600],"tags":[480,1339,1927,1930],"class_list":["post-42110","post","type-post","status-publish","format-standard","has-post-thumbnail","hentry","category-actualidad","category-universidad-al-dia","category-ucaldas-regional","tag-region","tag-municipios","tag-men","tag-alianza"],"yoast_head":"<!-- This site is optimized with the Yoast SEO plugin v27.5 - https:\/\/yoast.com\/product\/yoast-seo-wordpress\/ -->\n<title>Comienzan encuentros subregionales para el fortalecimiento de alianzas por la educaci\u00f3n .<\/title>\n<meta name=\"robots\" content=\"index, follow, max-snippet:-1, max-image-preview:large, max-video-preview:-1\" \/>\n<link rel=\"canonical\" href=\"https:\/\/www.ucaldas.edu.co\/portal\/comienzan-encuentros-subregionales-para-el-fortalecimiento-de-alianzas-por-la-educacion\/\" \/>\n<script type=\"application\/ld+json\" class=\"yoast-schema-graph\">{\"@context\":\"https:\\\/\\\/schema.org\",\"@graph\":[{\"@type\":\"Article\",\"@id\":\"https:\\\/\\\/www.ucaldas.edu.co\\\/portal\\\/comienzan-encuentros-subregionales-para-el-fortalecimiento-de-alianzas-por-la-educacion\\\/#article\",\"isPartOf\":{\"@id\":\"https:\\\/\\\/www.ucaldas.edu.co\\\/portal\\\/comienzan-encuentros-subregionales-para-el-fortalecimiento-de-alianzas-por-la-educacion\\\/\"},\"author\":{\"name\":\"ofiprensa\",\"@id\":\"https:\\\/\\\/www.ucaldas.edu.co\\\/portal\\\/#\\\/schema\\\/person\\\/a1b482e23449158b4bc319926c074fdf\"},\"headline\":\"Comienzan encuentros subregionales para el fortalecimiento de alianzas por la educaci\u00f3n\",\"datePublished\":\"2018-08-08T22:56:24+00:00\",\"mainEntityOfPage\":{\"@id\":\"https:\\\/\\\/www.ucaldas.edu.co\\\/portal\\\/comienzan-encuentros-subregionales-para-el-fortalecimiento-de-alianzas-por-la-educacion\\\/\"},\"wordCount\":203,\"publisher\":{\"@id\":\"https:\\\/\\\/www.ucaldas.edu.co\\\/portal\\\/#organization\"},\"image\":{\"@id\":\"https:\\\/\\\/www.ucaldas.edu.co\\\/portal\\\/comienzan-encuentros-subregionales-para-el-fortalecimiento-de-alianzas-por-la-educacion\\\/#primaryimage\"},\"thumbnailUrl\":\"https:\\\/\\\/www.ucaldas.edu.co\\\/portal\\\/wp-content\\\/uploads\\\/2018\\\/08\\\/FOTOS-CONCIERTO-DE-BIENVENIDA-PRIMIPAROS-21-ENE-2015-2-compressor.jpg\",\"keywords\":[\"regi\u00f3n\",\"municipios\",\"MEN\",\"alianza\"],\"articleSection\":[\"Actualidad\",\"Universidad al D\u00eda\",\"UCaldas Regional\"],\"inLanguage\":\"es\"},{\"@type\":\"WebPage\",\"@id\":\"https:\\\/\\\/www.ucaldas.edu.co\\\/portal\\\/comienzan-encuentros-subregionales-para-el-fortalecimiento-de-alianzas-por-la-educacion\\\/\",\"url\":\"https:\\\/\\\/www.ucaldas.edu.co\\\/portal\\\/comienzan-encuentros-subregionales-para-el-fortalecimiento-de-alianzas-por-la-educacion\\\/\",\"name\":\"Comienzan encuentros subregionales para el fortalecimiento de alianzas por la educaci\u00f3n .\",\"isPartOf\":{\"@id\":\"https:\\\/\\\/www.ucaldas.edu.co\\\/portal\\\/#website\"},\"primaryImageOfPage\":{\"@id\":\"https:\\\/\\\/www.ucaldas.edu.co\\\/portal\\\/comienzan-encuentros-subregionales-para-el-fortalecimiento-de-alianzas-por-la-educacion\\\/#primaryimage\"},\"image\":{\"@id\":\"https:\\\/\\\/www.ucaldas.edu.co\\\/portal\\\/comienzan-encuentros-subregionales-para-el-fortalecimiento-de-alianzas-por-la-educacion\\\/#primaryimage\"},\"thumbnailUrl\":\"https:\\\/\\\/www.ucaldas.edu.co\\\/portal\\\/wp-content\\\/uploads\\\/2018\\\/08\\\/FOTOS-CONCIERTO-DE-BIENVENIDA-PRIMIPAROS-21-ENE-2015-2-compressor.jpg\",\"datePublished\":\"2018-08-08T22:56:24+00:00\",\"breadcrumb\":{\"@id\":\"https:\\\/\\\/www.ucaldas.edu.co\\\/portal\\\/comienzan-encuentros-subregionales-para-el-fortalecimiento-de-alianzas-por-la-educacion\\\/#breadcrumb\"},\"inLanguage\":\"es\",\"potentialAction\":[{\"@type\":\"ReadAction\",\"target\":[\"https:\\\/\\\/www.ucaldas.edu.co\\\/portal\\\/comienzan-encuentros-subregionales-para-el-fortalecimiento-de-alianzas-por-la-educacion\\\/\"]}]},{\"@type\":\"ImageObject\",\"inLanguage\":\"es\",\"@id\":\"https:\\\/\\\/www.ucaldas.edu.co\\\/portal\\\/comienzan-encuentros-subregionales-para-el-fortalecimiento-de-alianzas-por-la-educacion\\\/#primaryimage\",\"url\":\"https:\\\/\\\/www.ucaldas.edu.co\\\/portal\\\/wp-content\\\/uploads\\\/2018\\\/08\\\/FOTOS-CONCIERTO-DE-BIENVENIDA-PRIMIPAROS-21-ENE-2015-2-compressor.jpg\",\"contentUrl\":\"https:\\\/\\\/www.ucaldas.edu.co\\\/portal\\\/wp-content\\\/uploads\\\/2018\\\/08\\\/FOTOS-CONCIERTO-DE-BIENVENIDA-PRIMIPAROS-21-ENE-2015-2-compressor.jpg\",\"width\":700,\"height\":400},{\"@type\":\"BreadcrumbList\",\"@id\":\"https:\\\/\\\/www.ucaldas.edu.co\\\/portal\\\/comienzan-encuentros-subregionales-para-el-fortalecimiento-de-alianzas-por-la-educacion\\\/#breadcrumb\",\"itemListElement\":[{\"@type\":\"ListItem\",\"position\":1,\"name\":\"Portada\",\"item\":\"https:\\\/\\\/www.ucaldas.edu.co\\\/portal\\\/\"},{\"@type\":\"ListItem\",\"position\":2,\"name\":\"Comienzan encuentros subregionales para el fortalecimiento de alianzas por la educaci\u00f3n\"}]},{\"@type\":\"WebSite\",\"@id\":\"https:\\\/\\\/www.ucaldas.edu.co\\\/portal\\\/#website\",\"url\":\"https:\\\/\\\/www.ucaldas.edu.co\\\/portal\\\/\",\"name\":\"Universidad de Caldas\",\"description\":\"\",\"publisher\":{\"@id\":\"https:\\\/\\\/www.ucaldas.edu.co\\\/portal\\\/#organization\"},\"alternateName\":\"U. de Caldas\",\"potentialAction\":[{\"@type\":\"SearchAction\",\"target\":{\"@type\":\"EntryPoint\",\"urlTemplate\":\"https:\\\/\\\/www.ucaldas.edu.co\\\/portal\\\/?s={search_term_string}\"},\"query-input\":{\"@type\":\"PropertyValueSpecification\",\"valueRequired\":true,\"valueName\":\"search_term_string\"}}],\"inLanguage\":\"es\"},{\"@type\":\"Organization\",\"@id\":\"https:\\\/\\\/www.ucaldas.edu.co\\\/portal\\\/#organization\",\"name\":\"Universidad de Caldas\",\"alternateName\":\"U. de Caldas\",\"url\":\"https:\\\/\\\/www.ucaldas.edu.co\\\/portal\\\/\",\"logo\":{\"@type\":\"ImageObject\",\"inLanguage\":\"es\",\"@id\":\"https:\\\/\\\/www.ucaldas.edu.co\\\/portal\\\/#\\\/schema\\\/logo\\\/image\\\/\",\"url\":\"https:\\\/\\\/www.ucaldas.edu.co\\\/portal\\\/wp-content\\\/uploads\\\/2023\\\/11\\\/Logo_horizontal_oscuroU-2023.png\",\"contentUrl\":\"https:\\\/\\\/www.ucaldas.edu.co\\\/portal\\\/wp-content\\\/uploads\\\/2023\\\/11\\\/Logo_horizontal_oscuroU-2023.png\",\"width\":263,\"height\":101,\"caption\":\"Universidad de Caldas\"},\"image\":{\"@id\":\"https:\\\/\\\/www.ucaldas.edu.co\\\/portal\\\/#\\\/schema\\\/logo\\\/image\\\/\"},\"sameAs\":[\"https:\\\/\\\/www.facebook.com\\\/udecaldas\",\"https:\\\/\\\/x.com\\\/udecaldas\",\"https:\\\/\\\/www.youtube.com\\\/universidadcaldas\",\"https:\\\/\\\/www.instagram.com\\\/udecaldas\\\/\"]},{\"@type\":\"Person\",\"@id\":\"https:\\\/\\\/www.ucaldas.edu.co\\\/portal\\\/#\\\/schema\\\/person\\\/a1b482e23449158b4bc319926c074fdf\",\"name\":\"ofiprensa\",\"image\":{\"@type\":\"ImageObject\",\"inLanguage\":\"es\",\"@id\":\"https:\\\/\\\/www.ucaldas.edu.co\\\/portal\\\/wp-content\\\/litespeed\\\/avatar\\\/09ea5085e600095a7a811142c6944527.jpg?ver=1777497608\",\"url\":\"https:\\\/\\\/www.ucaldas.edu.co\\\/portal\\\/wp-content\\\/litespeed\\\/avatar\\\/09ea5085e600095a7a811142c6944527.jpg?ver=1777497608\",\"contentUrl\":\"https:\\\/\\\/www.ucaldas.edu.co\\\/portal\\\/wp-content\\\/litespeed\\\/avatar\\\/09ea5085e600095a7a811142c6944527.jpg?ver=1777497608\",\"caption\":\"ofiprensa\"},\"url\":\"https:\\\/\\\/www.ucaldas.edu.co\\\/portal\\\/author\\\/ofiprensa\\\/\"}]}<\/script>\n<!-- \/ Yoast SEO plugin. -->","yoast_head_json":{"title":"Comienzan encuentros subregionales para el fortalecimiento de alianzas por la educaci\u00f3n .","robots":{"index":"index","follow":"follow","max-snippet":"max-snippet:-1","max-image-preview":"max-image-preview:large","max-video-preview":"max-video-preview:-1"},"canonical":"https:\/\/www.ucaldas.edu.co\/portal\/comienzan-encuentros-subregionales-para-el-fortalecimiento-de-alianzas-por-la-educacion\/","schema":{"@context":"https:\/\/schema.org","@graph":[{"@type":"Article","@id":"https:\/\/www.ucaldas.edu.co\/portal\/comienzan-encuentros-subregionales-para-el-fortalecimiento-de-alianzas-por-la-educacion\/#article","isPartOf":{"@id":"https:\/\/www.ucaldas.edu.co\/portal\/comienzan-encuentros-subregionales-para-el-fortalecimiento-de-alianzas-por-la-educacion\/"},"author":{"name":"ofiprensa","@id":"https:\/\/www.ucaldas.edu.co\/portal\/#\/schema\/person\/a1b482e23449158b4bc319926c074fdf"},"headline":"Comienzan encuentros subregionales para el fortalecimiento de alianzas por la educaci\u00f3n","datePublished":"2018-08-08T22:56:24+00:00","mainEntityOfPage":{"@id":"https:\/\/www.ucaldas.edu.co\/portal\/comienzan-encuentros-subregionales-para-el-fortalecimiento-de-alianzas-por-la-educacion\/"},"wordCount":203,"publisher":{"@id":"https:\/\/www.ucaldas.edu.co\/portal\/#organization"},"image":{"@id":"https:\/\/www.ucaldas.edu.co\/portal\/comienzan-encuentros-subregionales-para-el-fortalecimiento-de-alianzas-por-la-educacion\/#primaryimage"},"thumbnailUrl":"https:\/\/www.ucaldas.edu.co\/portal\/wp-content\/uploads\/2018\/08\/FOTOS-CONCIERTO-DE-BIENVENIDA-PRIMIPAROS-21-ENE-2015-2-compressor.jpg","keywords":["regi\u00f3n","municipios","MEN","alianza"],"articleSection":["Actualidad","Universidad al D\u00eda","UCaldas Regional"],"inLanguage":"es"},{"@type":"WebPage","@id":"https:\/\/www.ucaldas.edu.co\/portal\/comienzan-encuentros-subregionales-para-el-fortalecimiento-de-alianzas-por-la-educacion\/","url":"https:\/\/www.ucaldas.edu.co\/portal\/comienzan-encuentros-subregionales-para-el-fortalecimiento-de-alianzas-por-la-educacion\/","name":"Comienzan encuentros subregionales para el fortalecimiento de alianzas por la educaci\u00f3n .","isPartOf":{"@id":"https:\/\/www.ucaldas.edu.co\/portal\/#website"},"primaryImageOfPage":{"@id":"https:\/\/www.ucaldas.edu.co\/portal\/comienzan-encuentros-subregionales-para-el-fortalecimiento-de-alianzas-por-la-educacion\/#primaryimage"},"image":{"@id":"https:\/\/www.ucaldas.edu.co\/portal\/comienzan-encuentros-subregionales-para-el-fortalecimiento-de-alianzas-por-la-educacion\/#primaryimage"},"thumbnailUrl":"https:\/\/www.ucaldas.edu.co\/portal\/wp-content\/uploads\/2018\/08\/FOTOS-CONCIERTO-DE-BIENVENIDA-PRIMIPAROS-21-ENE-2015-2-compressor.jpg","datePublished":"2018-08-08T22:56:24+00:00","breadcrumb":{"@id":"https:\/\/www.ucaldas.edu.co\/portal\/comienzan-encuentros-subregionales-para-el-fortalecimiento-de-alianzas-por-la-educacion\/#breadcrumb"},"inLanguage":"es","potentialAction":[{"@type":"ReadAction","target":["https:\/\/www.ucaldas.edu.co\/portal\/comienzan-encuentros-subregionales-para-el-fortalecimiento-de-alianzas-por-la-educacion\/"]}]},{"@type":"ImageObject","inLanguage":"es","@id":"https:\/\/www.ucaldas.edu.co\/portal\/comienzan-encuentros-subregionales-para-el-fortalecimiento-de-alianzas-por-la-educacion\/#primaryimage","url":"https:\/\/www.ucaldas.edu.co\/portal\/wp-content\/uploads\/2018\/08\/FOTOS-CONCIERTO-DE-BIENVENIDA-PRIMIPAROS-21-ENE-2015-2-compressor.jpg","contentUrl":"https:\/\/www.ucaldas.edu.co\/portal\/wp-content\/uploads\/2018\/08\/FOTOS-CONCIERTO-DE-BIENVENIDA-PRIMIPAROS-21-ENE-2015-2-compressor.jpg","width":700,"height":400},{"@type":"BreadcrumbList","@id":"https:\/\/www.ucaldas.edu.co\/portal\/comienzan-encuentros-subregionales-para-el-fortalecimiento-de-alianzas-por-la-educacion\/#breadcrumb","itemListElement":[{"@type":"ListItem","position":1,"name":"Portada","item":"https:\/\/www.ucaldas.edu.co\/portal\/"},{"@type":"ListItem","position":2,"name":"Comienzan encuentros subregionales para el fortalecimiento de alianzas por la educaci\u00f3n"}]},{"@type":"WebSite","@id":"https:\/\/www.ucaldas.edu.co\/portal\/#website","url":"https:\/\/www.ucaldas.edu.co\/portal\/","name":"Universidad de Caldas","description":"","publisher":{"@id":"https:\/\/www.ucaldas.edu.co\/portal\/#organization"},"alternateName":"U. de Caldas","potentialAction":[{"@type":"SearchAction","target":{"@type":"EntryPoint","urlTemplate":"https:\/\/www.ucaldas.edu.co\/portal\/?s={search_term_string}"},"query-input":{"@type":"PropertyValueSpecification","valueRequired":true,"valueName":"search_term_string"}}],"inLanguage":"es"},{"@type":"Organization","@id":"https:\/\/www.ucaldas.edu.co\/portal\/#organization","name":"Universidad de Caldas","alternateName":"U. de Caldas","url":"https:\/\/www.ucaldas.edu.co\/portal\/","logo":{"@type":"ImageObject","inLanguage":"es","@id":"https:\/\/www.ucaldas.edu.co\/portal\/#\/schema\/logo\/image\/","url":"https:\/\/www.ucaldas.edu.co\/portal\/wp-content\/uploads\/2023\/11\/Logo_horizontal_oscuroU-2023.png","contentUrl":"https:\/\/www.ucaldas.edu.co\/portal\/wp-content\/uploads\/2023\/11\/Logo_horizontal_oscuroU-2023.png","width":263,"height":101,"caption":"Universidad de Caldas"},"image":{"@id":"https:\/\/www.ucaldas.edu.co\/portal\/#\/schema\/logo\/image\/"},"sameAs":["https:\/\/www.facebook.com\/udecaldas","https:\/\/x.com\/udecaldas","https:\/\/www.youtube.com\/universidadcaldas","https:\/\/www.instagram.com\/udecaldas\/"]},{"@type":"Person","@id":"https:\/\/www.ucaldas.edu.co\/portal\/#\/schema\/person\/a1b482e23449158b4bc319926c074fdf","name":"ofiprensa","image":{"@type":"ImageObject","inLanguage":"es","@id":"https:\/\/www.ucaldas.edu.co\/portal\/wp-content\/litespeed\/avatar\/09ea5085e600095a7a811142c6944527.jpg?ver=1777497608","url":"https:\/\/www.ucaldas.edu.co\/portal\/wp-content\/litespeed\/avatar\/09ea5085e600095a7a811142c6944527.jpg?ver=1777497608","contentUrl":"https:\/\/www.ucaldas.edu.co\/portal\/wp-content\/litespeed\/avatar\/09ea5085e600095a7a811142c6944527.jpg?ver=1777497608","caption":"ofiprensa"},"url":"https:\/\/www.ucaldas.edu.co\/portal\/author\/ofiprensa\/"}]}},"_links":{"self":[{"href":"https:\/\/www.ucaldas.edu.co\/portal\/wp-json\/wp\/v2\/posts\/42110","targetHints":{"allow":["GET"]}}],"collection":[{"href":"https:\/\/www.ucaldas.edu.co\/portal\/wp-json\/wp\/v2\/posts"}],"about":[{"href":"https:\/\/www.ucaldas.edu.co\/portal\/wp-json\/wp\/v2\/types\/post"}],"author":[{"embeddable":true,"href":"https:\/\/www.ucaldas.edu.co\/portal\/wp-json\/wp\/v2\/users\/2"}],"replies":[{"embeddable":true,"href":"https:\/\/www.ucaldas.edu.co\/portal\/wp-json\/wp\/v2\/comments?post=42110"}],"version-history":[{"count":0,"href":"https:\/\/www.ucaldas.edu.co\/portal\/wp-json\/wp\/v2\/posts\/42110\/revisions"}],"wp:featuredmedia":[{"embeddable":true,"href":"https:\/\/www.ucaldas.edu.co\/portal\/wp-json\/wp\/v2\/media\/42111"}],"wp:attachment":[{"href":"https:\/\/www.ucaldas.edu.co\/portal\/wp-json\/wp\/v2\/media?parent=42110"}],"wp:term":[{"taxonomy":"category","embeddable":true,"href":"https:\/\/www.ucaldas.edu.co\/portal\/wp-json\/wp\/v2\/categories?post=42110"},{"taxonomy":"post_tag","embeddable":true,"href":"https:\/\/www.ucaldas.edu.co\/portal\/wp-json\/wp\/v2\/tags?post=42110"}],"curies":[{"name":"wp","href":"https:\/\/api.w.org\/{rel}","templated":true}]}}