{"id":42072,"date":"2018-07-31T21:56:40","date_gmt":"2018-07-31T21:56:40","guid":{"rendered":"https:\/\/www.ucaldas.edu.co\/portal\/?p=42072"},"modified":"2018-07-31T21:56:40","modified_gmt":"2018-07-31T21:56:40","slug":"todo-listo-para-el-quinto-encuentro-para-la-permanencia-estudiantil","status":"publish","type":"post","link":"https:\/\/www.ucaldas.edu.co\/portal\/todo-listo-para-el-quinto-encuentro-para-la-permanencia-estudiantil\/","title":{"rendered":"Todo listo para el Quinto \u00a0Encuentro para la Permanencia Estudiantil"},"content":{"rendered":"<p style=\"text-align: center;\">AG\u00c9NDESE EL 16 y 17 DE AGOSTO<\/p>\n<p style=\"text-align: center;\"><strong>Todo listo para el Quinto \u00a0Encuentro para la Permanencia Estudiantil<\/strong><\/p>\n<p style=\"text-align: right;\">31\/07\/2018<\/p>\n<p><strong>\u00a0<img loading=\"lazy\" decoding=\"async\" class=\"alignnone size-full wp-image-42073 aligncenter\" src=\"https:\/\/www.ucaldas.edu.co\/portal\/wp-content\/uploads\/2018\/07\/Encuentro-de-Permanencia-web-compressor-1.jpg\" alt=\"\" width=\"700\" height=\"399\" srcset=\"https:\/\/www.ucaldas.edu.co\/portal\/wp-content\/uploads\/2018\/07\/Encuentro-de-Permanencia-web-compressor-1.jpg 700w, https:\/\/www.ucaldas.edu.co\/portal\/wp-content\/uploads\/2018\/07\/Encuentro-de-Permanencia-web-compressor-1-300x171.jpg 300w\" sizes=\"auto, (max-width: 700px) 100vw, 700px\" \/><\/strong><\/p>\n<p><strong>Manizales vivir\u00e1 el<\/strong> <strong>V Encuentro para la Permanencia Estudiantil<\/strong> \u201cUn Compromiso de Todos\u201d, realizado por la <strong>Universidad de Caldas y la Universidad Nacional de Colombia sede Manizales<\/strong>, con el apoyo del Ministerio de Educaci\u00f3n Nacional (MEN), con el fin de dar continuidad al proceso de fortalecimiento del acompa\u00f1amiento y la permanencia estudiantil en la educaci\u00f3n superior del pa\u00eds. El encuentro tendr\u00e1 lugar <strong>el 16 y 17 de agosto del 2018<\/strong>.<\/p>\n<p><!--more--><\/p>\n<p>&nbsp;<\/p>\n<p>Se contar\u00e1 con un espacio de discusi\u00f3n acad\u00e9mica en donde tendr\u00e1n la oportunidad de presentar los impactos que han generado las estrategias implementadas en los procesos de acompa\u00f1amiento para la permanencia estudiantil.<\/p>\n<p>&nbsp;<\/p>\n<p><strong>Las tem\u00e1ticas del evento son:<\/strong><\/p>\n<p>&nbsp;<\/p>\n<ol>\n<li>Gesti\u00f3n educativa de la inclusi\u00f3n.<\/li>\n<li>La regionalizaci\u00f3n como factor de inclusi\u00f3n educativa.<\/li>\n<li>La incidencia de la salud mental en la permanencia estudiantil.<\/li>\n<\/ol>\n<p>&nbsp;<\/p>\n<p><a href=\"https:\/\/sites.google.com\/view\/encuentropermanencia\">Conozca aqu\u00ed m\u00e1s detalles del encuentro<\/a><\/p>\n<p>&nbsp;<\/p>\n<p><strong>Informes: <\/strong>Vicerrector\u00eda Acad\u00e9mica U. de Caldas, tel\u00e9fono 878 15 00 extensi\u00f3n 11 621.<br \/>\n<strong>Redacci\u00f3n:<\/strong> Margarita Laverde<strong><\/p>\n<p><\/strong><\/p>\n","protected":false},"excerpt":{"rendered":"<p>AG\u00c9NDESE EL 16 y 17 DE AGOSTO Todo listo para el Quinto \u00a0Encuentro para la Permanencia Estudiantil 31\/07\/2018 \u00a0 Manizales vivir\u00e1 el V Encuentro para la Permanencia Estudiantil \u201cUn Compromiso de Todos\u201d, realizado por la Universidad de Caldas y la Universidad Nacional de Colombia sede Manizales, con el apoyo del Ministerio de Educaci\u00f3n Nacional (MEN), [&hellip;]<\/p>\n","protected":false},"author":2,"featured_media":42073,"comment_status":"closed","ping_status":"open","sticky":false,"template":"","format":"standard","meta":{"footnotes":"","_members_access_role":[],"_members_access_error":""},"categories":[48,53,624],"tags":[55,63,68,178,1188],"class_list":["post-42072","post","type-post","status-publish","format-standard","has-post-thumbnail","hentry","category-actualidad","category-universidad-al-dia","category-ucaldas-activa","tag-academia","tag-participe","tag-invitado","tag-encuentro","tag-permanencia"],"yoast_head":"<!-- This site is optimized with the Yoast SEO plugin v28.3 - https:\/\/yoast.com\/product\/yoast-seo-wordpress\/ -->\n<title>Todo listo para el Quinto \u00a0Encuentro para la Permanencia Estudiantil .<\/title>\n<meta name=\"robots\" content=\"index, follow, max-snippet:-1, max-image-preview:large, max-video-preview:-1\" \/>\n<link rel=\"canonical\" href=\"https:\/\/www.ucaldas.edu.co\/portal\/todo-listo-para-el-quinto-encuentro-para-la-permanencia-estudiantil\/\" \/>\n<script type=\"application\/ld+json\" class=\"yoast-schema-graph\">{\"@context\":\"https:\\\/\\\/schema.org\",\"@graph\":[{\"@type\":\"Article\",\"@id\":\"https:\\\/\\\/www.ucaldas.edu.co\\\/portal\\\/todo-listo-para-el-quinto-encuentro-para-la-permanencia-estudiantil\\\/#article\",\"isPartOf\":{\"@id\":\"https:\\\/\\\/www.ucaldas.edu.co\\\/portal\\\/todo-listo-para-el-quinto-encuentro-para-la-permanencia-estudiantil\\\/\"},\"author\":{\"name\":\"ofiprensa\",\"@id\":\"https:\\\/\\\/www.ucaldas.edu.co\\\/portal\\\/#\\\/schema\\\/person\\\/a1b482e23449158b4bc319926c074fdf\"},\"headline\":\"Todo listo para el Quinto \u00a0Encuentro para la Permanencia Estudiantil\",\"datePublished\":\"2018-07-31T21:56:40+00:00\",\"mainEntityOfPage\":{\"@id\":\"https:\\\/\\\/www.ucaldas.edu.co\\\/portal\\\/todo-listo-para-el-quinto-encuentro-para-la-permanencia-estudiantil\\\/\"},\"wordCount\":193,\"publisher\":{\"@id\":\"https:\\\/\\\/www.ucaldas.edu.co\\\/portal\\\/#organization\"},\"image\":{\"@id\":\"https:\\\/\\\/www.ucaldas.edu.co\\\/portal\\\/todo-listo-para-el-quinto-encuentro-para-la-permanencia-estudiantil\\\/#primaryimage\"},\"thumbnailUrl\":\"https:\\\/\\\/www.ucaldas.edu.co\\\/portal\\\/wp-content\\\/uploads\\\/2018\\\/07\\\/Encuentro-de-Permanencia-web-compressor-1.jpg\",\"keywords\":[\"academia\",\"Participe\",\"invitado\",\"encuentro\",\"permanencia\"],\"articleSection\":[\"Actualidad\",\"Universidad al D\u00eda\",\"UCaldas Activa\"],\"inLanguage\":\"es\"},{\"@type\":\"WebPage\",\"@id\":\"https:\\\/\\\/www.ucaldas.edu.co\\\/portal\\\/todo-listo-para-el-quinto-encuentro-para-la-permanencia-estudiantil\\\/\",\"url\":\"https:\\\/\\\/www.ucaldas.edu.co\\\/portal\\\/todo-listo-para-el-quinto-encuentro-para-la-permanencia-estudiantil\\\/\",\"name\":\"Todo listo para el Quinto \u00a0Encuentro para la Permanencia Estudiantil .\",\"isPartOf\":{\"@id\":\"https:\\\/\\\/www.ucaldas.edu.co\\\/portal\\\/#website\"},\"primaryImageOfPage\":{\"@id\":\"https:\\\/\\\/www.ucaldas.edu.co\\\/portal\\\/todo-listo-para-el-quinto-encuentro-para-la-permanencia-estudiantil\\\/#primaryimage\"},\"image\":{\"@id\":\"https:\\\/\\\/www.ucaldas.edu.co\\\/portal\\\/todo-listo-para-el-quinto-encuentro-para-la-permanencia-estudiantil\\\/#primaryimage\"},\"thumbnailUrl\":\"https:\\\/\\\/www.ucaldas.edu.co\\\/portal\\\/wp-content\\\/uploads\\\/2018\\\/07\\\/Encuentro-de-Permanencia-web-compressor-1.jpg\",\"datePublished\":\"2018-07-31T21:56:40+00:00\",\"breadcrumb\":{\"@id\":\"https:\\\/\\\/www.ucaldas.edu.co\\\/portal\\\/todo-listo-para-el-quinto-encuentro-para-la-permanencia-estudiantil\\\/#breadcrumb\"},\"inLanguage\":\"es\",\"potentialAction\":[{\"@type\":\"ReadAction\",\"target\":[\"https:\\\/\\\/www.ucaldas.edu.co\\\/portal\\\/todo-listo-para-el-quinto-encuentro-para-la-permanencia-estudiantil\\\/\"]}]},{\"@type\":\"ImageObject\",\"inLanguage\":\"es\",\"@id\":\"https:\\\/\\\/www.ucaldas.edu.co\\\/portal\\\/todo-listo-para-el-quinto-encuentro-para-la-permanencia-estudiantil\\\/#primaryimage\",\"url\":\"https:\\\/\\\/www.ucaldas.edu.co\\\/portal\\\/wp-content\\\/uploads\\\/2018\\\/07\\\/Encuentro-de-Permanencia-web-compressor-1.jpg\",\"contentUrl\":\"https:\\\/\\\/www.ucaldas.edu.co\\\/portal\\\/wp-content\\\/uploads\\\/2018\\\/07\\\/Encuentro-de-Permanencia-web-compressor-1.jpg\",\"width\":700,\"height\":399},{\"@type\":\"BreadcrumbList\",\"@id\":\"https:\\\/\\\/www.ucaldas.edu.co\\\/portal\\\/todo-listo-para-el-quinto-encuentro-para-la-permanencia-estudiantil\\\/#breadcrumb\",\"itemListElement\":[{\"@type\":\"ListItem\",\"position\":1,\"name\":\"Portada\",\"item\":\"https:\\\/\\\/www.ucaldas.edu.co\\\/portal\\\/\"},{\"@type\":\"ListItem\",\"position\":2,\"name\":\"Todo listo para el Quinto \u00a0Encuentro para la Permanencia Estudiantil\"}]},{\"@type\":\"WebSite\",\"@id\":\"https:\\\/\\\/www.ucaldas.edu.co\\\/portal\\\/#website\",\"url\":\"https:\\\/\\\/www.ucaldas.edu.co\\\/portal\\\/\",\"name\":\"Universidad de Caldas\",\"description\":\"\",\"publisher\":{\"@id\":\"https:\\\/\\\/www.ucaldas.edu.co\\\/portal\\\/#organization\"},\"alternateName\":\"U. de Caldas\",\"potentialAction\":[{\"@type\":\"SearchAction\",\"target\":{\"@type\":\"EntryPoint\",\"urlTemplate\":\"https:\\\/\\\/www.ucaldas.edu.co\\\/portal\\\/?s={search_term_string}\"},\"query-input\":{\"@type\":\"PropertyValueSpecification\",\"valueRequired\":true,\"valueName\":\"search_term_string\"}}],\"inLanguage\":\"es\"},{\"@type\":\"Organization\",\"@id\":\"https:\\\/\\\/www.ucaldas.edu.co\\\/portal\\\/#organization\",\"name\":\"Universidad de Caldas\",\"alternateName\":\"U. de Caldas\",\"url\":\"https:\\\/\\\/www.ucaldas.edu.co\\\/portal\\\/\",\"logo\":{\"@type\":\"ImageObject\",\"inLanguage\":\"es\",\"@id\":\"https:\\\/\\\/www.ucaldas.edu.co\\\/portal\\\/#\\\/schema\\\/logo\\\/image\\\/\",\"url\":\"https:\\\/\\\/www.ucaldas.edu.co\\\/portal\\\/wp-content\\\/uploads\\\/2023\\\/11\\\/Logo_horizontal_oscuroU-2023.png\",\"contentUrl\":\"https:\\\/\\\/www.ucaldas.edu.co\\\/portal\\\/wp-content\\\/uploads\\\/2023\\\/11\\\/Logo_horizontal_oscuroU-2023.png\",\"width\":263,\"height\":101,\"caption\":\"Universidad de Caldas\"},\"image\":{\"@id\":\"https:\\\/\\\/www.ucaldas.edu.co\\\/portal\\\/#\\\/schema\\\/logo\\\/image\\\/\"},\"sameAs\":[\"https:\\\/\\\/www.facebook.com\\\/udecaldas\",\"https:\\\/\\\/x.com\\\/udecaldas\",\"https:\\\/\\\/www.youtube.com\\\/universidadcaldas\",\"https:\\\/\\\/www.instagram.com\\\/udecaldas\\\/\"]},{\"@type\":\"Person\",\"@id\":\"https:\\\/\\\/www.ucaldas.edu.co\\\/portal\\\/#\\\/schema\\\/person\\\/a1b482e23449158b4bc319926c074fdf\",\"name\":\"ofiprensa\",\"image\":{\"@type\":\"ImageObject\",\"inLanguage\":\"es\",\"@id\":\"https:\\\/\\\/www.ucaldas.edu.co\\\/portal\\\/wp-content\\\/litespeed\\\/avatar\\\/09ea5085e600095a7a811142c6944527.jpg?ver=1787779368\",\"url\":\"https:\\\/\\\/www.ucaldas.edu.co\\\/portal\\\/wp-content\\\/litespeed\\\/avatar\\\/09ea5085e600095a7a811142c6944527.jpg?ver=1787779368\",\"contentUrl\":\"https:\\\/\\\/www.ucaldas.edu.co\\\/portal\\\/wp-content\\\/litespeed\\\/avatar\\\/09ea5085e600095a7a811142c6944527.jpg?ver=1787779368\",\"caption\":\"ofiprensa\"},\"url\":\"https:\\\/\\\/www.ucaldas.edu.co\\\/portal\\\/author\\\/ofiprensa\\\/\"}]}<\/script>\n<!-- \/ Yoast SEO plugin. -->","yoast_head_json":{"title":"Todo listo para el Quinto \u00a0Encuentro para la Permanencia Estudiantil .","robots":{"index":"index","follow":"follow","max-snippet":"max-snippet:-1","max-image-preview":"max-image-preview:large","max-video-preview":"max-video-preview:-1"},"canonical":"https:\/\/www.ucaldas.edu.co\/portal\/todo-listo-para-el-quinto-encuentro-para-la-permanencia-estudiantil\/","schema":{"@context":"https:\/\/schema.org","@graph":[{"@type":"Article","@id":"https:\/\/www.ucaldas.edu.co\/portal\/todo-listo-para-el-quinto-encuentro-para-la-permanencia-estudiantil\/#article","isPartOf":{"@id":"https:\/\/www.ucaldas.edu.co\/portal\/todo-listo-para-el-quinto-encuentro-para-la-permanencia-estudiantil\/"},"author":{"name":"ofiprensa","@id":"https:\/\/www.ucaldas.edu.co\/portal\/#\/schema\/person\/a1b482e23449158b4bc319926c074fdf"},"headline":"Todo listo para el Quinto \u00a0Encuentro para la Permanencia Estudiantil","datePublished":"2018-07-31T21:56:40+00:00","mainEntityOfPage":{"@id":"https:\/\/www.ucaldas.edu.co\/portal\/todo-listo-para-el-quinto-encuentro-para-la-permanencia-estudiantil\/"},"wordCount":193,"publisher":{"@id":"https:\/\/www.ucaldas.edu.co\/portal\/#organization"},"image":{"@id":"https:\/\/www.ucaldas.edu.co\/portal\/todo-listo-para-el-quinto-encuentro-para-la-permanencia-estudiantil\/#primaryimage"},"thumbnailUrl":"https:\/\/www.ucaldas.edu.co\/portal\/wp-content\/uploads\/2018\/07\/Encuentro-de-Permanencia-web-compressor-1.jpg","keywords":["academia","Participe","invitado","encuentro","permanencia"],"articleSection":["Actualidad","Universidad al D\u00eda","UCaldas Activa"],"inLanguage":"es"},{"@type":"WebPage","@id":"https:\/\/www.ucaldas.edu.co\/portal\/todo-listo-para-el-quinto-encuentro-para-la-permanencia-estudiantil\/","url":"https:\/\/www.ucaldas.edu.co\/portal\/todo-listo-para-el-quinto-encuentro-para-la-permanencia-estudiantil\/","name":"Todo listo para el Quinto \u00a0Encuentro para la Permanencia Estudiantil .","isPartOf":{"@id":"https:\/\/www.ucaldas.edu.co\/portal\/#website"},"primaryImageOfPage":{"@id":"https:\/\/www.ucaldas.edu.co\/portal\/todo-listo-para-el-quinto-encuentro-para-la-permanencia-estudiantil\/#primaryimage"},"image":{"@id":"https:\/\/www.ucaldas.edu.co\/portal\/todo-listo-para-el-quinto-encuentro-para-la-permanencia-estudiantil\/#primaryimage"},"thumbnailUrl":"https:\/\/www.ucaldas.edu.co\/portal\/wp-content\/uploads\/2018\/07\/Encuentro-de-Permanencia-web-compressor-1.jpg","datePublished":"2018-07-31T21:56:40+00:00","breadcrumb":{"@id":"https:\/\/www.ucaldas.edu.co\/portal\/todo-listo-para-el-quinto-encuentro-para-la-permanencia-estudiantil\/#breadcrumb"},"inLanguage":"es","potentialAction":[{"@type":"ReadAction","target":["https:\/\/www.ucaldas.edu.co\/portal\/todo-listo-para-el-quinto-encuentro-para-la-permanencia-estudiantil\/"]}]},{"@type":"ImageObject","inLanguage":"es","@id":"https:\/\/www.ucaldas.edu.co\/portal\/todo-listo-para-el-quinto-encuentro-para-la-permanencia-estudiantil\/#primaryimage","url":"https:\/\/www.ucaldas.edu.co\/portal\/wp-content\/uploads\/2018\/07\/Encuentro-de-Permanencia-web-compressor-1.jpg","contentUrl":"https:\/\/www.ucaldas.edu.co\/portal\/wp-content\/uploads\/2018\/07\/Encuentro-de-Permanencia-web-compressor-1.jpg","width":700,"height":399},{"@type":"BreadcrumbList","@id":"https:\/\/www.ucaldas.edu.co\/portal\/todo-listo-para-el-quinto-encuentro-para-la-permanencia-estudiantil\/#breadcrumb","itemListElement":[{"@type":"ListItem","position":1,"name":"Portada","item":"https:\/\/www.ucaldas.edu.co\/portal\/"},{"@type":"ListItem","position":2,"name":"Todo listo para el Quinto \u00a0Encuentro para la Permanencia Estudiantil"}]},{"@type":"WebSite","@id":"https:\/\/www.ucaldas.edu.co\/portal\/#website","url":"https:\/\/www.ucaldas.edu.co\/portal\/","name":"Universidad de Caldas","description":"","publisher":{"@id":"https:\/\/www.ucaldas.edu.co\/portal\/#organization"},"alternateName":"U. de Caldas","potentialAction":[{"@type":"SearchAction","target":{"@type":"EntryPoint","urlTemplate":"https:\/\/www.ucaldas.edu.co\/portal\/?s={search_term_string}"},"query-input":{"@type":"PropertyValueSpecification","valueRequired":true,"valueName":"search_term_string"}}],"inLanguage":"es"},{"@type":"Organization","@id":"https:\/\/www.ucaldas.edu.co\/portal\/#organization","name":"Universidad de Caldas","alternateName":"U. de Caldas","url":"https:\/\/www.ucaldas.edu.co\/portal\/","logo":{"@type":"ImageObject","inLanguage":"es","@id":"https:\/\/www.ucaldas.edu.co\/portal\/#\/schema\/logo\/image\/","url":"https:\/\/www.ucaldas.edu.co\/portal\/wp-content\/uploads\/2023\/11\/Logo_horizontal_oscuroU-2023.png","contentUrl":"https:\/\/www.ucaldas.edu.co\/portal\/wp-content\/uploads\/2023\/11\/Logo_horizontal_oscuroU-2023.png","width":263,"height":101,"caption":"Universidad de Caldas"},"image":{"@id":"https:\/\/www.ucaldas.edu.co\/portal\/#\/schema\/logo\/image\/"},"sameAs":["https:\/\/www.facebook.com\/udecaldas","https:\/\/x.com\/udecaldas","https:\/\/www.youtube.com\/universidadcaldas","https:\/\/www.instagram.com\/udecaldas\/"]},{"@type":"Person","@id":"https:\/\/www.ucaldas.edu.co\/portal\/#\/schema\/person\/a1b482e23449158b4bc319926c074fdf","name":"ofiprensa","image":{"@type":"ImageObject","inLanguage":"es","@id":"https:\/\/www.ucaldas.edu.co\/portal\/wp-content\/litespeed\/avatar\/09ea5085e600095a7a811142c6944527.jpg?ver=1787779368","url":"https:\/\/www.ucaldas.edu.co\/portal\/wp-content\/litespeed\/avatar\/09ea5085e600095a7a811142c6944527.jpg?ver=1787779368","contentUrl":"https:\/\/www.ucaldas.edu.co\/portal\/wp-content\/litespeed\/avatar\/09ea5085e600095a7a811142c6944527.jpg?ver=1787779368","caption":"ofiprensa"},"url":"https:\/\/www.ucaldas.edu.co\/portal\/author\/ofiprensa\/"}]}},"_links":{"self":[{"href":"https:\/\/www.ucaldas.edu.co\/portal\/wp-json\/wp\/v2\/posts\/42072","targetHints":{"allow":["GET"]}}],"collection":[{"href":"https:\/\/www.ucaldas.edu.co\/portal\/wp-json\/wp\/v2\/posts"}],"about":[{"href":"https:\/\/www.ucaldas.edu.co\/portal\/wp-json\/wp\/v2\/types\/post"}],"author":[{"embeddable":true,"href":"https:\/\/www.ucaldas.edu.co\/portal\/wp-json\/wp\/v2\/users\/2"}],"replies":[{"embeddable":true,"href":"https:\/\/www.ucaldas.edu.co\/portal\/wp-json\/wp\/v2\/comments?post=42072"}],"version-history":[{"count":0,"href":"https:\/\/www.ucaldas.edu.co\/portal\/wp-json\/wp\/v2\/posts\/42072\/revisions"}],"wp:featuredmedia":[{"embeddable":true,"href":"https:\/\/www.ucaldas.edu.co\/portal\/wp-json\/wp\/v2\/media\/42073"}],"wp:attachment":[{"href":"https:\/\/www.ucaldas.edu.co\/portal\/wp-json\/wp\/v2\/media?parent=42072"}],"wp:term":[{"taxonomy":"category","embeddable":true,"href":"https:\/\/www.ucaldas.edu.co\/portal\/wp-json\/wp\/v2\/categories?post=42072"},{"taxonomy":"post_tag","embeddable":true,"href":"https:\/\/www.ucaldas.edu.co\/portal\/wp-json\/wp\/v2\/tags?post=42072"}],"curies":[{"name":"wp","href":"https:\/\/api.w.org\/{rel}","templated":true}]}}