{"id":41954,"date":"2018-07-23T22:33:46","date_gmt":"2018-07-23T22:33:46","guid":{"rendered":"https:\/\/www.ucaldas.edu.co\/portal\/?p=41954"},"modified":"2018-07-24T14:36:58","modified_gmt":"2018-07-24T14:36:58","slug":"rector-de-la-universidad-de-caldas-presenta-informe-ante-el-concejo-de-manizales","status":"publish","type":"post","link":"https:\/\/www.ucaldas.edu.co\/portal\/rector-de-la-universidad-de-caldas-presenta-informe-ante-el-concejo-de-manizales\/","title":{"rendered":"Rector de la Universidad de Caldas presenta informe ante el Concejo de Manizales"},"content":{"rendered":"<p><img loading=\"lazy\" decoding=\"async\" class=\"alignnone size-full wp-image-41955 aligncenter\" src=\"https:\/\/www.ucaldas.edu.co\/portal\/wp-content\/uploads\/2018\/07\/concejo-compressor.jpg\" alt=\"\" width=\"700\" height=\"400\" srcset=\"https:\/\/www.ucaldas.edu.co\/portal\/wp-content\/uploads\/2018\/07\/concejo-compressor.jpg 700w, https:\/\/www.ucaldas.edu.co\/portal\/wp-content\/uploads\/2018\/07\/concejo-compressor-300x171.jpg 300w\" sizes=\"auto, (max-width: 700px) 100vw, 700px\" \/><\/p>\n<p>Atendiendo la invitaci\u00f3n hecha por el Concejo de Manizales, el <strong>Rector de la Universidad de Caldas Alejandro Ceballos M\u00e1rquez present\u00f3 en sesi\u00f3n plenaria un informe sobre el estado actual de la instituci\u00f3n\u00a0 y expuso la inversi\u00f3n que\u00a0 se hace con los recursos percibidos a trav\u00e9s de la estampilla pro-universidad.<\/strong><\/p>\n<p><!--more--><\/p>\n<p>Durante su intervenci\u00f3n <strong>Ceballos M\u00e1rquez destac\u00f3 <\/strong><strong>\u00a0que el\u00a0 93% de los estudiantes de pregrado presencial pertenecen a los estratos 1, 2 y 3 y m\u00e1s del 75% de los estudiantes pagan una matr\u00edcula inferior a $130.000.<\/strong><\/p>\n<p>El 65% de los estudiantes en programas fuera de Manizales se encuentran cofinanciados con recursos del Ministerio de Educaci\u00f3n Nacional.<\/p>\n<p>Frente a la ejecuci\u00f3n e inversi\u00f3n\u00a0 de los recursos provenientes del recaudo de estampilla se present\u00f3 el siguiente informe:<\/p>\n<p><img loading=\"lazy\" decoding=\"async\" class=\" wp-image-41956 aligncenter\" src=\"https:\/\/www.ucaldas.edu.co\/portal\/wp-content\/uploads\/2018\/07\/fdf.png\" alt=\"\" width=\"643\" height=\"411\" srcset=\"https:\/\/www.ucaldas.edu.co\/portal\/wp-content\/uploads\/2018\/07\/fdf.png 1050w, https:\/\/www.ucaldas.edu.co\/portal\/wp-content\/uploads\/2018\/07\/fdf-300x191.png 300w\" sizes=\"auto, (max-width: 643px) 100vw, 643px\" \/><\/p>\n<p><img loading=\"lazy\" decoding=\"async\" class=\"size-full wp-image-41961 aligncenter\" src=\"https:\/\/www.ucaldas.edu.co\/portal\/wp-content\/uploads\/2018\/07\/Ejecuci\u00f3n-estampilla.jpg\" alt=\"\" width=\"792\" height=\"464\" srcset=\"https:\/\/www.ucaldas.edu.co\/portal\/wp-content\/uploads\/2018\/07\/Ejecuci\u00f3n-estampilla.jpg 792w, https:\/\/www.ucaldas.edu.co\/portal\/wp-content\/uploads\/2018\/07\/Ejecuci\u00f3n-estampilla-300x176.jpg 300w, https:\/\/www.ucaldas.edu.co\/portal\/wp-content\/uploads\/2018\/07\/Ejecuci\u00f3n-estampilla-768x450.jpg 768w\" sizes=\"auto, (max-width: 792px) 100vw, 792px\" \/><\/p>\n<p>El pr\u00f3ximo viernes 27 de julio\u00a0 a partir de las 2:00 p.m.\u00a0 se llevara a cabo en el recinto del Concejo de Manizales el primer debate de la Comisi\u00f3n de Presupuesto sobre el cobro de la estampilla pro universidad al que asistir\u00e1n el rector de la Universidad de Caldas\u00a0 Alejandro Ceballos M\u00e1rquez y el Vicerrector de sede de la Universidad Nacional Camilo Younes Velosa.<\/p>\n<p><strong>VIDEO: INFORME DEL RECTOR<\/strong><\/p>\n<p><iframe loading=\"lazy\" src=\"https:\/\/www.youtube.com\/embed\/G46TEQO1X2U?start=1342\" width=\"560\" height=\"315\" frameborder=\"0\" allowfullscreen=\"allowfullscreen\"><\/iframe><\/p>\n<p><strong>VIDEO: SEGUNDA INTERVENCI\u00d3N DEL RECTOR<\/strong><\/p>\n<p><iframe loading=\"lazy\" src=\"https:\/\/www.youtube.com\/embed\/G46TEQO1X2U?rel=0&amp;start=11695\" width=\"560\" height=\"315\" frameborder=\"0\" allowfullscreen=\"allowfullscreen\"><\/iframe><\/p>\n<p>&nbsp;<\/p>\n<p><strong>AUDIOS:<\/strong><\/p>\n<p><strong>Rector Alejandro Ceballos M\u00e1rquez<\/strong><\/p>\n<audio class=\"wp-audio-shortcode\" id=\"audio-41954-1\" preload=\"none\" style=\"width: 100%;\" controls=\"controls\"><source type=\"audio\/mpeg\" src=\"https:\/\/www.ucaldas.edu.co\/portal\/wp-content\/uploads\/2018\/07\/Rector-Alejandro-Ceballos.mp3?_=1\" \/><a href=\"https:\/\/www.ucaldas.edu.co\/portal\/wp-content\/uploads\/2018\/07\/Rector-Alejandro-Ceballos.mp3\">https:\/\/www.ucaldas.edu.co\/portal\/wp-content\/uploads\/2018\/07\/Rector-Alejandro-Ceballos.mp3<\/a><\/audio>\n<p><strong>Concejal Manuel Orlando Correa Bedoya (concejal citante a la sesi\u00f3n)<\/strong><\/p>\n<audio class=\"wp-audio-shortcode\" id=\"audio-41954-2\" preload=\"none\" style=\"width: 100%;\" controls=\"controls\"><source type=\"audio\/mpeg\" src=\"https:\/\/www.ucaldas.edu.co\/portal\/wp-content\/uploads\/2018\/07\/Concejal-Manuel-Correa.mp3?_=2\" \/><a href=\"https:\/\/www.ucaldas.edu.co\/portal\/wp-content\/uploads\/2018\/07\/Concejal-Manuel-Correa.mp3\">https:\/\/www.ucaldas.edu.co\/portal\/wp-content\/uploads\/2018\/07\/Concejal-Manuel-Correa.mp3<\/a><\/audio>\n<p><strong>Informes: <\/strong>Oficina de Comunicaciones y Prensa U. de Caldas, tel\u00e9fono 878 15 00 extensi\u00f3n 12 167.<br \/>\n<strong>Redacci\u00f3n:<\/strong> Adriana Salazar Villegas<\/p>\n<p>&nbsp;<\/p>\n","protected":false},"excerpt":{"rendered":"<p>Atendiendo la invitaci\u00f3n hecha por el Concejo de Manizales, el Rector de la Universidad de Caldas Alejandro Ceballos M\u00e1rquez present\u00f3 en sesi\u00f3n plenaria un informe sobre el estado actual de la instituci\u00f3n\u00a0 y expuso la inversi\u00f3n que\u00a0 se hace con los recursos percibidos a trav\u00e9s de la estampilla pro-universidad.<\/p>\n","protected":false},"author":2,"featured_media":41955,"comment_status":"closed","ping_status":"open","sticky":false,"template":"","format":"standard","meta":{"footnotes":""},"categories":[53,620,48],"tags":[920,1089,77],"class_list":["post-41954","post","type-post","status-publish","format-standard","has-post-thumbnail","hentry","category-universidad-al-dia","category-ucaldas-transparente","category-actualidad","tag-concejo-de-manizales","tag-sesion","tag-administracion"],"yoast_head":"<!-- This site is optimized with the Yoast SEO plugin v27.5 - https:\/\/yoast.com\/product\/yoast-seo-wordpress\/ -->\n<title>Rector de la Universidad de Caldas presenta informe ante el Concejo de Manizales .<\/title>\n<meta name=\"robots\" content=\"index, follow, max-snippet:-1, max-image-preview:large, max-video-preview:-1\" \/>\n<link rel=\"canonical\" href=\"https:\/\/www.ucaldas.edu.co\/portal\/rector-de-la-universidad-de-caldas-presenta-informe-ante-el-concejo-de-manizales\/\" \/>\n<script type=\"application\/ld+json\" class=\"yoast-schema-graph\">{\"@context\":\"https:\\\/\\\/schema.org\",\"@graph\":[{\"@type\":\"Article\",\"@id\":\"https:\\\/\\\/www.ucaldas.edu.co\\\/portal\\\/rector-de-la-universidad-de-caldas-presenta-informe-ante-el-concejo-de-manizales\\\/#article\",\"isPartOf\":{\"@id\":\"https:\\\/\\\/www.ucaldas.edu.co\\\/portal\\\/rector-de-la-universidad-de-caldas-presenta-informe-ante-el-concejo-de-manizales\\\/\"},\"author\":{\"name\":\"ofiprensa\",\"@id\":\"https:\\\/\\\/www.ucaldas.edu.co\\\/portal\\\/#\\\/schema\\\/person\\\/a1b482e23449158b4bc319926c074fdf\"},\"headline\":\"Rector de la Universidad de Caldas presenta informe ante el Concejo de Manizales\",\"datePublished\":\"2018-07-23T22:33:46+00:00\",\"dateModified\":\"2018-07-24T14:36:58+00:00\",\"mainEntityOfPage\":{\"@id\":\"https:\\\/\\\/www.ucaldas.edu.co\\\/portal\\\/rector-de-la-universidad-de-caldas-presenta-informe-ante-el-concejo-de-manizales\\\/\"},\"wordCount\":283,\"publisher\":{\"@id\":\"https:\\\/\\\/www.ucaldas.edu.co\\\/portal\\\/#organization\"},\"image\":{\"@id\":\"https:\\\/\\\/www.ucaldas.edu.co\\\/portal\\\/rector-de-la-universidad-de-caldas-presenta-informe-ante-el-concejo-de-manizales\\\/#primaryimage\"},\"thumbnailUrl\":\"https:\\\/\\\/www.ucaldas.edu.co\\\/portal\\\/wp-content\\\/uploads\\\/2018\\\/07\\\/concejo-compressor.jpg\",\"keywords\":[\"Concejo de Manizales\",\"sesi\u00f3n\",\"Administraci\u00f3n\"],\"articleSection\":[\"Universidad al D\u00eda\",\"UCaldas Transparente\",\"Actualidad\"],\"inLanguage\":\"es\"},{\"@type\":\"WebPage\",\"@id\":\"https:\\\/\\\/www.ucaldas.edu.co\\\/portal\\\/rector-de-la-universidad-de-caldas-presenta-informe-ante-el-concejo-de-manizales\\\/\",\"url\":\"https:\\\/\\\/www.ucaldas.edu.co\\\/portal\\\/rector-de-la-universidad-de-caldas-presenta-informe-ante-el-concejo-de-manizales\\\/\",\"name\":\"Rector de la Universidad de Caldas presenta informe ante el Concejo de Manizales .\",\"isPartOf\":{\"@id\":\"https:\\\/\\\/www.ucaldas.edu.co\\\/portal\\\/#website\"},\"primaryImageOfPage\":{\"@id\":\"https:\\\/\\\/www.ucaldas.edu.co\\\/portal\\\/rector-de-la-universidad-de-caldas-presenta-informe-ante-el-concejo-de-manizales\\\/#primaryimage\"},\"image\":{\"@id\":\"https:\\\/\\\/www.ucaldas.edu.co\\\/portal\\\/rector-de-la-universidad-de-caldas-presenta-informe-ante-el-concejo-de-manizales\\\/#primaryimage\"},\"thumbnailUrl\":\"https:\\\/\\\/www.ucaldas.edu.co\\\/portal\\\/wp-content\\\/uploads\\\/2018\\\/07\\\/concejo-compressor.jpg\",\"datePublished\":\"2018-07-23T22:33:46+00:00\",\"dateModified\":\"2018-07-24T14:36:58+00:00\",\"breadcrumb\":{\"@id\":\"https:\\\/\\\/www.ucaldas.edu.co\\\/portal\\\/rector-de-la-universidad-de-caldas-presenta-informe-ante-el-concejo-de-manizales\\\/#breadcrumb\"},\"inLanguage\":\"es\",\"potentialAction\":[{\"@type\":\"ReadAction\",\"target\":[\"https:\\\/\\\/www.ucaldas.edu.co\\\/portal\\\/rector-de-la-universidad-de-caldas-presenta-informe-ante-el-concejo-de-manizales\\\/\"]}]},{\"@type\":\"ImageObject\",\"inLanguage\":\"es\",\"@id\":\"https:\\\/\\\/www.ucaldas.edu.co\\\/portal\\\/rector-de-la-universidad-de-caldas-presenta-informe-ante-el-concejo-de-manizales\\\/#primaryimage\",\"url\":\"https:\\\/\\\/www.ucaldas.edu.co\\\/portal\\\/wp-content\\\/uploads\\\/2018\\\/07\\\/concejo-compressor.jpg\",\"contentUrl\":\"https:\\\/\\\/www.ucaldas.edu.co\\\/portal\\\/wp-content\\\/uploads\\\/2018\\\/07\\\/concejo-compressor.jpg\",\"width\":700,\"height\":400},{\"@type\":\"BreadcrumbList\",\"@id\":\"https:\\\/\\\/www.ucaldas.edu.co\\\/portal\\\/rector-de-la-universidad-de-caldas-presenta-informe-ante-el-concejo-de-manizales\\\/#breadcrumb\",\"itemListElement\":[{\"@type\":\"ListItem\",\"position\":1,\"name\":\"Portada\",\"item\":\"https:\\\/\\\/www.ucaldas.edu.co\\\/portal\\\/\"},{\"@type\":\"ListItem\",\"position\":2,\"name\":\"Rector de la Universidad de Caldas presenta informe ante el Concejo de Manizales\"}]},{\"@type\":\"WebSite\",\"@id\":\"https:\\\/\\\/www.ucaldas.edu.co\\\/portal\\\/#website\",\"url\":\"https:\\\/\\\/www.ucaldas.edu.co\\\/portal\\\/\",\"name\":\"Universidad de Caldas\",\"description\":\"\",\"publisher\":{\"@id\":\"https:\\\/\\\/www.ucaldas.edu.co\\\/portal\\\/#organization\"},\"alternateName\":\"U. de Caldas\",\"potentialAction\":[{\"@type\":\"SearchAction\",\"target\":{\"@type\":\"EntryPoint\",\"urlTemplate\":\"https:\\\/\\\/www.ucaldas.edu.co\\\/portal\\\/?s={search_term_string}\"},\"query-input\":{\"@type\":\"PropertyValueSpecification\",\"valueRequired\":true,\"valueName\":\"search_term_string\"}}],\"inLanguage\":\"es\"},{\"@type\":\"Organization\",\"@id\":\"https:\\\/\\\/www.ucaldas.edu.co\\\/portal\\\/#organization\",\"name\":\"Universidad de Caldas\",\"alternateName\":\"U. de Caldas\",\"url\":\"https:\\\/\\\/www.ucaldas.edu.co\\\/portal\\\/\",\"logo\":{\"@type\":\"ImageObject\",\"inLanguage\":\"es\",\"@id\":\"https:\\\/\\\/www.ucaldas.edu.co\\\/portal\\\/#\\\/schema\\\/logo\\\/image\\\/\",\"url\":\"https:\\\/\\\/www.ucaldas.edu.co\\\/portal\\\/wp-content\\\/uploads\\\/2023\\\/11\\\/Logo_horizontal_oscuroU-2023.png\",\"contentUrl\":\"https:\\\/\\\/www.ucaldas.edu.co\\\/portal\\\/wp-content\\\/uploads\\\/2023\\\/11\\\/Logo_horizontal_oscuroU-2023.png\",\"width\":263,\"height\":101,\"caption\":\"Universidad de Caldas\"},\"image\":{\"@id\":\"https:\\\/\\\/www.ucaldas.edu.co\\\/portal\\\/#\\\/schema\\\/logo\\\/image\\\/\"},\"sameAs\":[\"https:\\\/\\\/www.facebook.com\\\/udecaldas\",\"https:\\\/\\\/x.com\\\/udecaldas\",\"https:\\\/\\\/www.youtube.com\\\/universidadcaldas\",\"https:\\\/\\\/www.instagram.com\\\/udecaldas\\\/\"]},{\"@type\":\"Person\",\"@id\":\"https:\\\/\\\/www.ucaldas.edu.co\\\/portal\\\/#\\\/schema\\\/person\\\/a1b482e23449158b4bc319926c074fdf\",\"name\":\"ofiprensa\",\"image\":{\"@type\":\"ImageObject\",\"inLanguage\":\"es\",\"@id\":\"https:\\\/\\\/www.ucaldas.edu.co\\\/portal\\\/wp-content\\\/litespeed\\\/avatar\\\/09ea5085e600095a7a811142c6944527.jpg?ver=1777497608\",\"url\":\"https:\\\/\\\/www.ucaldas.edu.co\\\/portal\\\/wp-content\\\/litespeed\\\/avatar\\\/09ea5085e600095a7a811142c6944527.jpg?ver=1777497608\",\"contentUrl\":\"https:\\\/\\\/www.ucaldas.edu.co\\\/portal\\\/wp-content\\\/litespeed\\\/avatar\\\/09ea5085e600095a7a811142c6944527.jpg?ver=1777497608\",\"caption\":\"ofiprensa\"},\"url\":\"https:\\\/\\\/www.ucaldas.edu.co\\\/portal\\\/author\\\/ofiprensa\\\/\"}]}<\/script>\n<!-- \/ Yoast SEO plugin. -->","yoast_head_json":{"title":"Rector de la Universidad de Caldas presenta informe ante el Concejo de Manizales .","robots":{"index":"index","follow":"follow","max-snippet":"max-snippet:-1","max-image-preview":"max-image-preview:large","max-video-preview":"max-video-preview:-1"},"canonical":"https:\/\/www.ucaldas.edu.co\/portal\/rector-de-la-universidad-de-caldas-presenta-informe-ante-el-concejo-de-manizales\/","schema":{"@context":"https:\/\/schema.org","@graph":[{"@type":"Article","@id":"https:\/\/www.ucaldas.edu.co\/portal\/rector-de-la-universidad-de-caldas-presenta-informe-ante-el-concejo-de-manizales\/#article","isPartOf":{"@id":"https:\/\/www.ucaldas.edu.co\/portal\/rector-de-la-universidad-de-caldas-presenta-informe-ante-el-concejo-de-manizales\/"},"author":{"name":"ofiprensa","@id":"https:\/\/www.ucaldas.edu.co\/portal\/#\/schema\/person\/a1b482e23449158b4bc319926c074fdf"},"headline":"Rector de la Universidad de Caldas presenta informe ante el Concejo de Manizales","datePublished":"2018-07-23T22:33:46+00:00","dateModified":"2018-07-24T14:36:58+00:00","mainEntityOfPage":{"@id":"https:\/\/www.ucaldas.edu.co\/portal\/rector-de-la-universidad-de-caldas-presenta-informe-ante-el-concejo-de-manizales\/"},"wordCount":283,"publisher":{"@id":"https:\/\/www.ucaldas.edu.co\/portal\/#organization"},"image":{"@id":"https:\/\/www.ucaldas.edu.co\/portal\/rector-de-la-universidad-de-caldas-presenta-informe-ante-el-concejo-de-manizales\/#primaryimage"},"thumbnailUrl":"https:\/\/www.ucaldas.edu.co\/portal\/wp-content\/uploads\/2018\/07\/concejo-compressor.jpg","keywords":["Concejo de Manizales","sesi\u00f3n","Administraci\u00f3n"],"articleSection":["Universidad al D\u00eda","UCaldas Transparente","Actualidad"],"inLanguage":"es"},{"@type":"WebPage","@id":"https:\/\/www.ucaldas.edu.co\/portal\/rector-de-la-universidad-de-caldas-presenta-informe-ante-el-concejo-de-manizales\/","url":"https:\/\/www.ucaldas.edu.co\/portal\/rector-de-la-universidad-de-caldas-presenta-informe-ante-el-concejo-de-manizales\/","name":"Rector de la Universidad de Caldas presenta informe ante el Concejo de Manizales .","isPartOf":{"@id":"https:\/\/www.ucaldas.edu.co\/portal\/#website"},"primaryImageOfPage":{"@id":"https:\/\/www.ucaldas.edu.co\/portal\/rector-de-la-universidad-de-caldas-presenta-informe-ante-el-concejo-de-manizales\/#primaryimage"},"image":{"@id":"https:\/\/www.ucaldas.edu.co\/portal\/rector-de-la-universidad-de-caldas-presenta-informe-ante-el-concejo-de-manizales\/#primaryimage"},"thumbnailUrl":"https:\/\/www.ucaldas.edu.co\/portal\/wp-content\/uploads\/2018\/07\/concejo-compressor.jpg","datePublished":"2018-07-23T22:33:46+00:00","dateModified":"2018-07-24T14:36:58+00:00","breadcrumb":{"@id":"https:\/\/www.ucaldas.edu.co\/portal\/rector-de-la-universidad-de-caldas-presenta-informe-ante-el-concejo-de-manizales\/#breadcrumb"},"inLanguage":"es","potentialAction":[{"@type":"ReadAction","target":["https:\/\/www.ucaldas.edu.co\/portal\/rector-de-la-universidad-de-caldas-presenta-informe-ante-el-concejo-de-manizales\/"]}]},{"@type":"ImageObject","inLanguage":"es","@id":"https:\/\/www.ucaldas.edu.co\/portal\/rector-de-la-universidad-de-caldas-presenta-informe-ante-el-concejo-de-manizales\/#primaryimage","url":"https:\/\/www.ucaldas.edu.co\/portal\/wp-content\/uploads\/2018\/07\/concejo-compressor.jpg","contentUrl":"https:\/\/www.ucaldas.edu.co\/portal\/wp-content\/uploads\/2018\/07\/concejo-compressor.jpg","width":700,"height":400},{"@type":"BreadcrumbList","@id":"https:\/\/www.ucaldas.edu.co\/portal\/rector-de-la-universidad-de-caldas-presenta-informe-ante-el-concejo-de-manizales\/#breadcrumb","itemListElement":[{"@type":"ListItem","position":1,"name":"Portada","item":"https:\/\/www.ucaldas.edu.co\/portal\/"},{"@type":"ListItem","position":2,"name":"Rector de la Universidad de Caldas presenta informe ante el Concejo de Manizales"}]},{"@type":"WebSite","@id":"https:\/\/www.ucaldas.edu.co\/portal\/#website","url":"https:\/\/www.ucaldas.edu.co\/portal\/","name":"Universidad de Caldas","description":"","publisher":{"@id":"https:\/\/www.ucaldas.edu.co\/portal\/#organization"},"alternateName":"U. de Caldas","potentialAction":[{"@type":"SearchAction","target":{"@type":"EntryPoint","urlTemplate":"https:\/\/www.ucaldas.edu.co\/portal\/?s={search_term_string}"},"query-input":{"@type":"PropertyValueSpecification","valueRequired":true,"valueName":"search_term_string"}}],"inLanguage":"es"},{"@type":"Organization","@id":"https:\/\/www.ucaldas.edu.co\/portal\/#organization","name":"Universidad de Caldas","alternateName":"U. de Caldas","url":"https:\/\/www.ucaldas.edu.co\/portal\/","logo":{"@type":"ImageObject","inLanguage":"es","@id":"https:\/\/www.ucaldas.edu.co\/portal\/#\/schema\/logo\/image\/","url":"https:\/\/www.ucaldas.edu.co\/portal\/wp-content\/uploads\/2023\/11\/Logo_horizontal_oscuroU-2023.png","contentUrl":"https:\/\/www.ucaldas.edu.co\/portal\/wp-content\/uploads\/2023\/11\/Logo_horizontal_oscuroU-2023.png","width":263,"height":101,"caption":"Universidad de Caldas"},"image":{"@id":"https:\/\/www.ucaldas.edu.co\/portal\/#\/schema\/logo\/image\/"},"sameAs":["https:\/\/www.facebook.com\/udecaldas","https:\/\/x.com\/udecaldas","https:\/\/www.youtube.com\/universidadcaldas","https:\/\/www.instagram.com\/udecaldas\/"]},{"@type":"Person","@id":"https:\/\/www.ucaldas.edu.co\/portal\/#\/schema\/person\/a1b482e23449158b4bc319926c074fdf","name":"ofiprensa","image":{"@type":"ImageObject","inLanguage":"es","@id":"https:\/\/www.ucaldas.edu.co\/portal\/wp-content\/litespeed\/avatar\/09ea5085e600095a7a811142c6944527.jpg?ver=1777497608","url":"https:\/\/www.ucaldas.edu.co\/portal\/wp-content\/litespeed\/avatar\/09ea5085e600095a7a811142c6944527.jpg?ver=1777497608","contentUrl":"https:\/\/www.ucaldas.edu.co\/portal\/wp-content\/litespeed\/avatar\/09ea5085e600095a7a811142c6944527.jpg?ver=1777497608","caption":"ofiprensa"},"url":"https:\/\/www.ucaldas.edu.co\/portal\/author\/ofiprensa\/"}]}},"_links":{"self":[{"href":"https:\/\/www.ucaldas.edu.co\/portal\/wp-json\/wp\/v2\/posts\/41954","targetHints":{"allow":["GET"]}}],"collection":[{"href":"https:\/\/www.ucaldas.edu.co\/portal\/wp-json\/wp\/v2\/posts"}],"about":[{"href":"https:\/\/www.ucaldas.edu.co\/portal\/wp-json\/wp\/v2\/types\/post"}],"author":[{"embeddable":true,"href":"https:\/\/www.ucaldas.edu.co\/portal\/wp-json\/wp\/v2\/users\/2"}],"replies":[{"embeddable":true,"href":"https:\/\/www.ucaldas.edu.co\/portal\/wp-json\/wp\/v2\/comments?post=41954"}],"version-history":[{"count":0,"href":"https:\/\/www.ucaldas.edu.co\/portal\/wp-json\/wp\/v2\/posts\/41954\/revisions"}],"wp:featuredmedia":[{"embeddable":true,"href":"https:\/\/www.ucaldas.edu.co\/portal\/wp-json\/wp\/v2\/media\/41955"}],"wp:attachment":[{"href":"https:\/\/www.ucaldas.edu.co\/portal\/wp-json\/wp\/v2\/media?parent=41954"}],"wp:term":[{"taxonomy":"category","embeddable":true,"href":"https:\/\/www.ucaldas.edu.co\/portal\/wp-json\/wp\/v2\/categories?post=41954"},{"taxonomy":"post_tag","embeddable":true,"href":"https:\/\/www.ucaldas.edu.co\/portal\/wp-json\/wp\/v2\/tags?post=41954"}],"curies":[{"name":"wp","href":"https:\/\/api.w.org\/{rel}","templated":true}]}}