{"id":41925,"date":"2018-07-19T16:23:01","date_gmt":"2018-07-19T16:23:01","guid":{"rendered":"https:\/\/www.ucaldas.edu.co\/portal\/?p=41925"},"modified":"2018-07-19T16:23:01","modified_gmt":"2018-07-19T16:23:01","slug":"en-u-de-caldas-se-analizo-el-arte-como-arqueologia-de-la-violencia","status":"publish","type":"post","link":"https:\/\/www.ucaldas.edu.co\/portal\/en-u-de-caldas-se-analizo-el-arte-como-arqueologia-de-la-violencia\/","title":{"rendered":"En U. de Caldas se analiz\u00f3 el arte como arqueolog\u00eda de la violencia"},"content":{"rendered":"<p style=\"text-align: center;\">EN CONVERSATORIO EN EL CENTRO CULTURAL UNIVERSITARIO ROGELIO SALMONA<br \/>\n<strong>En U. de Caldas se analiz\u00f3 el arte como arqueolog\u00eda de la violencia<\/strong><\/p>\n<p style=\"text-align: right;\"><strong><br \/>\n<\/strong>19\/07\/2018<\/p>\n<p><em><img loading=\"lazy\" decoding=\"async\" class=\"alignnone size-full wp-image-41926 aligncenter\" src=\"https:\/\/www.ucaldas.edu.co\/portal\/wp-content\/uploads\/2018\/07\/conversatorioexposicion-compressor.jpg\" alt=\"\" width=\"700\" height=\"400\" srcset=\"https:\/\/www.ucaldas.edu.co\/portal\/wp-content\/uploads\/2018\/07\/conversatorioexposicion-compressor.jpg 700w, https:\/\/www.ucaldas.edu.co\/portal\/wp-content\/uploads\/2018\/07\/conversatorioexposicion-compressor-300x171.jpg 300w\" sizes=\"auto, (max-width: 700px) 100vw, 700px\" \/>El arte como arqueolog\u00eda de la violencia <\/em>fue el t\u00edtulo del <strong>conversatorio de cierre que Felipe Mart\u00ednez Quintero<\/strong>, fil\u00f3sofo de la Universidad de Caldas y docente de la Maestr\u00eda en Est\u00e9tica y Creaci\u00f3n de la Universidad Tecnol\u00f3gica de Pereira (UTP), <strong>orient\u00f3 en el Centro Cultural Universitario Rogelio Salmona de la Universidad de Caldas.<\/strong><\/p>\n<p><!--more--><\/p>\n<p>El invitado <strong>convers\u00f3 sobre la forma como el trabajo creativo de Juan Manuel Echavarr\u00eda y Fernando Grisalez<\/strong> aportan a la resignificaci\u00f3n de la experiencia de violencia en Colombia, visibilizando rastros, relatos e indicios que van tejiendo la complejidad de la memoria hist\u00f3rica.<\/p>\n<p>&nbsp;<\/p>\n<p>\u201cAbordamos los ejes centrales de algunas de las obras de los artistas. Con este ciclo de conversatorios y conferencias acompa\u00f1amos la exposici\u00f3n <em>Desenterrar y Hablar<\/em>, con el objetivo de generar una lectura frente a la violencia desde una condici\u00f3n fundamentalmente est\u00e9tica. <strong>Esta obra trabaja desde otras perspectivas las huellas que la violencia va dejando en los territorios<\/strong>\u201d, explic\u00f3.<\/p>\n<p>&nbsp;<\/p>\n<p><a href=\"https:\/\/www.facebook.com\/media\/set\/?set=a.1885352061526650.1073746193.107054166023124&amp;type=1&amp;l=21636c6675\">Conozca im\u00e1genes del conversatorio <em>El arte como arqueolog\u00eda de la violencia<\/em><\/a><\/p>\n<p><strong>\u00a0<\/strong><\/p>\n<p><strong>Informes: <\/strong>Oficina de Comunicaciones y Prensa U. de Caldas, tel\u00e9fono 878 15 00 extensi\u00f3n 12 167.<br \/>\n<strong>Redacci\u00f3n:<\/strong> Margarita Laverde<strong><\/p>\n<p><\/strong><\/p>\n","protected":false},"excerpt":{"rendered":"<p>EN CONVERSATORIO EN EL CENTRO CULTURAL UNIVERSITARIO ROGELIO SALMONA En U. de Caldas se analiz\u00f3 el arte como arqueolog\u00eda de la violencia 19\/07\/2018 El arte como arqueolog\u00eda de la violencia fue el t\u00edtulo del conversatorio de cierre que Felipe Mart\u00ednez Quintero, fil\u00f3sofo de la Universidad de Caldas y docente de la Maestr\u00eda en Est\u00e9tica y [&hellip;]<\/p>\n","protected":false},"author":2,"featured_media":41926,"comment_status":"closed","ping_status":"open","sticky":false,"template":"","format":"standard","meta":{"footnotes":""},"categories":[48,53,664],"tags":[55,68,172,193,229,1720],"class_list":["post-41925","post","type-post","status-publish","format-standard","has-post-thumbnail","hentry","category-actualidad","category-universidad-al-dia","category-ucaldas-cultural","tag-academia","tag-invitado","tag-conversatorio","tag-arte","tag-exposicion","tag-violencia"],"yoast_head":"<!-- This site is optimized with the Yoast SEO plugin v27.5 - https:\/\/yoast.com\/product\/yoast-seo-wordpress\/ -->\n<title>En U. de Caldas se analiz\u00f3 el arte como arqueolog\u00eda de la violencia .<\/title>\n<meta name=\"robots\" content=\"index, follow, max-snippet:-1, max-image-preview:large, max-video-preview:-1\" \/>\n<link rel=\"canonical\" href=\"https:\/\/www.ucaldas.edu.co\/portal\/en-u-de-caldas-se-analizo-el-arte-como-arqueologia-de-la-violencia\/\" \/>\n<script type=\"application\/ld+json\" class=\"yoast-schema-graph\">{\"@context\":\"https:\\\/\\\/schema.org\",\"@graph\":[{\"@type\":\"Article\",\"@id\":\"https:\\\/\\\/www.ucaldas.edu.co\\\/portal\\\/en-u-de-caldas-se-analizo-el-arte-como-arqueologia-de-la-violencia\\\/#article\",\"isPartOf\":{\"@id\":\"https:\\\/\\\/www.ucaldas.edu.co\\\/portal\\\/en-u-de-caldas-se-analizo-el-arte-como-arqueologia-de-la-violencia\\\/\"},\"author\":{\"name\":\"ofiprensa\",\"@id\":\"https:\\\/\\\/www.ucaldas.edu.co\\\/portal\\\/#\\\/schema\\\/person\\\/a1b482e23449158b4bc319926c074fdf\"},\"headline\":\"En U. de Caldas se analiz\u00f3 el arte como arqueolog\u00eda de la violencia\",\"datePublished\":\"2018-07-19T16:23:01+00:00\",\"mainEntityOfPage\":{\"@id\":\"https:\\\/\\\/www.ucaldas.edu.co\\\/portal\\\/en-u-de-caldas-se-analizo-el-arte-como-arqueologia-de-la-violencia\\\/\"},\"wordCount\":237,\"publisher\":{\"@id\":\"https:\\\/\\\/www.ucaldas.edu.co\\\/portal\\\/#organization\"},\"image\":{\"@id\":\"https:\\\/\\\/www.ucaldas.edu.co\\\/portal\\\/en-u-de-caldas-se-analizo-el-arte-como-arqueologia-de-la-violencia\\\/#primaryimage\"},\"thumbnailUrl\":\"https:\\\/\\\/www.ucaldas.edu.co\\\/portal\\\/wp-content\\\/uploads\\\/2018\\\/07\\\/conversatorioexposicion-compressor.jpg\",\"keywords\":[\"academia\",\"invitado\",\"Conversatorio\",\"Arte\",\"exposici\u00f3n\",\"violencia\"],\"articleSection\":[\"Actualidad\",\"Universidad al D\u00eda\",\"UCaldas Cultural\"],\"inLanguage\":\"es\"},{\"@type\":\"WebPage\",\"@id\":\"https:\\\/\\\/www.ucaldas.edu.co\\\/portal\\\/en-u-de-caldas-se-analizo-el-arte-como-arqueologia-de-la-violencia\\\/\",\"url\":\"https:\\\/\\\/www.ucaldas.edu.co\\\/portal\\\/en-u-de-caldas-se-analizo-el-arte-como-arqueologia-de-la-violencia\\\/\",\"name\":\"En U. de Caldas se analiz\u00f3 el arte como arqueolog\u00eda de la violencia .\",\"isPartOf\":{\"@id\":\"https:\\\/\\\/www.ucaldas.edu.co\\\/portal\\\/#website\"},\"primaryImageOfPage\":{\"@id\":\"https:\\\/\\\/www.ucaldas.edu.co\\\/portal\\\/en-u-de-caldas-se-analizo-el-arte-como-arqueologia-de-la-violencia\\\/#primaryimage\"},\"image\":{\"@id\":\"https:\\\/\\\/www.ucaldas.edu.co\\\/portal\\\/en-u-de-caldas-se-analizo-el-arte-como-arqueologia-de-la-violencia\\\/#primaryimage\"},\"thumbnailUrl\":\"https:\\\/\\\/www.ucaldas.edu.co\\\/portal\\\/wp-content\\\/uploads\\\/2018\\\/07\\\/conversatorioexposicion-compressor.jpg\",\"datePublished\":\"2018-07-19T16:23:01+00:00\",\"breadcrumb\":{\"@id\":\"https:\\\/\\\/www.ucaldas.edu.co\\\/portal\\\/en-u-de-caldas-se-analizo-el-arte-como-arqueologia-de-la-violencia\\\/#breadcrumb\"},\"inLanguage\":\"es\",\"potentialAction\":[{\"@type\":\"ReadAction\",\"target\":[\"https:\\\/\\\/www.ucaldas.edu.co\\\/portal\\\/en-u-de-caldas-se-analizo-el-arte-como-arqueologia-de-la-violencia\\\/\"]}]},{\"@type\":\"ImageObject\",\"inLanguage\":\"es\",\"@id\":\"https:\\\/\\\/www.ucaldas.edu.co\\\/portal\\\/en-u-de-caldas-se-analizo-el-arte-como-arqueologia-de-la-violencia\\\/#primaryimage\",\"url\":\"https:\\\/\\\/www.ucaldas.edu.co\\\/portal\\\/wp-content\\\/uploads\\\/2018\\\/07\\\/conversatorioexposicion-compressor.jpg\",\"contentUrl\":\"https:\\\/\\\/www.ucaldas.edu.co\\\/portal\\\/wp-content\\\/uploads\\\/2018\\\/07\\\/conversatorioexposicion-compressor.jpg\",\"width\":700,\"height\":400},{\"@type\":\"BreadcrumbList\",\"@id\":\"https:\\\/\\\/www.ucaldas.edu.co\\\/portal\\\/en-u-de-caldas-se-analizo-el-arte-como-arqueologia-de-la-violencia\\\/#breadcrumb\",\"itemListElement\":[{\"@type\":\"ListItem\",\"position\":1,\"name\":\"Portada\",\"item\":\"https:\\\/\\\/www.ucaldas.edu.co\\\/portal\\\/\"},{\"@type\":\"ListItem\",\"position\":2,\"name\":\"En U. de Caldas se analiz\u00f3 el arte como arqueolog\u00eda de la violencia\"}]},{\"@type\":\"WebSite\",\"@id\":\"https:\\\/\\\/www.ucaldas.edu.co\\\/portal\\\/#website\",\"url\":\"https:\\\/\\\/www.ucaldas.edu.co\\\/portal\\\/\",\"name\":\"Universidad de Caldas\",\"description\":\"\",\"publisher\":{\"@id\":\"https:\\\/\\\/www.ucaldas.edu.co\\\/portal\\\/#organization\"},\"alternateName\":\"U. de Caldas\",\"potentialAction\":[{\"@type\":\"SearchAction\",\"target\":{\"@type\":\"EntryPoint\",\"urlTemplate\":\"https:\\\/\\\/www.ucaldas.edu.co\\\/portal\\\/?s={search_term_string}\"},\"query-input\":{\"@type\":\"PropertyValueSpecification\",\"valueRequired\":true,\"valueName\":\"search_term_string\"}}],\"inLanguage\":\"es\"},{\"@type\":\"Organization\",\"@id\":\"https:\\\/\\\/www.ucaldas.edu.co\\\/portal\\\/#organization\",\"name\":\"Universidad de Caldas\",\"alternateName\":\"U. de Caldas\",\"url\":\"https:\\\/\\\/www.ucaldas.edu.co\\\/portal\\\/\",\"logo\":{\"@type\":\"ImageObject\",\"inLanguage\":\"es\",\"@id\":\"https:\\\/\\\/www.ucaldas.edu.co\\\/portal\\\/#\\\/schema\\\/logo\\\/image\\\/\",\"url\":\"https:\\\/\\\/www.ucaldas.edu.co\\\/portal\\\/wp-content\\\/uploads\\\/2023\\\/11\\\/Logo_horizontal_oscuroU-2023.png\",\"contentUrl\":\"https:\\\/\\\/www.ucaldas.edu.co\\\/portal\\\/wp-content\\\/uploads\\\/2023\\\/11\\\/Logo_horizontal_oscuroU-2023.png\",\"width\":263,\"height\":101,\"caption\":\"Universidad de Caldas\"},\"image\":{\"@id\":\"https:\\\/\\\/www.ucaldas.edu.co\\\/portal\\\/#\\\/schema\\\/logo\\\/image\\\/\"},\"sameAs\":[\"https:\\\/\\\/www.facebook.com\\\/udecaldas\",\"https:\\\/\\\/x.com\\\/udecaldas\",\"https:\\\/\\\/www.youtube.com\\\/universidadcaldas\",\"https:\\\/\\\/www.instagram.com\\\/udecaldas\\\/\"]},{\"@type\":\"Person\",\"@id\":\"https:\\\/\\\/www.ucaldas.edu.co\\\/portal\\\/#\\\/schema\\\/person\\\/a1b482e23449158b4bc319926c074fdf\",\"name\":\"ofiprensa\",\"image\":{\"@type\":\"ImageObject\",\"inLanguage\":\"es\",\"@id\":\"https:\\\/\\\/www.ucaldas.edu.co\\\/portal\\\/wp-content\\\/litespeed\\\/avatar\\\/09ea5085e600095a7a811142c6944527.jpg?ver=1777497608\",\"url\":\"https:\\\/\\\/www.ucaldas.edu.co\\\/portal\\\/wp-content\\\/litespeed\\\/avatar\\\/09ea5085e600095a7a811142c6944527.jpg?ver=1777497608\",\"contentUrl\":\"https:\\\/\\\/www.ucaldas.edu.co\\\/portal\\\/wp-content\\\/litespeed\\\/avatar\\\/09ea5085e600095a7a811142c6944527.jpg?ver=1777497608\",\"caption\":\"ofiprensa\"},\"url\":\"https:\\\/\\\/www.ucaldas.edu.co\\\/portal\\\/author\\\/ofiprensa\\\/\"}]}<\/script>\n<!-- \/ Yoast SEO plugin. -->","yoast_head_json":{"title":"En U. de Caldas se analiz\u00f3 el arte como arqueolog\u00eda de la violencia .","robots":{"index":"index","follow":"follow","max-snippet":"max-snippet:-1","max-image-preview":"max-image-preview:large","max-video-preview":"max-video-preview:-1"},"canonical":"https:\/\/www.ucaldas.edu.co\/portal\/en-u-de-caldas-se-analizo-el-arte-como-arqueologia-de-la-violencia\/","schema":{"@context":"https:\/\/schema.org","@graph":[{"@type":"Article","@id":"https:\/\/www.ucaldas.edu.co\/portal\/en-u-de-caldas-se-analizo-el-arte-como-arqueologia-de-la-violencia\/#article","isPartOf":{"@id":"https:\/\/www.ucaldas.edu.co\/portal\/en-u-de-caldas-se-analizo-el-arte-como-arqueologia-de-la-violencia\/"},"author":{"name":"ofiprensa","@id":"https:\/\/www.ucaldas.edu.co\/portal\/#\/schema\/person\/a1b482e23449158b4bc319926c074fdf"},"headline":"En U. de Caldas se analiz\u00f3 el arte como arqueolog\u00eda de la violencia","datePublished":"2018-07-19T16:23:01+00:00","mainEntityOfPage":{"@id":"https:\/\/www.ucaldas.edu.co\/portal\/en-u-de-caldas-se-analizo-el-arte-como-arqueologia-de-la-violencia\/"},"wordCount":237,"publisher":{"@id":"https:\/\/www.ucaldas.edu.co\/portal\/#organization"},"image":{"@id":"https:\/\/www.ucaldas.edu.co\/portal\/en-u-de-caldas-se-analizo-el-arte-como-arqueologia-de-la-violencia\/#primaryimage"},"thumbnailUrl":"https:\/\/www.ucaldas.edu.co\/portal\/wp-content\/uploads\/2018\/07\/conversatorioexposicion-compressor.jpg","keywords":["academia","invitado","Conversatorio","Arte","exposici\u00f3n","violencia"],"articleSection":["Actualidad","Universidad al D\u00eda","UCaldas Cultural"],"inLanguage":"es"},{"@type":"WebPage","@id":"https:\/\/www.ucaldas.edu.co\/portal\/en-u-de-caldas-se-analizo-el-arte-como-arqueologia-de-la-violencia\/","url":"https:\/\/www.ucaldas.edu.co\/portal\/en-u-de-caldas-se-analizo-el-arte-como-arqueologia-de-la-violencia\/","name":"En U. de Caldas se analiz\u00f3 el arte como arqueolog\u00eda de la violencia .","isPartOf":{"@id":"https:\/\/www.ucaldas.edu.co\/portal\/#website"},"primaryImageOfPage":{"@id":"https:\/\/www.ucaldas.edu.co\/portal\/en-u-de-caldas-se-analizo-el-arte-como-arqueologia-de-la-violencia\/#primaryimage"},"image":{"@id":"https:\/\/www.ucaldas.edu.co\/portal\/en-u-de-caldas-se-analizo-el-arte-como-arqueologia-de-la-violencia\/#primaryimage"},"thumbnailUrl":"https:\/\/www.ucaldas.edu.co\/portal\/wp-content\/uploads\/2018\/07\/conversatorioexposicion-compressor.jpg","datePublished":"2018-07-19T16:23:01+00:00","breadcrumb":{"@id":"https:\/\/www.ucaldas.edu.co\/portal\/en-u-de-caldas-se-analizo-el-arte-como-arqueologia-de-la-violencia\/#breadcrumb"},"inLanguage":"es","potentialAction":[{"@type":"ReadAction","target":["https:\/\/www.ucaldas.edu.co\/portal\/en-u-de-caldas-se-analizo-el-arte-como-arqueologia-de-la-violencia\/"]}]},{"@type":"ImageObject","inLanguage":"es","@id":"https:\/\/www.ucaldas.edu.co\/portal\/en-u-de-caldas-se-analizo-el-arte-como-arqueologia-de-la-violencia\/#primaryimage","url":"https:\/\/www.ucaldas.edu.co\/portal\/wp-content\/uploads\/2018\/07\/conversatorioexposicion-compressor.jpg","contentUrl":"https:\/\/www.ucaldas.edu.co\/portal\/wp-content\/uploads\/2018\/07\/conversatorioexposicion-compressor.jpg","width":700,"height":400},{"@type":"BreadcrumbList","@id":"https:\/\/www.ucaldas.edu.co\/portal\/en-u-de-caldas-se-analizo-el-arte-como-arqueologia-de-la-violencia\/#breadcrumb","itemListElement":[{"@type":"ListItem","position":1,"name":"Portada","item":"https:\/\/www.ucaldas.edu.co\/portal\/"},{"@type":"ListItem","position":2,"name":"En U. de Caldas se analiz\u00f3 el arte como arqueolog\u00eda de la violencia"}]},{"@type":"WebSite","@id":"https:\/\/www.ucaldas.edu.co\/portal\/#website","url":"https:\/\/www.ucaldas.edu.co\/portal\/","name":"Universidad de Caldas","description":"","publisher":{"@id":"https:\/\/www.ucaldas.edu.co\/portal\/#organization"},"alternateName":"U. de Caldas","potentialAction":[{"@type":"SearchAction","target":{"@type":"EntryPoint","urlTemplate":"https:\/\/www.ucaldas.edu.co\/portal\/?s={search_term_string}"},"query-input":{"@type":"PropertyValueSpecification","valueRequired":true,"valueName":"search_term_string"}}],"inLanguage":"es"},{"@type":"Organization","@id":"https:\/\/www.ucaldas.edu.co\/portal\/#organization","name":"Universidad de Caldas","alternateName":"U. de Caldas","url":"https:\/\/www.ucaldas.edu.co\/portal\/","logo":{"@type":"ImageObject","inLanguage":"es","@id":"https:\/\/www.ucaldas.edu.co\/portal\/#\/schema\/logo\/image\/","url":"https:\/\/www.ucaldas.edu.co\/portal\/wp-content\/uploads\/2023\/11\/Logo_horizontal_oscuroU-2023.png","contentUrl":"https:\/\/www.ucaldas.edu.co\/portal\/wp-content\/uploads\/2023\/11\/Logo_horizontal_oscuroU-2023.png","width":263,"height":101,"caption":"Universidad de Caldas"},"image":{"@id":"https:\/\/www.ucaldas.edu.co\/portal\/#\/schema\/logo\/image\/"},"sameAs":["https:\/\/www.facebook.com\/udecaldas","https:\/\/x.com\/udecaldas","https:\/\/www.youtube.com\/universidadcaldas","https:\/\/www.instagram.com\/udecaldas\/"]},{"@type":"Person","@id":"https:\/\/www.ucaldas.edu.co\/portal\/#\/schema\/person\/a1b482e23449158b4bc319926c074fdf","name":"ofiprensa","image":{"@type":"ImageObject","inLanguage":"es","@id":"https:\/\/www.ucaldas.edu.co\/portal\/wp-content\/litespeed\/avatar\/09ea5085e600095a7a811142c6944527.jpg?ver=1777497608","url":"https:\/\/www.ucaldas.edu.co\/portal\/wp-content\/litespeed\/avatar\/09ea5085e600095a7a811142c6944527.jpg?ver=1777497608","contentUrl":"https:\/\/www.ucaldas.edu.co\/portal\/wp-content\/litespeed\/avatar\/09ea5085e600095a7a811142c6944527.jpg?ver=1777497608","caption":"ofiprensa"},"url":"https:\/\/www.ucaldas.edu.co\/portal\/author\/ofiprensa\/"}]}},"_links":{"self":[{"href":"https:\/\/www.ucaldas.edu.co\/portal\/wp-json\/wp\/v2\/posts\/41925","targetHints":{"allow":["GET"]}}],"collection":[{"href":"https:\/\/www.ucaldas.edu.co\/portal\/wp-json\/wp\/v2\/posts"}],"about":[{"href":"https:\/\/www.ucaldas.edu.co\/portal\/wp-json\/wp\/v2\/types\/post"}],"author":[{"embeddable":true,"href":"https:\/\/www.ucaldas.edu.co\/portal\/wp-json\/wp\/v2\/users\/2"}],"replies":[{"embeddable":true,"href":"https:\/\/www.ucaldas.edu.co\/portal\/wp-json\/wp\/v2\/comments?post=41925"}],"version-history":[{"count":0,"href":"https:\/\/www.ucaldas.edu.co\/portal\/wp-json\/wp\/v2\/posts\/41925\/revisions"}],"wp:featuredmedia":[{"embeddable":true,"href":"https:\/\/www.ucaldas.edu.co\/portal\/wp-json\/wp\/v2\/media\/41926"}],"wp:attachment":[{"href":"https:\/\/www.ucaldas.edu.co\/portal\/wp-json\/wp\/v2\/media?parent=41925"}],"wp:term":[{"taxonomy":"category","embeddable":true,"href":"https:\/\/www.ucaldas.edu.co\/portal\/wp-json\/wp\/v2\/categories?post=41925"},{"taxonomy":"post_tag","embeddable":true,"href":"https:\/\/www.ucaldas.edu.co\/portal\/wp-json\/wp\/v2\/tags?post=41925"}],"curies":[{"name":"wp","href":"https:\/\/api.w.org\/{rel}","templated":true}]}}