{"id":4187,"date":"2009-11-19T16:39:42","date_gmt":"2009-11-19T21:39:42","guid":{"rendered":"https:\/\/www.ucaldas.edu.co\/portal\/?p=4187"},"modified":"2009-11-19T16:39:42","modified_gmt":"2009-11-19T21:39:42","slug":"u-de-caldas-realizara-la-jornada-de-actualizacion-en-materno-infantil","status":"publish","type":"post","link":"https:\/\/www.ucaldas.edu.co\/portal\/u-de-caldas-realizara-la-jornada-de-actualizacion-en-materno-infantil\/","title":{"rendered":"U. de Caldas realizar\u00e1 la Jornada de actualizaci\u00f3n en materno infantil"},"content":{"rendered":"<p>El 26 de noviembre en el teatro Ernesto Guti\u00e9rrez Arango<\/p>\n<hr \/>\n<p align=\"center\">\n<p>&nbsp;<\/p>\n<p>El Departamento Materno Infantil de la Universidad de Caldas realizar\u00e1 el pr\u00f3ximo jueves 26 de noviembre a las 8:00 a.m. en el Teatro Ernesto Guti\u00e9rrez Arango de la Facultad de Ciencias para la Salud, la Jornada de actualizaci\u00f3n en materno infantil.<\/p>\n<p>&nbsp;<\/p>\n<p>El objeto de estudio de esta jornada es estudiar la salud de la mujer en todas las etapas de su vida y la salud del ser humano desde la preconcepci\u00f3n hasta la adolescencia.<\/p>\n<p>&nbsp;<\/p>\n<p>La programaci\u00f3n del evento es la siguiente:<\/p>\n<p><span style=\"font-family: Calibri\">\u00a0<\/span><\/p>\n<p><span style=\"font-family: Calibri\"><b>8:00 a.m.<\/b>\u00a0\u00a0\u00a0\u00a0\u00a0\u00a0\u00a0 Instalaci\u00f3n del evento<\/span><\/p>\n<p><span style=\"font-family: Calibri\">Doctora Dolly Magnolia Gonz\u00e1lez Hoyos, Decana Facultad de Ciencias para la Salud, Universidad de Caldas.<\/span><\/p>\n<p><span style=\"font-family: Calibri\">Enfermera \u2013 Universidad de Caldas.<\/span><\/p>\n<p><span style=\"font-family: Calibri\">Doctora en Infancia, Ni\u00f1ez y Juventud \u2013 Universidad de Manizales.<\/span><\/p>\n<p><span style=\"font-family: Calibri\">Profesora Titular, Decana Facultad de Ciencias para la Salud.<\/span><\/p>\n<p><span style=\"font-family: Calibri\">\u00a0<\/span><\/p>\n<p><span style=\"font-family: Calibri\"><b>8:20 a.m.<\/b> \u00a0\u00a0\u00a0\u00a0\u00a0\u00a0 Conferencia<\/span><\/p>\n<p><span style=\"font-family: Calibri\"><i>C\u00e1ncer de mama, estado actual de la detecci\u00f3n temprana<\/i><\/span><\/p>\n<p><span style=\"font-family: Calibri\">Doctor Walter Antonio Arboleda Ruiz.<\/span><\/p>\n<p><span style=\"font-family: Calibri\">\u00a0\u00a0\u00a0\u00a0\u00a0\u00a0\u00a0\u00a0\u00a0\u00a0\u00a0\u00a0\u00a0\u00a0\u00a0\u00a0\u00a0\u00a0\u00a0\u00a0\u00a0\u00a0\u00a0 M\u00e9dico, Gineco Obstetra &#8211; Universidad de Caldas<\/span><\/p>\n<p><span style=\"font-family: Calibri\">Especialista en Mastolog\u00eda \u2013 Instituto Nalcional de Cancerolog\u00eda &#8211; Fundaci\u00f3n Universitaria Ciencias de la Salud.<\/span><\/p>\n<p><span style=\"font-family: Calibri\">Profesor \u00c1rea de Gineco Obstetricia Departamento Materno Infantil \u2013 Universidad de Caldas<\/span><\/p>\n<p><span style=\"font-family: Calibri\">\u00a0<\/span><\/p>\n<p><span style=\"font-family: Calibri\"><b>9:00 a.m.\u00a0\u00a0\u00a0\u00a0\u00a0\u00a0\u00a0 <\/b>Conferencia\u00a0\u00a0\u00a0\u00a0\u00a0\u00a0\u00a0 <\/span><\/p>\n<p><i><span style=\"font-family: Calibri\">Menopausia, conceptos actuales en diagn\u00f3stico y manejo<\/span><\/i><\/p>\n<p><span style=\"font-family: Calibri\">Doctor Luis Fernando Uribe Vargas<\/span><\/p>\n<p><span style=\"font-family: Calibri\">M\u00e9dico, Gineco Obstetra &#8211; Universidad de Caldas<\/span><\/p>\n<p><span style=\"font-family: Calibri\">Profesor Asociado \u00c1rea de Gineco Obstetricia Departamento Materno Infantil \u2013 Universidad de Caldas<\/span><\/p>\n<p><span style=\"font-family: Calibri\">\u00a0<\/span><\/p>\n<p><span style=\"font-family: Calibri\"><b>9:40 a.m.<\/b> \u00a0\u00a0\u00a0\u00a0\u00a0\u00a0 Conferencia\u00a0\u00a0\u00a0\u00a0\u00a0\u00a0\u00a0 <\/span><\/p>\n<p><i><span style=\"font-family: Calibri\">Ecograf\u00eda Doppler en obstetricia y ginecolog\u00eda. Estado del arte<\/span><\/i><\/p>\n<p><span style=\"font-family: Calibri\">Doctor Jorge Eduardo V\u00e9lez Arango<\/span><\/p>\n<p><span style=\"font-family: Calibri\">M\u00e9dico, Gineco Obstetra &#8211; Universidad de Caldas<\/span><\/p>\n<p><span style=\"font-family: Calibri\">Especialista en Perinatolog\u00eda \u2013 CLAP Universidad de Montevideo. <\/span><\/p>\n<p><span style=\"font-family: Calibri\">Profesor Titular \u00c1rea de Gineco Obstetricia Departamento Materno Infantil \u2013 Universidad de Caldas<\/span><\/p>\n<p><span style=\"font-family: Calibri\">\u00a0<\/span><\/p>\n<p><span style=\"font-family: Calibri\"><b>10:20 a.m.<\/b> \u00a0\u00a0\u00a0\u00a0 Caf\u00e9<\/span><\/p>\n<p><span style=\"font-family: Calibri\">\u00a0<\/span><\/p>\n<p><span style=\"font-family: Calibri\"><b>10:45 a.m<\/b> \u00a0\u00a0\u00a0\u00a0\u00a0 Conferencia<\/span><\/p>\n<p><span style=\"font-family: Calibri\"><i>La prevenci\u00f3n del maltrato infantil a trav\u00e9s de las transfusiones de afecto<\/i><\/span><\/p>\n<p><span style=\"font-family: Calibri\">Doctor Carlos Alberto Montoya Mar\u00edn <\/span><\/p>\n<p><span style=\"font-family: Calibri\">M\u00e9dico Pediatra \u2013 Universidad de Caldas<\/span><\/p>\n<p><b><span style=\"font-family: Calibri\">RECESO<\/span><\/b><\/p>\n<p><span style=\"font-family: Calibri\"><b>2:00 p.m.<\/b> \u00a0\u00a0\u00a0\u00a0\u00a0\u00a0 Conferencia<\/span><\/p>\n<p><span style=\"font-family: Calibri\"><i>Evaluaci\u00f3n econ\u00f3mica de una estrategia para el mejoramiento de la calidad de control prenatal<\/i> \u2013 Primer puesto en el Primer Congreso Nacional de Neonatolog\u00eda, realizado en Barranquilla, 2009.<\/span><\/p>\n<p><span style=\"font-family: Calibri\">Doctor Fernando Arango G\u00f3mez<\/span><\/p>\n<p><span style=\"font-family: Calibri\">M\u00e9dico Pediatra \u2013 Universidad de Caldas<\/span><\/p>\n<p><span style=\"font-family: Calibri\">Especialista en Neonatolog\u00eda \u2013 Universidad del Valle<\/span><\/p>\n<p><span style=\"font-family: Calibri\">Profesor Asociado \u00c1rea de Neonatolog\u00eda Departamento Materno Infantil \u2013 Universidad de Caldas<\/span><\/p>\n<p><span style=\"font-family: Calibri\">\u00a0<\/span><\/p>\n<p><span style=\"font-family: Calibri\"><b>2.45 p.m.<\/b> \u00a0\u00a0\u00a0\u00a0\u00a0\u00a0 Experiencias interdisciplinarias lideradas por Enfermer\u00eda para el Cuidado Infantil: <\/span><\/p>\n<p><span style=\"font-family: Calibri\">\u00a0<\/span><\/p>\n<p><span style=\"font-family: Calibri\">\u2022\u00a0\u00a0\u00a0\u00a0\u00a0\u00a0\u00a0\u00a0\u00a0 Proyecto Aula Pedag\u00f3gica Hospitalaria, para la promoci\u00f3n de la salud.<\/span><\/p>\n<p><span style=\"font-family: Calibri\">\u2022\u00a0\u00a0\u00a0\u00a0\u00a0\u00a0\u00a0\u00a0\u00a0 Profundizaci\u00f3n en AIEPI.<\/span><\/p>\n<p><span style=\"font-family: Calibri\">\u2022\u00a0\u00a0\u00a0\u00a0\u00a0\u00a0\u00a0\u00a0\u00a0 Cuidado Infantil en el Centro de Recuperaci\u00f3n Nutricional \u2013 NUTRIR<\/span><\/p>\n<p><span style=\"font-family: Calibri\">Enfermeras: <b>Ana Mar\u00eda Uribe Arango<\/b>, Enfermera Universidad de Caldas<\/span><\/p>\n<p><span style=\"font-family: Calibri\">Profesora \u00c1reas de Cuidado de Enfermer\u00eda al Ni\u00f1o y al Adolescente Departamento Materno Infantil \u2013 Universidad de Caldas.<\/span><\/p>\n<p><span style=\"font-family: Calibri\"><b>Nelsy Cecilia Falla Mar\u00edn<\/b>, Enfermera Universidad de Caldas<\/span><\/p>\n<p><span style=\"font-family: Calibri\">Especialista en Promoci\u00f3n de la Salud \u2013 Universidad de Caldas<\/span><\/p>\n<p><span style=\"font-family: Calibri\">Profesora \u00c1rea de Cuidado de Enfermer\u00eda al Ni\u00f1o y al Adolescente Departamento Materno Infantil \u2013 Universidad de Caldas y <b>Martha Luc\u00eda Cuji\u00f1o Quintero<\/b>, Enfermera Universidad de Caldas<\/span><\/p>\n<p><span style=\"font-family: Calibri\">Magister en Materno Infantil \u2013 Universidad del Valle<\/span><\/p>\n<p><span style=\"font-family: Calibri\">Profesora Asistente \u00c1rea de Cuidado de Enfermer\u00eda al Ni\u00f1o y al Adolescente y Directora Departamento Materno Infantil \u2013 Universidad de Caldas.<\/span><\/p>\n<p><b><span style=\"font-family: Calibri\">\u00a0<\/span><\/b><\/p>\n<p><span style=\"font-family: Calibri\"><b>3.30 p.m.<\/b>\u00a0\u00a0\u00a0\u00a0\u00a0\u00a0\u00a0 Conferencia<\/span><\/p>\n<p><span style=\"font-family: Calibri\"><i>S\u00edfilis cong\u00e9nita \u2013 Estado Actual<\/i><\/span><\/p>\n<p><span style=\"font-family: Calibri\">Doctor Carlos Alberto Villegas Isaza<\/span><\/p>\n<p><span style=\"font-family: Calibri\">M\u00e9dico Pediatra \u2013 Universidad de Caldas<\/span><\/p>\n<p><span style=\"font-family: Calibri\">Profesor Asistente \u00c1rea de Neonatolog\u00eda Departamento Materno Infantil \u2013 Universidad de Caldas<\/span><\/p>\n<p><span style=\"font-family: Calibri\">\u00a0<\/span><\/p>\n<p><span style=\"font-family: Calibri\"><b>4:15 p.m.\u00a0\u00a0\u00a0\u00a0\u00a0\u00a0\u00a0 <\/b>Actividad Cultural<\/span><\/p>\n<p><span style=\"font-family: Calibri\">\u00a0<\/span><\/p>\n<p><span style=\"font-family: Calibri\">La entrada no tiene ning\u00fan costo. Para mayor informaci\u00f3n comunicarse con El Departamento Materno Infantil de la Universidad de Caldas. Tel\u00e9fono 878 30 60. Ext. 31126.<\/span><\/p>\n","protected":false},"excerpt":{"rendered":"<p>El 26 de noviembre en el teatro Ernesto Guti\u00e9rrez Arango &nbsp; El Departamento Materno Infantil de la Universidad de Caldas realizar\u00e1 el pr\u00f3ximo jueves 26 de noviembre a las 8:00 a.m. en el Teatro Ernesto Guti\u00e9rrez Arango de la Facultad de Ciencias para la Salud, la Jornada de actualizaci\u00f3n en materno infantil. &nbsp; El objeto [&hellip;]<\/p>\n","protected":false},"author":2,"featured_media":0,"comment_status":"closed","ping_status":"closed","sticky":false,"template":"","format":"standard","meta":{"footnotes":""},"categories":[48,53],"tags":[],"class_list":["post-4187","post","type-post","status-publish","format-standard","hentry","category-actualidad","category-universidad-al-dia"],"yoast_head":"<!-- This site is optimized with the Yoast SEO plugin v27.5 - https:\/\/yoast.com\/product\/yoast-seo-wordpress\/ -->\n<title>U. de Caldas realizar\u00e1 la Jornada de actualizaci\u00f3n en materno infantil .<\/title>\n<meta name=\"robots\" content=\"index, follow, max-snippet:-1, max-image-preview:large, max-video-preview:-1\" \/>\n<link rel=\"canonical\" href=\"https:\/\/www.ucaldas.edu.co\/portal\/u-de-caldas-realizara-la-jornada-de-actualizacion-en-materno-infantil\/\" \/>\n<script type=\"application\/ld+json\" class=\"yoast-schema-graph\">{\"@context\":\"https:\\\/\\\/schema.org\",\"@graph\":[{\"@type\":\"Article\",\"@id\":\"https:\\\/\\\/www.ucaldas.edu.co\\\/portal\\\/u-de-caldas-realizara-la-jornada-de-actualizacion-en-materno-infantil\\\/#article\",\"isPartOf\":{\"@id\":\"https:\\\/\\\/www.ucaldas.edu.co\\\/portal\\\/u-de-caldas-realizara-la-jornada-de-actualizacion-en-materno-infantil\\\/\"},\"author\":{\"name\":\"ofiprensa\",\"@id\":\"https:\\\/\\\/www.ucaldas.edu.co\\\/portal\\\/#\\\/schema\\\/person\\\/a1b482e23449158b4bc319926c074fdf\"},\"headline\":\"U. de Caldas realizar\u00e1 la Jornada de actualizaci\u00f3n en materno infantil\",\"datePublished\":\"2009-11-19T21:39:42+00:00\",\"mainEntityOfPage\":{\"@id\":\"https:\\\/\\\/www.ucaldas.edu.co\\\/portal\\\/u-de-caldas-realizara-la-jornada-de-actualizacion-en-materno-infantil\\\/\"},\"wordCount\":595,\"publisher\":{\"@id\":\"https:\\\/\\\/www.ucaldas.edu.co\\\/portal\\\/#organization\"},\"articleSection\":[\"Actualidad\",\"Universidad al D\u00eda\"],\"inLanguage\":\"es\"},{\"@type\":\"WebPage\",\"@id\":\"https:\\\/\\\/www.ucaldas.edu.co\\\/portal\\\/u-de-caldas-realizara-la-jornada-de-actualizacion-en-materno-infantil\\\/\",\"url\":\"https:\\\/\\\/www.ucaldas.edu.co\\\/portal\\\/u-de-caldas-realizara-la-jornada-de-actualizacion-en-materno-infantil\\\/\",\"name\":\"U. de Caldas realizar\u00e1 la Jornada de actualizaci\u00f3n en materno infantil .\",\"isPartOf\":{\"@id\":\"https:\\\/\\\/www.ucaldas.edu.co\\\/portal\\\/#website\"},\"datePublished\":\"2009-11-19T21:39:42+00:00\",\"breadcrumb\":{\"@id\":\"https:\\\/\\\/www.ucaldas.edu.co\\\/portal\\\/u-de-caldas-realizara-la-jornada-de-actualizacion-en-materno-infantil\\\/#breadcrumb\"},\"inLanguage\":\"es\",\"potentialAction\":[{\"@type\":\"ReadAction\",\"target\":[\"https:\\\/\\\/www.ucaldas.edu.co\\\/portal\\\/u-de-caldas-realizara-la-jornada-de-actualizacion-en-materno-infantil\\\/\"]}]},{\"@type\":\"BreadcrumbList\",\"@id\":\"https:\\\/\\\/www.ucaldas.edu.co\\\/portal\\\/u-de-caldas-realizara-la-jornada-de-actualizacion-en-materno-infantil\\\/#breadcrumb\",\"itemListElement\":[{\"@type\":\"ListItem\",\"position\":1,\"name\":\"Portada\",\"item\":\"https:\\\/\\\/www.ucaldas.edu.co\\\/portal\\\/\"},{\"@type\":\"ListItem\",\"position\":2,\"name\":\"U. de Caldas realizar\u00e1 la Jornada de actualizaci\u00f3n en materno infantil\"}]},{\"@type\":\"WebSite\",\"@id\":\"https:\\\/\\\/www.ucaldas.edu.co\\\/portal\\\/#website\",\"url\":\"https:\\\/\\\/www.ucaldas.edu.co\\\/portal\\\/\",\"name\":\"Universidad de Caldas\",\"description\":\"\",\"publisher\":{\"@id\":\"https:\\\/\\\/www.ucaldas.edu.co\\\/portal\\\/#organization\"},\"alternateName\":\"U. de Caldas\",\"potentialAction\":[{\"@type\":\"SearchAction\",\"target\":{\"@type\":\"EntryPoint\",\"urlTemplate\":\"https:\\\/\\\/www.ucaldas.edu.co\\\/portal\\\/?s={search_term_string}\"},\"query-input\":{\"@type\":\"PropertyValueSpecification\",\"valueRequired\":true,\"valueName\":\"search_term_string\"}}],\"inLanguage\":\"es\"},{\"@type\":\"Organization\",\"@id\":\"https:\\\/\\\/www.ucaldas.edu.co\\\/portal\\\/#organization\",\"name\":\"Universidad de Caldas\",\"alternateName\":\"U. de Caldas\",\"url\":\"https:\\\/\\\/www.ucaldas.edu.co\\\/portal\\\/\",\"logo\":{\"@type\":\"ImageObject\",\"inLanguage\":\"es\",\"@id\":\"https:\\\/\\\/www.ucaldas.edu.co\\\/portal\\\/#\\\/schema\\\/logo\\\/image\\\/\",\"url\":\"https:\\\/\\\/www.ucaldas.edu.co\\\/portal\\\/wp-content\\\/uploads\\\/2023\\\/11\\\/Logo_horizontal_oscuroU-2023.png\",\"contentUrl\":\"https:\\\/\\\/www.ucaldas.edu.co\\\/portal\\\/wp-content\\\/uploads\\\/2023\\\/11\\\/Logo_horizontal_oscuroU-2023.png\",\"width\":263,\"height\":101,\"caption\":\"Universidad de Caldas\"},\"image\":{\"@id\":\"https:\\\/\\\/www.ucaldas.edu.co\\\/portal\\\/#\\\/schema\\\/logo\\\/image\\\/\"},\"sameAs\":[\"https:\\\/\\\/www.facebook.com\\\/udecaldas\",\"https:\\\/\\\/x.com\\\/udecaldas\",\"https:\\\/\\\/www.youtube.com\\\/universidadcaldas\",\"https:\\\/\\\/www.instagram.com\\\/udecaldas\\\/\"]},{\"@type\":\"Person\",\"@id\":\"https:\\\/\\\/www.ucaldas.edu.co\\\/portal\\\/#\\\/schema\\\/person\\\/a1b482e23449158b4bc319926c074fdf\",\"name\":\"ofiprensa\",\"image\":{\"@type\":\"ImageObject\",\"inLanguage\":\"es\",\"@id\":\"https:\\\/\\\/www.ucaldas.edu.co\\\/portal\\\/wp-content\\\/litespeed\\\/avatar\\\/09ea5085e600095a7a811142c6944527.jpg?ver=1777497608\",\"url\":\"https:\\\/\\\/www.ucaldas.edu.co\\\/portal\\\/wp-content\\\/litespeed\\\/avatar\\\/09ea5085e600095a7a811142c6944527.jpg?ver=1777497608\",\"contentUrl\":\"https:\\\/\\\/www.ucaldas.edu.co\\\/portal\\\/wp-content\\\/litespeed\\\/avatar\\\/09ea5085e600095a7a811142c6944527.jpg?ver=1777497608\",\"caption\":\"ofiprensa\"},\"url\":\"https:\\\/\\\/www.ucaldas.edu.co\\\/portal\\\/author\\\/ofiprensa\\\/\"}]}<\/script>\n<!-- \/ Yoast SEO plugin. -->","yoast_head_json":{"title":"U. de Caldas realizar\u00e1 la Jornada de actualizaci\u00f3n en materno infantil .","robots":{"index":"index","follow":"follow","max-snippet":"max-snippet:-1","max-image-preview":"max-image-preview:large","max-video-preview":"max-video-preview:-1"},"canonical":"https:\/\/www.ucaldas.edu.co\/portal\/u-de-caldas-realizara-la-jornada-de-actualizacion-en-materno-infantil\/","schema":{"@context":"https:\/\/schema.org","@graph":[{"@type":"Article","@id":"https:\/\/www.ucaldas.edu.co\/portal\/u-de-caldas-realizara-la-jornada-de-actualizacion-en-materno-infantil\/#article","isPartOf":{"@id":"https:\/\/www.ucaldas.edu.co\/portal\/u-de-caldas-realizara-la-jornada-de-actualizacion-en-materno-infantil\/"},"author":{"name":"ofiprensa","@id":"https:\/\/www.ucaldas.edu.co\/portal\/#\/schema\/person\/a1b482e23449158b4bc319926c074fdf"},"headline":"U. de Caldas realizar\u00e1 la Jornada de actualizaci\u00f3n en materno infantil","datePublished":"2009-11-19T21:39:42+00:00","mainEntityOfPage":{"@id":"https:\/\/www.ucaldas.edu.co\/portal\/u-de-caldas-realizara-la-jornada-de-actualizacion-en-materno-infantil\/"},"wordCount":595,"publisher":{"@id":"https:\/\/www.ucaldas.edu.co\/portal\/#organization"},"articleSection":["Actualidad","Universidad al D\u00eda"],"inLanguage":"es"},{"@type":"WebPage","@id":"https:\/\/www.ucaldas.edu.co\/portal\/u-de-caldas-realizara-la-jornada-de-actualizacion-en-materno-infantil\/","url":"https:\/\/www.ucaldas.edu.co\/portal\/u-de-caldas-realizara-la-jornada-de-actualizacion-en-materno-infantil\/","name":"U. de Caldas realizar\u00e1 la Jornada de actualizaci\u00f3n en materno infantil .","isPartOf":{"@id":"https:\/\/www.ucaldas.edu.co\/portal\/#website"},"datePublished":"2009-11-19T21:39:42+00:00","breadcrumb":{"@id":"https:\/\/www.ucaldas.edu.co\/portal\/u-de-caldas-realizara-la-jornada-de-actualizacion-en-materno-infantil\/#breadcrumb"},"inLanguage":"es","potentialAction":[{"@type":"ReadAction","target":["https:\/\/www.ucaldas.edu.co\/portal\/u-de-caldas-realizara-la-jornada-de-actualizacion-en-materno-infantil\/"]}]},{"@type":"BreadcrumbList","@id":"https:\/\/www.ucaldas.edu.co\/portal\/u-de-caldas-realizara-la-jornada-de-actualizacion-en-materno-infantil\/#breadcrumb","itemListElement":[{"@type":"ListItem","position":1,"name":"Portada","item":"https:\/\/www.ucaldas.edu.co\/portal\/"},{"@type":"ListItem","position":2,"name":"U. de Caldas realizar\u00e1 la Jornada de actualizaci\u00f3n en materno infantil"}]},{"@type":"WebSite","@id":"https:\/\/www.ucaldas.edu.co\/portal\/#website","url":"https:\/\/www.ucaldas.edu.co\/portal\/","name":"Universidad de Caldas","description":"","publisher":{"@id":"https:\/\/www.ucaldas.edu.co\/portal\/#organization"},"alternateName":"U. de Caldas","potentialAction":[{"@type":"SearchAction","target":{"@type":"EntryPoint","urlTemplate":"https:\/\/www.ucaldas.edu.co\/portal\/?s={search_term_string}"},"query-input":{"@type":"PropertyValueSpecification","valueRequired":true,"valueName":"search_term_string"}}],"inLanguage":"es"},{"@type":"Organization","@id":"https:\/\/www.ucaldas.edu.co\/portal\/#organization","name":"Universidad de Caldas","alternateName":"U. de Caldas","url":"https:\/\/www.ucaldas.edu.co\/portal\/","logo":{"@type":"ImageObject","inLanguage":"es","@id":"https:\/\/www.ucaldas.edu.co\/portal\/#\/schema\/logo\/image\/","url":"https:\/\/www.ucaldas.edu.co\/portal\/wp-content\/uploads\/2023\/11\/Logo_horizontal_oscuroU-2023.png","contentUrl":"https:\/\/www.ucaldas.edu.co\/portal\/wp-content\/uploads\/2023\/11\/Logo_horizontal_oscuroU-2023.png","width":263,"height":101,"caption":"Universidad de Caldas"},"image":{"@id":"https:\/\/www.ucaldas.edu.co\/portal\/#\/schema\/logo\/image\/"},"sameAs":["https:\/\/www.facebook.com\/udecaldas","https:\/\/x.com\/udecaldas","https:\/\/www.youtube.com\/universidadcaldas","https:\/\/www.instagram.com\/udecaldas\/"]},{"@type":"Person","@id":"https:\/\/www.ucaldas.edu.co\/portal\/#\/schema\/person\/a1b482e23449158b4bc319926c074fdf","name":"ofiprensa","image":{"@type":"ImageObject","inLanguage":"es","@id":"https:\/\/www.ucaldas.edu.co\/portal\/wp-content\/litespeed\/avatar\/09ea5085e600095a7a811142c6944527.jpg?ver=1777497608","url":"https:\/\/www.ucaldas.edu.co\/portal\/wp-content\/litespeed\/avatar\/09ea5085e600095a7a811142c6944527.jpg?ver=1777497608","contentUrl":"https:\/\/www.ucaldas.edu.co\/portal\/wp-content\/litespeed\/avatar\/09ea5085e600095a7a811142c6944527.jpg?ver=1777497608","caption":"ofiprensa"},"url":"https:\/\/www.ucaldas.edu.co\/portal\/author\/ofiprensa\/"}]}},"_links":{"self":[{"href":"https:\/\/www.ucaldas.edu.co\/portal\/wp-json\/wp\/v2\/posts\/4187","targetHints":{"allow":["GET"]}}],"collection":[{"href":"https:\/\/www.ucaldas.edu.co\/portal\/wp-json\/wp\/v2\/posts"}],"about":[{"href":"https:\/\/www.ucaldas.edu.co\/portal\/wp-json\/wp\/v2\/types\/post"}],"author":[{"embeddable":true,"href":"https:\/\/www.ucaldas.edu.co\/portal\/wp-json\/wp\/v2\/users\/2"}],"replies":[{"embeddable":true,"href":"https:\/\/www.ucaldas.edu.co\/portal\/wp-json\/wp\/v2\/comments?post=4187"}],"version-history":[{"count":0,"href":"https:\/\/www.ucaldas.edu.co\/portal\/wp-json\/wp\/v2\/posts\/4187\/revisions"}],"wp:attachment":[{"href":"https:\/\/www.ucaldas.edu.co\/portal\/wp-json\/wp\/v2\/media?parent=4187"}],"wp:term":[{"taxonomy":"category","embeddable":true,"href":"https:\/\/www.ucaldas.edu.co\/portal\/wp-json\/wp\/v2\/categories?post=4187"},{"taxonomy":"post_tag","embeddable":true,"href":"https:\/\/www.ucaldas.edu.co\/portal\/wp-json\/wp\/v2\/tags?post=4187"}],"curies":[{"name":"wp","href":"https:\/\/api.w.org\/{rel}","templated":true}]}}